{"id":16239,"date":"2023-10-29T10:00:00","date_gmt":"2023-10-29T09:00:00","guid":{"rendered":"https:\/\/www.gruporecoletas.com\/noticias\/?p=16239"},"modified":"2023-10-30T08:36:02","modified_gmt":"2023-10-30T07:36:02","slug":"casi-28-000-personas-se-han-beneficiado-del-programa-de-prevencion-del-ictus-pulso-vital","status":"publish","type":"post","link":"https:\/\/www.gruporecoletas.com\/noticias\/casi-28-000-personas-se-han-beneficiado-del-programa-de-prevencion-del-ictus-pulso-vital\/","title":{"rendered":"Casi 28.000 personas se han beneficiado del programa de prevenci\u00f3n del ictus Pulso Vital"},"content":{"rendered":"\n<p>Pulso Vital es un programa de salud rural gratuito para la prevenci\u00f3n del ictus a trav\u00e9s de la detecci\u00f3n de la fibrilaci\u00f3n auricular, que es la causante del 30% de los ictus. Y, desde septiembre del pasado a\u00f1o, fecha en la que el grupo Recoletas comenzara a instalar los puntos de salud permanente de PULSO VITAL en colaboraci\u00f3n con los Ayuntamientos de la provincia de Zamora, son ya 27.808 las personas que se han beneficiado.<\/p>\n\n\n\n<p>Adem\u00e1s, a lo largo del primer a\u00f1o, tambi\u00e9n ha cumplido su objetivo: concienciar de la importancia de prevenir el ictus y facilitar su prevenci\u00f3n mediante la detecci\u00f3n de la fibrilaci\u00f3n auricular, dando adem\u00e1s visibilidad a esta patolog\u00eda cuya incidencia aumenta cuanto m\u00e1s envejecida sea la poblaci\u00f3n de una zona.<\/p>\n\n\n\n<p>Se fueron instalando paulatinamente 60 puntos de salud permanente, donde poder realizarse, en tan solo 30 segundos, un electrocardiograma de forma gratuita y durante los tres primeros meses, un veh\u00edculo carrozado de PULSO VITAL fue recorriendo 57 localidades, atendiendo y explicando este proyecto a la poblaci\u00f3n residente. La media de edad de las personas que se han realizado el electrocardiograma ha sido de 57 a\u00f1os (49% mujeres y 51% hombres)<\/p>\n\n\n\n<p>En el Hospital Recoletas Zamora y Centro M\u00e9dico Recoletas Benavente se han llevado a cabo 297 consultas gratuitas, presenciales y completas \u2013 incluidas las pruebas que el especialista ha prescrito-. Un 15% han podido comenzar un sencillo tratamiento, reduciendo as\u00ed el riesgo de ictus por haberse detectado a tiempo.<\/p>\n\n\n\n<h4 class=\"wp-block-heading\"><strong>Evitar y prevenir el ictus en la poblaci\u00f3n zamorana<\/strong><\/h4>\n\n\n\n<p>Se produce un caso de ictus cada seis minutos y es la segunda causa de mortalidad en Espa\u00f1a y el primer motivo de invalidez en los pa\u00edses occidentales. Es adem\u00e1s la primera causa de muerte entre las mujeres de este pa\u00eds: fallecen m\u00e1s del doble de mujeres por ictus que por c\u00e1ncer de mama y unas 14 veces m\u00e1s que por accidentes de tr\u00e1fico.<\/p>\n\n\n\n<p>La fibrilaci\u00f3n es la arritmia m\u00e1s frecuente de la poblaci\u00f3n y se estima que el 4,4% de las personas mayores de 40 a\u00f1os, la padecen y superando los 80 a\u00f1os de edad, asciende hasta el 17,7% \u201ccon el agravante de ser silenciosa, lo que provoca que del mill\u00f3n de pacientes en Espa\u00f1a que puede haber con esta sintomatolog\u00eda, 90.000 ni siquiera lo sepan\u201d ha rese\u00f1ado el Dr. Jos\u00e9 Luis Santos, director m\u00e9dico de PULSO VITAL. La edad media de las personas a las que se ha detectado fibrilaci\u00f3n auricular es de 65 a\u00f1os.<\/p>\n\n\n\n<h4 class=\"wp-block-heading\"><strong>PULSO VITAL, Primer Premio a la mejor iniciativa para el paciente de hospitales privados en Europa<\/strong><\/h4>\n\n\n\n<p>Y ese esfuerzo y trabajo realizado por concienciar de la importancia de prevenir el ictus en la provincia m\u00e1s envejecida de Espa\u00f1a y una de las cinco de toda Europa, se puso en valor el pasado mes de mayo, cuando Recoletas Red Hospitalaria recibi\u00f3 en Lisboa, en el transcurso de la ceremonia de entrega de los \u201cEuropean Private Hospital Awards\u201d, el Primer Premio a la mejor iniciativa innovadora enfocada en mejorar la experiencia del paciente, no solo mejorando el servicio de atenci\u00f3n m\u00e9dica, sino tambi\u00e9n satisfaciendo las necesidades y expectativas de los pacientes.<\/p>\n\n\n\n<h4 class=\"wp-block-heading\"><strong>PULSO VITAL, presente en diferentes actos vinculados a la salud en Zamora<\/strong><\/h4>\n\n\n\n<p>A lo largo de este a\u00f1o, el programa PULSO VITAL ha estado presente en la celebraci\u00f3n del <strong><em>D\u00eda Mundial del Ictus<\/em><\/strong>, convirtiendo la Plaza de la Marina en un gran punto de salud en el que participaron centenares de personas que se acercaron hasta all\u00ed para hacerse un electrocardiograma e informarse con personal especializado de Recoletas sobre el ictus. En la jornada participaron tambi\u00e9n la Fundaci\u00f3n Caja Rural y cont\u00f3 con la presencia del Presidente de la Diputaci\u00f3n y el equipo femenino de baloncesto \u201cRecoletas Zamora\u201d.<\/p>\n\n\n\n<p>Tambi\u00e9n form\u00f3 parte del <strong><em>I Congreso de Enfermer\u00eda Intergeneracional de Zamora<\/em><\/strong>donde el gerente del Hospital Recoletas, \u00d3scar Iglesias y el Dr. Jos\u00e9 Luis Santos, participaron en este importante acto que congreg\u00f3 a un nutrido grupo de personas, a las que tuvieron la oportunidad de detallar el programa de PULSO VITAL y resaltar la importancia de prevenir el ictus y de facilitar su prevenci\u00f3n mediante la detecci\u00f3n de la fibrilaci\u00f3n auricular, que es en la mayor\u00eda de los casos asintom\u00e1tica.<\/p>\n\n\n\n<p>Ha sido protagonista en las <strong><em>Jornadas de Infosalud<\/em><\/strong> que se celebraron en el Paraninfo del Colegio Universitario de Zamora, cerrando el ciclo de las ponencias sobre salud con una conferencia del Dr. Santos, bajo el t\u00edtulo \u201cPulso Vital. Estrategia de prevenci\u00f3n del ictus\u201d.<\/p>\n\n\n\n<p>Y un punto de salud de PULSO VITAL estuvo tambi\u00e9n presente en el evento de ocio, esparcimiento y diversi\u00f3n \u201c<strong><em>60+Activos<\/em><\/strong>\u201d en Valladolid como homenaje a la parte de la sociedad que m\u00e1s ha sufrido con la pandemia.<\/p>\n\n\n\n<p>Asimismo, PULSO VITAL forma ya parte de la <strong><em>\u201cRuta Enfermera\u201d<\/em><\/strong>, una gran campa\u00f1a de promoci\u00f3n de la salud y visibilidad de los cuidados enfermeros que impulsa el <strong><em>Consejo General de Enfermer\u00eda,<\/em><\/strong> junto con todos los colegios provinciales de Enfermer\u00eda. Ya ha recorrido parte de la geograf\u00eda espa\u00f1ola viajando a Gij\u00f3n, Santander, San Sebasti\u00e1n, Zamora, Salamanca, Valladolid, Segovia y \u00c1vila, donde se encuentra actualmente.<\/p>\n\n\n\n<p>El gerente de Recoletas Zamora, \u00d3scar Iglesias ha hecho un balance muy positivo del primer a\u00f1o de PULSO VITAL porque \u201chemos estado constantemente muy presente en diferentes actos vinculados a la salud en Zamora y, sobre todo, nos sentimos orgullosos de haber conseguido que la poblaci\u00f3n zamorana tenga acceso de forma f\u00e1cil y gratuita a realizarse controles peri\u00f3dicos de salud cardiaca, especialmente en aquellos n\u00facleos rurales con un alto porcentaje de poblaci\u00f3n envejecida\u201d.<\/p>\n\n\n\n<p>Pulso Vital ha logrado convertir a <strong>Zamora en una provincia cardioprotegida<\/strong>.<\/p>\n\n\n\n<p><strong>PULSO VITAL sigue creciendo<\/strong> en otras provincias de Castilla y Le\u00f3n. Cl\u00ednica Ponferrada del grupo Recoletas ha cogido las riendas en la provincia de El Bierzo, donde ya se ha instalado un punto de salud permanente.<\/p>\n","protected":false},"excerpt":{"rendered":"<p>Pulso Vital es un programa de salud rural gratuito para la prevenci\u00f3n del ictus a trav\u00e9s de la detecci\u00f3n de la fibrilaci\u00f3n auricular, que es la causante del 30% de los ictus. Y, desde septiembre del pasado a\u00f1o, fecha en la que el grupo Recoletas comenzara a instalar los puntos de salud permanente de PULSO [&hellip;]<\/p>\n","protected":false},"author":2,"featured_media":16240,"comment_status":"closed","ping_status":"closed","sticky":false,"template":"","format":"standard","meta":{"_acf_changed":false,"footnotes":""},"categories":[3291,43,1,16,21],"tags":[],"class_list":["post-16239","post","type-post","status-publish","format-standard","has-post-thumbnail","hentry","category-cardiologia","category-centros","category-grupo-recoletas","category-hrza","category-zamora"],"acf":[],"yoast_head":"<!-- This site is optimized with the Yoast SEO Premium plugin v27.3 (Yoast SEO v27.3) - https:\/\/yoast.com\/product\/yoast-seo-premium-wordpress\/ -->\n<title>Casi 28.000 personas se han beneficiado del programa de prevenci\u00f3n del ictus Pulso Vital - Noticias Grupo Recoletas<\/title>\n<meta name=\"description\" content=\"Un proyecto desarrollado por el Hospital Recoletas Campo Grande que pretende prevenir el ictus a trav\u00e9s de la detecci\u00f3n precoz de la fibrilaci\u00f3n auricular\" \/>\n<meta name=\"robots\" content=\"index, follow, max-snippet:-1, max-image-preview:large, max-video-preview:-1\" \/>\n<link rel=\"canonical\" href=\"https:\/\/www.gruporecoletas.com\/noticias\/casi-28-000-personas-se-han-beneficiado-del-programa-de-prevencion-del-ictus-pulso-vital\/\" \/>\n<meta property=\"og:locale\" content=\"es_ES\" \/>\n<meta property=\"og:type\" content=\"article\" \/>\n<meta property=\"og:title\" content=\"Casi 28.000 personas se han beneficiado del programa de prevenci\u00f3n del ictus Pulso Vital\" \/>\n<meta property=\"og:description\" content=\"Un proyecto desarrollado por el Hospital Recoletas Campo Grande que pretende prevenir el ictus a trav\u00e9s de la detecci\u00f3n precoz de la fibrilaci\u00f3n auricular\" \/>\n<meta property=\"og:url\" content=\"https:\/\/www.gruporecoletas.com\/noticias\/casi-28-000-personas-se-han-beneficiado-del-programa-de-prevencion-del-ictus-pulso-vital\/\" \/>\n<meta property=\"og:site_name\" content=\"Noticias Grupo Recoletas\" \/>\n<meta property=\"article:publisher\" content=\"https:\/\/www.facebook.com\/GrupoRecoletas\/\" \/>\n<meta property=\"article:published_time\" content=\"2023-10-29T09:00:00+00:00\" \/>\n<meta property=\"article:modified_time\" content=\"2023-10-30T07:36:02+00:00\" \/>\n<meta property=\"og:image\" content=\"https:\/\/www.gruporecoletas.com\/noticias\/wp-content\/uploads\/2023\/10\/PULSO-VITAL-HRZA.png\" \/>\n\t<meta property=\"og:image:width\" content=\"1366\" \/>\n\t<meta property=\"og:image:height\" content=\"768\" \/>\n\t<meta property=\"og:image:type\" content=\"image\/png\" \/>\n<meta name=\"author\" content=\"Recoletas Red Hospitalaria\" \/>\n<meta name=\"twitter:card\" content=\"summary_large_image\" \/>\n<meta name=\"twitter:creator\" content=\"@GrupoRecoletas\" \/>\n<meta name=\"twitter:site\" content=\"@GrupoRecoletas\" \/>\n<meta name=\"twitter:label1\" content=\"Escrito por\" \/>\n\t<meta name=\"twitter:data1\" content=\"Recoletas Red Hospitalaria\" \/>\n\t<meta name=\"twitter:label2\" content=\"Tiempo de lectura\" \/>\n\t<meta name=\"twitter:data2\" content=\"5 minutos\" \/>\n<script type=\"application\/ld+json\" class=\"yoast-schema-graph\">{\"@context\":\"https:\\\/\\\/schema.org\",\"@graph\":[{\"@type\":\"Article\",\"@id\":\"https:\\\/\\\/www.gruporecoletas.com\\\/noticias\\\/casi-28-000-personas-se-han-beneficiado-del-programa-de-prevencion-del-ictus-pulso-vital\\\/#article\",\"isPartOf\":{\"@id\":\"https:\\\/\\\/www.gruporecoletas.com\\\/noticias\\\/casi-28-000-personas-se-han-beneficiado-del-programa-de-prevencion-del-ictus-pulso-vital\\\/\"},\"author\":{\"name\":\"Recoletas Red Hospitalaria\",\"@id\":\"https:\\\/\\\/www.gruporecoletas.com\\\/noticias\\\/#\\\/schema\\\/person\\\/3c6ac429828d1f5e3d3bd99f4da9b02c\"},\"headline\":\"Casi 28.000 personas se han beneficiado del programa de prevenci\u00f3n del ictus Pulso Vital\",\"datePublished\":\"2023-10-29T09:00:00+00:00\",\"dateModified\":\"2023-10-30T07:36:02+00:00\",\"mainEntityOfPage\":{\"@id\":\"https:\\\/\\\/www.gruporecoletas.com\\\/noticias\\\/casi-28-000-personas-se-han-beneficiado-del-programa-de-prevencion-del-ictus-pulso-vital\\\/\"},\"wordCount\":1035,\"image\":{\"@id\":\"https:\\\/\\\/www.gruporecoletas.com\\\/noticias\\\/casi-28-000-personas-se-han-beneficiado-del-programa-de-prevencion-del-ictus-pulso-vital\\\/#primaryimage\"},\"thumbnailUrl\":\"https:\\\/\\\/www.gruporecoletas.com\\\/noticias\\\/wp-content\\\/uploads\\\/2023\\\/10\\\/PULSO-VITAL-HRZA.png\",\"articleSection\":[\"Cardiolog\u00eda\",\"Centros\",\"Grupo Recoletas\",\"HRZA\",\"Zamora\"],\"inLanguage\":\"es\"},{\"@type\":\"WebPage\",\"@id\":\"https:\\\/\\\/www.gruporecoletas.com\\\/noticias\\\/casi-28-000-personas-se-han-beneficiado-del-programa-de-prevencion-del-ictus-pulso-vital\\\/\",\"url\":\"https:\\\/\\\/www.gruporecoletas.com\\\/noticias\\\/casi-28-000-personas-se-han-beneficiado-del-programa-de-prevencion-del-ictus-pulso-vital\\\/\",\"name\":\"Casi 28.000 personas se han beneficiado del programa de prevenci\u00f3n del ictus Pulso Vital - Noticias Grupo Recoletas\",\"isPartOf\":{\"@id\":\"https:\\\/\\\/www.gruporecoletas.com\\\/noticias\\\/#website\"},\"primaryImageOfPage\":{\"@id\":\"https:\\\/\\\/www.gruporecoletas.com\\\/noticias\\\/casi-28-000-personas-se-han-beneficiado-del-programa-de-prevencion-del-ictus-pulso-vital\\\/#primaryimage\"},\"image\":{\"@id\":\"https:\\\/\\\/www.gruporecoletas.com\\\/noticias\\\/casi-28-000-personas-se-han-beneficiado-del-programa-de-prevencion-del-ictus-pulso-vital\\\/#primaryimage\"},\"thumbnailUrl\":\"https:\\\/\\\/www.gruporecoletas.com\\\/noticias\\\/wp-content\\\/uploads\\\/2023\\\/10\\\/PULSO-VITAL-HRZA.png\",\"datePublished\":\"2023-10-29T09:00:00+00:00\",\"dateModified\":\"2023-10-30T07:36:02+00:00\",\"author\":{\"@id\":\"https:\\\/\\\/www.gruporecoletas.com\\\/noticias\\\/#\\\/schema\\\/person\\\/3c6ac429828d1f5e3d3bd99f4da9b02c\"},\"description\":\"Un proyecto desarrollado por el Hospital Recoletas Campo Grande que pretende prevenir el ictus a trav\u00e9s de la detecci\u00f3n precoz de la fibrilaci\u00f3n auricular\",\"breadcrumb\":{\"@id\":\"https:\\\/\\\/www.gruporecoletas.com\\\/noticias\\\/casi-28-000-personas-se-han-beneficiado-del-programa-de-prevencion-del-ictus-pulso-vital\\\/#breadcrumb\"},\"inLanguage\":\"es\",\"potentialAction\":[{\"@type\":\"ReadAction\",\"target\":[\"https:\\\/\\\/www.gruporecoletas.com\\\/noticias\\\/casi-28-000-personas-se-han-beneficiado-del-programa-de-prevencion-del-ictus-pulso-vital\\\/\"]}]},{\"@type\":\"ImageObject\",\"inLanguage\":\"es\",\"@id\":\"https:\\\/\\\/www.gruporecoletas.com\\\/noticias\\\/casi-28-000-personas-se-han-beneficiado-del-programa-de-prevencion-del-ictus-pulso-vital\\\/#primaryimage\",\"url\":\"https:\\\/\\\/www.gruporecoletas.com\\\/noticias\\\/wp-content\\\/uploads\\\/2023\\\/10\\\/PULSO-VITAL-HRZA.png\",\"contentUrl\":\"https:\\\/\\\/www.gruporecoletas.com\\\/noticias\\\/wp-content\\\/uploads\\\/2023\\\/10\\\/PULSO-VITAL-HRZA.png\",\"width\":1366,\"height\":768,\"caption\":\"Casi 28.000 personas se han beneficiado del programa de prevenci\u00f3n del ictus Pulso Vital\"},{\"@type\":\"BreadcrumbList\",\"@id\":\"https:\\\/\\\/www.gruporecoletas.com\\\/noticias\\\/casi-28-000-personas-se-han-beneficiado-del-programa-de-prevencion-del-ictus-pulso-vital\\\/#breadcrumb\",\"itemListElement\":[{\"@type\":\"ListItem\",\"position\":1,\"name\":\"Portada\",\"item\":\"https:\\\/\\\/www.gruporecoletas.com\\\/noticias\\\/\"},{\"@type\":\"ListItem\",\"position\":2,\"name\":\"Casi 28.000 personas se han beneficiado del programa de prevenci\u00f3n del ictus Pulso Vital\"}]},{\"@type\":\"WebSite\",\"@id\":\"https:\\\/\\\/www.gruporecoletas.com\\\/noticias\\\/#website\",\"url\":\"https:\\\/\\\/www.gruporecoletas.com\\\/noticias\\\/\",\"name\":\"Noticias Grupo Recoletas\",\"description\":\"Grupo Recoletas\",\"potentialAction\":[{\"@type\":\"SearchAction\",\"target\":{\"@type\":\"EntryPoint\",\"urlTemplate\":\"https:\\\/\\\/www.gruporecoletas.com\\\/noticias\\\/?s={search_term_string}\"},\"query-input\":{\"@type\":\"PropertyValueSpecification\",\"valueRequired\":true,\"valueName\":\"search_term_string\"}}],\"inLanguage\":\"es\"},{\"@type\":\"Person\",\"@id\":\"https:\\\/\\\/www.gruporecoletas.com\\\/noticias\\\/#\\\/schema\\\/person\\\/3c6ac429828d1f5e3d3bd99f4da9b02c\",\"name\":\"Recoletas Red Hospitalaria\",\"url\":\"https:\\\/\\\/www.gruporecoletas.com\\\/noticias\\\/author\\\/comunicacion\\\/\"}]}<\/script>\n<!-- \/ Yoast SEO Premium plugin. -->","yoast_head_json":{"title":"Casi 28.000 personas se han beneficiado del programa de prevenci\u00f3n del ictus Pulso Vital - Noticias Grupo Recoletas","description":"Un proyecto desarrollado por el Hospital Recoletas Campo Grande que pretende prevenir el ictus a trav\u00e9s de la detecci\u00f3n precoz de la fibrilaci\u00f3n auricular","robots":{"index":"index","follow":"follow","max-snippet":"max-snippet:-1","max-image-preview":"max-image-preview:large","max-video-preview":"max-video-preview:-1"},"canonical":"https:\/\/www.gruporecoletas.com\/noticias\/casi-28-000-personas-se-han-beneficiado-del-programa-de-prevencion-del-ictus-pulso-vital\/","og_locale":"es_ES","og_type":"article","og_title":"Casi 28.000 personas se han beneficiado del programa de prevenci\u00f3n del ictus Pulso Vital","og_description":"Un proyecto desarrollado por el Hospital Recoletas Campo Grande que pretende prevenir el ictus a trav\u00e9s de la detecci\u00f3n precoz de la fibrilaci\u00f3n auricular","og_url":"https:\/\/www.gruporecoletas.com\/noticias\/casi-28-000-personas-se-han-beneficiado-del-programa-de-prevencion-del-ictus-pulso-vital\/","og_site_name":"Noticias Grupo Recoletas","article_publisher":"https:\/\/www.facebook.com\/GrupoRecoletas\/","article_published_time":"2023-10-29T09:00:00+00:00","article_modified_time":"2023-10-30T07:36:02+00:00","og_image":[{"width":1366,"height":768,"url":"https:\/\/www.gruporecoletas.com\/noticias\/wp-content\/uploads\/2023\/10\/PULSO-VITAL-HRZA.png","type":"image\/png"}],"author":"Recoletas Red Hospitalaria","twitter_card":"summary_large_image","twitter_creator":"@GrupoRecoletas","twitter_site":"@GrupoRecoletas","twitter_misc":{"Escrito por":"Recoletas Red Hospitalaria","Tiempo de lectura":"5 minutos"},"schema":{"@context":"https:\/\/schema.org","@graph":[{"@type":"Article","@id":"https:\/\/www.gruporecoletas.com\/noticias\/casi-28-000-personas-se-han-beneficiado-del-programa-de-prevencion-del-ictus-pulso-vital\/#article","isPartOf":{"@id":"https:\/\/www.gruporecoletas.com\/noticias\/casi-28-000-personas-se-han-beneficiado-del-programa-de-prevencion-del-ictus-pulso-vital\/"},"author":{"name":"Recoletas Red Hospitalaria","@id":"https:\/\/www.gruporecoletas.com\/noticias\/#\/schema\/person\/3c6ac429828d1f5e3d3bd99f4da9b02c"},"headline":"Casi 28.000 personas se han beneficiado del programa de prevenci\u00f3n del ictus Pulso Vital","datePublished":"2023-10-29T09:00:00+00:00","dateModified":"2023-10-30T07:36:02+00:00","mainEntityOfPage":{"@id":"https:\/\/www.gruporecoletas.com\/noticias\/casi-28-000-personas-se-han-beneficiado-del-programa-de-prevencion-del-ictus-pulso-vital\/"},"wordCount":1035,"image":{"@id":"https:\/\/www.gruporecoletas.com\/noticias\/casi-28-000-personas-se-han-beneficiado-del-programa-de-prevencion-del-ictus-pulso-vital\/#primaryimage"},"thumbnailUrl":"https:\/\/www.gruporecoletas.com\/noticias\/wp-content\/uploads\/2023\/10\/PULSO-VITAL-HRZA.png","articleSection":["Cardiolog\u00eda","Centros","Grupo Recoletas","HRZA","Zamora"],"inLanguage":"es"},{"@type":"WebPage","@id":"https:\/\/www.gruporecoletas.com\/noticias\/casi-28-000-personas-se-han-beneficiado-del-programa-de-prevencion-del-ictus-pulso-vital\/","url":"https:\/\/www.gruporecoletas.com\/noticias\/casi-28-000-personas-se-han-beneficiado-del-programa-de-prevencion-del-ictus-pulso-vital\/","name":"Casi 28.000 personas se han beneficiado del programa de prevenci\u00f3n del ictus Pulso Vital - Noticias Grupo Recoletas","isPartOf":{"@id":"https:\/\/www.gruporecoletas.com\/noticias\/#website"},"primaryImageOfPage":{"@id":"https:\/\/www.gruporecoletas.com\/noticias\/casi-28-000-personas-se-han-beneficiado-del-programa-de-prevencion-del-ictus-pulso-vital\/#primaryimage"},"image":{"@id":"https:\/\/www.gruporecoletas.com\/noticias\/casi-28-000-personas-se-han-beneficiado-del-programa-de-prevencion-del-ictus-pulso-vital\/#primaryimage"},"thumbnailUrl":"https:\/\/www.gruporecoletas.com\/noticias\/wp-content\/uploads\/2023\/10\/PULSO-VITAL-HRZA.png","datePublished":"2023-10-29T09:00:00+00:00","dateModified":"2023-10-30T07:36:02+00:00","author":{"@id":"https:\/\/www.gruporecoletas.com\/noticias\/#\/schema\/person\/3c6ac429828d1f5e3d3bd99f4da9b02c"},"description":"Un proyecto desarrollado por el Hospital Recoletas Campo Grande que pretende prevenir el ictus a trav\u00e9s de la detecci\u00f3n precoz de la fibrilaci\u00f3n auricular","breadcrumb":{"@id":"https:\/\/www.gruporecoletas.com\/noticias\/casi-28-000-personas-se-han-beneficiado-del-programa-de-prevencion-del-ictus-pulso-vital\/#breadcrumb"},"inLanguage":"es","potentialAction":[{"@type":"ReadAction","target":["https:\/\/www.gruporecoletas.com\/noticias\/casi-28-000-personas-se-han-beneficiado-del-programa-de-prevencion-del-ictus-pulso-vital\/"]}]},{"@type":"ImageObject","inLanguage":"es","@id":"https:\/\/www.gruporecoletas.com\/noticias\/casi-28-000-personas-se-han-beneficiado-del-programa-de-prevencion-del-ictus-pulso-vital\/#primaryimage","url":"https:\/\/www.gruporecoletas.com\/noticias\/wp-content\/uploads\/2023\/10\/PULSO-VITAL-HRZA.png","contentUrl":"https:\/\/www.gruporecoletas.com\/noticias\/wp-content\/uploads\/2023\/10\/PULSO-VITAL-HRZA.png","width":1366,"height":768,"caption":"Casi 28.000 personas se han beneficiado del programa de prevenci\u00f3n del ictus Pulso Vital"},{"@type":"BreadcrumbList","@id":"https:\/\/www.gruporecoletas.com\/noticias\/casi-28-000-personas-se-han-beneficiado-del-programa-de-prevencion-del-ictus-pulso-vital\/#breadcrumb","itemListElement":[{"@type":"ListItem","position":1,"name":"Portada","item":"https:\/\/www.gruporecoletas.com\/noticias\/"},{"@type":"ListItem","position":2,"name":"Casi 28.000 personas se han beneficiado del programa de prevenci\u00f3n del ictus Pulso Vital"}]},{"@type":"WebSite","@id":"https:\/\/www.gruporecoletas.com\/noticias\/#website","url":"https:\/\/www.gruporecoletas.com\/noticias\/","name":"Noticias Grupo Recoletas","description":"Grupo Recoletas","potentialAction":[{"@type":"SearchAction","target":{"@type":"EntryPoint","urlTemplate":"https:\/\/www.gruporecoletas.com\/noticias\/?s={search_term_string}"},"query-input":{"@type":"PropertyValueSpecification","valueRequired":true,"valueName":"search_term_string"}}],"inLanguage":"es"},{"@type":"Person","@id":"https:\/\/www.gruporecoletas.com\/noticias\/#\/schema\/person\/3c6ac429828d1f5e3d3bd99f4da9b02c","name":"Recoletas Red Hospitalaria","url":"https:\/\/www.gruporecoletas.com\/noticias\/author\/comunicacion\/"}]}},"_links":{"self":[{"href":"https:\/\/www.gruporecoletas.com\/noticias\/wp-json\/wp\/v2\/posts\/16239","targetHints":{"allow":["GET"]}}],"collection":[{"href":"https:\/\/www.gruporecoletas.com\/noticias\/wp-json\/wp\/v2\/posts"}],"about":[{"href":"https:\/\/www.gruporecoletas.com\/noticias\/wp-json\/wp\/v2\/types\/post"}],"author":[{"embeddable":true,"href":"https:\/\/www.gruporecoletas.com\/noticias\/wp-json\/wp\/v2\/users\/2"}],"replies":[{"embeddable":true,"href":"https:\/\/www.gruporecoletas.com\/noticias\/wp-json\/wp\/v2\/comments?post=16239"}],"version-history":[{"count":1,"href":"https:\/\/www.gruporecoletas.com\/noticias\/wp-json\/wp\/v2\/posts\/16239\/revisions"}],"predecessor-version":[{"id":16241,"href":"https:\/\/www.gruporecoletas.com\/noticias\/wp-json\/wp\/v2\/posts\/16239\/revisions\/16241"}],"wp:featuredmedia":[{"embeddable":true,"href":"https:\/\/www.gruporecoletas.com\/noticias\/wp-json\/wp\/v2\/media\/16240"}],"wp:attachment":[{"href":"https:\/\/www.gruporecoletas.com\/noticias\/wp-json\/wp\/v2\/media?parent=16239"}],"wp:term":[{"taxonomy":"category","embeddable":true,"href":"https:\/\/www.gruporecoletas.com\/noticias\/wp-json\/wp\/v2\/categories?post=16239"},{"taxonomy":"post_tag","embeddable":true,"href":"https:\/\/www.gruporecoletas.com\/noticias\/wp-json\/wp\/v2\/tags?post=16239"}],"curies":[{"name":"wp","href":"https:\/\/api.w.org\/{rel}","templated":true}]}}