{"id":16251,"date":"2023-11-03T13:00:00","date_gmt":"2023-11-03T12:00:00","guid":{"rendered":"https:\/\/www.gruporecoletas.com\/noticias\/?p=16251"},"modified":"2023-11-08T16:40:33","modified_gmt":"2023-11-08T15:40:33","slug":"pulso-vital-hace-parada-en-burgos-con-la-ruta-enfermera","status":"publish","type":"post","link":"https:\/\/www.gruporecoletas.com\/noticias\/pulso-vital-hace-parada-en-burgos-con-la-ruta-enfermera\/","title":{"rendered":"Pulso Vital hace parada en Burgos con la ruta enfermera"},"content":{"rendered":"\n<p>La Ruta Enfermera es un proyecto para poner en valor esta profesi\u00f3n sanitaria y educar en salud a la poblaci\u00f3n espa\u00f1ola, que promueve el Colegio de Enfermer\u00eda de Espa\u00f1a.<\/p>\n\n\n\n<h4 class=\"wp-block-heading\"><strong><u>Pulso Vital<\/u><\/strong><\/h4>\n\n\n\n<p>En un expositor rodante que recorre Espa\u00f1a y que ahora llega a Burgos se encuentra un punto de salud de \u201cPulso Vital\u201d, el proyecto de salud rural creado por Recoletas Salud.<\/p>\n\n\n\n<p>Pulso Vital naci\u00f3 en el hospital Recoletas de Zamora hace ahora un a\u00f1o con el objetivo de concienciar a la poblaci\u00f3n sobre la importancia de prevenir el ictus con un programa de salud rural gratuito a trav\u00e9s de la detecci\u00f3n de la fibrilaci\u00f3n auricular, que es la causante del 30% de los ictus y en la mayor\u00eda de los casos, es asintom\u00e1tica.<\/p>\n\n\n\n<p>Se produce un caso de ictus cada seis minutos. El ictus es la segunda causa de mortalidad en Espa\u00f1a y el primer motivo de invalidez en los pa\u00edses occidentales. Es adem\u00e1s la primera causa de muerte entre las mujeres de este pa\u00eds: fallecen m\u00e1s del doble de mujeres por ictus que por c\u00e1ncer de mama y unas 14 veces m\u00e1s que por accidentes de tr\u00e1fico.<\/p>\n\n\n\n<p>Desde que \u201cPulso Vital\u201d se pusiera en macha hace un a\u00f1o, m\u00e1s de 27.800 personas se han beneficiado ya de este proyecto de Recoletas, que en tan solo 30 segundos realiza de manera gratuita un electrocardiograma.<\/p>\n\n\n\n<p>El pasado mes de junio el proyecto \u201cPulso Vital\u201d se alz\u00f3 con el primer premio en la categor\u00eda de mejor iniciativa de promoci\u00f3n de la salud de los \u201cEuropean Private Hospital Awards\u201d, asociaci\u00f3n de la que forman parte cinco mil hospitales privados de Europa.<\/p>\n","protected":false},"excerpt":{"rendered":"<p>La Ruta Enfermera es un proyecto para poner en valor esta profesi\u00f3n sanitaria y educar en salud a la poblaci\u00f3n espa\u00f1ola, que promueve el Colegio de Enfermer\u00eda de Espa\u00f1a. Pulso Vital En un expositor rodante que recorre Espa\u00f1a y que ahora llega a Burgos se encuentra un punto de salud de \u201cPulso Vital\u201d, el proyecto [&hellip;]<\/p>\n","protected":false},"author":2,"featured_media":16221,"comment_status":"closed","ping_status":"closed","sticky":false,"template":"","format":"standard","meta":{"_acf_changed":false,"footnotes":""},"categories":[10,43,1,31],"tags":[3104,3106,3083,3277],"class_list":["post-16251","post","type-post","status-publish","format-standard","has-post-thumbnail","hentry","category-burgos","category-centros","category-grupo-recoletas","category-hrbu","tag-burgos","tag-enfermeria","tag-ictus","tag-pulso-vital"],"acf":[],"yoast_head":"<!-- This site is optimized with the Yoast SEO Premium plugin v27.3 (Yoast SEO v27.3) - https:\/\/yoast.com\/product\/yoast-seo-premium-wordpress\/ -->\n<title>Pulso Vital hace parada en Burgos con la ruta enfermera - Noticias Grupo Recoletas<\/title>\n<meta name=\"description\" content=\"La Ruta Enfermera es un proyecto que busca poner en valor esta profesi\u00f3n sanitaria y educar en salud a la poblaci\u00f3n espa\u00f1ola\" \/>\n<meta name=\"robots\" content=\"index, follow, max-snippet:-1, max-image-preview:large, max-video-preview:-1\" \/>\n<link rel=\"canonical\" href=\"https:\/\/www.gruporecoletas.com\/noticias\/pulso-vital-hace-parada-en-burgos-con-la-ruta-enfermera\/\" \/>\n<meta property=\"og:locale\" content=\"es_ES\" \/>\n<meta property=\"og:type\" content=\"article\" \/>\n<meta property=\"og:title\" content=\"Pulso Vital hace parada en Burgos con la ruta enfermera\" \/>\n<meta property=\"og:description\" content=\"La Ruta Enfermera es un proyecto que busca poner en valor esta profesi\u00f3n sanitaria y educar en salud a la poblaci\u00f3n espa\u00f1ola\" \/>\n<meta property=\"og:url\" content=\"https:\/\/www.gruporecoletas.com\/noticias\/pulso-vital-hace-parada-en-burgos-con-la-ruta-enfermera\/\" \/>\n<meta property=\"og:site_name\" content=\"Noticias Grupo Recoletas\" \/>\n<meta property=\"article:publisher\" content=\"https:\/\/www.facebook.com\/GrupoRecoletas\/\" \/>\n<meta property=\"article:published_time\" content=\"2023-11-03T12:00:00+00:00\" \/>\n<meta property=\"article:modified_time\" content=\"2023-11-08T15:40:33+00:00\" \/>\n<meta property=\"og:image\" content=\"https:\/\/www.gruporecoletas.com\/noticias\/wp-content\/uploads\/2023\/10\/PULSO-VITAL-VALLADOLID.png\" \/>\n\t<meta property=\"og:image:width\" content=\"1366\" \/>\n\t<meta property=\"og:image:height\" content=\"768\" \/>\n\t<meta property=\"og:image:type\" content=\"image\/png\" \/>\n<meta name=\"author\" content=\"Recoletas Red Hospitalaria\" \/>\n<meta name=\"twitter:card\" content=\"summary_large_image\" \/>\n<meta name=\"twitter:creator\" content=\"@GrupoRecoletas\" \/>\n<meta name=\"twitter:site\" content=\"@GrupoRecoletas\" \/>\n<meta name=\"twitter:label1\" content=\"Escrito por\" \/>\n\t<meta name=\"twitter:data1\" content=\"Recoletas Red Hospitalaria\" \/>\n\t<meta name=\"twitter:label2\" content=\"Tiempo de lectura\" \/>\n\t<meta name=\"twitter:data2\" content=\"1 minuto\" \/>\n<script type=\"application\/ld+json\" class=\"yoast-schema-graph\">{\"@context\":\"https:\\\/\\\/schema.org\",\"@graph\":[{\"@type\":\"Article\",\"@id\":\"https:\\\/\\\/www.gruporecoletas.com\\\/noticias\\\/pulso-vital-hace-parada-en-burgos-con-la-ruta-enfermera\\\/#article\",\"isPartOf\":{\"@id\":\"https:\\\/\\\/www.gruporecoletas.com\\\/noticias\\\/pulso-vital-hace-parada-en-burgos-con-la-ruta-enfermera\\\/\"},\"author\":{\"name\":\"Recoletas Red Hospitalaria\",\"@id\":\"https:\\\/\\\/www.gruporecoletas.com\\\/noticias\\\/#\\\/schema\\\/person\\\/3c6ac429828d1f5e3d3bd99f4da9b02c\"},\"headline\":\"Pulso Vital hace parada en Burgos con la ruta enfermera\",\"datePublished\":\"2023-11-03T12:00:00+00:00\",\"dateModified\":\"2023-11-08T15:40:33+00:00\",\"mainEntityOfPage\":{\"@id\":\"https:\\\/\\\/www.gruporecoletas.com\\\/noticias\\\/pulso-vital-hace-parada-en-burgos-con-la-ruta-enfermera\\\/\"},\"wordCount\":301,\"image\":{\"@id\":\"https:\\\/\\\/www.gruporecoletas.com\\\/noticias\\\/pulso-vital-hace-parada-en-burgos-con-la-ruta-enfermera\\\/#primaryimage\"},\"thumbnailUrl\":\"https:\\\/\\\/www.gruporecoletas.com\\\/noticias\\\/wp-content\\\/uploads\\\/2023\\\/10\\\/PULSO-VITAL-VALLADOLID.png\",\"keywords\":[\"Burgos\",\"Enfermer\u00eda\",\"ictus\",\"pulso vital\"],\"articleSection\":[\"Burgos\",\"Centros\",\"Grupo Recoletas\",\"HRBU\"],\"inLanguage\":\"es\"},{\"@type\":\"WebPage\",\"@id\":\"https:\\\/\\\/www.gruporecoletas.com\\\/noticias\\\/pulso-vital-hace-parada-en-burgos-con-la-ruta-enfermera\\\/\",\"url\":\"https:\\\/\\\/www.gruporecoletas.com\\\/noticias\\\/pulso-vital-hace-parada-en-burgos-con-la-ruta-enfermera\\\/\",\"name\":\"Pulso Vital hace parada en Burgos con la ruta enfermera - Noticias Grupo Recoletas\",\"isPartOf\":{\"@id\":\"https:\\\/\\\/www.gruporecoletas.com\\\/noticias\\\/#website\"},\"primaryImageOfPage\":{\"@id\":\"https:\\\/\\\/www.gruporecoletas.com\\\/noticias\\\/pulso-vital-hace-parada-en-burgos-con-la-ruta-enfermera\\\/#primaryimage\"},\"image\":{\"@id\":\"https:\\\/\\\/www.gruporecoletas.com\\\/noticias\\\/pulso-vital-hace-parada-en-burgos-con-la-ruta-enfermera\\\/#primaryimage\"},\"thumbnailUrl\":\"https:\\\/\\\/www.gruporecoletas.com\\\/noticias\\\/wp-content\\\/uploads\\\/2023\\\/10\\\/PULSO-VITAL-VALLADOLID.png\",\"datePublished\":\"2023-11-03T12:00:00+00:00\",\"dateModified\":\"2023-11-08T15:40:33+00:00\",\"author\":{\"@id\":\"https:\\\/\\\/www.gruporecoletas.com\\\/noticias\\\/#\\\/schema\\\/person\\\/3c6ac429828d1f5e3d3bd99f4da9b02c\"},\"description\":\"La Ruta Enfermera es un proyecto que busca poner en valor esta profesi\u00f3n sanitaria y educar en salud a la poblaci\u00f3n espa\u00f1ola\",\"breadcrumb\":{\"@id\":\"https:\\\/\\\/www.gruporecoletas.com\\\/noticias\\\/pulso-vital-hace-parada-en-burgos-con-la-ruta-enfermera\\\/#breadcrumb\"},\"inLanguage\":\"es\",\"potentialAction\":[{\"@type\":\"ReadAction\",\"target\":[\"https:\\\/\\\/www.gruporecoletas.com\\\/noticias\\\/pulso-vital-hace-parada-en-burgos-con-la-ruta-enfermera\\\/\"]}]},{\"@type\":\"ImageObject\",\"inLanguage\":\"es\",\"@id\":\"https:\\\/\\\/www.gruporecoletas.com\\\/noticias\\\/pulso-vital-hace-parada-en-burgos-con-la-ruta-enfermera\\\/#primaryimage\",\"url\":\"https:\\\/\\\/www.gruporecoletas.com\\\/noticias\\\/wp-content\\\/uploads\\\/2023\\\/10\\\/PULSO-VITAL-VALLADOLID.png\",\"contentUrl\":\"https:\\\/\\\/www.gruporecoletas.com\\\/noticias\\\/wp-content\\\/uploads\\\/2023\\\/10\\\/PULSO-VITAL-VALLADOLID.png\",\"width\":1366,\"height\":768,\"caption\":\"Pulso Vital hace parada en Palencia con la Ruta Enfermera\"},{\"@type\":\"BreadcrumbList\",\"@id\":\"https:\\\/\\\/www.gruporecoletas.com\\\/noticias\\\/pulso-vital-hace-parada-en-burgos-con-la-ruta-enfermera\\\/#breadcrumb\",\"itemListElement\":[{\"@type\":\"ListItem\",\"position\":1,\"name\":\"Portada\",\"item\":\"https:\\\/\\\/www.gruporecoletas.com\\\/noticias\\\/\"},{\"@type\":\"ListItem\",\"position\":2,\"name\":\"Pulso Vital hace parada en Burgos con la ruta enfermera\"}]},{\"@type\":\"WebSite\",\"@id\":\"https:\\\/\\\/www.gruporecoletas.com\\\/noticias\\\/#website\",\"url\":\"https:\\\/\\\/www.gruporecoletas.com\\\/noticias\\\/\",\"name\":\"Noticias Grupo Recoletas\",\"description\":\"Grupo Recoletas\",\"potentialAction\":[{\"@type\":\"SearchAction\",\"target\":{\"@type\":\"EntryPoint\",\"urlTemplate\":\"https:\\\/\\\/www.gruporecoletas.com\\\/noticias\\\/?s={search_term_string}\"},\"query-input\":{\"@type\":\"PropertyValueSpecification\",\"valueRequired\":true,\"valueName\":\"search_term_string\"}}],\"inLanguage\":\"es\"},{\"@type\":\"Person\",\"@id\":\"https:\\\/\\\/www.gruporecoletas.com\\\/noticias\\\/#\\\/schema\\\/person\\\/3c6ac429828d1f5e3d3bd99f4da9b02c\",\"name\":\"Recoletas Red Hospitalaria\",\"url\":\"https:\\\/\\\/www.gruporecoletas.com\\\/noticias\\\/author\\\/comunicacion\\\/\"}]}<\/script>\n<!-- \/ Yoast SEO Premium plugin. -->","yoast_head_json":{"title":"Pulso Vital hace parada en Burgos con la ruta enfermera - Noticias Grupo Recoletas","description":"La Ruta Enfermera es un proyecto que busca poner en valor esta profesi\u00f3n sanitaria y educar en salud a la poblaci\u00f3n espa\u00f1ola","robots":{"index":"index","follow":"follow","max-snippet":"max-snippet:-1","max-image-preview":"max-image-preview:large","max-video-preview":"max-video-preview:-1"},"canonical":"https:\/\/www.gruporecoletas.com\/noticias\/pulso-vital-hace-parada-en-burgos-con-la-ruta-enfermera\/","og_locale":"es_ES","og_type":"article","og_title":"Pulso Vital hace parada en Burgos con la ruta enfermera","og_description":"La Ruta Enfermera es un proyecto que busca poner en valor esta profesi\u00f3n sanitaria y educar en salud a la poblaci\u00f3n espa\u00f1ola","og_url":"https:\/\/www.gruporecoletas.com\/noticias\/pulso-vital-hace-parada-en-burgos-con-la-ruta-enfermera\/","og_site_name":"Noticias Grupo Recoletas","article_publisher":"https:\/\/www.facebook.com\/GrupoRecoletas\/","article_published_time":"2023-11-03T12:00:00+00:00","article_modified_time":"2023-11-08T15:40:33+00:00","og_image":[{"width":1366,"height":768,"url":"https:\/\/www.gruporecoletas.com\/noticias\/wp-content\/uploads\/2023\/10\/PULSO-VITAL-VALLADOLID.png","type":"image\/png"}],"author":"Recoletas Red Hospitalaria","twitter_card":"summary_large_image","twitter_creator":"@GrupoRecoletas","twitter_site":"@GrupoRecoletas","twitter_misc":{"Escrito por":"Recoletas Red Hospitalaria","Tiempo de lectura":"1 minuto"},"schema":{"@context":"https:\/\/schema.org","@graph":[{"@type":"Article","@id":"https:\/\/www.gruporecoletas.com\/noticias\/pulso-vital-hace-parada-en-burgos-con-la-ruta-enfermera\/#article","isPartOf":{"@id":"https:\/\/www.gruporecoletas.com\/noticias\/pulso-vital-hace-parada-en-burgos-con-la-ruta-enfermera\/"},"author":{"name":"Recoletas Red Hospitalaria","@id":"https:\/\/www.gruporecoletas.com\/noticias\/#\/schema\/person\/3c6ac429828d1f5e3d3bd99f4da9b02c"},"headline":"Pulso Vital hace parada en Burgos con la ruta enfermera","datePublished":"2023-11-03T12:00:00+00:00","dateModified":"2023-11-08T15:40:33+00:00","mainEntityOfPage":{"@id":"https:\/\/www.gruporecoletas.com\/noticias\/pulso-vital-hace-parada-en-burgos-con-la-ruta-enfermera\/"},"wordCount":301,"image":{"@id":"https:\/\/www.gruporecoletas.com\/noticias\/pulso-vital-hace-parada-en-burgos-con-la-ruta-enfermera\/#primaryimage"},"thumbnailUrl":"https:\/\/www.gruporecoletas.com\/noticias\/wp-content\/uploads\/2023\/10\/PULSO-VITAL-VALLADOLID.png","keywords":["Burgos","Enfermer\u00eda","ictus","pulso vital"],"articleSection":["Burgos","Centros","Grupo Recoletas","HRBU"],"inLanguage":"es"},{"@type":"WebPage","@id":"https:\/\/www.gruporecoletas.com\/noticias\/pulso-vital-hace-parada-en-burgos-con-la-ruta-enfermera\/","url":"https:\/\/www.gruporecoletas.com\/noticias\/pulso-vital-hace-parada-en-burgos-con-la-ruta-enfermera\/","name":"Pulso Vital hace parada en Burgos con la ruta enfermera - Noticias Grupo Recoletas","isPartOf":{"@id":"https:\/\/www.gruporecoletas.com\/noticias\/#website"},"primaryImageOfPage":{"@id":"https:\/\/www.gruporecoletas.com\/noticias\/pulso-vital-hace-parada-en-burgos-con-la-ruta-enfermera\/#primaryimage"},"image":{"@id":"https:\/\/www.gruporecoletas.com\/noticias\/pulso-vital-hace-parada-en-burgos-con-la-ruta-enfermera\/#primaryimage"},"thumbnailUrl":"https:\/\/www.gruporecoletas.com\/noticias\/wp-content\/uploads\/2023\/10\/PULSO-VITAL-VALLADOLID.png","datePublished":"2023-11-03T12:00:00+00:00","dateModified":"2023-11-08T15:40:33+00:00","author":{"@id":"https:\/\/www.gruporecoletas.com\/noticias\/#\/schema\/person\/3c6ac429828d1f5e3d3bd99f4da9b02c"},"description":"La Ruta Enfermera es un proyecto que busca poner en valor esta profesi\u00f3n sanitaria y educar en salud a la poblaci\u00f3n espa\u00f1ola","breadcrumb":{"@id":"https:\/\/www.gruporecoletas.com\/noticias\/pulso-vital-hace-parada-en-burgos-con-la-ruta-enfermera\/#breadcrumb"},"inLanguage":"es","potentialAction":[{"@type":"ReadAction","target":["https:\/\/www.gruporecoletas.com\/noticias\/pulso-vital-hace-parada-en-burgos-con-la-ruta-enfermera\/"]}]},{"@type":"ImageObject","inLanguage":"es","@id":"https:\/\/www.gruporecoletas.com\/noticias\/pulso-vital-hace-parada-en-burgos-con-la-ruta-enfermera\/#primaryimage","url":"https:\/\/www.gruporecoletas.com\/noticias\/wp-content\/uploads\/2023\/10\/PULSO-VITAL-VALLADOLID.png","contentUrl":"https:\/\/www.gruporecoletas.com\/noticias\/wp-content\/uploads\/2023\/10\/PULSO-VITAL-VALLADOLID.png","width":1366,"height":768,"caption":"Pulso Vital hace parada en Palencia con la Ruta Enfermera"},{"@type":"BreadcrumbList","@id":"https:\/\/www.gruporecoletas.com\/noticias\/pulso-vital-hace-parada-en-burgos-con-la-ruta-enfermera\/#breadcrumb","itemListElement":[{"@type":"ListItem","position":1,"name":"Portada","item":"https:\/\/www.gruporecoletas.com\/noticias\/"},{"@type":"ListItem","position":2,"name":"Pulso Vital hace parada en Burgos con la ruta enfermera"}]},{"@type":"WebSite","@id":"https:\/\/www.gruporecoletas.com\/noticias\/#website","url":"https:\/\/www.gruporecoletas.com\/noticias\/","name":"Noticias Grupo Recoletas","description":"Grupo Recoletas","potentialAction":[{"@type":"SearchAction","target":{"@type":"EntryPoint","urlTemplate":"https:\/\/www.gruporecoletas.com\/noticias\/?s={search_term_string}"},"query-input":{"@type":"PropertyValueSpecification","valueRequired":true,"valueName":"search_term_string"}}],"inLanguage":"es"},{"@type":"Person","@id":"https:\/\/www.gruporecoletas.com\/noticias\/#\/schema\/person\/3c6ac429828d1f5e3d3bd99f4da9b02c","name":"Recoletas Red Hospitalaria","url":"https:\/\/www.gruporecoletas.com\/noticias\/author\/comunicacion\/"}]}},"_links":{"self":[{"href":"https:\/\/www.gruporecoletas.com\/noticias\/wp-json\/wp\/v2\/posts\/16251","targetHints":{"allow":["GET"]}}],"collection":[{"href":"https:\/\/www.gruporecoletas.com\/noticias\/wp-json\/wp\/v2\/posts"}],"about":[{"href":"https:\/\/www.gruporecoletas.com\/noticias\/wp-json\/wp\/v2\/types\/post"}],"author":[{"embeddable":true,"href":"https:\/\/www.gruporecoletas.com\/noticias\/wp-json\/wp\/v2\/users\/2"}],"replies":[{"embeddable":true,"href":"https:\/\/www.gruporecoletas.com\/noticias\/wp-json\/wp\/v2\/comments?post=16251"}],"version-history":[{"count":1,"href":"https:\/\/www.gruporecoletas.com\/noticias\/wp-json\/wp\/v2\/posts\/16251\/revisions"}],"predecessor-version":[{"id":16252,"href":"https:\/\/www.gruporecoletas.com\/noticias\/wp-json\/wp\/v2\/posts\/16251\/revisions\/16252"}],"wp:featuredmedia":[{"embeddable":true,"href":"https:\/\/www.gruporecoletas.com\/noticias\/wp-json\/wp\/v2\/media\/16221"}],"wp:attachment":[{"href":"https:\/\/www.gruporecoletas.com\/noticias\/wp-json\/wp\/v2\/media?parent=16251"}],"wp:term":[{"taxonomy":"category","embeddable":true,"href":"https:\/\/www.gruporecoletas.com\/noticias\/wp-json\/wp\/v2\/categories?post=16251"},{"taxonomy":"post_tag","embeddable":true,"href":"https:\/\/www.gruporecoletas.com\/noticias\/wp-json\/wp\/v2\/tags?post=16251"}],"curies":[{"name":"wp","href":"https:\/\/api.w.org\/{rel}","templated":true}]}}