{"id":16276,"date":"2023-11-27T13:30:21","date_gmt":"2023-11-27T12:30:21","guid":{"rendered":"https:\/\/www.gruporecoletas.com\/noticias\/?p=16276"},"modified":"2023-11-27T13:30:22","modified_gmt":"2023-11-27T12:30:22","slug":"el-hospital-recoletas-zamora-participa-en-un-proyecto-para-mejorar-la-empleabilidad","status":"publish","type":"post","link":"https:\/\/www.gruporecoletas.com\/noticias\/el-hospital-recoletas-zamora-participa-en-un-proyecto-para-mejorar-la-empleabilidad\/","title":{"rendered":"El Hospital Recoletas Zamora participa en un proyecto para mejorar la empleabilidad"},"content":{"rendered":"\n<p>El gerente del Hospital Recoletas Zamora, \u00d3scar Iglesias, ha participado hoy en el Desayuno de trabajo del proyecto EMPLEA-LAB bajo el t\u00edtulo \u201cMejorando la empleabilidad y promoviendo la inclusi\u00f3n social\u201d<\/p>\n\n\n\n<p>\u00d3scar Iglesias ha estado presente junto al presidente de la CEOE Zamora, Jos\u00e9 Mar\u00eda Esbeq, el delegado de C\u00e1ritas Zamora, Antonio Jes\u00fas Mart\u00edn de Mena, y el coordinador de Emplea-Lab de la Fundaci\u00f3n CEOE, Miguel \u00c1ngel Garc\u00eda, en la inauguraci\u00f3n del acto.<\/p>\n\n\n\n<p>Tras analizar los t\u00e9cnicos los resultados del proyecto, \u00d3scar Iglesias, ha formado parte de la mesa de participaci\u00f3n \u201cProyecta Emplea Lab: casos de \u00e9xito\u201d junto a empresarios y usuarios del proyecto en Zamora.<\/p>\n\n\n\n<p>Rosalinda Ruiz y Noem\u00ed Soldado, participantes de Emplea Lab han mejorado su calidad de vida accediendo a un puesto de trabajo y ambas forman ya parte de la plantilla de Hospital Recoletas Zamora. \u00a1Bienvenidas!<\/p>\n\n\n\n<p>Para \u00d3scar Iglesias el \u00e9xito real de este proyecto se traduce en la satisfacci\u00f3n que aporta a Recoletas, ofreciendo un puesto de trabajo a personas en situaci\u00f3n de vulnerabilidad y fijando poblaci\u00f3n en Zamora.<\/p>\n\n\n\n<p>Un proyecto de la Fundaci\u00f3n CEOE, C\u00e1ritas Zamora, CEOE CEPYME Zamora y Grupo Adecco puesto en marcha por el ministerio de Inclusi\u00f3n, Seguridad Social y Migraciones, a trav\u00e9s del Plan de Recuperaci\u00f3n, Transformaci\u00f3n y Resiliencia.<\/p>\n","protected":false},"excerpt":{"rendered":"<p>El gerente del Hospital Recoletas Zamora, \u00d3scar Iglesias, ha participado hoy en el Desayuno de trabajo del proyecto EMPLEA-LAB bajo el t\u00edtulo \u201cMejorando la empleabilidad y promoviendo la inclusi\u00f3n social\u201d \u00d3scar Iglesias ha estado presente junto al presidente de la CEOE Zamora, Jos\u00e9 Mar\u00eda Esbeq, el delegado de C\u00e1ritas Zamora, Antonio Jes\u00fas Mart\u00edn de Mena, [&hellip;]<\/p>\n","protected":false},"author":2,"featured_media":16281,"comment_status":"closed","ping_status":"closed","sticky":false,"template":"","format":"standard","meta":{"_acf_changed":false,"footnotes":""},"categories":[43,1,16,21],"tags":[3390,3333,3361],"class_list":["post-16276","post","type-post","status-publish","format-standard","has-post-thumbnail","hentry","category-centros","category-grupo-recoletas","category-hrza","category-zamora","tag-empleo","tag-hospital-recoletas-zamora","tag-rsc"],"acf":[],"yoast_head":"<!-- This site is optimized with the Yoast SEO Premium plugin v27.3 (Yoast SEO v27.3) - https:\/\/yoast.com\/product\/yoast-seo-premium-wordpress\/ -->\n<title>El Hospital Recoletas Zamora participa en un proyecto para mejorar la empleabilidad - Noticias Grupo Recoletas<\/title>\n<meta name=\"description\" content=\"El proyecto Emplea-LAB tiene como objetivo principal favorecer la inclusi\u00f3n laboral de personas que se encuentran en situaci\u00f3n de dificultad\" \/>\n<meta name=\"robots\" content=\"index, follow, max-snippet:-1, max-image-preview:large, max-video-preview:-1\" \/>\n<link rel=\"canonical\" href=\"https:\/\/www.gruporecoletas.com\/noticias\/el-hospital-recoletas-zamora-participa-en-un-proyecto-para-mejorar-la-empleabilidad\/\" \/>\n<meta property=\"og:locale\" content=\"es_ES\" \/>\n<meta property=\"og:type\" content=\"article\" \/>\n<meta property=\"og:title\" content=\"El Hospital Recoletas Zamora participa en un proyecto para mejorar la empleabilidad\" \/>\n<meta property=\"og:description\" content=\"El proyecto Emplea-LAB tiene como objetivo principal favorecer la inclusi\u00f3n laboral de personas que se encuentran en situaci\u00f3n de dificultad\" \/>\n<meta property=\"og:url\" content=\"https:\/\/www.gruporecoletas.com\/noticias\/el-hospital-recoletas-zamora-participa-en-un-proyecto-para-mejorar-la-empleabilidad\/\" \/>\n<meta property=\"og:site_name\" content=\"Noticias Grupo Recoletas\" \/>\n<meta property=\"article:publisher\" content=\"https:\/\/www.facebook.com\/GrupoRecoletas\/\" \/>\n<meta property=\"article:published_time\" content=\"2023-11-27T12:30:21+00:00\" \/>\n<meta property=\"article:modified_time\" content=\"2023-11-27T12:30:22+00:00\" \/>\n<meta property=\"og:image\" content=\"https:\/\/www.gruporecoletas.com\/noticias\/wp-content\/uploads\/2023\/11\/EMPLEALAB-HRZA-1.png\" \/>\n\t<meta property=\"og:image:width\" content=\"1366\" \/>\n\t<meta property=\"og:image:height\" content=\"768\" \/>\n\t<meta property=\"og:image:type\" content=\"image\/png\" \/>\n<meta name=\"author\" content=\"Recoletas Red Hospitalaria\" \/>\n<meta name=\"twitter:card\" content=\"summary_large_image\" \/>\n<meta name=\"twitter:creator\" content=\"@GrupoRecoletas\" \/>\n<meta name=\"twitter:site\" content=\"@GrupoRecoletas\" \/>\n<meta name=\"twitter:label1\" content=\"Escrito por\" \/>\n\t<meta name=\"twitter:data1\" content=\"Recoletas Red Hospitalaria\" \/>\n\t<meta name=\"twitter:label2\" content=\"Tiempo de lectura\" \/>\n\t<meta name=\"twitter:data2\" content=\"1 minuto\" \/>\n<script type=\"application\/ld+json\" class=\"yoast-schema-graph\">{\"@context\":\"https:\\\/\\\/schema.org\",\"@graph\":[{\"@type\":\"Article\",\"@id\":\"https:\\\/\\\/www.gruporecoletas.com\\\/noticias\\\/el-hospital-recoletas-zamora-participa-en-un-proyecto-para-mejorar-la-empleabilidad\\\/#article\",\"isPartOf\":{\"@id\":\"https:\\\/\\\/www.gruporecoletas.com\\\/noticias\\\/el-hospital-recoletas-zamora-participa-en-un-proyecto-para-mejorar-la-empleabilidad\\\/\"},\"author\":{\"name\":\"Recoletas Red Hospitalaria\",\"@id\":\"https:\\\/\\\/www.gruporecoletas.com\\\/noticias\\\/#\\\/schema\\\/person\\\/3c6ac429828d1f5e3d3bd99f4da9b02c\"},\"headline\":\"El Hospital Recoletas Zamora participa en un proyecto para mejorar la empleabilidad\",\"datePublished\":\"2023-11-27T12:30:21+00:00\",\"dateModified\":\"2023-11-27T12:30:22+00:00\",\"mainEntityOfPage\":{\"@id\":\"https:\\\/\\\/www.gruporecoletas.com\\\/noticias\\\/el-hospital-recoletas-zamora-participa-en-un-proyecto-para-mejorar-la-empleabilidad\\\/\"},\"wordCount\":240,\"image\":{\"@id\":\"https:\\\/\\\/www.gruporecoletas.com\\\/noticias\\\/el-hospital-recoletas-zamora-participa-en-un-proyecto-para-mejorar-la-empleabilidad\\\/#primaryimage\"},\"thumbnailUrl\":\"https:\\\/\\\/www.gruporecoletas.com\\\/noticias\\\/wp-content\\\/uploads\\\/2023\\\/11\\\/EMPLEALAB-HRZA-1.png\",\"keywords\":[\"Empleo\",\"Hospital Recoletas Zamora\",\"RSC\"],\"articleSection\":[\"Centros\",\"Grupo Recoletas\",\"HRZA\",\"Zamora\"],\"inLanguage\":\"es\"},{\"@type\":\"WebPage\",\"@id\":\"https:\\\/\\\/www.gruporecoletas.com\\\/noticias\\\/el-hospital-recoletas-zamora-participa-en-un-proyecto-para-mejorar-la-empleabilidad\\\/\",\"url\":\"https:\\\/\\\/www.gruporecoletas.com\\\/noticias\\\/el-hospital-recoletas-zamora-participa-en-un-proyecto-para-mejorar-la-empleabilidad\\\/\",\"name\":\"El Hospital Recoletas Zamora participa en un proyecto para mejorar la empleabilidad - Noticias Grupo Recoletas\",\"isPartOf\":{\"@id\":\"https:\\\/\\\/www.gruporecoletas.com\\\/noticias\\\/#website\"},\"primaryImageOfPage\":{\"@id\":\"https:\\\/\\\/www.gruporecoletas.com\\\/noticias\\\/el-hospital-recoletas-zamora-participa-en-un-proyecto-para-mejorar-la-empleabilidad\\\/#primaryimage\"},\"image\":{\"@id\":\"https:\\\/\\\/www.gruporecoletas.com\\\/noticias\\\/el-hospital-recoletas-zamora-participa-en-un-proyecto-para-mejorar-la-empleabilidad\\\/#primaryimage\"},\"thumbnailUrl\":\"https:\\\/\\\/www.gruporecoletas.com\\\/noticias\\\/wp-content\\\/uploads\\\/2023\\\/11\\\/EMPLEALAB-HRZA-1.png\",\"datePublished\":\"2023-11-27T12:30:21+00:00\",\"dateModified\":\"2023-11-27T12:30:22+00:00\",\"author\":{\"@id\":\"https:\\\/\\\/www.gruporecoletas.com\\\/noticias\\\/#\\\/schema\\\/person\\\/3c6ac429828d1f5e3d3bd99f4da9b02c\"},\"description\":\"El proyecto Emplea-LAB tiene como objetivo principal favorecer la inclusi\u00f3n laboral de personas que se encuentran en situaci\u00f3n de dificultad\",\"breadcrumb\":{\"@id\":\"https:\\\/\\\/www.gruporecoletas.com\\\/noticias\\\/el-hospital-recoletas-zamora-participa-en-un-proyecto-para-mejorar-la-empleabilidad\\\/#breadcrumb\"},\"inLanguage\":\"es\",\"potentialAction\":[{\"@type\":\"ReadAction\",\"target\":[\"https:\\\/\\\/www.gruporecoletas.com\\\/noticias\\\/el-hospital-recoletas-zamora-participa-en-un-proyecto-para-mejorar-la-empleabilidad\\\/\"]}]},{\"@type\":\"ImageObject\",\"inLanguage\":\"es\",\"@id\":\"https:\\\/\\\/www.gruporecoletas.com\\\/noticias\\\/el-hospital-recoletas-zamora-participa-en-un-proyecto-para-mejorar-la-empleabilidad\\\/#primaryimage\",\"url\":\"https:\\\/\\\/www.gruporecoletas.com\\\/noticias\\\/wp-content\\\/uploads\\\/2023\\\/11\\\/EMPLEALAB-HRZA-1.png\",\"contentUrl\":\"https:\\\/\\\/www.gruporecoletas.com\\\/noticias\\\/wp-content\\\/uploads\\\/2023\\\/11\\\/EMPLEALAB-HRZA-1.png\",\"width\":1366,\"height\":768,\"caption\":\"El Hospital Recoletas Zamora participa en un proyecto para mejorar la empleabilidad\"},{\"@type\":\"BreadcrumbList\",\"@id\":\"https:\\\/\\\/www.gruporecoletas.com\\\/noticias\\\/el-hospital-recoletas-zamora-participa-en-un-proyecto-para-mejorar-la-empleabilidad\\\/#breadcrumb\",\"itemListElement\":[{\"@type\":\"ListItem\",\"position\":1,\"name\":\"Portada\",\"item\":\"https:\\\/\\\/www.gruporecoletas.com\\\/noticias\\\/\"},{\"@type\":\"ListItem\",\"position\":2,\"name\":\"El Hospital Recoletas Zamora participa en un proyecto para mejorar la empleabilidad\"}]},{\"@type\":\"WebSite\",\"@id\":\"https:\\\/\\\/www.gruporecoletas.com\\\/noticias\\\/#website\",\"url\":\"https:\\\/\\\/www.gruporecoletas.com\\\/noticias\\\/\",\"name\":\"Noticias Grupo Recoletas\",\"description\":\"Grupo Recoletas\",\"potentialAction\":[{\"@type\":\"SearchAction\",\"target\":{\"@type\":\"EntryPoint\",\"urlTemplate\":\"https:\\\/\\\/www.gruporecoletas.com\\\/noticias\\\/?s={search_term_string}\"},\"query-input\":{\"@type\":\"PropertyValueSpecification\",\"valueRequired\":true,\"valueName\":\"search_term_string\"}}],\"inLanguage\":\"es\"},{\"@type\":\"Person\",\"@id\":\"https:\\\/\\\/www.gruporecoletas.com\\\/noticias\\\/#\\\/schema\\\/person\\\/3c6ac429828d1f5e3d3bd99f4da9b02c\",\"name\":\"Recoletas Red Hospitalaria\",\"url\":\"https:\\\/\\\/www.gruporecoletas.com\\\/noticias\\\/author\\\/comunicacion\\\/\"}]}<\/script>\n<!-- \/ Yoast SEO Premium plugin. -->","yoast_head_json":{"title":"El Hospital Recoletas Zamora participa en un proyecto para mejorar la empleabilidad - Noticias Grupo Recoletas","description":"El proyecto Emplea-LAB tiene como objetivo principal favorecer la inclusi\u00f3n laboral de personas que se encuentran en situaci\u00f3n de dificultad","robots":{"index":"index","follow":"follow","max-snippet":"max-snippet:-1","max-image-preview":"max-image-preview:large","max-video-preview":"max-video-preview:-1"},"canonical":"https:\/\/www.gruporecoletas.com\/noticias\/el-hospital-recoletas-zamora-participa-en-un-proyecto-para-mejorar-la-empleabilidad\/","og_locale":"es_ES","og_type":"article","og_title":"El Hospital Recoletas Zamora participa en un proyecto para mejorar la empleabilidad","og_description":"El proyecto Emplea-LAB tiene como objetivo principal favorecer la inclusi\u00f3n laboral de personas que se encuentran en situaci\u00f3n de dificultad","og_url":"https:\/\/www.gruporecoletas.com\/noticias\/el-hospital-recoletas-zamora-participa-en-un-proyecto-para-mejorar-la-empleabilidad\/","og_site_name":"Noticias Grupo Recoletas","article_publisher":"https:\/\/www.facebook.com\/GrupoRecoletas\/","article_published_time":"2023-11-27T12:30:21+00:00","article_modified_time":"2023-11-27T12:30:22+00:00","og_image":[{"width":1366,"height":768,"url":"https:\/\/www.gruporecoletas.com\/noticias\/wp-content\/uploads\/2023\/11\/EMPLEALAB-HRZA-1.png","type":"image\/png"}],"author":"Recoletas Red Hospitalaria","twitter_card":"summary_large_image","twitter_creator":"@GrupoRecoletas","twitter_site":"@GrupoRecoletas","twitter_misc":{"Escrito por":"Recoletas Red Hospitalaria","Tiempo de lectura":"1 minuto"},"schema":{"@context":"https:\/\/schema.org","@graph":[{"@type":"Article","@id":"https:\/\/www.gruporecoletas.com\/noticias\/el-hospital-recoletas-zamora-participa-en-un-proyecto-para-mejorar-la-empleabilidad\/#article","isPartOf":{"@id":"https:\/\/www.gruporecoletas.com\/noticias\/el-hospital-recoletas-zamora-participa-en-un-proyecto-para-mejorar-la-empleabilidad\/"},"author":{"name":"Recoletas Red Hospitalaria","@id":"https:\/\/www.gruporecoletas.com\/noticias\/#\/schema\/person\/3c6ac429828d1f5e3d3bd99f4da9b02c"},"headline":"El Hospital Recoletas Zamora participa en un proyecto para mejorar la empleabilidad","datePublished":"2023-11-27T12:30:21+00:00","dateModified":"2023-11-27T12:30:22+00:00","mainEntityOfPage":{"@id":"https:\/\/www.gruporecoletas.com\/noticias\/el-hospital-recoletas-zamora-participa-en-un-proyecto-para-mejorar-la-empleabilidad\/"},"wordCount":240,"image":{"@id":"https:\/\/www.gruporecoletas.com\/noticias\/el-hospital-recoletas-zamora-participa-en-un-proyecto-para-mejorar-la-empleabilidad\/#primaryimage"},"thumbnailUrl":"https:\/\/www.gruporecoletas.com\/noticias\/wp-content\/uploads\/2023\/11\/EMPLEALAB-HRZA-1.png","keywords":["Empleo","Hospital Recoletas Zamora","RSC"],"articleSection":["Centros","Grupo Recoletas","HRZA","Zamora"],"inLanguage":"es"},{"@type":"WebPage","@id":"https:\/\/www.gruporecoletas.com\/noticias\/el-hospital-recoletas-zamora-participa-en-un-proyecto-para-mejorar-la-empleabilidad\/","url":"https:\/\/www.gruporecoletas.com\/noticias\/el-hospital-recoletas-zamora-participa-en-un-proyecto-para-mejorar-la-empleabilidad\/","name":"El Hospital Recoletas Zamora participa en un proyecto para mejorar la empleabilidad - Noticias Grupo Recoletas","isPartOf":{"@id":"https:\/\/www.gruporecoletas.com\/noticias\/#website"},"primaryImageOfPage":{"@id":"https:\/\/www.gruporecoletas.com\/noticias\/el-hospital-recoletas-zamora-participa-en-un-proyecto-para-mejorar-la-empleabilidad\/#primaryimage"},"image":{"@id":"https:\/\/www.gruporecoletas.com\/noticias\/el-hospital-recoletas-zamora-participa-en-un-proyecto-para-mejorar-la-empleabilidad\/#primaryimage"},"thumbnailUrl":"https:\/\/www.gruporecoletas.com\/noticias\/wp-content\/uploads\/2023\/11\/EMPLEALAB-HRZA-1.png","datePublished":"2023-11-27T12:30:21+00:00","dateModified":"2023-11-27T12:30:22+00:00","author":{"@id":"https:\/\/www.gruporecoletas.com\/noticias\/#\/schema\/person\/3c6ac429828d1f5e3d3bd99f4da9b02c"},"description":"El proyecto Emplea-LAB tiene como objetivo principal favorecer la inclusi\u00f3n laboral de personas que se encuentran en situaci\u00f3n de dificultad","breadcrumb":{"@id":"https:\/\/www.gruporecoletas.com\/noticias\/el-hospital-recoletas-zamora-participa-en-un-proyecto-para-mejorar-la-empleabilidad\/#breadcrumb"},"inLanguage":"es","potentialAction":[{"@type":"ReadAction","target":["https:\/\/www.gruporecoletas.com\/noticias\/el-hospital-recoletas-zamora-participa-en-un-proyecto-para-mejorar-la-empleabilidad\/"]}]},{"@type":"ImageObject","inLanguage":"es","@id":"https:\/\/www.gruporecoletas.com\/noticias\/el-hospital-recoletas-zamora-participa-en-un-proyecto-para-mejorar-la-empleabilidad\/#primaryimage","url":"https:\/\/www.gruporecoletas.com\/noticias\/wp-content\/uploads\/2023\/11\/EMPLEALAB-HRZA-1.png","contentUrl":"https:\/\/www.gruporecoletas.com\/noticias\/wp-content\/uploads\/2023\/11\/EMPLEALAB-HRZA-1.png","width":1366,"height":768,"caption":"El Hospital Recoletas Zamora participa en un proyecto para mejorar la empleabilidad"},{"@type":"BreadcrumbList","@id":"https:\/\/www.gruporecoletas.com\/noticias\/el-hospital-recoletas-zamora-participa-en-un-proyecto-para-mejorar-la-empleabilidad\/#breadcrumb","itemListElement":[{"@type":"ListItem","position":1,"name":"Portada","item":"https:\/\/www.gruporecoletas.com\/noticias\/"},{"@type":"ListItem","position":2,"name":"El Hospital Recoletas Zamora participa en un proyecto para mejorar la empleabilidad"}]},{"@type":"WebSite","@id":"https:\/\/www.gruporecoletas.com\/noticias\/#website","url":"https:\/\/www.gruporecoletas.com\/noticias\/","name":"Noticias Grupo Recoletas","description":"Grupo Recoletas","potentialAction":[{"@type":"SearchAction","target":{"@type":"EntryPoint","urlTemplate":"https:\/\/www.gruporecoletas.com\/noticias\/?s={search_term_string}"},"query-input":{"@type":"PropertyValueSpecification","valueRequired":true,"valueName":"search_term_string"}}],"inLanguage":"es"},{"@type":"Person","@id":"https:\/\/www.gruporecoletas.com\/noticias\/#\/schema\/person\/3c6ac429828d1f5e3d3bd99f4da9b02c","name":"Recoletas Red Hospitalaria","url":"https:\/\/www.gruporecoletas.com\/noticias\/author\/comunicacion\/"}]}},"_links":{"self":[{"href":"https:\/\/www.gruporecoletas.com\/noticias\/wp-json\/wp\/v2\/posts\/16276","targetHints":{"allow":["GET"]}}],"collection":[{"href":"https:\/\/www.gruporecoletas.com\/noticias\/wp-json\/wp\/v2\/posts"}],"about":[{"href":"https:\/\/www.gruporecoletas.com\/noticias\/wp-json\/wp\/v2\/types\/post"}],"author":[{"embeddable":true,"href":"https:\/\/www.gruporecoletas.com\/noticias\/wp-json\/wp\/v2\/users\/2"}],"replies":[{"embeddable":true,"href":"https:\/\/www.gruporecoletas.com\/noticias\/wp-json\/wp\/v2\/comments?post=16276"}],"version-history":[{"count":1,"href":"https:\/\/www.gruporecoletas.com\/noticias\/wp-json\/wp\/v2\/posts\/16276\/revisions"}],"predecessor-version":[{"id":16277,"href":"https:\/\/www.gruporecoletas.com\/noticias\/wp-json\/wp\/v2\/posts\/16276\/revisions\/16277"}],"wp:featuredmedia":[{"embeddable":true,"href":"https:\/\/www.gruporecoletas.com\/noticias\/wp-json\/wp\/v2\/media\/16281"}],"wp:attachment":[{"href":"https:\/\/www.gruporecoletas.com\/noticias\/wp-json\/wp\/v2\/media?parent=16276"}],"wp:term":[{"taxonomy":"category","embeddable":true,"href":"https:\/\/www.gruporecoletas.com\/noticias\/wp-json\/wp\/v2\/categories?post=16276"},{"taxonomy":"post_tag","embeddable":true,"href":"https:\/\/www.gruporecoletas.com\/noticias\/wp-json\/wp\/v2\/tags?post=16276"}],"curies":[{"name":"wp","href":"https:\/\/api.w.org\/{rel}","templated":true}]}}