{"id":16305,"date":"2023-12-18T20:00:00","date_gmt":"2023-12-18T19:00:00","guid":{"rendered":"https:\/\/www.gruporecoletas.com\/noticias\/?p=16305"},"modified":"2023-12-18T17:04:24","modified_gmt":"2023-12-18T16:04:24","slug":"el-hospital-recoletas-palencia-colabora-en-el-campus-de-navidad-para-ninos-del-zunder","status":"publish","type":"post","link":"https:\/\/www.gruporecoletas.com\/noticias\/el-hospital-recoletas-palencia-colabora-en-el-campus-de-navidad-para-ninos-del-zunder\/","title":{"rendered":"El Hospital Recoletas Palencia colabora en el Campus de Navidad para ni\u00f1os del Zunder"},"content":{"rendered":"\n<p>La gerente del Hospital Recoletas Palencia, Bel\u00e9n Negro, junto al presidente de la cantera del Zunder Palencia, Gonzalo Iba\u00f1ez y el coordinador, Claudio Merino, ha asistido a la presentaci\u00f3n del IV Campus de Navidad para ni\u00f1os que se desarrollar\u00e1 desde el 26 de diciembre al 5 de enero en el Pabell\u00f3n del Colegio Maristas de la capital palentina.<\/p>\n\n\n\n<p>Recoletas Palencia colabora con esta iniciativa, en la que pueden participar los menores nacidos entre 2010 y 2020, para que \u201cdisfruten del deporte y de las mejoras que aporta para la autonom\u00eda, la memoria o la sensaci\u00f3n de bienestar. Motivos m\u00e1s que suficientes para promover los beneficios que la actividad f\u00edsica ofrecen a nuestra salud\u201d, ha se\u00f1alado Bel\u00e9n Negro.<\/p>\n\n\n\n<p>Esta actividad se enmarca dentro de las acciones de Responsabilidad Social Corporativa de Recoletas en su compromiso con la promoci\u00f3n de contenidos relacionados con la prevenci\u00f3n, divulgaci\u00f3n y h\u00e1bitos saludables, cumpliendo as\u00ed con el Objetivo 3 de la Agenda 2030: Garantizar una vida sana y promover el bienestar en todas las edades es esencial para el desarrollo sostenible.<\/p>\n","protected":false},"excerpt":{"rendered":"<p>La gerente del Hospital Recoletas Palencia, Bel\u00e9n Negro, junto al presidente de la cantera del Zunder Palencia, Gonzalo Iba\u00f1ez y el coordinador, Claudio Merino, ha asistido a la presentaci\u00f3n del IV Campus de Navidad para ni\u00f1os que se desarrollar\u00e1 desde el 26 de diciembre al 5 de enero en el Pabell\u00f3n del Colegio Maristas de [&hellip;]<\/p>\n","protected":false},"author":2,"featured_media":16306,"comment_status":"closed","ping_status":"closed","sticky":false,"template":"","format":"standard","meta":{"_acf_changed":false,"footnotes":""},"categories":[43,1,11],"tags":[1442,3226,3378,1440,3361],"class_list":["post-16305","post","type-post","status-publish","format-standard","has-post-thumbnail","hentry","category-centros","category-grupo-recoletas","category-palencia","tag-deporte","tag-hospital-recoletas-palencia","tag-palencia","tag-patrocinios","tag-rsc"],"acf":[],"yoast_head":"<!-- This site is optimized with the Yoast SEO Premium plugin v27.3 (Yoast SEO v27.3) - https:\/\/yoast.com\/product\/yoast-seo-premium-wordpress\/ -->\n<title>El Hospital Recoletas Palencia colabora en el Campus de Navidad para ni\u00f1os del Zunder - Noticias Grupo Recoletas<\/title>\n<meta name=\"description\" content=\"El encuentro navide\u00f1o para ni\u00f1os se desarrollar\u00e1 desde el 26 de diciembre hasta el 5 de enero en el Pabell\u00f3n del Colegio Maristas\" \/>\n<meta name=\"robots\" content=\"index, follow, max-snippet:-1, max-image-preview:large, max-video-preview:-1\" \/>\n<link rel=\"canonical\" href=\"https:\/\/www.gruporecoletas.com\/noticias\/el-hospital-recoletas-palencia-colabora-en-el-campus-de-navidad-para-ninos-del-zunder\/\" \/>\n<meta property=\"og:locale\" content=\"es_ES\" \/>\n<meta property=\"og:type\" content=\"article\" \/>\n<meta property=\"og:title\" content=\"El Hospital Recoletas Palencia colabora en el Campus de Navidad para ni\u00f1os del Zunder\" \/>\n<meta property=\"og:description\" content=\"El encuentro navide\u00f1o para ni\u00f1os se desarrollar\u00e1 desde el 26 de diciembre hasta el 5 de enero en el Pabell\u00f3n del Colegio Maristas\" \/>\n<meta property=\"og:url\" content=\"https:\/\/www.gruporecoletas.com\/noticias\/el-hospital-recoletas-palencia-colabora-en-el-campus-de-navidad-para-ninos-del-zunder\/\" \/>\n<meta property=\"og:site_name\" content=\"Noticias Grupo Recoletas\" \/>\n<meta property=\"article:publisher\" content=\"https:\/\/www.facebook.com\/GrupoRecoletas\/\" \/>\n<meta property=\"article:published_time\" content=\"2023-12-18T19:00:00+00:00\" \/>\n<meta property=\"og:image\" content=\"https:\/\/www.gruporecoletas.com\/noticias\/wp-content\/uploads\/2023\/12\/CAMPUS-ZUNDER-PALENCIA-RECOLETAS.png\" \/>\n\t<meta property=\"og:image:width\" content=\"1366\" \/>\n\t<meta property=\"og:image:height\" content=\"768\" \/>\n\t<meta property=\"og:image:type\" content=\"image\/png\" \/>\n<meta name=\"author\" content=\"Recoletas Red Hospitalaria\" \/>\n<meta name=\"twitter:card\" content=\"summary_large_image\" \/>\n<meta name=\"twitter:creator\" content=\"@GrupoRecoletas\" \/>\n<meta name=\"twitter:site\" content=\"@GrupoRecoletas\" \/>\n<meta name=\"twitter:label1\" content=\"Escrito por\" \/>\n\t<meta name=\"twitter:data1\" content=\"Recoletas Red Hospitalaria\" \/>\n\t<meta name=\"twitter:label2\" content=\"Tiempo de lectura\" \/>\n\t<meta name=\"twitter:data2\" content=\"1 minuto\" \/>\n<script type=\"application\/ld+json\" class=\"yoast-schema-graph\">{\"@context\":\"https:\\\/\\\/schema.org\",\"@graph\":[{\"@type\":\"Article\",\"@id\":\"https:\\\/\\\/www.gruporecoletas.com\\\/noticias\\\/el-hospital-recoletas-palencia-colabora-en-el-campus-de-navidad-para-ninos-del-zunder\\\/#article\",\"isPartOf\":{\"@id\":\"https:\\\/\\\/www.gruporecoletas.com\\\/noticias\\\/el-hospital-recoletas-palencia-colabora-en-el-campus-de-navidad-para-ninos-del-zunder\\\/\"},\"author\":{\"name\":\"Recoletas Red Hospitalaria\",\"@id\":\"https:\\\/\\\/www.gruporecoletas.com\\\/noticias\\\/#\\\/schema\\\/person\\\/3c6ac429828d1f5e3d3bd99f4da9b02c\"},\"headline\":\"El Hospital Recoletas Palencia colabora en el Campus de Navidad para ni\u00f1os del Zunder\",\"datePublished\":\"2023-12-18T19:00:00+00:00\",\"mainEntityOfPage\":{\"@id\":\"https:\\\/\\\/www.gruporecoletas.com\\\/noticias\\\/el-hospital-recoletas-palencia-colabora-en-el-campus-de-navidad-para-ninos-del-zunder\\\/\"},\"wordCount\":199,\"image\":{\"@id\":\"https:\\\/\\\/www.gruporecoletas.com\\\/noticias\\\/el-hospital-recoletas-palencia-colabora-en-el-campus-de-navidad-para-ninos-del-zunder\\\/#primaryimage\"},\"thumbnailUrl\":\"https:\\\/\\\/www.gruporecoletas.com\\\/noticias\\\/wp-content\\\/uploads\\\/2023\\\/12\\\/CAMPUS-ZUNDER-PALENCIA-RECOLETAS.png\",\"keywords\":[\"Deporte\",\"Hospital Recoletas Palencia\",\"Palencia\",\"Patrocinios\",\"RSC\"],\"articleSection\":[\"Centros\",\"Grupo Recoletas\",\"Palencia\"],\"inLanguage\":\"es\"},{\"@type\":\"WebPage\",\"@id\":\"https:\\\/\\\/www.gruporecoletas.com\\\/noticias\\\/el-hospital-recoletas-palencia-colabora-en-el-campus-de-navidad-para-ninos-del-zunder\\\/\",\"url\":\"https:\\\/\\\/www.gruporecoletas.com\\\/noticias\\\/el-hospital-recoletas-palencia-colabora-en-el-campus-de-navidad-para-ninos-del-zunder\\\/\",\"name\":\"El Hospital Recoletas Palencia colabora en el Campus de Navidad para ni\u00f1os del Zunder - Noticias Grupo Recoletas\",\"isPartOf\":{\"@id\":\"https:\\\/\\\/www.gruporecoletas.com\\\/noticias\\\/#website\"},\"primaryImageOfPage\":{\"@id\":\"https:\\\/\\\/www.gruporecoletas.com\\\/noticias\\\/el-hospital-recoletas-palencia-colabora-en-el-campus-de-navidad-para-ninos-del-zunder\\\/#primaryimage\"},\"image\":{\"@id\":\"https:\\\/\\\/www.gruporecoletas.com\\\/noticias\\\/el-hospital-recoletas-palencia-colabora-en-el-campus-de-navidad-para-ninos-del-zunder\\\/#primaryimage\"},\"thumbnailUrl\":\"https:\\\/\\\/www.gruporecoletas.com\\\/noticias\\\/wp-content\\\/uploads\\\/2023\\\/12\\\/CAMPUS-ZUNDER-PALENCIA-RECOLETAS.png\",\"datePublished\":\"2023-12-18T19:00:00+00:00\",\"author\":{\"@id\":\"https:\\\/\\\/www.gruporecoletas.com\\\/noticias\\\/#\\\/schema\\\/person\\\/3c6ac429828d1f5e3d3bd99f4da9b02c\"},\"description\":\"El encuentro navide\u00f1o para ni\u00f1os se desarrollar\u00e1 desde el 26 de diciembre hasta el 5 de enero en el Pabell\u00f3n del Colegio Maristas\",\"breadcrumb\":{\"@id\":\"https:\\\/\\\/www.gruporecoletas.com\\\/noticias\\\/el-hospital-recoletas-palencia-colabora-en-el-campus-de-navidad-para-ninos-del-zunder\\\/#breadcrumb\"},\"inLanguage\":\"es\",\"potentialAction\":[{\"@type\":\"ReadAction\",\"target\":[\"https:\\\/\\\/www.gruporecoletas.com\\\/noticias\\\/el-hospital-recoletas-palencia-colabora-en-el-campus-de-navidad-para-ninos-del-zunder\\\/\"]}]},{\"@type\":\"ImageObject\",\"inLanguage\":\"es\",\"@id\":\"https:\\\/\\\/www.gruporecoletas.com\\\/noticias\\\/el-hospital-recoletas-palencia-colabora-en-el-campus-de-navidad-para-ninos-del-zunder\\\/#primaryimage\",\"url\":\"https:\\\/\\\/www.gruporecoletas.com\\\/noticias\\\/wp-content\\\/uploads\\\/2023\\\/12\\\/CAMPUS-ZUNDER-PALENCIA-RECOLETAS.png\",\"contentUrl\":\"https:\\\/\\\/www.gruporecoletas.com\\\/noticias\\\/wp-content\\\/uploads\\\/2023\\\/12\\\/CAMPUS-ZUNDER-PALENCIA-RECOLETAS.png\",\"width\":1366,\"height\":768,\"caption\":\"El Hospital Recoletas Palencia colabora en el Campus de Navidad para ni\u00f1os del Zunder\"},{\"@type\":\"BreadcrumbList\",\"@id\":\"https:\\\/\\\/www.gruporecoletas.com\\\/noticias\\\/el-hospital-recoletas-palencia-colabora-en-el-campus-de-navidad-para-ninos-del-zunder\\\/#breadcrumb\",\"itemListElement\":[{\"@type\":\"ListItem\",\"position\":1,\"name\":\"Portada\",\"item\":\"https:\\\/\\\/www.gruporecoletas.com\\\/noticias\\\/\"},{\"@type\":\"ListItem\",\"position\":2,\"name\":\"El Hospital Recoletas Palencia colabora en el Campus de Navidad para ni\u00f1os del Zunder\"}]},{\"@type\":\"WebSite\",\"@id\":\"https:\\\/\\\/www.gruporecoletas.com\\\/noticias\\\/#website\",\"url\":\"https:\\\/\\\/www.gruporecoletas.com\\\/noticias\\\/\",\"name\":\"Noticias Grupo Recoletas\",\"description\":\"Grupo Recoletas\",\"potentialAction\":[{\"@type\":\"SearchAction\",\"target\":{\"@type\":\"EntryPoint\",\"urlTemplate\":\"https:\\\/\\\/www.gruporecoletas.com\\\/noticias\\\/?s={search_term_string}\"},\"query-input\":{\"@type\":\"PropertyValueSpecification\",\"valueRequired\":true,\"valueName\":\"search_term_string\"}}],\"inLanguage\":\"es\"},{\"@type\":\"Person\",\"@id\":\"https:\\\/\\\/www.gruporecoletas.com\\\/noticias\\\/#\\\/schema\\\/person\\\/3c6ac429828d1f5e3d3bd99f4da9b02c\",\"name\":\"Recoletas Red Hospitalaria\",\"url\":\"https:\\\/\\\/www.gruporecoletas.com\\\/noticias\\\/author\\\/comunicacion\\\/\"}]}<\/script>\n<!-- \/ Yoast SEO Premium plugin. -->","yoast_head_json":{"title":"El Hospital Recoletas Palencia colabora en el Campus de Navidad para ni\u00f1os del Zunder - Noticias Grupo Recoletas","description":"El encuentro navide\u00f1o para ni\u00f1os se desarrollar\u00e1 desde el 26 de diciembre hasta el 5 de enero en el Pabell\u00f3n del Colegio Maristas","robots":{"index":"index","follow":"follow","max-snippet":"max-snippet:-1","max-image-preview":"max-image-preview:large","max-video-preview":"max-video-preview:-1"},"canonical":"https:\/\/www.gruporecoletas.com\/noticias\/el-hospital-recoletas-palencia-colabora-en-el-campus-de-navidad-para-ninos-del-zunder\/","og_locale":"es_ES","og_type":"article","og_title":"El Hospital Recoletas Palencia colabora en el Campus de Navidad para ni\u00f1os del Zunder","og_description":"El encuentro navide\u00f1o para ni\u00f1os se desarrollar\u00e1 desde el 26 de diciembre hasta el 5 de enero en el Pabell\u00f3n del Colegio Maristas","og_url":"https:\/\/www.gruporecoletas.com\/noticias\/el-hospital-recoletas-palencia-colabora-en-el-campus-de-navidad-para-ninos-del-zunder\/","og_site_name":"Noticias Grupo Recoletas","article_publisher":"https:\/\/www.facebook.com\/GrupoRecoletas\/","article_published_time":"2023-12-18T19:00:00+00:00","og_image":[{"width":1366,"height":768,"url":"https:\/\/www.gruporecoletas.com\/noticias\/wp-content\/uploads\/2023\/12\/CAMPUS-ZUNDER-PALENCIA-RECOLETAS.png","type":"image\/png"}],"author":"Recoletas Red Hospitalaria","twitter_card":"summary_large_image","twitter_creator":"@GrupoRecoletas","twitter_site":"@GrupoRecoletas","twitter_misc":{"Escrito por":"Recoletas Red Hospitalaria","Tiempo de lectura":"1 minuto"},"schema":{"@context":"https:\/\/schema.org","@graph":[{"@type":"Article","@id":"https:\/\/www.gruporecoletas.com\/noticias\/el-hospital-recoletas-palencia-colabora-en-el-campus-de-navidad-para-ninos-del-zunder\/#article","isPartOf":{"@id":"https:\/\/www.gruporecoletas.com\/noticias\/el-hospital-recoletas-palencia-colabora-en-el-campus-de-navidad-para-ninos-del-zunder\/"},"author":{"name":"Recoletas Red Hospitalaria","@id":"https:\/\/www.gruporecoletas.com\/noticias\/#\/schema\/person\/3c6ac429828d1f5e3d3bd99f4da9b02c"},"headline":"El Hospital Recoletas Palencia colabora en el Campus de Navidad para ni\u00f1os del Zunder","datePublished":"2023-12-18T19:00:00+00:00","mainEntityOfPage":{"@id":"https:\/\/www.gruporecoletas.com\/noticias\/el-hospital-recoletas-palencia-colabora-en-el-campus-de-navidad-para-ninos-del-zunder\/"},"wordCount":199,"image":{"@id":"https:\/\/www.gruporecoletas.com\/noticias\/el-hospital-recoletas-palencia-colabora-en-el-campus-de-navidad-para-ninos-del-zunder\/#primaryimage"},"thumbnailUrl":"https:\/\/www.gruporecoletas.com\/noticias\/wp-content\/uploads\/2023\/12\/CAMPUS-ZUNDER-PALENCIA-RECOLETAS.png","keywords":["Deporte","Hospital Recoletas Palencia","Palencia","Patrocinios","RSC"],"articleSection":["Centros","Grupo Recoletas","Palencia"],"inLanguage":"es"},{"@type":"WebPage","@id":"https:\/\/www.gruporecoletas.com\/noticias\/el-hospital-recoletas-palencia-colabora-en-el-campus-de-navidad-para-ninos-del-zunder\/","url":"https:\/\/www.gruporecoletas.com\/noticias\/el-hospital-recoletas-palencia-colabora-en-el-campus-de-navidad-para-ninos-del-zunder\/","name":"El Hospital Recoletas Palencia colabora en el Campus de Navidad para ni\u00f1os del Zunder - Noticias Grupo Recoletas","isPartOf":{"@id":"https:\/\/www.gruporecoletas.com\/noticias\/#website"},"primaryImageOfPage":{"@id":"https:\/\/www.gruporecoletas.com\/noticias\/el-hospital-recoletas-palencia-colabora-en-el-campus-de-navidad-para-ninos-del-zunder\/#primaryimage"},"image":{"@id":"https:\/\/www.gruporecoletas.com\/noticias\/el-hospital-recoletas-palencia-colabora-en-el-campus-de-navidad-para-ninos-del-zunder\/#primaryimage"},"thumbnailUrl":"https:\/\/www.gruporecoletas.com\/noticias\/wp-content\/uploads\/2023\/12\/CAMPUS-ZUNDER-PALENCIA-RECOLETAS.png","datePublished":"2023-12-18T19:00:00+00:00","author":{"@id":"https:\/\/www.gruporecoletas.com\/noticias\/#\/schema\/person\/3c6ac429828d1f5e3d3bd99f4da9b02c"},"description":"El encuentro navide\u00f1o para ni\u00f1os se desarrollar\u00e1 desde el 26 de diciembre hasta el 5 de enero en el Pabell\u00f3n del Colegio Maristas","breadcrumb":{"@id":"https:\/\/www.gruporecoletas.com\/noticias\/el-hospital-recoletas-palencia-colabora-en-el-campus-de-navidad-para-ninos-del-zunder\/#breadcrumb"},"inLanguage":"es","potentialAction":[{"@type":"ReadAction","target":["https:\/\/www.gruporecoletas.com\/noticias\/el-hospital-recoletas-palencia-colabora-en-el-campus-de-navidad-para-ninos-del-zunder\/"]}]},{"@type":"ImageObject","inLanguage":"es","@id":"https:\/\/www.gruporecoletas.com\/noticias\/el-hospital-recoletas-palencia-colabora-en-el-campus-de-navidad-para-ninos-del-zunder\/#primaryimage","url":"https:\/\/www.gruporecoletas.com\/noticias\/wp-content\/uploads\/2023\/12\/CAMPUS-ZUNDER-PALENCIA-RECOLETAS.png","contentUrl":"https:\/\/www.gruporecoletas.com\/noticias\/wp-content\/uploads\/2023\/12\/CAMPUS-ZUNDER-PALENCIA-RECOLETAS.png","width":1366,"height":768,"caption":"El Hospital Recoletas Palencia colabora en el Campus de Navidad para ni\u00f1os del Zunder"},{"@type":"BreadcrumbList","@id":"https:\/\/www.gruporecoletas.com\/noticias\/el-hospital-recoletas-palencia-colabora-en-el-campus-de-navidad-para-ninos-del-zunder\/#breadcrumb","itemListElement":[{"@type":"ListItem","position":1,"name":"Portada","item":"https:\/\/www.gruporecoletas.com\/noticias\/"},{"@type":"ListItem","position":2,"name":"El Hospital Recoletas Palencia colabora en el Campus de Navidad para ni\u00f1os del Zunder"}]},{"@type":"WebSite","@id":"https:\/\/www.gruporecoletas.com\/noticias\/#website","url":"https:\/\/www.gruporecoletas.com\/noticias\/","name":"Noticias Grupo Recoletas","description":"Grupo Recoletas","potentialAction":[{"@type":"SearchAction","target":{"@type":"EntryPoint","urlTemplate":"https:\/\/www.gruporecoletas.com\/noticias\/?s={search_term_string}"},"query-input":{"@type":"PropertyValueSpecification","valueRequired":true,"valueName":"search_term_string"}}],"inLanguage":"es"},{"@type":"Person","@id":"https:\/\/www.gruporecoletas.com\/noticias\/#\/schema\/person\/3c6ac429828d1f5e3d3bd99f4da9b02c","name":"Recoletas Red Hospitalaria","url":"https:\/\/www.gruporecoletas.com\/noticias\/author\/comunicacion\/"}]}},"_links":{"self":[{"href":"https:\/\/www.gruporecoletas.com\/noticias\/wp-json\/wp\/v2\/posts\/16305","targetHints":{"allow":["GET"]}}],"collection":[{"href":"https:\/\/www.gruporecoletas.com\/noticias\/wp-json\/wp\/v2\/posts"}],"about":[{"href":"https:\/\/www.gruporecoletas.com\/noticias\/wp-json\/wp\/v2\/types\/post"}],"author":[{"embeddable":true,"href":"https:\/\/www.gruporecoletas.com\/noticias\/wp-json\/wp\/v2\/users\/2"}],"replies":[{"embeddable":true,"href":"https:\/\/www.gruporecoletas.com\/noticias\/wp-json\/wp\/v2\/comments?post=16305"}],"version-history":[{"count":1,"href":"https:\/\/www.gruporecoletas.com\/noticias\/wp-json\/wp\/v2\/posts\/16305\/revisions"}],"predecessor-version":[{"id":16307,"href":"https:\/\/www.gruporecoletas.com\/noticias\/wp-json\/wp\/v2\/posts\/16305\/revisions\/16307"}],"wp:featuredmedia":[{"embeddable":true,"href":"https:\/\/www.gruporecoletas.com\/noticias\/wp-json\/wp\/v2\/media\/16306"}],"wp:attachment":[{"href":"https:\/\/www.gruporecoletas.com\/noticias\/wp-json\/wp\/v2\/media?parent=16305"}],"wp:term":[{"taxonomy":"category","embeddable":true,"href":"https:\/\/www.gruporecoletas.com\/noticias\/wp-json\/wp\/v2\/categories?post=16305"},{"taxonomy":"post_tag","embeddable":true,"href":"https:\/\/www.gruporecoletas.com\/noticias\/wp-json\/wp\/v2\/tags?post=16305"}],"curies":[{"name":"wp","href":"https:\/\/api.w.org\/{rel}","templated":true}]}}