{"id":16328,"date":"2024-02-02T14:30:35","date_gmt":"2024-02-02T13:30:35","guid":{"rendered":"https:\/\/www.gruporecoletas.com\/noticias\/?p=16328"},"modified":"2024-02-02T14:30:36","modified_gmt":"2024-02-02T13:30:36","slug":"el-hospital-recoletas-segovia-y-la-asociacion-espanola-contra-el-cancer-firman-un-convenio-de-colaboracion","status":"publish","type":"post","link":"https:\/\/www.gruporecoletas.com\/noticias\/el-hospital-recoletas-segovia-y-la-asociacion-espanola-contra-el-cancer-firman-un-convenio-de-colaboracion\/","title":{"rendered":"El Hospital Recoletas Segovia y la Asociaci\u00f3n Espa\u00f1ola contra el C\u00e1ncer firman un convenio de colaboraci\u00f3n"},"content":{"rendered":"\n<p>El pr\u00f3ximo domingo, 4 de febrero, se celebra el D\u00eda Mundial Contra el C\u00e1ncer y por tal motivo, el gerente del Hospital Recoletas Salud Segovia, Ignacio Cabez\u00f3n y el presidente de la Junta Provincial de Segovia de la Asociaci\u00f3n Espa\u00f1ola Contra el C\u00e1ncer, Juan Vicente Cuesta, han querido aprovechar la citada celebraci\u00f3n para firmar un convenio marco que regule a partir de ahora, la colaboraci\u00f3n entre ambas entidades con el \u00fanico prop\u00f3sito de \u00a0beneficiar a los pacientes oncol\u00f3gicos de Segovia y a sus familias.<\/p>\n\n\n\n<p>El convenio principalmente establece colaborar en los \u00e1mbitos de la prevenci\u00f3n mediante acciones de informaci\u00f3n y sensibilizaci\u00f3n, as\u00ed como en el desarrollo de un programa de humanizaci\u00f3n de la asistencia oncol\u00f3gica mediante el desarrollo de acciones de prestaci\u00f3n de servicios, acciones de voluntariado y generaci\u00f3n de conocimiento.<\/p>\n\n\n\n<p>En concreto, desde la Asociaci\u00f3n se ofrecer\u00e1 atenci\u00f3n psicol\u00f3gica y social a pacientes y familiares atendidos en el hospital Recoletas de Segovia y se realizar\u00e1n labores de acompa\u00f1amiento durante el diagn\u00f3stico y tratamiento oncol\u00f3gico a los pacientes y familiares que as\u00ed lo deseen.<\/p>\n\n\n\n<p>Por parte del hospital, se ofrecer\u00e1 atenci\u00f3n sanitaria relativa a nutrici\u00f3n y ejercicio f\u00edsico oncol\u00f3gico a los pacientes que sean derivados por la Asociaci\u00f3n, a cuya disposici\u00f3n se pondr\u00e1 adem\u00e1s los espacios de Recoletas que se necesiten para el desarrollo de actividades.<\/p>\n\n\n\n<p>El gerente Ignacio Cabez\u00f3n destac\u00f3 la importancia de este convenio que pone en evidencia el compromiso de Recoletas y en concreto del hospital Recoletas de Segovia por mejorar la atenci\u00f3n a los pacientes oncol\u00f3gicos de la ciudad y sus familias.<\/p>\n\n\n\n<p>\u201cLa Unidad de Radioterapia y la mejora del Hospital de D\u00eda son dos ejemplos recientes de nuestra voluntad porque los pacientes oncol\u00f3gicos de Segovia se sientan cada d\u00eda mejor atendidos y perfectamente cuidados en todo momento\u201d<\/p>\n\n\n\n<p>El gerente concluy\u00f3 destacando el inter\u00e9s del Hospital Recoletas Segovia por seguir colaborando con la Asociaci\u00f3n en cuantas actuaciones sean buenas para los pacientes y sus familiares.<\/p>\n","protected":false},"excerpt":{"rendered":"<p>El pr\u00f3ximo domingo, 4 de febrero, se celebra el D\u00eda Mundial Contra el C\u00e1ncer y por tal motivo, el gerente del Hospital Recoletas Salud Segovia, Ignacio Cabez\u00f3n y el presidente de la Junta Provincial de Segovia de la Asociaci\u00f3n Espa\u00f1ola Contra el C\u00e1ncer, Juan Vicente Cuesta, han querido aprovechar la citada celebraci\u00f3n para firmar un [&hellip;]<\/p>\n","protected":false},"author":2,"featured_media":16329,"comment_status":"closed","ping_status":"closed","sticky":false,"template":"","format":"standard","meta":{"_acf_changed":false,"footnotes":""},"categories":[43,1,23,5],"tags":[3161,3402,25],"class_list":["post-16328","post","type-post","status-publish","format-standard","has-post-thumbnail","hentry","category-centros","category-grupo-recoletas","category-hrsg","category-segovia","tag-aecc","tag-convenio","tag-segovia"],"acf":[],"yoast_head":"<!-- This site is optimized with the Yoast SEO Premium plugin v27.3 (Yoast SEO v27.3) - https:\/\/yoast.com\/product\/yoast-seo-premium-wordpress\/ -->\n<title>El Hospital Recoletas Segovia y la Asociaci\u00f3n Espa\u00f1ola contra el C\u00e1ncer firman un convenio de colaboraci\u00f3n - Noticias Grupo Recoletas<\/title>\n<meta name=\"description\" content=\"Ambas entidades han cerrado este acuerdo con el \u00fanico prop\u00f3sito de \u00a0beneficiar a los pacientes oncol\u00f3gicos de Segovia y a sus familias.\" \/>\n<meta name=\"robots\" content=\"index, follow, max-snippet:-1, max-image-preview:large, max-video-preview:-1\" \/>\n<link rel=\"canonical\" href=\"https:\/\/www.gruporecoletas.com\/noticias\/el-hospital-recoletas-segovia-y-la-asociacion-espanola-contra-el-cancer-firman-un-convenio-de-colaboracion\/\" \/>\n<meta property=\"og:locale\" content=\"es_ES\" \/>\n<meta property=\"og:type\" content=\"article\" \/>\n<meta property=\"og:title\" content=\"El Hospital Recoletas Segovia y la Asociaci\u00f3n Espa\u00f1ola contra el C\u00e1ncer firman un convenio de colaboraci\u00f3n\" \/>\n<meta property=\"og:description\" content=\"Ambas entidades han cerrado este acuerdo con el \u00fanico prop\u00f3sito de \u00a0beneficiar a los pacientes oncol\u00f3gicos de Segovia y a sus familias.\" \/>\n<meta property=\"og:url\" content=\"https:\/\/www.gruporecoletas.com\/noticias\/el-hospital-recoletas-segovia-y-la-asociacion-espanola-contra-el-cancer-firman-un-convenio-de-colaboracion\/\" \/>\n<meta property=\"og:site_name\" content=\"Noticias Grupo Recoletas\" \/>\n<meta property=\"article:publisher\" content=\"https:\/\/www.facebook.com\/GrupoRecoletas\/\" \/>\n<meta property=\"article:published_time\" content=\"2024-02-02T13:30:35+00:00\" \/>\n<meta property=\"article:modified_time\" content=\"2024-02-02T13:30:36+00:00\" \/>\n<meta property=\"og:image\" content=\"https:\/\/www.gruporecoletas.com\/noticias\/wp-content\/uploads\/2024\/02\/HRSEG-AECC-RECOLETAS.png\" \/>\n\t<meta property=\"og:image:width\" content=\"1366\" \/>\n\t<meta property=\"og:image:height\" content=\"768\" \/>\n\t<meta property=\"og:image:type\" content=\"image\/png\" \/>\n<meta name=\"author\" content=\"Recoletas Red Hospitalaria\" \/>\n<meta name=\"twitter:card\" content=\"summary_large_image\" \/>\n<meta name=\"twitter:creator\" content=\"@GrupoRecoletas\" \/>\n<meta name=\"twitter:site\" content=\"@GrupoRecoletas\" \/>\n<meta name=\"twitter:label1\" content=\"Escrito por\" \/>\n\t<meta name=\"twitter:data1\" content=\"Recoletas Red Hospitalaria\" \/>\n\t<meta name=\"twitter:label2\" content=\"Tiempo de lectura\" \/>\n\t<meta name=\"twitter:data2\" content=\"2 minutos\" \/>\n<script type=\"application\/ld+json\" class=\"yoast-schema-graph\">{\"@context\":\"https:\\\/\\\/schema.org\",\"@graph\":[{\"@type\":\"Article\",\"@id\":\"https:\\\/\\\/www.gruporecoletas.com\\\/noticias\\\/el-hospital-recoletas-segovia-y-la-asociacion-espanola-contra-el-cancer-firman-un-convenio-de-colaboracion\\\/#article\",\"isPartOf\":{\"@id\":\"https:\\\/\\\/www.gruporecoletas.com\\\/noticias\\\/el-hospital-recoletas-segovia-y-la-asociacion-espanola-contra-el-cancer-firman-un-convenio-de-colaboracion\\\/\"},\"author\":{\"name\":\"Recoletas Red Hospitalaria\",\"@id\":\"https:\\\/\\\/www.gruporecoletas.com\\\/noticias\\\/#\\\/schema\\\/person\\\/3c6ac429828d1f5e3d3bd99f4da9b02c\"},\"headline\":\"El Hospital Recoletas Segovia y la Asociaci\u00f3n Espa\u00f1ola contra el C\u00e1ncer firman un convenio de colaboraci\u00f3n\",\"datePublished\":\"2024-02-02T13:30:35+00:00\",\"dateModified\":\"2024-02-02T13:30:36+00:00\",\"mainEntityOfPage\":{\"@id\":\"https:\\\/\\\/www.gruporecoletas.com\\\/noticias\\\/el-hospital-recoletas-segovia-y-la-asociacion-espanola-contra-el-cancer-firman-un-convenio-de-colaboracion\\\/\"},\"wordCount\":378,\"image\":{\"@id\":\"https:\\\/\\\/www.gruporecoletas.com\\\/noticias\\\/el-hospital-recoletas-segovia-y-la-asociacion-espanola-contra-el-cancer-firman-un-convenio-de-colaboracion\\\/#primaryimage\"},\"thumbnailUrl\":\"https:\\\/\\\/www.gruporecoletas.com\\\/noticias\\\/wp-content\\\/uploads\\\/2024\\\/02\\\/HRSEG-AECC-RECOLETAS.png\",\"keywords\":[\"AECC\",\"Convenio\",\"Segovia\"],\"articleSection\":[\"Centros\",\"Grupo Recoletas\",\"HRSG\",\"Segovia\"],\"inLanguage\":\"es\"},{\"@type\":\"WebPage\",\"@id\":\"https:\\\/\\\/www.gruporecoletas.com\\\/noticias\\\/el-hospital-recoletas-segovia-y-la-asociacion-espanola-contra-el-cancer-firman-un-convenio-de-colaboracion\\\/\",\"url\":\"https:\\\/\\\/www.gruporecoletas.com\\\/noticias\\\/el-hospital-recoletas-segovia-y-la-asociacion-espanola-contra-el-cancer-firman-un-convenio-de-colaboracion\\\/\",\"name\":\"El Hospital Recoletas Segovia y la Asociaci\u00f3n Espa\u00f1ola contra el C\u00e1ncer firman un convenio de colaboraci\u00f3n - Noticias Grupo Recoletas\",\"isPartOf\":{\"@id\":\"https:\\\/\\\/www.gruporecoletas.com\\\/noticias\\\/#website\"},\"primaryImageOfPage\":{\"@id\":\"https:\\\/\\\/www.gruporecoletas.com\\\/noticias\\\/el-hospital-recoletas-segovia-y-la-asociacion-espanola-contra-el-cancer-firman-un-convenio-de-colaboracion\\\/#primaryimage\"},\"image\":{\"@id\":\"https:\\\/\\\/www.gruporecoletas.com\\\/noticias\\\/el-hospital-recoletas-segovia-y-la-asociacion-espanola-contra-el-cancer-firman-un-convenio-de-colaboracion\\\/#primaryimage\"},\"thumbnailUrl\":\"https:\\\/\\\/www.gruporecoletas.com\\\/noticias\\\/wp-content\\\/uploads\\\/2024\\\/02\\\/HRSEG-AECC-RECOLETAS.png\",\"datePublished\":\"2024-02-02T13:30:35+00:00\",\"dateModified\":\"2024-02-02T13:30:36+00:00\",\"author\":{\"@id\":\"https:\\\/\\\/www.gruporecoletas.com\\\/noticias\\\/#\\\/schema\\\/person\\\/3c6ac429828d1f5e3d3bd99f4da9b02c\"},\"description\":\"Ambas entidades han cerrado este acuerdo con el \u00fanico prop\u00f3sito de \u00a0beneficiar a los pacientes oncol\u00f3gicos de Segovia y a sus familias.\",\"breadcrumb\":{\"@id\":\"https:\\\/\\\/www.gruporecoletas.com\\\/noticias\\\/el-hospital-recoletas-segovia-y-la-asociacion-espanola-contra-el-cancer-firman-un-convenio-de-colaboracion\\\/#breadcrumb\"},\"inLanguage\":\"es\",\"potentialAction\":[{\"@type\":\"ReadAction\",\"target\":[\"https:\\\/\\\/www.gruporecoletas.com\\\/noticias\\\/el-hospital-recoletas-segovia-y-la-asociacion-espanola-contra-el-cancer-firman-un-convenio-de-colaboracion\\\/\"]}]},{\"@type\":\"ImageObject\",\"inLanguage\":\"es\",\"@id\":\"https:\\\/\\\/www.gruporecoletas.com\\\/noticias\\\/el-hospital-recoletas-segovia-y-la-asociacion-espanola-contra-el-cancer-firman-un-convenio-de-colaboracion\\\/#primaryimage\",\"url\":\"https:\\\/\\\/www.gruporecoletas.com\\\/noticias\\\/wp-content\\\/uploads\\\/2024\\\/02\\\/HRSEG-AECC-RECOLETAS.png\",\"contentUrl\":\"https:\\\/\\\/www.gruporecoletas.com\\\/noticias\\\/wp-content\\\/uploads\\\/2024\\\/02\\\/HRSEG-AECC-RECOLETAS.png\",\"width\":1366,\"height\":768,\"caption\":\"El Hospital Recoletas Segovia y la Asociaci\u00f3n Espa\u00f1ola contra el C\u00e1ncer firman un convenio de colaboraci\u00f3n\"},{\"@type\":\"BreadcrumbList\",\"@id\":\"https:\\\/\\\/www.gruporecoletas.com\\\/noticias\\\/el-hospital-recoletas-segovia-y-la-asociacion-espanola-contra-el-cancer-firman-un-convenio-de-colaboracion\\\/#breadcrumb\",\"itemListElement\":[{\"@type\":\"ListItem\",\"position\":1,\"name\":\"Portada\",\"item\":\"https:\\\/\\\/www.gruporecoletas.com\\\/noticias\\\/\"},{\"@type\":\"ListItem\",\"position\":2,\"name\":\"El Hospital Recoletas Segovia y la Asociaci\u00f3n Espa\u00f1ola contra el C\u00e1ncer firman un convenio de colaboraci\u00f3n\"}]},{\"@type\":\"WebSite\",\"@id\":\"https:\\\/\\\/www.gruporecoletas.com\\\/noticias\\\/#website\",\"url\":\"https:\\\/\\\/www.gruporecoletas.com\\\/noticias\\\/\",\"name\":\"Noticias Grupo Recoletas\",\"description\":\"Grupo Recoletas\",\"potentialAction\":[{\"@type\":\"SearchAction\",\"target\":{\"@type\":\"EntryPoint\",\"urlTemplate\":\"https:\\\/\\\/www.gruporecoletas.com\\\/noticias\\\/?s={search_term_string}\"},\"query-input\":{\"@type\":\"PropertyValueSpecification\",\"valueRequired\":true,\"valueName\":\"search_term_string\"}}],\"inLanguage\":\"es\"},{\"@type\":\"Person\",\"@id\":\"https:\\\/\\\/www.gruporecoletas.com\\\/noticias\\\/#\\\/schema\\\/person\\\/3c6ac429828d1f5e3d3bd99f4da9b02c\",\"name\":\"Recoletas Red Hospitalaria\",\"url\":\"https:\\\/\\\/www.gruporecoletas.com\\\/noticias\\\/author\\\/comunicacion\\\/\"}]}<\/script>\n<!-- \/ Yoast SEO Premium plugin. -->","yoast_head_json":{"title":"El Hospital Recoletas Segovia y la Asociaci\u00f3n Espa\u00f1ola contra el C\u00e1ncer firman un convenio de colaboraci\u00f3n - Noticias Grupo Recoletas","description":"Ambas entidades han cerrado este acuerdo con el \u00fanico prop\u00f3sito de \u00a0beneficiar a los pacientes oncol\u00f3gicos de Segovia y a sus familias.","robots":{"index":"index","follow":"follow","max-snippet":"max-snippet:-1","max-image-preview":"max-image-preview:large","max-video-preview":"max-video-preview:-1"},"canonical":"https:\/\/www.gruporecoletas.com\/noticias\/el-hospital-recoletas-segovia-y-la-asociacion-espanola-contra-el-cancer-firman-un-convenio-de-colaboracion\/","og_locale":"es_ES","og_type":"article","og_title":"El Hospital Recoletas Segovia y la Asociaci\u00f3n Espa\u00f1ola contra el C\u00e1ncer firman un convenio de colaboraci\u00f3n","og_description":"Ambas entidades han cerrado este acuerdo con el \u00fanico prop\u00f3sito de \u00a0beneficiar a los pacientes oncol\u00f3gicos de Segovia y a sus familias.","og_url":"https:\/\/www.gruporecoletas.com\/noticias\/el-hospital-recoletas-segovia-y-la-asociacion-espanola-contra-el-cancer-firman-un-convenio-de-colaboracion\/","og_site_name":"Noticias Grupo Recoletas","article_publisher":"https:\/\/www.facebook.com\/GrupoRecoletas\/","article_published_time":"2024-02-02T13:30:35+00:00","article_modified_time":"2024-02-02T13:30:36+00:00","og_image":[{"width":1366,"height":768,"url":"https:\/\/www.gruporecoletas.com\/noticias\/wp-content\/uploads\/2024\/02\/HRSEG-AECC-RECOLETAS.png","type":"image\/png"}],"author":"Recoletas Red Hospitalaria","twitter_card":"summary_large_image","twitter_creator":"@GrupoRecoletas","twitter_site":"@GrupoRecoletas","twitter_misc":{"Escrito por":"Recoletas Red Hospitalaria","Tiempo de lectura":"2 minutos"},"schema":{"@context":"https:\/\/schema.org","@graph":[{"@type":"Article","@id":"https:\/\/www.gruporecoletas.com\/noticias\/el-hospital-recoletas-segovia-y-la-asociacion-espanola-contra-el-cancer-firman-un-convenio-de-colaboracion\/#article","isPartOf":{"@id":"https:\/\/www.gruporecoletas.com\/noticias\/el-hospital-recoletas-segovia-y-la-asociacion-espanola-contra-el-cancer-firman-un-convenio-de-colaboracion\/"},"author":{"name":"Recoletas Red Hospitalaria","@id":"https:\/\/www.gruporecoletas.com\/noticias\/#\/schema\/person\/3c6ac429828d1f5e3d3bd99f4da9b02c"},"headline":"El Hospital Recoletas Segovia y la Asociaci\u00f3n Espa\u00f1ola contra el C\u00e1ncer firman un convenio de colaboraci\u00f3n","datePublished":"2024-02-02T13:30:35+00:00","dateModified":"2024-02-02T13:30:36+00:00","mainEntityOfPage":{"@id":"https:\/\/www.gruporecoletas.com\/noticias\/el-hospital-recoletas-segovia-y-la-asociacion-espanola-contra-el-cancer-firman-un-convenio-de-colaboracion\/"},"wordCount":378,"image":{"@id":"https:\/\/www.gruporecoletas.com\/noticias\/el-hospital-recoletas-segovia-y-la-asociacion-espanola-contra-el-cancer-firman-un-convenio-de-colaboracion\/#primaryimage"},"thumbnailUrl":"https:\/\/www.gruporecoletas.com\/noticias\/wp-content\/uploads\/2024\/02\/HRSEG-AECC-RECOLETAS.png","keywords":["AECC","Convenio","Segovia"],"articleSection":["Centros","Grupo Recoletas","HRSG","Segovia"],"inLanguage":"es"},{"@type":"WebPage","@id":"https:\/\/www.gruporecoletas.com\/noticias\/el-hospital-recoletas-segovia-y-la-asociacion-espanola-contra-el-cancer-firman-un-convenio-de-colaboracion\/","url":"https:\/\/www.gruporecoletas.com\/noticias\/el-hospital-recoletas-segovia-y-la-asociacion-espanola-contra-el-cancer-firman-un-convenio-de-colaboracion\/","name":"El Hospital Recoletas Segovia y la Asociaci\u00f3n Espa\u00f1ola contra el C\u00e1ncer firman un convenio de colaboraci\u00f3n - Noticias Grupo Recoletas","isPartOf":{"@id":"https:\/\/www.gruporecoletas.com\/noticias\/#website"},"primaryImageOfPage":{"@id":"https:\/\/www.gruporecoletas.com\/noticias\/el-hospital-recoletas-segovia-y-la-asociacion-espanola-contra-el-cancer-firman-un-convenio-de-colaboracion\/#primaryimage"},"image":{"@id":"https:\/\/www.gruporecoletas.com\/noticias\/el-hospital-recoletas-segovia-y-la-asociacion-espanola-contra-el-cancer-firman-un-convenio-de-colaboracion\/#primaryimage"},"thumbnailUrl":"https:\/\/www.gruporecoletas.com\/noticias\/wp-content\/uploads\/2024\/02\/HRSEG-AECC-RECOLETAS.png","datePublished":"2024-02-02T13:30:35+00:00","dateModified":"2024-02-02T13:30:36+00:00","author":{"@id":"https:\/\/www.gruporecoletas.com\/noticias\/#\/schema\/person\/3c6ac429828d1f5e3d3bd99f4da9b02c"},"description":"Ambas entidades han cerrado este acuerdo con el \u00fanico prop\u00f3sito de \u00a0beneficiar a los pacientes oncol\u00f3gicos de Segovia y a sus familias.","breadcrumb":{"@id":"https:\/\/www.gruporecoletas.com\/noticias\/el-hospital-recoletas-segovia-y-la-asociacion-espanola-contra-el-cancer-firman-un-convenio-de-colaboracion\/#breadcrumb"},"inLanguage":"es","potentialAction":[{"@type":"ReadAction","target":["https:\/\/www.gruporecoletas.com\/noticias\/el-hospital-recoletas-segovia-y-la-asociacion-espanola-contra-el-cancer-firman-un-convenio-de-colaboracion\/"]}]},{"@type":"ImageObject","inLanguage":"es","@id":"https:\/\/www.gruporecoletas.com\/noticias\/el-hospital-recoletas-segovia-y-la-asociacion-espanola-contra-el-cancer-firman-un-convenio-de-colaboracion\/#primaryimage","url":"https:\/\/www.gruporecoletas.com\/noticias\/wp-content\/uploads\/2024\/02\/HRSEG-AECC-RECOLETAS.png","contentUrl":"https:\/\/www.gruporecoletas.com\/noticias\/wp-content\/uploads\/2024\/02\/HRSEG-AECC-RECOLETAS.png","width":1366,"height":768,"caption":"El Hospital Recoletas Segovia y la Asociaci\u00f3n Espa\u00f1ola contra el C\u00e1ncer firman un convenio de colaboraci\u00f3n"},{"@type":"BreadcrumbList","@id":"https:\/\/www.gruporecoletas.com\/noticias\/el-hospital-recoletas-segovia-y-la-asociacion-espanola-contra-el-cancer-firman-un-convenio-de-colaboracion\/#breadcrumb","itemListElement":[{"@type":"ListItem","position":1,"name":"Portada","item":"https:\/\/www.gruporecoletas.com\/noticias\/"},{"@type":"ListItem","position":2,"name":"El Hospital Recoletas Segovia y la Asociaci\u00f3n Espa\u00f1ola contra el C\u00e1ncer firman un convenio de colaboraci\u00f3n"}]},{"@type":"WebSite","@id":"https:\/\/www.gruporecoletas.com\/noticias\/#website","url":"https:\/\/www.gruporecoletas.com\/noticias\/","name":"Noticias Grupo Recoletas","description":"Grupo Recoletas","potentialAction":[{"@type":"SearchAction","target":{"@type":"EntryPoint","urlTemplate":"https:\/\/www.gruporecoletas.com\/noticias\/?s={search_term_string}"},"query-input":{"@type":"PropertyValueSpecification","valueRequired":true,"valueName":"search_term_string"}}],"inLanguage":"es"},{"@type":"Person","@id":"https:\/\/www.gruporecoletas.com\/noticias\/#\/schema\/person\/3c6ac429828d1f5e3d3bd99f4da9b02c","name":"Recoletas Red Hospitalaria","url":"https:\/\/www.gruporecoletas.com\/noticias\/author\/comunicacion\/"}]}},"_links":{"self":[{"href":"https:\/\/www.gruporecoletas.com\/noticias\/wp-json\/wp\/v2\/posts\/16328","targetHints":{"allow":["GET"]}}],"collection":[{"href":"https:\/\/www.gruporecoletas.com\/noticias\/wp-json\/wp\/v2\/posts"}],"about":[{"href":"https:\/\/www.gruporecoletas.com\/noticias\/wp-json\/wp\/v2\/types\/post"}],"author":[{"embeddable":true,"href":"https:\/\/www.gruporecoletas.com\/noticias\/wp-json\/wp\/v2\/users\/2"}],"replies":[{"embeddable":true,"href":"https:\/\/www.gruporecoletas.com\/noticias\/wp-json\/wp\/v2\/comments?post=16328"}],"version-history":[{"count":1,"href":"https:\/\/www.gruporecoletas.com\/noticias\/wp-json\/wp\/v2\/posts\/16328\/revisions"}],"predecessor-version":[{"id":16330,"href":"https:\/\/www.gruporecoletas.com\/noticias\/wp-json\/wp\/v2\/posts\/16328\/revisions\/16330"}],"wp:featuredmedia":[{"embeddable":true,"href":"https:\/\/www.gruporecoletas.com\/noticias\/wp-json\/wp\/v2\/media\/16329"}],"wp:attachment":[{"href":"https:\/\/www.gruporecoletas.com\/noticias\/wp-json\/wp\/v2\/media?parent=16328"}],"wp:term":[{"taxonomy":"category","embeddable":true,"href":"https:\/\/www.gruporecoletas.com\/noticias\/wp-json\/wp\/v2\/categories?post=16328"},{"taxonomy":"post_tag","embeddable":true,"href":"https:\/\/www.gruporecoletas.com\/noticias\/wp-json\/wp\/v2\/tags?post=16328"}],"curies":[{"name":"wp","href":"https:\/\/api.w.org\/{rel}","templated":true}]}}