{"id":16347,"date":"2024-02-22T20:00:00","date_gmt":"2024-02-22T19:00:00","guid":{"rendered":"https:\/\/www.gruporecoletas.com\/noticias\/?p=16347"},"modified":"2024-02-22T14:48:51","modified_gmt":"2024-02-22T13:48:51","slug":"recoletas-salud-llega-a-salamanca-para-fortalecer-la-oferta-actual-de-salud-y-generar-empleo","status":"publish","type":"post","link":"https:\/\/www.gruporecoletas.com\/noticias\/recoletas-salud-llega-a-salamanca-para-fortalecer-la-oferta-actual-de-salud-y-generar-empleo\/","title":{"rendered":"Recoletas Salud llega a Salamanca para fortalecer la oferta actual de salud y generar empleo"},"content":{"rendered":"\n<ul class=\"wp-block-list\">\n<li><strong><em>150 m\u00e9dicos de 40 especialidades diferentes, institutos y unidades m\u00e9dicas especializadas, servicios propios de Diagn\u00f3stico por Imagen y Laboratorio<\/em><\/strong><\/li>\n<\/ul>\n\n\n\n<ul class=\"wp-block-list\">\n<li><strong><em>El Hospital Recoletas Salud en Carbajosa de la Sagrada contar\u00e1 con robot Da Vinci, robot Mako, quir\u00f3fano h\u00edbrido con neuronavegador, sala de hemodin\u00e1mica, PET TAC y UCI<\/em><\/strong><\/li>\n<\/ul>\n\n\n\n<p>Recoletas Salud, l\u00edder de la sanidad privada en Castilla y Le\u00f3n por fin llega a Salamanca en donde quiere desarrollar un proyecto tan ambicioso como el que ha conseguido hacer realidad en Valladolid y Burgos.<\/p>\n\n\n\n<p>Para Recoletas Salud, Salamanca y especialmente la poblaci\u00f3n salmantina tambi\u00e9n merecen una oferta de salud completa e integral similar a la que existe en las grandes ciudades del pa\u00eds, que se apoye en la tecnolog\u00eda m\u00e9dica m\u00e1s inteligente y avanzada del momento y que atraiga a los mejores profesionales del sector.<\/p>\n\n\n\n<p>Por ello precisamente, el proyecto de Recoletas Salud persigue fortalecer y mejorar la oferta actual de sanidad privada y para conseguirlo Recoletas va a construir un hospital en Carbajosa de la Sagrada de casi 12.000 metros cuadrados y en el que trabajaran alrededor de 150 profesionales m\u00e9dicos de alrededor de 40 especialidades m\u00e9dicas diferentes, as\u00ed como otro centenar de personas entre personal socio sanitario, administraci\u00f3n y gesti\u00f3n, etc.<\/p>\n\n\n\n<p>El proyecto de Recoletas en Salamanca incluye un servicio propio de diagn\u00f3stico por imagen y otro de laboratorio, as\u00ed como varios institutos especializados como el Instituto de Cirug\u00eda Rob\u00f3tica,<br>el Instituto Neuro Vertebral, Instituto Cardiovascular, Instituto de Traumatolog\u00eda o el Instituto Urol\u00f3gico y unidades m\u00e9dicas especializadas: \u00a0Unidad de la Mujer, Unidad Cirug\u00eda Hepatobiliar, Unidad de Rob\u00f3tica y Unidad de Espalda y Unidad Neumolog\u00eda, entre otras.<\/p>\n\n\n\n<p>La oferta de salud prevista incluye adem\u00e1s a \u201cVIDA\u201d, la cl\u00ednica de Recoletas de medicina reproductiva.<\/p>\n\n\n\n<p>En cuanto al equipamiento m\u00e9dico, el futuro hospital Recoletas Salud de Carbajosa de la Sagrada tendr\u00e1 un robot Da Vinci, un robot Mako, quir\u00f3fano h\u00edbrido con neuronavegador, PET TAC, una sala de hemodin\u00e1mica e intervencionismo vascular, Resonancia Magn\u00e9tica de 3 Teslas y TAC de 128 cortes.<\/p>\n\n\n\n<p>Tendr\u00e1 adem\u00e1s UCI, 60 habitaciones individuales, 7 quir\u00f3fanos, 7 puestos de UCI, REA, URPA, 5 box de urgencias, uno de ellos de RCP, servicio de urgencias 24 horas de adultos y urgencias pedi\u00e1tricas, farmacia, anatom\u00eda patol\u00f3gica y 43 consultas externas de distintas especialidades m\u00e9dicas.<\/p>\n\n\n\n<p>Y en cuanto a servicios generales el futuro hospital Recoletas contar\u00e1 con 60 habitaciones individuales, 7 quir\u00f3fanos, 7 puestos de UCI, REA, URPA, 5 box de urgencias, uno de ellos de RCP, servicio de urgencias 24 horas de adultos y urgencias pedi\u00e1tricas, farmacia, anatom\u00eda patol\u00f3gica y 43 consultas externas de distintas especialidades m\u00e9dicas.<\/p>\n\n\n\n<p>Por \u00faltimo, ya se cuenta con la licencia para la construcci\u00f3n del nuevo hospital por lo que las obras dar\u00e1n comienzo la semana que viene con el movimiento de tierras, en principio el martes 27. Ahora mismo se est\u00e1 procediendo a la selecci\u00f3n de los contratistas.<\/p>\n\n\n\n<h4 class=\"wp-block-heading\"><strong><u>Recoletas Salud<\/u><\/strong><\/h4>\n\n\n\n<p>Recoletas Salud naci\u00f3 en Valladolid hace 35 a\u00f1os. Cuenta con hospitales en Valladolid, Burgos, Palencia, Zamora, Segovia y Ponferrada, ciudades en las que adem\u00e1s tiene centros m\u00e9dicos, centros de diagn\u00f3stico por imagen, institutos y unidades m\u00e9dicas especializadas, cl\u00ednicas de Medicina Reproductiva\u2026<\/p>\n\n\n\n<p>Trata a m\u00e1s de un mill\u00f3n de pacientes en nuestra Comunidad Aut\u00f3noma, facilit\u00e1ndoles que no tengan que desplazarse de sus lugares de residencia para recibir atenci\u00f3n m\u00e9dica de calidad. Pacientes cuya edad media es de 57 a\u00f1os, muchos de ellos con patolog\u00edas poli cr\u00f3nicas y que viven en la denominada Espa\u00f1a rural o Espa\u00f1a despoblada.<\/p>\n\n\n\n<p>Recoletas Salud cumple as\u00ed con su verdadera vocaci\u00f3n de estar donde la poblaci\u00f3n la necesita y no donde es m\u00e1s rentable porque si precisamente algo caracteriza a esta empresa es que invierte constantemente en profesionales e innovaci\u00f3n m\u00e9dica para que Castilla y Le\u00f3n est\u00e9 a la misma altura que Madrid o Barcelona en t\u00e9rminos de eficacia y oferta sanitaria.<\/p>\n\n\n\n<p>Fuera de Castilla y Le\u00f3n, Recoletas est\u00e1 presente tambi\u00e9n en Cuenca y Ourense, Santander, Sevilla, Zaragoza y Murcia.<\/p>\n\n\n\n<p>La compa\u00f1\u00eda ha presentado esta tarde su ambicioso proyecto para Salamanca en el transcurso de un acto que se ha celebrado en el hotel Alameda Palace y al que han sido invitados los representantes de las principales instituciones de la ciudad y provincia, as\u00ed como un nutrido grupo de m\u00e9dicos y profesionales del sector de la salud.<\/p>\n","protected":false},"excerpt":{"rendered":"<p>Recoletas Salud, l\u00edder de la sanidad privada en Castilla y Le\u00f3n por fin llega a Salamanca en donde quiere desarrollar un proyecto tan ambicioso como el que ha conseguido hacer realidad en Valladolid y Burgos. Para Recoletas Salud, Salamanca y especialmente la poblaci\u00f3n salmantina tambi\u00e9n merecen una oferta de salud completa e integral similar a [&hellip;]<\/p>\n","protected":false},"author":2,"featured_media":16348,"comment_status":"closed","ping_status":"closed","sticky":false,"template":"","format":"standard","meta":{"_acf_changed":false,"footnotes":""},"categories":[43,1,42],"tags":[3246,3407,3300,3268,3406,1410],"class_list":["post-16347","post","type-post","status-publish","format-standard","has-post-thumbnail","hentry","category-centros","category-grupo-recoletas","category-recoletas-salud","tag-da-vincci-xi","tag-mako","tag-pet-tac","tag-recoletas-salud","tag-salamanca","tag-uci"],"acf":[],"yoast_head":"<!-- This site is optimized with the Yoast SEO Premium plugin v27.3 (Yoast SEO v27.3) - https:\/\/yoast.com\/product\/yoast-seo-premium-wordpress\/ -->\n<title>Recoletas Salud llega a Salamanca para fortalecer la oferta actual de salud y generar empleo - Noticias Grupo Recoletas<\/title>\n<meta name=\"description\" content=\"El Hospital Recoletas Salud contar\u00e1 con robot Da Vinci, robot Mako, quir\u00f3fano h\u00edbrido con neuronavegador, sala de hemodin\u00e1mica, PET TAC y UCI\" \/>\n<meta name=\"robots\" content=\"index, follow, max-snippet:-1, max-image-preview:large, max-video-preview:-1\" \/>\n<link rel=\"canonical\" href=\"https:\/\/www.gruporecoletas.com\/noticias\/recoletas-salud-llega-a-salamanca-para-fortalecer-la-oferta-actual-de-salud-y-generar-empleo\/\" \/>\n<meta property=\"og:locale\" content=\"es_ES\" \/>\n<meta property=\"og:type\" content=\"article\" \/>\n<meta property=\"og:title\" content=\"Recoletas Salud llega a Salamanca para fortalecer la oferta actual de salud y generar empleo\" \/>\n<meta property=\"og:description\" content=\"El Hospital Recoletas Salud contar\u00e1 con robot Da Vinci, robot Mako, quir\u00f3fano h\u00edbrido con neuronavegador, sala de hemodin\u00e1mica, PET TAC y UCI\" \/>\n<meta property=\"og:url\" content=\"https:\/\/www.gruporecoletas.com\/noticias\/recoletas-salud-llega-a-salamanca-para-fortalecer-la-oferta-actual-de-salud-y-generar-empleo\/\" \/>\n<meta property=\"og:site_name\" content=\"Noticias Grupo Recoletas\" \/>\n<meta property=\"article:publisher\" content=\"https:\/\/www.facebook.com\/GrupoRecoletas\/\" \/>\n<meta property=\"article:published_time\" content=\"2024-02-22T19:00:00+00:00\" \/>\n<meta property=\"og:image\" content=\"https:\/\/www.gruporecoletas.com\/noticias\/wp-content\/uploads\/2024\/02\/HOSPITAL-SALAMANCA-RECOLETAS.png\" \/>\n\t<meta property=\"og:image:width\" content=\"1366\" \/>\n\t<meta property=\"og:image:height\" content=\"768\" \/>\n\t<meta property=\"og:image:type\" content=\"image\/png\" \/>\n<meta name=\"author\" content=\"Recoletas Red Hospitalaria\" \/>\n<meta name=\"twitter:card\" content=\"summary_large_image\" \/>\n<meta name=\"twitter:creator\" content=\"@GrupoRecoletas\" \/>\n<meta name=\"twitter:site\" content=\"@GrupoRecoletas\" \/>\n<meta name=\"twitter:label1\" content=\"Escrito por\" \/>\n\t<meta name=\"twitter:data1\" content=\"Recoletas Red Hospitalaria\" \/>\n\t<meta name=\"twitter:label2\" content=\"Tiempo de lectura\" \/>\n\t<meta name=\"twitter:data2\" content=\"4 minutos\" \/>\n<script type=\"application\/ld+json\" class=\"yoast-schema-graph\">{\"@context\":\"https:\\\/\\\/schema.org\",\"@graph\":[{\"@type\":\"Article\",\"@id\":\"https:\\\/\\\/www.gruporecoletas.com\\\/noticias\\\/recoletas-salud-llega-a-salamanca-para-fortalecer-la-oferta-actual-de-salud-y-generar-empleo\\\/#article\",\"isPartOf\":{\"@id\":\"https:\\\/\\\/www.gruporecoletas.com\\\/noticias\\\/recoletas-salud-llega-a-salamanca-para-fortalecer-la-oferta-actual-de-salud-y-generar-empleo\\\/\"},\"author\":{\"name\":\"Recoletas Red Hospitalaria\",\"@id\":\"https:\\\/\\\/www.gruporecoletas.com\\\/noticias\\\/#\\\/schema\\\/person\\\/3c6ac429828d1f5e3d3bd99f4da9b02c\"},\"headline\":\"Recoletas Salud llega a Salamanca para fortalecer la oferta actual de salud y generar empleo\",\"datePublished\":\"2024-02-22T19:00:00+00:00\",\"mainEntityOfPage\":{\"@id\":\"https:\\\/\\\/www.gruporecoletas.com\\\/noticias\\\/recoletas-salud-llega-a-salamanca-para-fortalecer-la-oferta-actual-de-salud-y-generar-empleo\\\/\"},\"wordCount\":771,\"image\":{\"@id\":\"https:\\\/\\\/www.gruporecoletas.com\\\/noticias\\\/recoletas-salud-llega-a-salamanca-para-fortalecer-la-oferta-actual-de-salud-y-generar-empleo\\\/#primaryimage\"},\"thumbnailUrl\":\"https:\\\/\\\/www.gruporecoletas.com\\\/noticias\\\/wp-content\\\/uploads\\\/2024\\\/02\\\/HOSPITAL-SALAMANCA-RECOLETAS.png\",\"keywords\":[\"Da Vincci XI\",\"Mako\",\"PET-TAC\",\"Recoletas Salud\",\"Salamanca\",\"UCI\"],\"articleSection\":[\"Centros\",\"Grupo Recoletas\",\"Recoletas Salud\"],\"inLanguage\":\"es\"},{\"@type\":\"WebPage\",\"@id\":\"https:\\\/\\\/www.gruporecoletas.com\\\/noticias\\\/recoletas-salud-llega-a-salamanca-para-fortalecer-la-oferta-actual-de-salud-y-generar-empleo\\\/\",\"url\":\"https:\\\/\\\/www.gruporecoletas.com\\\/noticias\\\/recoletas-salud-llega-a-salamanca-para-fortalecer-la-oferta-actual-de-salud-y-generar-empleo\\\/\",\"name\":\"Recoletas Salud llega a Salamanca para fortalecer la oferta actual de salud y generar empleo - Noticias Grupo Recoletas\",\"isPartOf\":{\"@id\":\"https:\\\/\\\/www.gruporecoletas.com\\\/noticias\\\/#website\"},\"primaryImageOfPage\":{\"@id\":\"https:\\\/\\\/www.gruporecoletas.com\\\/noticias\\\/recoletas-salud-llega-a-salamanca-para-fortalecer-la-oferta-actual-de-salud-y-generar-empleo\\\/#primaryimage\"},\"image\":{\"@id\":\"https:\\\/\\\/www.gruporecoletas.com\\\/noticias\\\/recoletas-salud-llega-a-salamanca-para-fortalecer-la-oferta-actual-de-salud-y-generar-empleo\\\/#primaryimage\"},\"thumbnailUrl\":\"https:\\\/\\\/www.gruporecoletas.com\\\/noticias\\\/wp-content\\\/uploads\\\/2024\\\/02\\\/HOSPITAL-SALAMANCA-RECOLETAS.png\",\"datePublished\":\"2024-02-22T19:00:00+00:00\",\"author\":{\"@id\":\"https:\\\/\\\/www.gruporecoletas.com\\\/noticias\\\/#\\\/schema\\\/person\\\/3c6ac429828d1f5e3d3bd99f4da9b02c\"},\"description\":\"El Hospital Recoletas Salud contar\u00e1 con robot Da Vinci, robot Mako, quir\u00f3fano h\u00edbrido con neuronavegador, sala de hemodin\u00e1mica, PET TAC y UCI\",\"breadcrumb\":{\"@id\":\"https:\\\/\\\/www.gruporecoletas.com\\\/noticias\\\/recoletas-salud-llega-a-salamanca-para-fortalecer-la-oferta-actual-de-salud-y-generar-empleo\\\/#breadcrumb\"},\"inLanguage\":\"es\",\"potentialAction\":[{\"@type\":\"ReadAction\",\"target\":[\"https:\\\/\\\/www.gruporecoletas.com\\\/noticias\\\/recoletas-salud-llega-a-salamanca-para-fortalecer-la-oferta-actual-de-salud-y-generar-empleo\\\/\"]}]},{\"@type\":\"ImageObject\",\"inLanguage\":\"es\",\"@id\":\"https:\\\/\\\/www.gruporecoletas.com\\\/noticias\\\/recoletas-salud-llega-a-salamanca-para-fortalecer-la-oferta-actual-de-salud-y-generar-empleo\\\/#primaryimage\",\"url\":\"https:\\\/\\\/www.gruporecoletas.com\\\/noticias\\\/wp-content\\\/uploads\\\/2024\\\/02\\\/HOSPITAL-SALAMANCA-RECOLETAS.png\",\"contentUrl\":\"https:\\\/\\\/www.gruporecoletas.com\\\/noticias\\\/wp-content\\\/uploads\\\/2024\\\/02\\\/HOSPITAL-SALAMANCA-RECOLETAS.png\",\"width\":1366,\"height\":768,\"caption\":\"Recoletas Salud llega a Salamanca para fortalecer la oferta actual de salud y generar empleo\"},{\"@type\":\"BreadcrumbList\",\"@id\":\"https:\\\/\\\/www.gruporecoletas.com\\\/noticias\\\/recoletas-salud-llega-a-salamanca-para-fortalecer-la-oferta-actual-de-salud-y-generar-empleo\\\/#breadcrumb\",\"itemListElement\":[{\"@type\":\"ListItem\",\"position\":1,\"name\":\"Portada\",\"item\":\"https:\\\/\\\/www.gruporecoletas.com\\\/noticias\\\/\"},{\"@type\":\"ListItem\",\"position\":2,\"name\":\"Recoletas Salud llega a Salamanca para fortalecer la oferta actual de salud y generar empleo\"}]},{\"@type\":\"WebSite\",\"@id\":\"https:\\\/\\\/www.gruporecoletas.com\\\/noticias\\\/#website\",\"url\":\"https:\\\/\\\/www.gruporecoletas.com\\\/noticias\\\/\",\"name\":\"Noticias Grupo Recoletas\",\"description\":\"Grupo Recoletas\",\"potentialAction\":[{\"@type\":\"SearchAction\",\"target\":{\"@type\":\"EntryPoint\",\"urlTemplate\":\"https:\\\/\\\/www.gruporecoletas.com\\\/noticias\\\/?s={search_term_string}\"},\"query-input\":{\"@type\":\"PropertyValueSpecification\",\"valueRequired\":true,\"valueName\":\"search_term_string\"}}],\"inLanguage\":\"es\"},{\"@type\":\"Person\",\"@id\":\"https:\\\/\\\/www.gruporecoletas.com\\\/noticias\\\/#\\\/schema\\\/person\\\/3c6ac429828d1f5e3d3bd99f4da9b02c\",\"name\":\"Recoletas Red Hospitalaria\",\"url\":\"https:\\\/\\\/www.gruporecoletas.com\\\/noticias\\\/author\\\/comunicacion\\\/\"}]}<\/script>\n<!-- \/ Yoast SEO Premium plugin. -->","yoast_head_json":{"title":"Recoletas Salud llega a Salamanca para fortalecer la oferta actual de salud y generar empleo - Noticias Grupo Recoletas","description":"El Hospital Recoletas Salud contar\u00e1 con robot Da Vinci, robot Mako, quir\u00f3fano h\u00edbrido con neuronavegador, sala de hemodin\u00e1mica, PET TAC y UCI","robots":{"index":"index","follow":"follow","max-snippet":"max-snippet:-1","max-image-preview":"max-image-preview:large","max-video-preview":"max-video-preview:-1"},"canonical":"https:\/\/www.gruporecoletas.com\/noticias\/recoletas-salud-llega-a-salamanca-para-fortalecer-la-oferta-actual-de-salud-y-generar-empleo\/","og_locale":"es_ES","og_type":"article","og_title":"Recoletas Salud llega a Salamanca para fortalecer la oferta actual de salud y generar empleo","og_description":"El Hospital Recoletas Salud contar\u00e1 con robot Da Vinci, robot Mako, quir\u00f3fano h\u00edbrido con neuronavegador, sala de hemodin\u00e1mica, PET TAC y UCI","og_url":"https:\/\/www.gruporecoletas.com\/noticias\/recoletas-salud-llega-a-salamanca-para-fortalecer-la-oferta-actual-de-salud-y-generar-empleo\/","og_site_name":"Noticias Grupo Recoletas","article_publisher":"https:\/\/www.facebook.com\/GrupoRecoletas\/","article_published_time":"2024-02-22T19:00:00+00:00","og_image":[{"width":1366,"height":768,"url":"https:\/\/www.gruporecoletas.com\/noticias\/wp-content\/uploads\/2024\/02\/HOSPITAL-SALAMANCA-RECOLETAS.png","type":"image\/png"}],"author":"Recoletas Red Hospitalaria","twitter_card":"summary_large_image","twitter_creator":"@GrupoRecoletas","twitter_site":"@GrupoRecoletas","twitter_misc":{"Escrito por":"Recoletas Red Hospitalaria","Tiempo de lectura":"4 minutos"},"schema":{"@context":"https:\/\/schema.org","@graph":[{"@type":"Article","@id":"https:\/\/www.gruporecoletas.com\/noticias\/recoletas-salud-llega-a-salamanca-para-fortalecer-la-oferta-actual-de-salud-y-generar-empleo\/#article","isPartOf":{"@id":"https:\/\/www.gruporecoletas.com\/noticias\/recoletas-salud-llega-a-salamanca-para-fortalecer-la-oferta-actual-de-salud-y-generar-empleo\/"},"author":{"name":"Recoletas Red Hospitalaria","@id":"https:\/\/www.gruporecoletas.com\/noticias\/#\/schema\/person\/3c6ac429828d1f5e3d3bd99f4da9b02c"},"headline":"Recoletas Salud llega a Salamanca para fortalecer la oferta actual de salud y generar empleo","datePublished":"2024-02-22T19:00:00+00:00","mainEntityOfPage":{"@id":"https:\/\/www.gruporecoletas.com\/noticias\/recoletas-salud-llega-a-salamanca-para-fortalecer-la-oferta-actual-de-salud-y-generar-empleo\/"},"wordCount":771,"image":{"@id":"https:\/\/www.gruporecoletas.com\/noticias\/recoletas-salud-llega-a-salamanca-para-fortalecer-la-oferta-actual-de-salud-y-generar-empleo\/#primaryimage"},"thumbnailUrl":"https:\/\/www.gruporecoletas.com\/noticias\/wp-content\/uploads\/2024\/02\/HOSPITAL-SALAMANCA-RECOLETAS.png","keywords":["Da Vincci XI","Mako","PET-TAC","Recoletas Salud","Salamanca","UCI"],"articleSection":["Centros","Grupo Recoletas","Recoletas Salud"],"inLanguage":"es"},{"@type":"WebPage","@id":"https:\/\/www.gruporecoletas.com\/noticias\/recoletas-salud-llega-a-salamanca-para-fortalecer-la-oferta-actual-de-salud-y-generar-empleo\/","url":"https:\/\/www.gruporecoletas.com\/noticias\/recoletas-salud-llega-a-salamanca-para-fortalecer-la-oferta-actual-de-salud-y-generar-empleo\/","name":"Recoletas Salud llega a Salamanca para fortalecer la oferta actual de salud y generar empleo - Noticias Grupo Recoletas","isPartOf":{"@id":"https:\/\/www.gruporecoletas.com\/noticias\/#website"},"primaryImageOfPage":{"@id":"https:\/\/www.gruporecoletas.com\/noticias\/recoletas-salud-llega-a-salamanca-para-fortalecer-la-oferta-actual-de-salud-y-generar-empleo\/#primaryimage"},"image":{"@id":"https:\/\/www.gruporecoletas.com\/noticias\/recoletas-salud-llega-a-salamanca-para-fortalecer-la-oferta-actual-de-salud-y-generar-empleo\/#primaryimage"},"thumbnailUrl":"https:\/\/www.gruporecoletas.com\/noticias\/wp-content\/uploads\/2024\/02\/HOSPITAL-SALAMANCA-RECOLETAS.png","datePublished":"2024-02-22T19:00:00+00:00","author":{"@id":"https:\/\/www.gruporecoletas.com\/noticias\/#\/schema\/person\/3c6ac429828d1f5e3d3bd99f4da9b02c"},"description":"El Hospital Recoletas Salud contar\u00e1 con robot Da Vinci, robot Mako, quir\u00f3fano h\u00edbrido con neuronavegador, sala de hemodin\u00e1mica, PET TAC y UCI","breadcrumb":{"@id":"https:\/\/www.gruporecoletas.com\/noticias\/recoletas-salud-llega-a-salamanca-para-fortalecer-la-oferta-actual-de-salud-y-generar-empleo\/#breadcrumb"},"inLanguage":"es","potentialAction":[{"@type":"ReadAction","target":["https:\/\/www.gruporecoletas.com\/noticias\/recoletas-salud-llega-a-salamanca-para-fortalecer-la-oferta-actual-de-salud-y-generar-empleo\/"]}]},{"@type":"ImageObject","inLanguage":"es","@id":"https:\/\/www.gruporecoletas.com\/noticias\/recoletas-salud-llega-a-salamanca-para-fortalecer-la-oferta-actual-de-salud-y-generar-empleo\/#primaryimage","url":"https:\/\/www.gruporecoletas.com\/noticias\/wp-content\/uploads\/2024\/02\/HOSPITAL-SALAMANCA-RECOLETAS.png","contentUrl":"https:\/\/www.gruporecoletas.com\/noticias\/wp-content\/uploads\/2024\/02\/HOSPITAL-SALAMANCA-RECOLETAS.png","width":1366,"height":768,"caption":"Recoletas Salud llega a Salamanca para fortalecer la oferta actual de salud y generar empleo"},{"@type":"BreadcrumbList","@id":"https:\/\/www.gruporecoletas.com\/noticias\/recoletas-salud-llega-a-salamanca-para-fortalecer-la-oferta-actual-de-salud-y-generar-empleo\/#breadcrumb","itemListElement":[{"@type":"ListItem","position":1,"name":"Portada","item":"https:\/\/www.gruporecoletas.com\/noticias\/"},{"@type":"ListItem","position":2,"name":"Recoletas Salud llega a Salamanca para fortalecer la oferta actual de salud y generar empleo"}]},{"@type":"WebSite","@id":"https:\/\/www.gruporecoletas.com\/noticias\/#website","url":"https:\/\/www.gruporecoletas.com\/noticias\/","name":"Noticias Grupo Recoletas","description":"Grupo Recoletas","potentialAction":[{"@type":"SearchAction","target":{"@type":"EntryPoint","urlTemplate":"https:\/\/www.gruporecoletas.com\/noticias\/?s={search_term_string}"},"query-input":{"@type":"PropertyValueSpecification","valueRequired":true,"valueName":"search_term_string"}}],"inLanguage":"es"},{"@type":"Person","@id":"https:\/\/www.gruporecoletas.com\/noticias\/#\/schema\/person\/3c6ac429828d1f5e3d3bd99f4da9b02c","name":"Recoletas Red Hospitalaria","url":"https:\/\/www.gruporecoletas.com\/noticias\/author\/comunicacion\/"}]}},"_links":{"self":[{"href":"https:\/\/www.gruporecoletas.com\/noticias\/wp-json\/wp\/v2\/posts\/16347","targetHints":{"allow":["GET"]}}],"collection":[{"href":"https:\/\/www.gruporecoletas.com\/noticias\/wp-json\/wp\/v2\/posts"}],"about":[{"href":"https:\/\/www.gruporecoletas.com\/noticias\/wp-json\/wp\/v2\/types\/post"}],"author":[{"embeddable":true,"href":"https:\/\/www.gruporecoletas.com\/noticias\/wp-json\/wp\/v2\/users\/2"}],"replies":[{"embeddable":true,"href":"https:\/\/www.gruporecoletas.com\/noticias\/wp-json\/wp\/v2\/comments?post=16347"}],"version-history":[{"count":1,"href":"https:\/\/www.gruporecoletas.com\/noticias\/wp-json\/wp\/v2\/posts\/16347\/revisions"}],"predecessor-version":[{"id":16349,"href":"https:\/\/www.gruporecoletas.com\/noticias\/wp-json\/wp\/v2\/posts\/16347\/revisions\/16349"}],"wp:featuredmedia":[{"embeddable":true,"href":"https:\/\/www.gruporecoletas.com\/noticias\/wp-json\/wp\/v2\/media\/16348"}],"wp:attachment":[{"href":"https:\/\/www.gruporecoletas.com\/noticias\/wp-json\/wp\/v2\/media?parent=16347"}],"wp:term":[{"taxonomy":"category","embeddable":true,"href":"https:\/\/www.gruporecoletas.com\/noticias\/wp-json\/wp\/v2\/categories?post=16347"},{"taxonomy":"post_tag","embeddable":true,"href":"https:\/\/www.gruporecoletas.com\/noticias\/wp-json\/wp\/v2\/tags?post=16347"}],"curies":[{"name":"wp","href":"https:\/\/api.w.org\/{rel}","templated":true}]}}