{"id":16353,"date":"2024-03-18T09:13:27","date_gmt":"2024-03-18T08:13:27","guid":{"rendered":"https:\/\/www.gruporecoletas.com\/noticias\/?p=16353"},"modified":"2024-03-18T09:13:28","modified_gmt":"2024-03-18T08:13:28","slug":"recoletas-salud-patrocina-el-foro-internacional-del-deporte-de-segovia","status":"publish","type":"post","link":"https:\/\/www.gruporecoletas.com\/noticias\/recoletas-salud-patrocina-el-foro-internacional-del-deporte-de-segovia\/","title":{"rendered":"Recoletas Salud patrocina el Foro Internacional del Deporte de Segovia"},"content":{"rendered":"\n<p>El gerente del Hospital Recoletas Salud Segovia, Ignacio Cabez\u00f3n, y Francisco del R\u00edo, en representaci\u00f3n de la asociaci\u00f3n Golden Dreams Teams, han firmado el convenio de colaboraci\u00f3n en virtud del cual Recoletas Salud patrocinar\u00e1 el Foro Internacional del Deporte de Segovia que se celebrar\u00e1 los d\u00edas 4, 5 y 6 de abril.<\/p>\n\n\n\n<p>Se trata de un evento de referencia en el panorama deportivo nacional que acumula con \u00e9xito ya siete ediciones en la ciudad de Le\u00f3n, dos en la ciudad de Santander y una en la Comunidad de Madrid.<\/p>\n\n\n\n<p>Recoletas Salud se distingue por apoyar la promoci\u00f3n del deporte en las ciudades en las que tiene presencia. <em>\u201cPara nosotros es un orgullo poder hacer realidad que Segovia disfrute de este foro. Apostamos por Castilla y Le\u00f3n y porque no haga falta tener que desplazarse fuera de nuestras ciudades ni para recibir asistencia m\u00e9dica de calidad, ni para poder disfrutar de interesantes eventos como \u00e9ste\u201d, <\/em>se\u00f1al\u00f3 el gerente del hospital de Segovia.<\/p>\n\n\n\n<p>El&nbsp;Foro es un&nbsp;evento \u00fanico en Espa\u00f1a, respaldado y avalado por la Fundaci\u00f3n Deporte Joven del Consejo Superior de Deportes,&nbsp;que a\u00fana&nbsp;deporte, conocimiento y espect\u00e1culo&nbsp;con el objeto de conocer las historias vitales de los grandes deportistas y entrenadores de la historia para que sirvan de inspiraci\u00f3n y referencia para la sociedad&nbsp;y sirva adem\u00e1s para fomentar h\u00e1bitos de vida saludable entre la poblaci\u00f3n.<\/p>\n\n\n\n<p>Por ello, precisamente, a\u00f1adi\u00f3 el gerente del Hospital Recoletas Salud Segovia en el foro participar\u00e1 la nutricionista de la Unidad de Nutrici\u00f3n y Obesidad, Alba Pe\u00f1a, quien hablar\u00e1 de la importancia de una correcta alimentaci\u00f3n para vivir m\u00e1s y vivir mejor.<\/p>\n","protected":false},"excerpt":{"rendered":"<p>El gerente del Hospital Recoletas Salud Segovia, Ignacio Cabez\u00f3n, y Francisco del R\u00edo, en representaci\u00f3n de la asociaci\u00f3n Golden Dreams Teams, han firmado el convenio de colaboraci\u00f3n en virtud del cual Recoletas Salud patrocinar\u00e1 el Foro Internacional del Deporte de Segovia que se celebrar\u00e1 los d\u00edas 4, 5 y 6 de abril. Se trata de [&hellip;]<\/p>\n","protected":false},"author":2,"featured_media":16354,"comment_status":"closed","ping_status":"closed","sticky":false,"template":"","format":"standard","meta":{"_acf_changed":false,"footnotes":""},"categories":[43,1,23,5],"tags":[1442,2620,1440],"class_list":["post-16353","post","type-post","status-publish","format-standard","has-post-thumbnail","hentry","category-centros","category-grupo-recoletas","category-hrsg","category-segovia","tag-deporte","tag-hospital-recoletas-segovia","tag-patrocinios"],"acf":[],"yoast_head":"<!-- This site is optimized with the Yoast SEO Premium plugin v27.3 (Yoast SEO v27.3) - https:\/\/yoast.com\/product\/yoast-seo-premium-wordpress\/ -->\n<title>Recoletas Salud patrocina el Foro Internacional del Deporte de Segovia - Noticias Grupo Recoletas<\/title>\n<meta name=\"description\" content=\"Una muestra del compromiso de Recoeltas Salud por apoyar la promoci\u00f3n del deporte en las ciudades en las que tiene presencia.\" \/>\n<meta name=\"robots\" content=\"index, follow, max-snippet:-1, max-image-preview:large, max-video-preview:-1\" \/>\n<link rel=\"canonical\" href=\"https:\/\/www.gruporecoletas.com\/noticias\/recoletas-salud-patrocina-el-foro-internacional-del-deporte-de-segovia\/\" \/>\n<meta property=\"og:locale\" content=\"es_ES\" \/>\n<meta property=\"og:type\" content=\"article\" \/>\n<meta property=\"og:title\" content=\"Recoletas Salud patrocina el Foro Internacional del Deporte de Segovia\" \/>\n<meta property=\"og:description\" content=\"Una muestra del compromiso de Recoeltas Salud por apoyar la promoci\u00f3n del deporte en las ciudades en las que tiene presencia.\" \/>\n<meta property=\"og:url\" content=\"https:\/\/www.gruporecoletas.com\/noticias\/recoletas-salud-patrocina-el-foro-internacional-del-deporte-de-segovia\/\" \/>\n<meta property=\"og:site_name\" content=\"Noticias Grupo Recoletas\" \/>\n<meta property=\"article:publisher\" content=\"https:\/\/www.facebook.com\/GrupoRecoletas\/\" \/>\n<meta property=\"article:published_time\" content=\"2024-03-18T08:13:27+00:00\" \/>\n<meta property=\"article:modified_time\" content=\"2024-03-18T08:13:28+00:00\" \/>\n<meta property=\"og:image\" content=\"https:\/\/www.gruporecoletas.com\/noticias\/wp-content\/uploads\/2024\/03\/FID-SEGOVIA-PREENTACION-OFICIAL-WEB.png\" \/>\n\t<meta property=\"og:image:width\" content=\"1366\" \/>\n\t<meta property=\"og:image:height\" content=\"768\" \/>\n\t<meta property=\"og:image:type\" content=\"image\/png\" \/>\n<meta name=\"author\" content=\"Recoletas Red Hospitalaria\" \/>\n<meta name=\"twitter:card\" content=\"summary_large_image\" \/>\n<meta name=\"twitter:creator\" content=\"@GrupoRecoletas\" \/>\n<meta name=\"twitter:site\" content=\"@GrupoRecoletas\" \/>\n<meta name=\"twitter:label1\" content=\"Escrito por\" \/>\n\t<meta name=\"twitter:data1\" content=\"Recoletas Red Hospitalaria\" \/>\n\t<meta name=\"twitter:label2\" content=\"Tiempo de lectura\" \/>\n\t<meta name=\"twitter:data2\" content=\"1 minuto\" \/>\n<script type=\"application\/ld+json\" class=\"yoast-schema-graph\">{\"@context\":\"https:\\\/\\\/schema.org\",\"@graph\":[{\"@type\":\"Article\",\"@id\":\"https:\\\/\\\/www.gruporecoletas.com\\\/noticias\\\/recoletas-salud-patrocina-el-foro-internacional-del-deporte-de-segovia\\\/#article\",\"isPartOf\":{\"@id\":\"https:\\\/\\\/www.gruporecoletas.com\\\/noticias\\\/recoletas-salud-patrocina-el-foro-internacional-del-deporte-de-segovia\\\/\"},\"author\":{\"name\":\"Recoletas Red Hospitalaria\",\"@id\":\"https:\\\/\\\/www.gruporecoletas.com\\\/noticias\\\/#\\\/schema\\\/person\\\/3c6ac429828d1f5e3d3bd99f4da9b02c\"},\"headline\":\"Recoletas Salud patrocina el Foro Internacional del Deporte de Segovia\",\"datePublished\":\"2024-03-18T08:13:27+00:00\",\"dateModified\":\"2024-03-18T08:13:28+00:00\",\"mainEntityOfPage\":{\"@id\":\"https:\\\/\\\/www.gruporecoletas.com\\\/noticias\\\/recoletas-salud-patrocina-el-foro-internacional-del-deporte-de-segovia\\\/\"},\"wordCount\":305,\"image\":{\"@id\":\"https:\\\/\\\/www.gruporecoletas.com\\\/noticias\\\/recoletas-salud-patrocina-el-foro-internacional-del-deporte-de-segovia\\\/#primaryimage\"},\"thumbnailUrl\":\"https:\\\/\\\/www.gruporecoletas.com\\\/noticias\\\/wp-content\\\/uploads\\\/2024\\\/03\\\/FID-SEGOVIA-PREENTACION-OFICIAL-WEB.png\",\"keywords\":[\"Deporte\",\"hospital recoletas segovia\",\"Patrocinios\"],\"articleSection\":[\"Centros\",\"Grupo Recoletas\",\"HRSG\",\"Segovia\"],\"inLanguage\":\"es\"},{\"@type\":\"WebPage\",\"@id\":\"https:\\\/\\\/www.gruporecoletas.com\\\/noticias\\\/recoletas-salud-patrocina-el-foro-internacional-del-deporte-de-segovia\\\/\",\"url\":\"https:\\\/\\\/www.gruporecoletas.com\\\/noticias\\\/recoletas-salud-patrocina-el-foro-internacional-del-deporte-de-segovia\\\/\",\"name\":\"Recoletas Salud patrocina el Foro Internacional del Deporte de Segovia - Noticias Grupo Recoletas\",\"isPartOf\":{\"@id\":\"https:\\\/\\\/www.gruporecoletas.com\\\/noticias\\\/#website\"},\"primaryImageOfPage\":{\"@id\":\"https:\\\/\\\/www.gruporecoletas.com\\\/noticias\\\/recoletas-salud-patrocina-el-foro-internacional-del-deporte-de-segovia\\\/#primaryimage\"},\"image\":{\"@id\":\"https:\\\/\\\/www.gruporecoletas.com\\\/noticias\\\/recoletas-salud-patrocina-el-foro-internacional-del-deporte-de-segovia\\\/#primaryimage\"},\"thumbnailUrl\":\"https:\\\/\\\/www.gruporecoletas.com\\\/noticias\\\/wp-content\\\/uploads\\\/2024\\\/03\\\/FID-SEGOVIA-PREENTACION-OFICIAL-WEB.png\",\"datePublished\":\"2024-03-18T08:13:27+00:00\",\"dateModified\":\"2024-03-18T08:13:28+00:00\",\"author\":{\"@id\":\"https:\\\/\\\/www.gruporecoletas.com\\\/noticias\\\/#\\\/schema\\\/person\\\/3c6ac429828d1f5e3d3bd99f4da9b02c\"},\"description\":\"Una muestra del compromiso de Recoeltas Salud por apoyar la promoci\u00f3n del deporte en las ciudades en las que tiene presencia.\",\"breadcrumb\":{\"@id\":\"https:\\\/\\\/www.gruporecoletas.com\\\/noticias\\\/recoletas-salud-patrocina-el-foro-internacional-del-deporte-de-segovia\\\/#breadcrumb\"},\"inLanguage\":\"es\",\"potentialAction\":[{\"@type\":\"ReadAction\",\"target\":[\"https:\\\/\\\/www.gruporecoletas.com\\\/noticias\\\/recoletas-salud-patrocina-el-foro-internacional-del-deporte-de-segovia\\\/\"]}]},{\"@type\":\"ImageObject\",\"inLanguage\":\"es\",\"@id\":\"https:\\\/\\\/www.gruporecoletas.com\\\/noticias\\\/recoletas-salud-patrocina-el-foro-internacional-del-deporte-de-segovia\\\/#primaryimage\",\"url\":\"https:\\\/\\\/www.gruporecoletas.com\\\/noticias\\\/wp-content\\\/uploads\\\/2024\\\/03\\\/FID-SEGOVIA-PREENTACION-OFICIAL-WEB.png\",\"contentUrl\":\"https:\\\/\\\/www.gruporecoletas.com\\\/noticias\\\/wp-content\\\/uploads\\\/2024\\\/03\\\/FID-SEGOVIA-PREENTACION-OFICIAL-WEB.png\",\"width\":1366,\"height\":768,\"caption\":\"Recoletas Salud patrocina el Foro Internacional del Deporte de Segovia\"},{\"@type\":\"BreadcrumbList\",\"@id\":\"https:\\\/\\\/www.gruporecoletas.com\\\/noticias\\\/recoletas-salud-patrocina-el-foro-internacional-del-deporte-de-segovia\\\/#breadcrumb\",\"itemListElement\":[{\"@type\":\"ListItem\",\"position\":1,\"name\":\"Portada\",\"item\":\"https:\\\/\\\/www.gruporecoletas.com\\\/noticias\\\/\"},{\"@type\":\"ListItem\",\"position\":2,\"name\":\"Recoletas Salud patrocina el Foro Internacional del Deporte de Segovia\"}]},{\"@type\":\"WebSite\",\"@id\":\"https:\\\/\\\/www.gruporecoletas.com\\\/noticias\\\/#website\",\"url\":\"https:\\\/\\\/www.gruporecoletas.com\\\/noticias\\\/\",\"name\":\"Noticias Grupo Recoletas\",\"description\":\"Grupo Recoletas\",\"potentialAction\":[{\"@type\":\"SearchAction\",\"target\":{\"@type\":\"EntryPoint\",\"urlTemplate\":\"https:\\\/\\\/www.gruporecoletas.com\\\/noticias\\\/?s={search_term_string}\"},\"query-input\":{\"@type\":\"PropertyValueSpecification\",\"valueRequired\":true,\"valueName\":\"search_term_string\"}}],\"inLanguage\":\"es\"},{\"@type\":\"Person\",\"@id\":\"https:\\\/\\\/www.gruporecoletas.com\\\/noticias\\\/#\\\/schema\\\/person\\\/3c6ac429828d1f5e3d3bd99f4da9b02c\",\"name\":\"Recoletas Red Hospitalaria\",\"url\":\"https:\\\/\\\/www.gruporecoletas.com\\\/noticias\\\/author\\\/comunicacion\\\/\"}]}<\/script>\n<!-- \/ Yoast SEO Premium plugin. -->","yoast_head_json":{"title":"Recoletas Salud patrocina el Foro Internacional del Deporte de Segovia - Noticias Grupo Recoletas","description":"Una muestra del compromiso de Recoeltas Salud por apoyar la promoci\u00f3n del deporte en las ciudades en las que tiene presencia.","robots":{"index":"index","follow":"follow","max-snippet":"max-snippet:-1","max-image-preview":"max-image-preview:large","max-video-preview":"max-video-preview:-1"},"canonical":"https:\/\/www.gruporecoletas.com\/noticias\/recoletas-salud-patrocina-el-foro-internacional-del-deporte-de-segovia\/","og_locale":"es_ES","og_type":"article","og_title":"Recoletas Salud patrocina el Foro Internacional del Deporte de Segovia","og_description":"Una muestra del compromiso de Recoeltas Salud por apoyar la promoci\u00f3n del deporte en las ciudades en las que tiene presencia.","og_url":"https:\/\/www.gruporecoletas.com\/noticias\/recoletas-salud-patrocina-el-foro-internacional-del-deporte-de-segovia\/","og_site_name":"Noticias Grupo Recoletas","article_publisher":"https:\/\/www.facebook.com\/GrupoRecoletas\/","article_published_time":"2024-03-18T08:13:27+00:00","article_modified_time":"2024-03-18T08:13:28+00:00","og_image":[{"width":1366,"height":768,"url":"https:\/\/www.gruporecoletas.com\/noticias\/wp-content\/uploads\/2024\/03\/FID-SEGOVIA-PREENTACION-OFICIAL-WEB.png","type":"image\/png"}],"author":"Recoletas Red Hospitalaria","twitter_card":"summary_large_image","twitter_creator":"@GrupoRecoletas","twitter_site":"@GrupoRecoletas","twitter_misc":{"Escrito por":"Recoletas Red Hospitalaria","Tiempo de lectura":"1 minuto"},"schema":{"@context":"https:\/\/schema.org","@graph":[{"@type":"Article","@id":"https:\/\/www.gruporecoletas.com\/noticias\/recoletas-salud-patrocina-el-foro-internacional-del-deporte-de-segovia\/#article","isPartOf":{"@id":"https:\/\/www.gruporecoletas.com\/noticias\/recoletas-salud-patrocina-el-foro-internacional-del-deporte-de-segovia\/"},"author":{"name":"Recoletas Red Hospitalaria","@id":"https:\/\/www.gruporecoletas.com\/noticias\/#\/schema\/person\/3c6ac429828d1f5e3d3bd99f4da9b02c"},"headline":"Recoletas Salud patrocina el Foro Internacional del Deporte de Segovia","datePublished":"2024-03-18T08:13:27+00:00","dateModified":"2024-03-18T08:13:28+00:00","mainEntityOfPage":{"@id":"https:\/\/www.gruporecoletas.com\/noticias\/recoletas-salud-patrocina-el-foro-internacional-del-deporte-de-segovia\/"},"wordCount":305,"image":{"@id":"https:\/\/www.gruporecoletas.com\/noticias\/recoletas-salud-patrocina-el-foro-internacional-del-deporte-de-segovia\/#primaryimage"},"thumbnailUrl":"https:\/\/www.gruporecoletas.com\/noticias\/wp-content\/uploads\/2024\/03\/FID-SEGOVIA-PREENTACION-OFICIAL-WEB.png","keywords":["Deporte","hospital recoletas segovia","Patrocinios"],"articleSection":["Centros","Grupo Recoletas","HRSG","Segovia"],"inLanguage":"es"},{"@type":"WebPage","@id":"https:\/\/www.gruporecoletas.com\/noticias\/recoletas-salud-patrocina-el-foro-internacional-del-deporte-de-segovia\/","url":"https:\/\/www.gruporecoletas.com\/noticias\/recoletas-salud-patrocina-el-foro-internacional-del-deporte-de-segovia\/","name":"Recoletas Salud patrocina el Foro Internacional del Deporte de Segovia - Noticias Grupo Recoletas","isPartOf":{"@id":"https:\/\/www.gruporecoletas.com\/noticias\/#website"},"primaryImageOfPage":{"@id":"https:\/\/www.gruporecoletas.com\/noticias\/recoletas-salud-patrocina-el-foro-internacional-del-deporte-de-segovia\/#primaryimage"},"image":{"@id":"https:\/\/www.gruporecoletas.com\/noticias\/recoletas-salud-patrocina-el-foro-internacional-del-deporte-de-segovia\/#primaryimage"},"thumbnailUrl":"https:\/\/www.gruporecoletas.com\/noticias\/wp-content\/uploads\/2024\/03\/FID-SEGOVIA-PREENTACION-OFICIAL-WEB.png","datePublished":"2024-03-18T08:13:27+00:00","dateModified":"2024-03-18T08:13:28+00:00","author":{"@id":"https:\/\/www.gruporecoletas.com\/noticias\/#\/schema\/person\/3c6ac429828d1f5e3d3bd99f4da9b02c"},"description":"Una muestra del compromiso de Recoeltas Salud por apoyar la promoci\u00f3n del deporte en las ciudades en las que tiene presencia.","breadcrumb":{"@id":"https:\/\/www.gruporecoletas.com\/noticias\/recoletas-salud-patrocina-el-foro-internacional-del-deporte-de-segovia\/#breadcrumb"},"inLanguage":"es","potentialAction":[{"@type":"ReadAction","target":["https:\/\/www.gruporecoletas.com\/noticias\/recoletas-salud-patrocina-el-foro-internacional-del-deporte-de-segovia\/"]}]},{"@type":"ImageObject","inLanguage":"es","@id":"https:\/\/www.gruporecoletas.com\/noticias\/recoletas-salud-patrocina-el-foro-internacional-del-deporte-de-segovia\/#primaryimage","url":"https:\/\/www.gruporecoletas.com\/noticias\/wp-content\/uploads\/2024\/03\/FID-SEGOVIA-PREENTACION-OFICIAL-WEB.png","contentUrl":"https:\/\/www.gruporecoletas.com\/noticias\/wp-content\/uploads\/2024\/03\/FID-SEGOVIA-PREENTACION-OFICIAL-WEB.png","width":1366,"height":768,"caption":"Recoletas Salud patrocina el Foro Internacional del Deporte de Segovia"},{"@type":"BreadcrumbList","@id":"https:\/\/www.gruporecoletas.com\/noticias\/recoletas-salud-patrocina-el-foro-internacional-del-deporte-de-segovia\/#breadcrumb","itemListElement":[{"@type":"ListItem","position":1,"name":"Portada","item":"https:\/\/www.gruporecoletas.com\/noticias\/"},{"@type":"ListItem","position":2,"name":"Recoletas Salud patrocina el Foro Internacional del Deporte de Segovia"}]},{"@type":"WebSite","@id":"https:\/\/www.gruporecoletas.com\/noticias\/#website","url":"https:\/\/www.gruporecoletas.com\/noticias\/","name":"Noticias Grupo Recoletas","description":"Grupo Recoletas","potentialAction":[{"@type":"SearchAction","target":{"@type":"EntryPoint","urlTemplate":"https:\/\/www.gruporecoletas.com\/noticias\/?s={search_term_string}"},"query-input":{"@type":"PropertyValueSpecification","valueRequired":true,"valueName":"search_term_string"}}],"inLanguage":"es"},{"@type":"Person","@id":"https:\/\/www.gruporecoletas.com\/noticias\/#\/schema\/person\/3c6ac429828d1f5e3d3bd99f4da9b02c","name":"Recoletas Red Hospitalaria","url":"https:\/\/www.gruporecoletas.com\/noticias\/author\/comunicacion\/"}]}},"_links":{"self":[{"href":"https:\/\/www.gruporecoletas.com\/noticias\/wp-json\/wp\/v2\/posts\/16353","targetHints":{"allow":["GET"]}}],"collection":[{"href":"https:\/\/www.gruporecoletas.com\/noticias\/wp-json\/wp\/v2\/posts"}],"about":[{"href":"https:\/\/www.gruporecoletas.com\/noticias\/wp-json\/wp\/v2\/types\/post"}],"author":[{"embeddable":true,"href":"https:\/\/www.gruporecoletas.com\/noticias\/wp-json\/wp\/v2\/users\/2"}],"replies":[{"embeddable":true,"href":"https:\/\/www.gruporecoletas.com\/noticias\/wp-json\/wp\/v2\/comments?post=16353"}],"version-history":[{"count":1,"href":"https:\/\/www.gruporecoletas.com\/noticias\/wp-json\/wp\/v2\/posts\/16353\/revisions"}],"predecessor-version":[{"id":16355,"href":"https:\/\/www.gruporecoletas.com\/noticias\/wp-json\/wp\/v2\/posts\/16353\/revisions\/16355"}],"wp:featuredmedia":[{"embeddable":true,"href":"https:\/\/www.gruporecoletas.com\/noticias\/wp-json\/wp\/v2\/media\/16354"}],"wp:attachment":[{"href":"https:\/\/www.gruporecoletas.com\/noticias\/wp-json\/wp\/v2\/media?parent=16353"}],"wp:term":[{"taxonomy":"category","embeddable":true,"href":"https:\/\/www.gruporecoletas.com\/noticias\/wp-json\/wp\/v2\/categories?post=16353"},{"taxonomy":"post_tag","embeddable":true,"href":"https:\/\/www.gruporecoletas.com\/noticias\/wp-json\/wp\/v2\/tags?post=16353"}],"curies":[{"name":"wp","href":"https:\/\/api.w.org\/{rel}","templated":true}]}}