{"id":16356,"date":"2024-03-21T14:08:17","date_gmt":"2024-03-21T13:08:17","guid":{"rendered":"https:\/\/www.gruporecoletas.com\/noticias\/?p=16356"},"modified":"2024-03-21T14:08:19","modified_gmt":"2024-03-21T13:08:19","slug":"recoletas-salud-participa-en-la-i-jornada-zamora-funciona","status":"publish","type":"post","link":"https:\/\/www.gruporecoletas.com\/noticias\/recoletas-salud-participa-en-la-i-jornada-zamora-funciona\/","title":{"rendered":"Recoletas Salud participa en la I Jornada Zamora Funciona"},"content":{"rendered":"\n<p>El gerente de Recoletas Salud Zamora, \u00d3scar Iglesias, ha participado en la I Jornada Zamora Funciona que ha tenido lugar en el sal\u00f3n de actos del Campus Viriato.<\/p>\n\n\n\n<p>En su intervenci\u00f3n, \u00d3scar Iglesias ha dado a conocer a los alumnos asistentes los valores que Recoletas le ha aportado y c\u00f3mo los ha ido utilizando a lo largo de su vida personal y profesional.<\/p>\n\n\n\n<p>Valores como pasi\u00f3n, ilusi\u00f3n, compromiso y excelencia. Bienes importantes para poder trasladarlos a tu d\u00eda a d\u00eda. \u201cPorque con esfuerzo y decisi\u00f3n podr\u00e1s aportar y defender tus ideas. Podr\u00e1s equivocarte, podr\u00e1s triunfar, pero, ante todo y sobre todo, podr\u00e1s aprovechar las oportunidades que da esta tierra y con las que puedes mejorar Zamora.\u201d<\/p>\n\n\n\n<p>El compromiso es la capacidad que tenemos para tomar conciencia de la importancia que tiene cumplir con el desarrollo de nuestro trabajo. Porque al comprometernos, ponemos al m\u00e1ximo nuestras capacidades para sacar adelante la tarea que nos encomienden. \u201cAs\u00ed que creo firmemente que el esfuerzo es fundamental para la consecuci\u00f3n de los valores\u201d ha se\u00f1alado \u00d3scar Iglesias.<\/p>\n\n\n\n<p>Como ejemplo de ese compromiso, el gerente de Recoletas Salud Zamora ha hecho menci\u00f3n al programa PULSO VITAL porque fue creado con objetivo claro: comprometerse con Zamora, con sus mayores, con la poblaci\u00f3n rural y ayudar a quienes han trabajado por transformar esta tierra a vivir m\u00e1s y mejor.<\/p>\n\n\n\n<p>Ha querido insistir tambi\u00e9n en que \u201cdeb\u00e9is mirar a Zamora desde una perspectiva positiva y creer en vosotros mismos. Mirar con ilusi\u00f3n al futuro aqu\u00ed, apostar por vuestras ra\u00edces y por lo que esta provincia os ofrece. Vosotros sois el futuro y en vuestras manos est\u00e1 crear una Zamora m\u00e1s amable y m\u00e1s rica\u201d<\/p>\n\n\n\n<p>\u201cYo apost\u00e9 por Zamora y me ha aportado muchas satisfacciones profesionales. Trabajo siempre en equipo. Con ellos remo en una misma direcci\u00f3n. He ido recabando talento a lo largo de los a\u00f1os\u2013 y he de decir que aqu\u00ed, hay mucho- y estoy orgulloso de haber colaborado y colaborar d\u00eda a d\u00eda en aportar nuestro granito de arena para seguir mejorando esta provincia\u201d<\/p>\n\n\n\n<p>El Gerente de Recoletas Salud Zamora ha compartido la jornada con el director de la planta de Audensfood, el responsable de Atracci\u00f3n y Selecci\u00f3n de Talento de Iberdrola y el delegado de la USAL para el Campus Viriato.<\/p>\n","protected":false},"excerpt":{"rendered":"<p>El gerente de Recoletas Salud Zamora, \u00d3scar Iglesias, ha participado en la I Jornada Zamora Funciona que ha tenido lugar en el sal\u00f3n de actos del Campus Viriato. En su intervenci\u00f3n, \u00d3scar Iglesias ha dado a conocer a los alumnos asistentes los valores que Recoletas le ha aportado y c\u00f3mo los ha ido utilizando a [&hellip;]<\/p>\n","protected":false},"author":2,"featured_media":16357,"comment_status":"closed","ping_status":"closed","sticky":false,"template":"","format":"standard","meta":{"_acf_changed":false,"footnotes":""},"categories":[43,1,16,21],"tags":[],"class_list":["post-16356","post","type-post","status-publish","format-standard","has-post-thumbnail","hentry","category-centros","category-grupo-recoletas","category-hrza","category-zamora"],"acf":[],"yoast_head":"<!-- This site is optimized with the Yoast SEO Premium plugin v27.3 (Yoast SEO v27.3) - https:\/\/yoast.com\/product\/yoast-seo-premium-wordpress\/ -->\n<title>Recoletas Salud participa en la I Jornada Zamora Funciona - Noticias Grupo Recoletas<\/title>\n<meta name=\"description\" content=\"\u00d3scar Iglesias, gerente del Hospital Recoletas Salud Zamora, ha resaltado los valores de Recoletas Salud y ha hecho hincapi\u00e9 en trabajar por y para Zamora\" \/>\n<meta name=\"robots\" content=\"index, follow, max-snippet:-1, max-image-preview:large, max-video-preview:-1\" \/>\n<link rel=\"canonical\" href=\"https:\/\/www.gruporecoletas.com\/noticias\/recoletas-salud-participa-en-la-i-jornada-zamora-funciona\/\" \/>\n<meta property=\"og:locale\" content=\"es_ES\" \/>\n<meta property=\"og:type\" content=\"article\" \/>\n<meta property=\"og:title\" content=\"Recoletas Salud participa en la I Jornada Zamora Funciona\" \/>\n<meta property=\"og:description\" content=\"\u00d3scar Iglesias, gerente del Hospital Recoletas Salud Zamora, ha resaltado los valores de Recoletas Salud y ha hecho hincapi\u00e9 en trabajar por y para Zamora\" \/>\n<meta property=\"og:url\" content=\"https:\/\/www.gruporecoletas.com\/noticias\/recoletas-salud-participa-en-la-i-jornada-zamora-funciona\/\" \/>\n<meta property=\"og:site_name\" content=\"Noticias Grupo Recoletas\" \/>\n<meta property=\"article:publisher\" content=\"https:\/\/www.facebook.com\/GrupoRecoletas\/\" \/>\n<meta property=\"article:published_time\" content=\"2024-03-21T13:08:17+00:00\" \/>\n<meta property=\"article:modified_time\" content=\"2024-03-21T13:08:19+00:00\" \/>\n<meta property=\"og:image\" content=\"https:\/\/www.gruporecoletas.com\/noticias\/wp-content\/uploads\/2024\/03\/PONENCIA-HRZA.png\" \/>\n\t<meta property=\"og:image:width\" content=\"1366\" \/>\n\t<meta property=\"og:image:height\" content=\"768\" \/>\n\t<meta property=\"og:image:type\" content=\"image\/png\" \/>\n<meta name=\"author\" content=\"Recoletas Red Hospitalaria\" \/>\n<meta name=\"twitter:card\" content=\"summary_large_image\" \/>\n<meta name=\"twitter:creator\" content=\"@GrupoRecoletas\" \/>\n<meta name=\"twitter:site\" content=\"@GrupoRecoletas\" \/>\n<meta name=\"twitter:label1\" content=\"Escrito por\" \/>\n\t<meta name=\"twitter:data1\" content=\"Recoletas Red Hospitalaria\" \/>\n\t<meta name=\"twitter:label2\" content=\"Tiempo de lectura\" \/>\n\t<meta name=\"twitter:data2\" content=\"2 minutos\" \/>\n<script type=\"application\/ld+json\" class=\"yoast-schema-graph\">{\"@context\":\"https:\\\/\\\/schema.org\",\"@graph\":[{\"@type\":\"Article\",\"@id\":\"https:\\\/\\\/www.gruporecoletas.com\\\/noticias\\\/recoletas-salud-participa-en-la-i-jornada-zamora-funciona\\\/#article\",\"isPartOf\":{\"@id\":\"https:\\\/\\\/www.gruporecoletas.com\\\/noticias\\\/recoletas-salud-participa-en-la-i-jornada-zamora-funciona\\\/\"},\"author\":{\"name\":\"Recoletas Red Hospitalaria\",\"@id\":\"https:\\\/\\\/www.gruporecoletas.com\\\/noticias\\\/#\\\/schema\\\/person\\\/3c6ac429828d1f5e3d3bd99f4da9b02c\"},\"headline\":\"Recoletas Salud participa en la I Jornada Zamora Funciona\",\"datePublished\":\"2024-03-21T13:08:17+00:00\",\"dateModified\":\"2024-03-21T13:08:19+00:00\",\"mainEntityOfPage\":{\"@id\":\"https:\\\/\\\/www.gruporecoletas.com\\\/noticias\\\/recoletas-salud-participa-en-la-i-jornada-zamora-funciona\\\/\"},\"wordCount\":415,\"image\":{\"@id\":\"https:\\\/\\\/www.gruporecoletas.com\\\/noticias\\\/recoletas-salud-participa-en-la-i-jornada-zamora-funciona\\\/#primaryimage\"},\"thumbnailUrl\":\"https:\\\/\\\/www.gruporecoletas.com\\\/noticias\\\/wp-content\\\/uploads\\\/2024\\\/03\\\/PONENCIA-HRZA.png\",\"articleSection\":[\"Centros\",\"Grupo Recoletas\",\"HRZA\",\"Zamora\"],\"inLanguage\":\"es\"},{\"@type\":\"WebPage\",\"@id\":\"https:\\\/\\\/www.gruporecoletas.com\\\/noticias\\\/recoletas-salud-participa-en-la-i-jornada-zamora-funciona\\\/\",\"url\":\"https:\\\/\\\/www.gruporecoletas.com\\\/noticias\\\/recoletas-salud-participa-en-la-i-jornada-zamora-funciona\\\/\",\"name\":\"Recoletas Salud participa en la I Jornada Zamora Funciona - Noticias Grupo Recoletas\",\"isPartOf\":{\"@id\":\"https:\\\/\\\/www.gruporecoletas.com\\\/noticias\\\/#website\"},\"primaryImageOfPage\":{\"@id\":\"https:\\\/\\\/www.gruporecoletas.com\\\/noticias\\\/recoletas-salud-participa-en-la-i-jornada-zamora-funciona\\\/#primaryimage\"},\"image\":{\"@id\":\"https:\\\/\\\/www.gruporecoletas.com\\\/noticias\\\/recoletas-salud-participa-en-la-i-jornada-zamora-funciona\\\/#primaryimage\"},\"thumbnailUrl\":\"https:\\\/\\\/www.gruporecoletas.com\\\/noticias\\\/wp-content\\\/uploads\\\/2024\\\/03\\\/PONENCIA-HRZA.png\",\"datePublished\":\"2024-03-21T13:08:17+00:00\",\"dateModified\":\"2024-03-21T13:08:19+00:00\",\"author\":{\"@id\":\"https:\\\/\\\/www.gruporecoletas.com\\\/noticias\\\/#\\\/schema\\\/person\\\/3c6ac429828d1f5e3d3bd99f4da9b02c\"},\"description\":\"\u00d3scar Iglesias, gerente del Hospital Recoletas Salud Zamora, ha resaltado los valores de Recoletas Salud y ha hecho hincapi\u00e9 en trabajar por y para Zamora\",\"breadcrumb\":{\"@id\":\"https:\\\/\\\/www.gruporecoletas.com\\\/noticias\\\/recoletas-salud-participa-en-la-i-jornada-zamora-funciona\\\/#breadcrumb\"},\"inLanguage\":\"es\",\"potentialAction\":[{\"@type\":\"ReadAction\",\"target\":[\"https:\\\/\\\/www.gruporecoletas.com\\\/noticias\\\/recoletas-salud-participa-en-la-i-jornada-zamora-funciona\\\/\"]}]},{\"@type\":\"ImageObject\",\"inLanguage\":\"es\",\"@id\":\"https:\\\/\\\/www.gruporecoletas.com\\\/noticias\\\/recoletas-salud-participa-en-la-i-jornada-zamora-funciona\\\/#primaryimage\",\"url\":\"https:\\\/\\\/www.gruporecoletas.com\\\/noticias\\\/wp-content\\\/uploads\\\/2024\\\/03\\\/PONENCIA-HRZA.png\",\"contentUrl\":\"https:\\\/\\\/www.gruporecoletas.com\\\/noticias\\\/wp-content\\\/uploads\\\/2024\\\/03\\\/PONENCIA-HRZA.png\",\"width\":1366,\"height\":768,\"caption\":\"Recoletas Salud participa en la I Jornada Zamora Funciona\"},{\"@type\":\"BreadcrumbList\",\"@id\":\"https:\\\/\\\/www.gruporecoletas.com\\\/noticias\\\/recoletas-salud-participa-en-la-i-jornada-zamora-funciona\\\/#breadcrumb\",\"itemListElement\":[{\"@type\":\"ListItem\",\"position\":1,\"name\":\"Portada\",\"item\":\"https:\\\/\\\/www.gruporecoletas.com\\\/noticias\\\/\"},{\"@type\":\"ListItem\",\"position\":2,\"name\":\"Recoletas Salud participa en la I Jornada Zamora Funciona\"}]},{\"@type\":\"WebSite\",\"@id\":\"https:\\\/\\\/www.gruporecoletas.com\\\/noticias\\\/#website\",\"url\":\"https:\\\/\\\/www.gruporecoletas.com\\\/noticias\\\/\",\"name\":\"Noticias Grupo Recoletas\",\"description\":\"Grupo Recoletas\",\"potentialAction\":[{\"@type\":\"SearchAction\",\"target\":{\"@type\":\"EntryPoint\",\"urlTemplate\":\"https:\\\/\\\/www.gruporecoletas.com\\\/noticias\\\/?s={search_term_string}\"},\"query-input\":{\"@type\":\"PropertyValueSpecification\",\"valueRequired\":true,\"valueName\":\"search_term_string\"}}],\"inLanguage\":\"es\"},{\"@type\":\"Person\",\"@id\":\"https:\\\/\\\/www.gruporecoletas.com\\\/noticias\\\/#\\\/schema\\\/person\\\/3c6ac429828d1f5e3d3bd99f4da9b02c\",\"name\":\"Recoletas Red Hospitalaria\",\"url\":\"https:\\\/\\\/www.gruporecoletas.com\\\/noticias\\\/author\\\/comunicacion\\\/\"}]}<\/script>\n<!-- \/ Yoast SEO Premium plugin. -->","yoast_head_json":{"title":"Recoletas Salud participa en la I Jornada Zamora Funciona - Noticias Grupo Recoletas","description":"\u00d3scar Iglesias, gerente del Hospital Recoletas Salud Zamora, ha resaltado los valores de Recoletas Salud y ha hecho hincapi\u00e9 en trabajar por y para Zamora","robots":{"index":"index","follow":"follow","max-snippet":"max-snippet:-1","max-image-preview":"max-image-preview:large","max-video-preview":"max-video-preview:-1"},"canonical":"https:\/\/www.gruporecoletas.com\/noticias\/recoletas-salud-participa-en-la-i-jornada-zamora-funciona\/","og_locale":"es_ES","og_type":"article","og_title":"Recoletas Salud participa en la I Jornada Zamora Funciona","og_description":"\u00d3scar Iglesias, gerente del Hospital Recoletas Salud Zamora, ha resaltado los valores de Recoletas Salud y ha hecho hincapi\u00e9 en trabajar por y para Zamora","og_url":"https:\/\/www.gruporecoletas.com\/noticias\/recoletas-salud-participa-en-la-i-jornada-zamora-funciona\/","og_site_name":"Noticias Grupo Recoletas","article_publisher":"https:\/\/www.facebook.com\/GrupoRecoletas\/","article_published_time":"2024-03-21T13:08:17+00:00","article_modified_time":"2024-03-21T13:08:19+00:00","og_image":[{"width":1366,"height":768,"url":"https:\/\/www.gruporecoletas.com\/noticias\/wp-content\/uploads\/2024\/03\/PONENCIA-HRZA.png","type":"image\/png"}],"author":"Recoletas Red Hospitalaria","twitter_card":"summary_large_image","twitter_creator":"@GrupoRecoletas","twitter_site":"@GrupoRecoletas","twitter_misc":{"Escrito por":"Recoletas Red Hospitalaria","Tiempo de lectura":"2 minutos"},"schema":{"@context":"https:\/\/schema.org","@graph":[{"@type":"Article","@id":"https:\/\/www.gruporecoletas.com\/noticias\/recoletas-salud-participa-en-la-i-jornada-zamora-funciona\/#article","isPartOf":{"@id":"https:\/\/www.gruporecoletas.com\/noticias\/recoletas-salud-participa-en-la-i-jornada-zamora-funciona\/"},"author":{"name":"Recoletas Red Hospitalaria","@id":"https:\/\/www.gruporecoletas.com\/noticias\/#\/schema\/person\/3c6ac429828d1f5e3d3bd99f4da9b02c"},"headline":"Recoletas Salud participa en la I Jornada Zamora Funciona","datePublished":"2024-03-21T13:08:17+00:00","dateModified":"2024-03-21T13:08:19+00:00","mainEntityOfPage":{"@id":"https:\/\/www.gruporecoletas.com\/noticias\/recoletas-salud-participa-en-la-i-jornada-zamora-funciona\/"},"wordCount":415,"image":{"@id":"https:\/\/www.gruporecoletas.com\/noticias\/recoletas-salud-participa-en-la-i-jornada-zamora-funciona\/#primaryimage"},"thumbnailUrl":"https:\/\/www.gruporecoletas.com\/noticias\/wp-content\/uploads\/2024\/03\/PONENCIA-HRZA.png","articleSection":["Centros","Grupo Recoletas","HRZA","Zamora"],"inLanguage":"es"},{"@type":"WebPage","@id":"https:\/\/www.gruporecoletas.com\/noticias\/recoletas-salud-participa-en-la-i-jornada-zamora-funciona\/","url":"https:\/\/www.gruporecoletas.com\/noticias\/recoletas-salud-participa-en-la-i-jornada-zamora-funciona\/","name":"Recoletas Salud participa en la I Jornada Zamora Funciona - Noticias Grupo Recoletas","isPartOf":{"@id":"https:\/\/www.gruporecoletas.com\/noticias\/#website"},"primaryImageOfPage":{"@id":"https:\/\/www.gruporecoletas.com\/noticias\/recoletas-salud-participa-en-la-i-jornada-zamora-funciona\/#primaryimage"},"image":{"@id":"https:\/\/www.gruporecoletas.com\/noticias\/recoletas-salud-participa-en-la-i-jornada-zamora-funciona\/#primaryimage"},"thumbnailUrl":"https:\/\/www.gruporecoletas.com\/noticias\/wp-content\/uploads\/2024\/03\/PONENCIA-HRZA.png","datePublished":"2024-03-21T13:08:17+00:00","dateModified":"2024-03-21T13:08:19+00:00","author":{"@id":"https:\/\/www.gruporecoletas.com\/noticias\/#\/schema\/person\/3c6ac429828d1f5e3d3bd99f4da9b02c"},"description":"\u00d3scar Iglesias, gerente del Hospital Recoletas Salud Zamora, ha resaltado los valores de Recoletas Salud y ha hecho hincapi\u00e9 en trabajar por y para Zamora","breadcrumb":{"@id":"https:\/\/www.gruporecoletas.com\/noticias\/recoletas-salud-participa-en-la-i-jornada-zamora-funciona\/#breadcrumb"},"inLanguage":"es","potentialAction":[{"@type":"ReadAction","target":["https:\/\/www.gruporecoletas.com\/noticias\/recoletas-salud-participa-en-la-i-jornada-zamora-funciona\/"]}]},{"@type":"ImageObject","inLanguage":"es","@id":"https:\/\/www.gruporecoletas.com\/noticias\/recoletas-salud-participa-en-la-i-jornada-zamora-funciona\/#primaryimage","url":"https:\/\/www.gruporecoletas.com\/noticias\/wp-content\/uploads\/2024\/03\/PONENCIA-HRZA.png","contentUrl":"https:\/\/www.gruporecoletas.com\/noticias\/wp-content\/uploads\/2024\/03\/PONENCIA-HRZA.png","width":1366,"height":768,"caption":"Recoletas Salud participa en la I Jornada Zamora Funciona"},{"@type":"BreadcrumbList","@id":"https:\/\/www.gruporecoletas.com\/noticias\/recoletas-salud-participa-en-la-i-jornada-zamora-funciona\/#breadcrumb","itemListElement":[{"@type":"ListItem","position":1,"name":"Portada","item":"https:\/\/www.gruporecoletas.com\/noticias\/"},{"@type":"ListItem","position":2,"name":"Recoletas Salud participa en la I Jornada Zamora Funciona"}]},{"@type":"WebSite","@id":"https:\/\/www.gruporecoletas.com\/noticias\/#website","url":"https:\/\/www.gruporecoletas.com\/noticias\/","name":"Noticias Grupo Recoletas","description":"Grupo Recoletas","potentialAction":[{"@type":"SearchAction","target":{"@type":"EntryPoint","urlTemplate":"https:\/\/www.gruporecoletas.com\/noticias\/?s={search_term_string}"},"query-input":{"@type":"PropertyValueSpecification","valueRequired":true,"valueName":"search_term_string"}}],"inLanguage":"es"},{"@type":"Person","@id":"https:\/\/www.gruporecoletas.com\/noticias\/#\/schema\/person\/3c6ac429828d1f5e3d3bd99f4da9b02c","name":"Recoletas Red Hospitalaria","url":"https:\/\/www.gruporecoletas.com\/noticias\/author\/comunicacion\/"}]}},"_links":{"self":[{"href":"https:\/\/www.gruporecoletas.com\/noticias\/wp-json\/wp\/v2\/posts\/16356","targetHints":{"allow":["GET"]}}],"collection":[{"href":"https:\/\/www.gruporecoletas.com\/noticias\/wp-json\/wp\/v2\/posts"}],"about":[{"href":"https:\/\/www.gruporecoletas.com\/noticias\/wp-json\/wp\/v2\/types\/post"}],"author":[{"embeddable":true,"href":"https:\/\/www.gruporecoletas.com\/noticias\/wp-json\/wp\/v2\/users\/2"}],"replies":[{"embeddable":true,"href":"https:\/\/www.gruporecoletas.com\/noticias\/wp-json\/wp\/v2\/comments?post=16356"}],"version-history":[{"count":1,"href":"https:\/\/www.gruporecoletas.com\/noticias\/wp-json\/wp\/v2\/posts\/16356\/revisions"}],"predecessor-version":[{"id":16358,"href":"https:\/\/www.gruporecoletas.com\/noticias\/wp-json\/wp\/v2\/posts\/16356\/revisions\/16358"}],"wp:featuredmedia":[{"embeddable":true,"href":"https:\/\/www.gruporecoletas.com\/noticias\/wp-json\/wp\/v2\/media\/16357"}],"wp:attachment":[{"href":"https:\/\/www.gruporecoletas.com\/noticias\/wp-json\/wp\/v2\/media?parent=16356"}],"wp:term":[{"taxonomy":"category","embeddable":true,"href":"https:\/\/www.gruporecoletas.com\/noticias\/wp-json\/wp\/v2\/categories?post=16356"},{"taxonomy":"post_tag","embeddable":true,"href":"https:\/\/www.gruporecoletas.com\/noticias\/wp-json\/wp\/v2\/tags?post=16356"}],"curies":[{"name":"wp","href":"https:\/\/api.w.org\/{rel}","templated":true}]}}