{"id":16370,"date":"2024-04-10T14:02:13","date_gmt":"2024-04-10T12:02:13","guid":{"rendered":"https:\/\/www.gruporecoletas.com\/noticias\/?p=16370"},"modified":"2024-04-10T14:02:14","modified_gmt":"2024-04-10T12:02:14","slug":"dra-marta-conde-gomez-nueva-directora-medica-del-hospital-recoletas-salud-felipe-ii","status":"publish","type":"post","link":"https:\/\/www.gruporecoletas.com\/noticias\/dra-marta-conde-gomez-nueva-directora-medica-del-hospital-recoletas-salud-felipe-ii\/","title":{"rendered":"Dra. Marta Conde G\u00f3mez, nueva directora m\u00e9dica del Hospital Recoletas Salud Felipe II"},"content":{"rendered":"\n<p>La doctora Marta Conde G\u00f3mez es la nueva directora m\u00e9dica del Hospital Recoletas Salud Felipe II.<\/p>\n\n\n\n<p>Es m\u00e9dico de familia y cuenta con m\u00e1s de 20 a\u00f1os de experiencia. Para la doctora ser la directora m\u00e9dica del hospital es una grand\u00edsima oportunidad de desarrollo profesional. \u201c<em>Formar parte de un grupo como Recoletas Salud, que es l\u00edder de la sanidad privada en Castilla y Le\u00f3n gracias a una trayectoria impecable de 35 a\u00f1os al servicio de la sociedad es un honor. Me siento privilegiada trabajando de la mano de Ana L\u00eda Ju\u00e1rez, gerente del Hospital Recoletas Salud Felipe II y formando parte del equipo de 140 personas que conforman la plantilla de este centro\u201d, <\/em>destac\u00f3 la nueva directora m\u00e9dica.<\/p>\n\n\n\n<p>Entre sus nuevas funciones destacan las relacionadas con garantizar la calidad, la seguridad asistencial y el bienestar de los pacientes; mejorar y coordinar el trabajo de los profesionales, as\u00ed como fomentar&nbsp;procesos de mejora continua&nbsp;en el hospital.<\/p>\n\n\n\n<h4 class=\"wp-block-heading\"><strong><u>Hospital Recoletas Salud Felipe II<\/u><\/strong><\/h4>\n\n\n\n<p>Durante el a\u00f1o 2023, el hospital realiz\u00f3 cerca de 130.000 asistencias m\u00e9dicas. Las hospitalizaciones rozaron las 4.000 mientras que las urgencias las 7.500.<\/p>\n\n\n\n<p>El hospital cuenta con un cuadro m\u00e9dico de 88 profesionales de 15 especialidades m\u00e9dicas diferentes. Es, adem\u00e1s, sede del Instituto de Otorrinolaringolog\u00eda de Recoletas Salud, que ofrece una asistencia completa, integral y de\u00a0<strong>m\u00e1xima calidad en las patolog\u00edas otorrinolaringol\u00f3gicas<\/strong> de adultos e infantil.<\/p>\n\n\n\n<p>El hospital vive una ambiciosa transformaci\u00f3n de sus instalaciones y recientemente ha mejorado la zona de admisi\u00f3n de pacientes, Urgencias, Observaci\u00f3n, Laboratorio, Gimnasio y Rehabilitaci\u00f3n.<\/p>\n\n\n\n<p>Ahora mismo se est\u00e1 transformando la zona de Diagn\u00f3stico por Imagen&nbsp; &nbsp;y la cuarta planta de hospitalizaci\u00f3n y lo siguiente previsto son las obras de urbanizaci\u00f3n de la entrada al hospital y de la fachada.<\/p>\n","protected":false},"excerpt":{"rendered":"<p>La doctora Marta Conde G\u00f3mez es la nueva directora m\u00e9dica del Hospital Recoletas Salud Felipe II. Es m\u00e9dico de familia y cuenta con m\u00e1s de 20 a\u00f1os de experiencia. Para la doctora ser la directora m\u00e9dica del hospital es una grand\u00edsima oportunidad de desarrollo profesional. \u201cFormar parte de un grupo como Recoletas Salud, que es [&hellip;]<\/p>\n","protected":false},"author":2,"featured_media":16371,"comment_status":"closed","ping_status":"closed","sticky":false,"template":"","format":"standard","meta":{"_acf_changed":false,"footnotes":""},"categories":[43,1,42,4],"tags":[],"class_list":["post-16370","post","type-post","status-publish","format-standard","has-post-thumbnail","hentry","category-centros","category-grupo-recoletas","category-recoletas-salud","category-valladolid"],"acf":[],"yoast_head":"<!-- This site is optimized with the Yoast SEO Premium plugin v27.3 (Yoast SEO v27.3) - https:\/\/yoast.com\/product\/yoast-seo-premium-wordpress\/ -->\n<title>Dra. Marta Conde G\u00f3mez, nueva directora m\u00e9dica del Hospital Recoletas Salud Felipe II - Noticias Grupo Recoletas<\/title>\n<meta name=\"description\" content=\"Entre sus nuevas funciones destacan las relacionadas con garantizar la calidad, la seguridad asistencial y el bienestar de los pacientes\" \/>\n<meta name=\"robots\" content=\"index, follow, max-snippet:-1, max-image-preview:large, max-video-preview:-1\" \/>\n<link rel=\"canonical\" href=\"https:\/\/www.gruporecoletas.com\/noticias\/dra-marta-conde-gomez-nueva-directora-medica-del-hospital-recoletas-salud-felipe-ii\/\" \/>\n<meta property=\"og:locale\" content=\"es_ES\" \/>\n<meta property=\"og:type\" content=\"article\" \/>\n<meta property=\"og:title\" content=\"Dra. Marta Conde G\u00f3mez, nueva directora m\u00e9dica del Hospital Recoletas Salud Felipe II\" \/>\n<meta property=\"og:description\" content=\"Entre sus nuevas funciones destacan las relacionadas con garantizar la calidad, la seguridad asistencial y el bienestar de los pacientes\" \/>\n<meta property=\"og:url\" content=\"https:\/\/www.gruporecoletas.com\/noticias\/dra-marta-conde-gomez-nueva-directora-medica-del-hospital-recoletas-salud-felipe-ii\/\" \/>\n<meta property=\"og:site_name\" content=\"Noticias Grupo Recoletas\" \/>\n<meta property=\"article:publisher\" content=\"https:\/\/www.facebook.com\/GrupoRecoletas\/\" \/>\n<meta property=\"article:published_time\" content=\"2024-04-10T12:02:13+00:00\" \/>\n<meta property=\"article:modified_time\" content=\"2024-04-10T12:02:14+00:00\" \/>\n<meta property=\"og:image\" content=\"https:\/\/www.gruporecoletas.com\/noticias\/wp-content\/uploads\/2024\/04\/DIRECTORA-MEDICA-FELIPE-II.png\" \/>\n\t<meta property=\"og:image:width\" content=\"1366\" \/>\n\t<meta property=\"og:image:height\" content=\"768\" \/>\n\t<meta property=\"og:image:type\" content=\"image\/png\" \/>\n<meta name=\"author\" content=\"Recoletas Red Hospitalaria\" \/>\n<meta name=\"twitter:card\" content=\"summary_large_image\" \/>\n<meta name=\"twitter:creator\" content=\"@GrupoRecoletas\" \/>\n<meta name=\"twitter:site\" content=\"@GrupoRecoletas\" \/>\n<meta name=\"twitter:label1\" content=\"Escrito por\" \/>\n\t<meta name=\"twitter:data1\" content=\"Recoletas Red Hospitalaria\" \/>\n\t<meta name=\"twitter:label2\" content=\"Tiempo de lectura\" \/>\n\t<meta name=\"twitter:data2\" content=\"2 minutos\" \/>\n<script type=\"application\/ld+json\" class=\"yoast-schema-graph\">{\"@context\":\"https:\\\/\\\/schema.org\",\"@graph\":[{\"@type\":\"Article\",\"@id\":\"https:\\\/\\\/www.gruporecoletas.com\\\/noticias\\\/dra-marta-conde-gomez-nueva-directora-medica-del-hospital-recoletas-salud-felipe-ii\\\/#article\",\"isPartOf\":{\"@id\":\"https:\\\/\\\/www.gruporecoletas.com\\\/noticias\\\/dra-marta-conde-gomez-nueva-directora-medica-del-hospital-recoletas-salud-felipe-ii\\\/\"},\"author\":{\"name\":\"Recoletas Red Hospitalaria\",\"@id\":\"https:\\\/\\\/www.gruporecoletas.com\\\/noticias\\\/#\\\/schema\\\/person\\\/3c6ac429828d1f5e3d3bd99f4da9b02c\"},\"headline\":\"Dra. Marta Conde G\u00f3mez, nueva directora m\u00e9dica del Hospital Recoletas Salud Felipe II\",\"datePublished\":\"2024-04-10T12:02:13+00:00\",\"dateModified\":\"2024-04-10T12:02:14+00:00\",\"mainEntityOfPage\":{\"@id\":\"https:\\\/\\\/www.gruporecoletas.com\\\/noticias\\\/dra-marta-conde-gomez-nueva-directora-medica-del-hospital-recoletas-salud-felipe-ii\\\/\"},\"wordCount\":326,\"image\":{\"@id\":\"https:\\\/\\\/www.gruporecoletas.com\\\/noticias\\\/dra-marta-conde-gomez-nueva-directora-medica-del-hospital-recoletas-salud-felipe-ii\\\/#primaryimage\"},\"thumbnailUrl\":\"https:\\\/\\\/www.gruporecoletas.com\\\/noticias\\\/wp-content\\\/uploads\\\/2024\\\/04\\\/DIRECTORA-MEDICA-FELIPE-II.png\",\"articleSection\":[\"Centros\",\"Grupo Recoletas\",\"Recoletas Salud\",\"Valladolid\"],\"inLanguage\":\"es\"},{\"@type\":\"WebPage\",\"@id\":\"https:\\\/\\\/www.gruporecoletas.com\\\/noticias\\\/dra-marta-conde-gomez-nueva-directora-medica-del-hospital-recoletas-salud-felipe-ii\\\/\",\"url\":\"https:\\\/\\\/www.gruporecoletas.com\\\/noticias\\\/dra-marta-conde-gomez-nueva-directora-medica-del-hospital-recoletas-salud-felipe-ii\\\/\",\"name\":\"Dra. Marta Conde G\u00f3mez, nueva directora m\u00e9dica del Hospital Recoletas Salud Felipe II - Noticias Grupo Recoletas\",\"isPartOf\":{\"@id\":\"https:\\\/\\\/www.gruporecoletas.com\\\/noticias\\\/#website\"},\"primaryImageOfPage\":{\"@id\":\"https:\\\/\\\/www.gruporecoletas.com\\\/noticias\\\/dra-marta-conde-gomez-nueva-directora-medica-del-hospital-recoletas-salud-felipe-ii\\\/#primaryimage\"},\"image\":{\"@id\":\"https:\\\/\\\/www.gruporecoletas.com\\\/noticias\\\/dra-marta-conde-gomez-nueva-directora-medica-del-hospital-recoletas-salud-felipe-ii\\\/#primaryimage\"},\"thumbnailUrl\":\"https:\\\/\\\/www.gruporecoletas.com\\\/noticias\\\/wp-content\\\/uploads\\\/2024\\\/04\\\/DIRECTORA-MEDICA-FELIPE-II.png\",\"datePublished\":\"2024-04-10T12:02:13+00:00\",\"dateModified\":\"2024-04-10T12:02:14+00:00\",\"author\":{\"@id\":\"https:\\\/\\\/www.gruporecoletas.com\\\/noticias\\\/#\\\/schema\\\/person\\\/3c6ac429828d1f5e3d3bd99f4da9b02c\"},\"description\":\"Entre sus nuevas funciones destacan las relacionadas con garantizar la calidad, la seguridad asistencial y el bienestar de los pacientes\",\"breadcrumb\":{\"@id\":\"https:\\\/\\\/www.gruporecoletas.com\\\/noticias\\\/dra-marta-conde-gomez-nueva-directora-medica-del-hospital-recoletas-salud-felipe-ii\\\/#breadcrumb\"},\"inLanguage\":\"es\",\"potentialAction\":[{\"@type\":\"ReadAction\",\"target\":[\"https:\\\/\\\/www.gruporecoletas.com\\\/noticias\\\/dra-marta-conde-gomez-nueva-directora-medica-del-hospital-recoletas-salud-felipe-ii\\\/\"]}]},{\"@type\":\"ImageObject\",\"inLanguage\":\"es\",\"@id\":\"https:\\\/\\\/www.gruporecoletas.com\\\/noticias\\\/dra-marta-conde-gomez-nueva-directora-medica-del-hospital-recoletas-salud-felipe-ii\\\/#primaryimage\",\"url\":\"https:\\\/\\\/www.gruporecoletas.com\\\/noticias\\\/wp-content\\\/uploads\\\/2024\\\/04\\\/DIRECTORA-MEDICA-FELIPE-II.png\",\"contentUrl\":\"https:\\\/\\\/www.gruporecoletas.com\\\/noticias\\\/wp-content\\\/uploads\\\/2024\\\/04\\\/DIRECTORA-MEDICA-FELIPE-II.png\",\"width\":1366,\"height\":768,\"caption\":\"La Dra. Marta Conde G\u00f3mez nueva directora m\u00e9dica del Hospital Recoletas Salud Felipe II\"},{\"@type\":\"BreadcrumbList\",\"@id\":\"https:\\\/\\\/www.gruporecoletas.com\\\/noticias\\\/dra-marta-conde-gomez-nueva-directora-medica-del-hospital-recoletas-salud-felipe-ii\\\/#breadcrumb\",\"itemListElement\":[{\"@type\":\"ListItem\",\"position\":1,\"name\":\"Portada\",\"item\":\"https:\\\/\\\/www.gruporecoletas.com\\\/noticias\\\/\"},{\"@type\":\"ListItem\",\"position\":2,\"name\":\"Dra. Marta Conde G\u00f3mez, nueva directora m\u00e9dica del Hospital Recoletas Salud Felipe II\"}]},{\"@type\":\"WebSite\",\"@id\":\"https:\\\/\\\/www.gruporecoletas.com\\\/noticias\\\/#website\",\"url\":\"https:\\\/\\\/www.gruporecoletas.com\\\/noticias\\\/\",\"name\":\"Noticias Grupo Recoletas\",\"description\":\"Grupo Recoletas\",\"potentialAction\":[{\"@type\":\"SearchAction\",\"target\":{\"@type\":\"EntryPoint\",\"urlTemplate\":\"https:\\\/\\\/www.gruporecoletas.com\\\/noticias\\\/?s={search_term_string}\"},\"query-input\":{\"@type\":\"PropertyValueSpecification\",\"valueRequired\":true,\"valueName\":\"search_term_string\"}}],\"inLanguage\":\"es\"},{\"@type\":\"Person\",\"@id\":\"https:\\\/\\\/www.gruporecoletas.com\\\/noticias\\\/#\\\/schema\\\/person\\\/3c6ac429828d1f5e3d3bd99f4da9b02c\",\"name\":\"Recoletas Red Hospitalaria\",\"url\":\"https:\\\/\\\/www.gruporecoletas.com\\\/noticias\\\/author\\\/comunicacion\\\/\"}]}<\/script>\n<!-- \/ Yoast SEO Premium plugin. -->","yoast_head_json":{"title":"Dra. Marta Conde G\u00f3mez, nueva directora m\u00e9dica del Hospital Recoletas Salud Felipe II - Noticias Grupo Recoletas","description":"Entre sus nuevas funciones destacan las relacionadas con garantizar la calidad, la seguridad asistencial y el bienestar de los pacientes","robots":{"index":"index","follow":"follow","max-snippet":"max-snippet:-1","max-image-preview":"max-image-preview:large","max-video-preview":"max-video-preview:-1"},"canonical":"https:\/\/www.gruporecoletas.com\/noticias\/dra-marta-conde-gomez-nueva-directora-medica-del-hospital-recoletas-salud-felipe-ii\/","og_locale":"es_ES","og_type":"article","og_title":"Dra. Marta Conde G\u00f3mez, nueva directora m\u00e9dica del Hospital Recoletas Salud Felipe II","og_description":"Entre sus nuevas funciones destacan las relacionadas con garantizar la calidad, la seguridad asistencial y el bienestar de los pacientes","og_url":"https:\/\/www.gruporecoletas.com\/noticias\/dra-marta-conde-gomez-nueva-directora-medica-del-hospital-recoletas-salud-felipe-ii\/","og_site_name":"Noticias Grupo Recoletas","article_publisher":"https:\/\/www.facebook.com\/GrupoRecoletas\/","article_published_time":"2024-04-10T12:02:13+00:00","article_modified_time":"2024-04-10T12:02:14+00:00","og_image":[{"width":1366,"height":768,"url":"https:\/\/www.gruporecoletas.com\/noticias\/wp-content\/uploads\/2024\/04\/DIRECTORA-MEDICA-FELIPE-II.png","type":"image\/png"}],"author":"Recoletas Red Hospitalaria","twitter_card":"summary_large_image","twitter_creator":"@GrupoRecoletas","twitter_site":"@GrupoRecoletas","twitter_misc":{"Escrito por":"Recoletas Red Hospitalaria","Tiempo de lectura":"2 minutos"},"schema":{"@context":"https:\/\/schema.org","@graph":[{"@type":"Article","@id":"https:\/\/www.gruporecoletas.com\/noticias\/dra-marta-conde-gomez-nueva-directora-medica-del-hospital-recoletas-salud-felipe-ii\/#article","isPartOf":{"@id":"https:\/\/www.gruporecoletas.com\/noticias\/dra-marta-conde-gomez-nueva-directora-medica-del-hospital-recoletas-salud-felipe-ii\/"},"author":{"name":"Recoletas Red Hospitalaria","@id":"https:\/\/www.gruporecoletas.com\/noticias\/#\/schema\/person\/3c6ac429828d1f5e3d3bd99f4da9b02c"},"headline":"Dra. Marta Conde G\u00f3mez, nueva directora m\u00e9dica del Hospital Recoletas Salud Felipe II","datePublished":"2024-04-10T12:02:13+00:00","dateModified":"2024-04-10T12:02:14+00:00","mainEntityOfPage":{"@id":"https:\/\/www.gruporecoletas.com\/noticias\/dra-marta-conde-gomez-nueva-directora-medica-del-hospital-recoletas-salud-felipe-ii\/"},"wordCount":326,"image":{"@id":"https:\/\/www.gruporecoletas.com\/noticias\/dra-marta-conde-gomez-nueva-directora-medica-del-hospital-recoletas-salud-felipe-ii\/#primaryimage"},"thumbnailUrl":"https:\/\/www.gruporecoletas.com\/noticias\/wp-content\/uploads\/2024\/04\/DIRECTORA-MEDICA-FELIPE-II.png","articleSection":["Centros","Grupo Recoletas","Recoletas Salud","Valladolid"],"inLanguage":"es"},{"@type":"WebPage","@id":"https:\/\/www.gruporecoletas.com\/noticias\/dra-marta-conde-gomez-nueva-directora-medica-del-hospital-recoletas-salud-felipe-ii\/","url":"https:\/\/www.gruporecoletas.com\/noticias\/dra-marta-conde-gomez-nueva-directora-medica-del-hospital-recoletas-salud-felipe-ii\/","name":"Dra. Marta Conde G\u00f3mez, nueva directora m\u00e9dica del Hospital Recoletas Salud Felipe II - Noticias Grupo Recoletas","isPartOf":{"@id":"https:\/\/www.gruporecoletas.com\/noticias\/#website"},"primaryImageOfPage":{"@id":"https:\/\/www.gruporecoletas.com\/noticias\/dra-marta-conde-gomez-nueva-directora-medica-del-hospital-recoletas-salud-felipe-ii\/#primaryimage"},"image":{"@id":"https:\/\/www.gruporecoletas.com\/noticias\/dra-marta-conde-gomez-nueva-directora-medica-del-hospital-recoletas-salud-felipe-ii\/#primaryimage"},"thumbnailUrl":"https:\/\/www.gruporecoletas.com\/noticias\/wp-content\/uploads\/2024\/04\/DIRECTORA-MEDICA-FELIPE-II.png","datePublished":"2024-04-10T12:02:13+00:00","dateModified":"2024-04-10T12:02:14+00:00","author":{"@id":"https:\/\/www.gruporecoletas.com\/noticias\/#\/schema\/person\/3c6ac429828d1f5e3d3bd99f4da9b02c"},"description":"Entre sus nuevas funciones destacan las relacionadas con garantizar la calidad, la seguridad asistencial y el bienestar de los pacientes","breadcrumb":{"@id":"https:\/\/www.gruporecoletas.com\/noticias\/dra-marta-conde-gomez-nueva-directora-medica-del-hospital-recoletas-salud-felipe-ii\/#breadcrumb"},"inLanguage":"es","potentialAction":[{"@type":"ReadAction","target":["https:\/\/www.gruporecoletas.com\/noticias\/dra-marta-conde-gomez-nueva-directora-medica-del-hospital-recoletas-salud-felipe-ii\/"]}]},{"@type":"ImageObject","inLanguage":"es","@id":"https:\/\/www.gruporecoletas.com\/noticias\/dra-marta-conde-gomez-nueva-directora-medica-del-hospital-recoletas-salud-felipe-ii\/#primaryimage","url":"https:\/\/www.gruporecoletas.com\/noticias\/wp-content\/uploads\/2024\/04\/DIRECTORA-MEDICA-FELIPE-II.png","contentUrl":"https:\/\/www.gruporecoletas.com\/noticias\/wp-content\/uploads\/2024\/04\/DIRECTORA-MEDICA-FELIPE-II.png","width":1366,"height":768,"caption":"La Dra. Marta Conde G\u00f3mez nueva directora m\u00e9dica del Hospital Recoletas Salud Felipe II"},{"@type":"BreadcrumbList","@id":"https:\/\/www.gruporecoletas.com\/noticias\/dra-marta-conde-gomez-nueva-directora-medica-del-hospital-recoletas-salud-felipe-ii\/#breadcrumb","itemListElement":[{"@type":"ListItem","position":1,"name":"Portada","item":"https:\/\/www.gruporecoletas.com\/noticias\/"},{"@type":"ListItem","position":2,"name":"Dra. Marta Conde G\u00f3mez, nueva directora m\u00e9dica del Hospital Recoletas Salud Felipe II"}]},{"@type":"WebSite","@id":"https:\/\/www.gruporecoletas.com\/noticias\/#website","url":"https:\/\/www.gruporecoletas.com\/noticias\/","name":"Noticias Grupo Recoletas","description":"Grupo Recoletas","potentialAction":[{"@type":"SearchAction","target":{"@type":"EntryPoint","urlTemplate":"https:\/\/www.gruporecoletas.com\/noticias\/?s={search_term_string}"},"query-input":{"@type":"PropertyValueSpecification","valueRequired":true,"valueName":"search_term_string"}}],"inLanguage":"es"},{"@type":"Person","@id":"https:\/\/www.gruporecoletas.com\/noticias\/#\/schema\/person\/3c6ac429828d1f5e3d3bd99f4da9b02c","name":"Recoletas Red Hospitalaria","url":"https:\/\/www.gruporecoletas.com\/noticias\/author\/comunicacion\/"}]}},"_links":{"self":[{"href":"https:\/\/www.gruporecoletas.com\/noticias\/wp-json\/wp\/v2\/posts\/16370","targetHints":{"allow":["GET"]}}],"collection":[{"href":"https:\/\/www.gruporecoletas.com\/noticias\/wp-json\/wp\/v2\/posts"}],"about":[{"href":"https:\/\/www.gruporecoletas.com\/noticias\/wp-json\/wp\/v2\/types\/post"}],"author":[{"embeddable":true,"href":"https:\/\/www.gruporecoletas.com\/noticias\/wp-json\/wp\/v2\/users\/2"}],"replies":[{"embeddable":true,"href":"https:\/\/www.gruporecoletas.com\/noticias\/wp-json\/wp\/v2\/comments?post=16370"}],"version-history":[{"count":1,"href":"https:\/\/www.gruporecoletas.com\/noticias\/wp-json\/wp\/v2\/posts\/16370\/revisions"}],"predecessor-version":[{"id":16372,"href":"https:\/\/www.gruporecoletas.com\/noticias\/wp-json\/wp\/v2\/posts\/16370\/revisions\/16372"}],"wp:featuredmedia":[{"embeddable":true,"href":"https:\/\/www.gruporecoletas.com\/noticias\/wp-json\/wp\/v2\/media\/16371"}],"wp:attachment":[{"href":"https:\/\/www.gruporecoletas.com\/noticias\/wp-json\/wp\/v2\/media?parent=16370"}],"wp:term":[{"taxonomy":"category","embeddable":true,"href":"https:\/\/www.gruporecoletas.com\/noticias\/wp-json\/wp\/v2\/categories?post=16370"},{"taxonomy":"post_tag","embeddable":true,"href":"https:\/\/www.gruporecoletas.com\/noticias\/wp-json\/wp\/v2\/tags?post=16370"}],"curies":[{"name":"wp","href":"https:\/\/api.w.org\/{rel}","templated":true}]}}