{"id":16389,"date":"2024-05-09T10:16:33","date_gmt":"2024-05-09T08:16:33","guid":{"rendered":"https:\/\/www.gruporecoletas.com\/noticias\/?p=16389"},"modified":"2024-05-09T13:29:07","modified_gmt":"2024-05-09T11:29:07","slug":"recoletas-salud-mejora-su-oferta-asistencial-en-burgos-con-la-apertura-del-centro-medico-virgen-del-manzano","status":"publish","type":"post","link":"https:\/\/www.gruporecoletas.com\/noticias\/recoletas-salud-mejora-su-oferta-asistencial-en-burgos-con-la-apertura-del-centro-medico-virgen-del-manzano\/","title":{"rendered":"Recoletas Salud mejora su oferta asistencial en Burgos con la apertura del Centro M\u00e9dico Virgen del Manzano"},"content":{"rendered":"\n<ul class=\"wp-block-list\">\n<li><strong><em>El nuevo centro cuenta con el Instituto Oftalmol\u00f3gico, Unidad de la Mujer, Diagn\u00f3stico por la Imagen, la cl\u00ednica Vida de Medicina Reproductiva, la Unidad M\u00e9dico Est\u00e9tica y un \u00e1rea quir\u00fargica con 4 quir\u00f3fanos<\/em><\/strong><\/li>\n\n\n\n<li><strong><em>Un total de 36 especialistas forman parte del cuadro m\u00e9dico y se prev\u00e9n nuevas incorporaciones<\/em><\/strong><\/li>\n<\/ul>\n\n\n\n<p>Abre sus puertas el nuevo centro m\u00e9dico de Virgen del Manzano desde el que Recoletas Salud fortalecer\u00e1 su cartera de servicios asistenciales en Burgos con el fin de proporcionar a sus pacientes una atenci\u00f3n cada vez m\u00e1s especializada y de mayor calidad.<\/p>\n\n\n\n<p>El nuevo centro m\u00e9dico de casi 2.500 metros cuadrados distribuidos en tres plantas, est\u00e1 dotado con equipamiento de alta tecnolog\u00eda y servicios especializados; cuatro quir\u00f3fanos \u2013 uno de ellos, exclusivo para Medicina Reproductiva-; Unidad de cirug\u00eda sin ingreso (UCSI); Unidad de Recuperaci\u00f3n Postanest\u00e9sica (URPA); Sala Blanca, 22 consultas, 9 salas de exploraci\u00f3n y tratamientos, 4 admisiones \u2013 una para cada servicio- y 12 salas de espera; Enfermer\u00eda y Atenci\u00f3n al Paciente.<\/p>\n\n\n\n<p>En cuanto al personal del nuevo centro, ahora mismo 36 especialistas forman parte del cuadro m\u00e9dico, pero esta cifra aumentar\u00e1 en los pr\u00f3ximos meses cuando se incorporen los especialistas de Vida, Medicina Reproductiva. Adem\u00e1s de todos los profesionales m\u00e9dicos, un equipo formado por otras 40 personas entre personal de enfermer\u00eda, administraci\u00f3n, limpieza, etc, conforman la plantilla del nuevo centro.<\/p>\n\n\n\n<p>\u201c<em>Es el Centro M\u00e9dico que Burgos necesitaba: una amplia cartera de servicios nuevos y especializados, equipamiento de vanguardia y un cuadro m\u00e9dico de excelencia\u201d,<\/em> ha se\u00f1alado Pilar G\u00f3mez, Directora Gerente de Recoletas Salud en Burgos.&nbsp;<\/p>\n\n\n\n<p>El centro permanecer\u00e1 abierto de lunes a viernes de 08:00 horas a 22:00 horas, logrando as\u00ed dar un servicio de forma ininterrumpida.<\/p>\n\n\n\n<h4 class=\"wp-block-heading\"><strong>SERVICIOS DE SALUD QUE OFRECE EL NUEVO CENTRO<\/strong><\/h4>\n\n\n\n<h4 class=\"wp-block-heading\"><strong><u>Instituto Oftalmol\u00f3gico Recoletas Salud<\/u><\/strong><\/h4>\n\n\n\n<p>El Instituto Oftalmol\u00f3gico Recoletas Salud est\u00e1 situado en la planta principal del nuevo edificio. Un total de 13 oftalm\u00f3logos junto a 5 optometristas trabajaran conjuntamente para ofrecer la mejor asistencia cl\u00ednica y quir\u00fargica y los tratamientos m\u00e1s avanzados a los pacientes con problemas oculares tanto adultos como pedi\u00e1tricos.<\/p>\n\n\n\n<p>El Instituto est\u00e1 dotado de la tecnolog\u00eda de \u00faltima generaci\u00f3n espec\u00edfica para cada patolog\u00eda: agujero macular, astigmatismo, cataratas, conjuntivitis, cirug\u00eda refractiva, estrabismo o miop\u00eda. Para ello cuenta con 5 Unidades oftalmol\u00f3gicas, 5 Unidades optom\u00e9tricas, 2 equipos de Tomograf\u00eda de coherencia \u00f3ptica, L\u00e1ser Yag, L\u00e1ser Pascal, Autorefract\u00f3metro, Biometro \u00f3ptico, Top\u00f3grafo de elevaci\u00f3n, Microscopia endotelial, Camp\u00edmetro computerizado, Dive al Visi\u00f3n Screening, Keratograph diagn\u00f3stico y Luz pulsada ojo seco.<\/p>\n\n\n\n<h4 class=\"wp-block-heading\"><strong><u>Unidad de Medicina Est\u00e9tica<\/u><\/strong><\/h4>\n\n\n\n<p>En la planta principal se encuentra tambi\u00e9n la Unidad M\u00e9dico Est\u00e9tica formada por un equipo multidisciplinar que engloba las especialidades de cirug\u00eda pl\u00e1stica, cirug\u00eda oral y maxilofacial y dermatolog\u00eda.<\/p>\n\n\n\n<p>Esta \u00e1rea, en el que trabajaran cuatro especialistas, tiene sus propias consultas y boxes para ofrecer una atenci\u00f3n totalmente independiente a sus pacientes.<\/p>\n\n\n\n<h4 class=\"wp-block-heading\"><strong><u>Unidad de la Mujer: revisi\u00f3n, tratamiento y diagn\u00f3stico precoz&nbsp;<\/u><\/strong><\/h4>\n\n\n\n<p>En la primera planta del edificio, se localiza la Unidad de la Mujer que cuenta con 9 especialistas en Ginecolog\u00eda.<\/p>\n\n\n\n<p>La Unidad dispone de un Servicio de Diagn\u00f3stico por la Imagen especializado en las patolog\u00edas propias de las mujeres para facilitar a todas ellas la posibilidad de tener en un mismo d\u00eda la consulta y las pruebas diagn\u00f3sticas.&nbsp; En concreto, las mujeres podr\u00e1n realizarse mamograf\u00edas en 3D, densitometr\u00eda \u00f3sea y ecograf\u00eda.<\/p>\n\n\n\n<h4 class=\"wp-block-heading\"><strong><u>VIDA Medicina Reproductiva<\/u><\/strong><\/h4>\n\n\n\n<p>En la primera planta del edificio, se encuentra tambi\u00e9n VIDA Medicina Reproductiva que cuenta con un quir\u00f3fano propio, habitaciones confortables, un laboratorio propio con incubadoras de \u00faltima generaci\u00f3n.<\/p>\n\n\n\n<p>Todo est\u00e1 ya preparado para que en los pr\u00f3ximos meses llegue el equipo de profesionales que trabajar\u00e1n para ofrecer los mejores tratamientos acorde a las necesidades de cada una de las pacientes y lograr los mejores resultados en el sue\u00f1o de ser madres.<\/p>\n\n\n\n<h4 class=\"wp-block-heading\">&nbsp;<strong><u>\u00c1rea Quir\u00fargica y Diagn\u00f3stico por la imagen<\/u><\/strong><\/h4>\n\n\n\n<p>Por \u00faltimo, en la planta inferior del edificio, se encuentra el \u00c1rea Quir\u00fargica que consta de 3 quir\u00f3fanos dotados de la \u00faltima tecnolog\u00eda, 1 Unidad de Recuperaci\u00f3n Post Anest\u00e9sica (URPA) y 1 Unidad de Cirug\u00eda Sin Ingreso (UCSI) para garantizar la mayor seguridad a los pacientes. Contar\u00e1 con un equipo de anestesiolog\u00eda formado por 5 profesionales.<\/p>\n\n\n\n<p>Tambi\u00e9n cuenta con una Admisi\u00f3n y c\u00f3modas salas de espera tanto para pacientes quir\u00fargicos o que tienen que realizarse diferentes pruebas diagn\u00f3sticas, como para acompa\u00f1antes.<\/p>\n","protected":false},"excerpt":{"rendered":"<p>Abre sus puertas el nuevo centro m\u00e9dico de Virgen del Manzano desde el que Recoletas Salud fortalecer\u00e1 su cartera de servicios asistenciales en Burgos con el fin de proporcionar a sus pacientes una atenci\u00f3n cada vez m\u00e1s especializada y de mayor calidad. El nuevo centro m\u00e9dico de casi 2.500 metros cuadrados distribuidos en tres plantas, [&hellip;]<\/p>\n","protected":false},"author":2,"featured_media":16390,"comment_status":"closed","ping_status":"closed","sticky":false,"template":"","format":"standard","meta":{"_acf_changed":false,"footnotes":""},"categories":[10,1,3410],"tags":[3104,3275,3411],"class_list":["post-16389","post","type-post","status-publish","format-standard","has-post-thumbnail","hentry","category-burgos","category-grupo-recoletas","category-virgen-manzano","tag-burgos","tag-centro-medico-2","tag-virgen-del-manzano"],"acf":[],"yoast_head":"<!-- This site is optimized with the Yoast SEO Premium plugin v27.3 (Yoast SEO v27.3) - https:\/\/yoast.com\/product\/yoast-seo-premium-wordpress\/ -->\n<title>Recoletas Salud mejora su oferta asistencial en Burgos con la apertura del Centro M\u00e9dico Virgen del Manzano - Noticias Grupo Recoletas<\/title>\n<meta name=\"description\" content=\"Este nuevo espacio de casi 2500 metros est\u00e1 dotado con equipamiento de alta tecnolog\u00eda, servicios especializados y cuatro quir\u00f3fanos\" \/>\n<meta name=\"robots\" content=\"index, follow, max-snippet:-1, max-image-preview:large, max-video-preview:-1\" \/>\n<link rel=\"canonical\" href=\"https:\/\/www.gruporecoletas.com\/noticias\/recoletas-salud-mejora-su-oferta-asistencial-en-burgos-con-la-apertura-del-centro-medico-virgen-del-manzano\/\" \/>\n<meta property=\"og:locale\" content=\"es_ES\" \/>\n<meta property=\"og:type\" content=\"article\" \/>\n<meta property=\"og:title\" content=\"Recoletas Salud mejora su oferta asistencial en Burgos con la apertura del Centro M\u00e9dico Virgen del Manzano\" \/>\n<meta property=\"og:description\" content=\"Este nuevo espacio de casi 2500 metros est\u00e1 dotado con equipamiento de alta tecnolog\u00eda, servicios especializados y cuatro quir\u00f3fanos\" \/>\n<meta property=\"og:url\" content=\"https:\/\/www.gruporecoletas.com\/noticias\/recoletas-salud-mejora-su-oferta-asistencial-en-burgos-con-la-apertura-del-centro-medico-virgen-del-manzano\/\" \/>\n<meta property=\"og:site_name\" content=\"Noticias Grupo Recoletas\" \/>\n<meta property=\"article:publisher\" content=\"https:\/\/www.facebook.com\/GrupoRecoletas\/\" \/>\n<meta property=\"article:published_time\" content=\"2024-05-09T08:16:33+00:00\" \/>\n<meta property=\"article:modified_time\" content=\"2024-05-09T11:29:07+00:00\" \/>\n<meta property=\"og:image\" content=\"https:\/\/www.gruporecoletas.com\/noticias\/wp-content\/uploads\/2024\/05\/VIRGEN-MANZANO-RECOLETAS-SALUD.png\" \/>\n\t<meta property=\"og:image:width\" content=\"1366\" \/>\n\t<meta property=\"og:image:height\" content=\"768\" \/>\n\t<meta property=\"og:image:type\" content=\"image\/png\" \/>\n<meta name=\"author\" content=\"Recoletas Red Hospitalaria\" \/>\n<meta name=\"twitter:card\" content=\"summary_large_image\" \/>\n<meta name=\"twitter:creator\" content=\"@GrupoRecoletas\" \/>\n<meta name=\"twitter:site\" content=\"@GrupoRecoletas\" \/>\n<meta name=\"twitter:label1\" content=\"Escrito por\" \/>\n\t<meta name=\"twitter:data1\" content=\"Recoletas Red Hospitalaria\" \/>\n\t<meta name=\"twitter:label2\" content=\"Tiempo de lectura\" \/>\n\t<meta name=\"twitter:data2\" content=\"4 minutos\" \/>\n<script type=\"application\/ld+json\" class=\"yoast-schema-graph\">{\"@context\":\"https:\\\/\\\/schema.org\",\"@graph\":[{\"@type\":\"Article\",\"@id\":\"https:\\\/\\\/www.gruporecoletas.com\\\/noticias\\\/recoletas-salud-mejora-su-oferta-asistencial-en-burgos-con-la-apertura-del-centro-medico-virgen-del-manzano\\\/#article\",\"isPartOf\":{\"@id\":\"https:\\\/\\\/www.gruporecoletas.com\\\/noticias\\\/recoletas-salud-mejora-su-oferta-asistencial-en-burgos-con-la-apertura-del-centro-medico-virgen-del-manzano\\\/\"},\"author\":{\"name\":\"Recoletas Red Hospitalaria\",\"@id\":\"https:\\\/\\\/www.gruporecoletas.com\\\/noticias\\\/#\\\/schema\\\/person\\\/3c6ac429828d1f5e3d3bd99f4da9b02c\"},\"headline\":\"Recoletas Salud mejora su oferta asistencial en Burgos con la apertura del Centro M\u00e9dico Virgen del Manzano\",\"datePublished\":\"2024-05-09T08:16:33+00:00\",\"dateModified\":\"2024-05-09T11:29:07+00:00\",\"mainEntityOfPage\":{\"@id\":\"https:\\\/\\\/www.gruporecoletas.com\\\/noticias\\\/recoletas-salud-mejora-su-oferta-asistencial-en-burgos-con-la-apertura-del-centro-medico-virgen-del-manzano\\\/\"},\"wordCount\":796,\"image\":{\"@id\":\"https:\\\/\\\/www.gruporecoletas.com\\\/noticias\\\/recoletas-salud-mejora-su-oferta-asistencial-en-burgos-con-la-apertura-del-centro-medico-virgen-del-manzano\\\/#primaryimage\"},\"thumbnailUrl\":\"https:\\\/\\\/www.gruporecoletas.com\\\/noticias\\\/wp-content\\\/uploads\\\/2024\\\/05\\\/VIRGEN-MANZANO-RECOLETAS-SALUD.png\",\"keywords\":[\"Burgos\",\"centro m\u00e9dico\",\"Virgen del Manzano\"],\"articleSection\":[\"Burgos\",\"Grupo Recoletas\",\"Virgen del Manzano\"],\"inLanguage\":\"es\"},{\"@type\":\"WebPage\",\"@id\":\"https:\\\/\\\/www.gruporecoletas.com\\\/noticias\\\/recoletas-salud-mejora-su-oferta-asistencial-en-burgos-con-la-apertura-del-centro-medico-virgen-del-manzano\\\/\",\"url\":\"https:\\\/\\\/www.gruporecoletas.com\\\/noticias\\\/recoletas-salud-mejora-su-oferta-asistencial-en-burgos-con-la-apertura-del-centro-medico-virgen-del-manzano\\\/\",\"name\":\"Recoletas Salud mejora su oferta asistencial en Burgos con la apertura del Centro M\u00e9dico Virgen del Manzano - Noticias Grupo Recoletas\",\"isPartOf\":{\"@id\":\"https:\\\/\\\/www.gruporecoletas.com\\\/noticias\\\/#website\"},\"primaryImageOfPage\":{\"@id\":\"https:\\\/\\\/www.gruporecoletas.com\\\/noticias\\\/recoletas-salud-mejora-su-oferta-asistencial-en-burgos-con-la-apertura-del-centro-medico-virgen-del-manzano\\\/#primaryimage\"},\"image\":{\"@id\":\"https:\\\/\\\/www.gruporecoletas.com\\\/noticias\\\/recoletas-salud-mejora-su-oferta-asistencial-en-burgos-con-la-apertura-del-centro-medico-virgen-del-manzano\\\/#primaryimage\"},\"thumbnailUrl\":\"https:\\\/\\\/www.gruporecoletas.com\\\/noticias\\\/wp-content\\\/uploads\\\/2024\\\/05\\\/VIRGEN-MANZANO-RECOLETAS-SALUD.png\",\"datePublished\":\"2024-05-09T08:16:33+00:00\",\"dateModified\":\"2024-05-09T11:29:07+00:00\",\"author\":{\"@id\":\"https:\\\/\\\/www.gruporecoletas.com\\\/noticias\\\/#\\\/schema\\\/person\\\/3c6ac429828d1f5e3d3bd99f4da9b02c\"},\"description\":\"Este nuevo espacio de casi 2500 metros est\u00e1 dotado con equipamiento de alta tecnolog\u00eda, servicios especializados y cuatro quir\u00f3fanos\",\"breadcrumb\":{\"@id\":\"https:\\\/\\\/www.gruporecoletas.com\\\/noticias\\\/recoletas-salud-mejora-su-oferta-asistencial-en-burgos-con-la-apertura-del-centro-medico-virgen-del-manzano\\\/#breadcrumb\"},\"inLanguage\":\"es\",\"potentialAction\":[{\"@type\":\"ReadAction\",\"target\":[\"https:\\\/\\\/www.gruporecoletas.com\\\/noticias\\\/recoletas-salud-mejora-su-oferta-asistencial-en-burgos-con-la-apertura-del-centro-medico-virgen-del-manzano\\\/\"]}]},{\"@type\":\"ImageObject\",\"inLanguage\":\"es\",\"@id\":\"https:\\\/\\\/www.gruporecoletas.com\\\/noticias\\\/recoletas-salud-mejora-su-oferta-asistencial-en-burgos-con-la-apertura-del-centro-medico-virgen-del-manzano\\\/#primaryimage\",\"url\":\"https:\\\/\\\/www.gruporecoletas.com\\\/noticias\\\/wp-content\\\/uploads\\\/2024\\\/05\\\/VIRGEN-MANZANO-RECOLETAS-SALUD.png\",\"contentUrl\":\"https:\\\/\\\/www.gruporecoletas.com\\\/noticias\\\/wp-content\\\/uploads\\\/2024\\\/05\\\/VIRGEN-MANZANO-RECOLETAS-SALUD.png\",\"width\":1366,\"height\":768,\"caption\":\"Recoletas Salud mejora su oferta asistencial en Burgos con la apertura del Centro M\u00e9dico Virgen del Manzano\"},{\"@type\":\"BreadcrumbList\",\"@id\":\"https:\\\/\\\/www.gruporecoletas.com\\\/noticias\\\/recoletas-salud-mejora-su-oferta-asistencial-en-burgos-con-la-apertura-del-centro-medico-virgen-del-manzano\\\/#breadcrumb\",\"itemListElement\":[{\"@type\":\"ListItem\",\"position\":1,\"name\":\"Portada\",\"item\":\"https:\\\/\\\/www.gruporecoletas.com\\\/noticias\\\/\"},{\"@type\":\"ListItem\",\"position\":2,\"name\":\"Recoletas Salud mejora su oferta asistencial en Burgos con la apertura del Centro M\u00e9dico Virgen del Manzano\"}]},{\"@type\":\"WebSite\",\"@id\":\"https:\\\/\\\/www.gruporecoletas.com\\\/noticias\\\/#website\",\"url\":\"https:\\\/\\\/www.gruporecoletas.com\\\/noticias\\\/\",\"name\":\"Noticias Grupo Recoletas\",\"description\":\"Grupo Recoletas\",\"potentialAction\":[{\"@type\":\"SearchAction\",\"target\":{\"@type\":\"EntryPoint\",\"urlTemplate\":\"https:\\\/\\\/www.gruporecoletas.com\\\/noticias\\\/?s={search_term_string}\"},\"query-input\":{\"@type\":\"PropertyValueSpecification\",\"valueRequired\":true,\"valueName\":\"search_term_string\"}}],\"inLanguage\":\"es\"},{\"@type\":\"Person\",\"@id\":\"https:\\\/\\\/www.gruporecoletas.com\\\/noticias\\\/#\\\/schema\\\/person\\\/3c6ac429828d1f5e3d3bd99f4da9b02c\",\"name\":\"Recoletas Red Hospitalaria\",\"url\":\"https:\\\/\\\/www.gruporecoletas.com\\\/noticias\\\/author\\\/comunicacion\\\/\"}]}<\/script>\n<!-- \/ Yoast SEO Premium plugin. -->","yoast_head_json":{"title":"Recoletas Salud mejora su oferta asistencial en Burgos con la apertura del Centro M\u00e9dico Virgen del Manzano - Noticias Grupo Recoletas","description":"Este nuevo espacio de casi 2500 metros est\u00e1 dotado con equipamiento de alta tecnolog\u00eda, servicios especializados y cuatro quir\u00f3fanos","robots":{"index":"index","follow":"follow","max-snippet":"max-snippet:-1","max-image-preview":"max-image-preview:large","max-video-preview":"max-video-preview:-1"},"canonical":"https:\/\/www.gruporecoletas.com\/noticias\/recoletas-salud-mejora-su-oferta-asistencial-en-burgos-con-la-apertura-del-centro-medico-virgen-del-manzano\/","og_locale":"es_ES","og_type":"article","og_title":"Recoletas Salud mejora su oferta asistencial en Burgos con la apertura del Centro M\u00e9dico Virgen del Manzano","og_description":"Este nuevo espacio de casi 2500 metros est\u00e1 dotado con equipamiento de alta tecnolog\u00eda, servicios especializados y cuatro quir\u00f3fanos","og_url":"https:\/\/www.gruporecoletas.com\/noticias\/recoletas-salud-mejora-su-oferta-asistencial-en-burgos-con-la-apertura-del-centro-medico-virgen-del-manzano\/","og_site_name":"Noticias Grupo Recoletas","article_publisher":"https:\/\/www.facebook.com\/GrupoRecoletas\/","article_published_time":"2024-05-09T08:16:33+00:00","article_modified_time":"2024-05-09T11:29:07+00:00","og_image":[{"width":1366,"height":768,"url":"https:\/\/www.gruporecoletas.com\/noticias\/wp-content\/uploads\/2024\/05\/VIRGEN-MANZANO-RECOLETAS-SALUD.png","type":"image\/png"}],"author":"Recoletas Red Hospitalaria","twitter_card":"summary_large_image","twitter_creator":"@GrupoRecoletas","twitter_site":"@GrupoRecoletas","twitter_misc":{"Escrito por":"Recoletas Red Hospitalaria","Tiempo de lectura":"4 minutos"},"schema":{"@context":"https:\/\/schema.org","@graph":[{"@type":"Article","@id":"https:\/\/www.gruporecoletas.com\/noticias\/recoletas-salud-mejora-su-oferta-asistencial-en-burgos-con-la-apertura-del-centro-medico-virgen-del-manzano\/#article","isPartOf":{"@id":"https:\/\/www.gruporecoletas.com\/noticias\/recoletas-salud-mejora-su-oferta-asistencial-en-burgos-con-la-apertura-del-centro-medico-virgen-del-manzano\/"},"author":{"name":"Recoletas Red Hospitalaria","@id":"https:\/\/www.gruporecoletas.com\/noticias\/#\/schema\/person\/3c6ac429828d1f5e3d3bd99f4da9b02c"},"headline":"Recoletas Salud mejora su oferta asistencial en Burgos con la apertura del Centro M\u00e9dico Virgen del Manzano","datePublished":"2024-05-09T08:16:33+00:00","dateModified":"2024-05-09T11:29:07+00:00","mainEntityOfPage":{"@id":"https:\/\/www.gruporecoletas.com\/noticias\/recoletas-salud-mejora-su-oferta-asistencial-en-burgos-con-la-apertura-del-centro-medico-virgen-del-manzano\/"},"wordCount":796,"image":{"@id":"https:\/\/www.gruporecoletas.com\/noticias\/recoletas-salud-mejora-su-oferta-asistencial-en-burgos-con-la-apertura-del-centro-medico-virgen-del-manzano\/#primaryimage"},"thumbnailUrl":"https:\/\/www.gruporecoletas.com\/noticias\/wp-content\/uploads\/2024\/05\/VIRGEN-MANZANO-RECOLETAS-SALUD.png","keywords":["Burgos","centro m\u00e9dico","Virgen del Manzano"],"articleSection":["Burgos","Grupo Recoletas","Virgen del Manzano"],"inLanguage":"es"},{"@type":"WebPage","@id":"https:\/\/www.gruporecoletas.com\/noticias\/recoletas-salud-mejora-su-oferta-asistencial-en-burgos-con-la-apertura-del-centro-medico-virgen-del-manzano\/","url":"https:\/\/www.gruporecoletas.com\/noticias\/recoletas-salud-mejora-su-oferta-asistencial-en-burgos-con-la-apertura-del-centro-medico-virgen-del-manzano\/","name":"Recoletas Salud mejora su oferta asistencial en Burgos con la apertura del Centro M\u00e9dico Virgen del Manzano - Noticias Grupo Recoletas","isPartOf":{"@id":"https:\/\/www.gruporecoletas.com\/noticias\/#website"},"primaryImageOfPage":{"@id":"https:\/\/www.gruporecoletas.com\/noticias\/recoletas-salud-mejora-su-oferta-asistencial-en-burgos-con-la-apertura-del-centro-medico-virgen-del-manzano\/#primaryimage"},"image":{"@id":"https:\/\/www.gruporecoletas.com\/noticias\/recoletas-salud-mejora-su-oferta-asistencial-en-burgos-con-la-apertura-del-centro-medico-virgen-del-manzano\/#primaryimage"},"thumbnailUrl":"https:\/\/www.gruporecoletas.com\/noticias\/wp-content\/uploads\/2024\/05\/VIRGEN-MANZANO-RECOLETAS-SALUD.png","datePublished":"2024-05-09T08:16:33+00:00","dateModified":"2024-05-09T11:29:07+00:00","author":{"@id":"https:\/\/www.gruporecoletas.com\/noticias\/#\/schema\/person\/3c6ac429828d1f5e3d3bd99f4da9b02c"},"description":"Este nuevo espacio de casi 2500 metros est\u00e1 dotado con equipamiento de alta tecnolog\u00eda, servicios especializados y cuatro quir\u00f3fanos","breadcrumb":{"@id":"https:\/\/www.gruporecoletas.com\/noticias\/recoletas-salud-mejora-su-oferta-asistencial-en-burgos-con-la-apertura-del-centro-medico-virgen-del-manzano\/#breadcrumb"},"inLanguage":"es","potentialAction":[{"@type":"ReadAction","target":["https:\/\/www.gruporecoletas.com\/noticias\/recoletas-salud-mejora-su-oferta-asistencial-en-burgos-con-la-apertura-del-centro-medico-virgen-del-manzano\/"]}]},{"@type":"ImageObject","inLanguage":"es","@id":"https:\/\/www.gruporecoletas.com\/noticias\/recoletas-salud-mejora-su-oferta-asistencial-en-burgos-con-la-apertura-del-centro-medico-virgen-del-manzano\/#primaryimage","url":"https:\/\/www.gruporecoletas.com\/noticias\/wp-content\/uploads\/2024\/05\/VIRGEN-MANZANO-RECOLETAS-SALUD.png","contentUrl":"https:\/\/www.gruporecoletas.com\/noticias\/wp-content\/uploads\/2024\/05\/VIRGEN-MANZANO-RECOLETAS-SALUD.png","width":1366,"height":768,"caption":"Recoletas Salud mejora su oferta asistencial en Burgos con la apertura del Centro M\u00e9dico Virgen del Manzano"},{"@type":"BreadcrumbList","@id":"https:\/\/www.gruporecoletas.com\/noticias\/recoletas-salud-mejora-su-oferta-asistencial-en-burgos-con-la-apertura-del-centro-medico-virgen-del-manzano\/#breadcrumb","itemListElement":[{"@type":"ListItem","position":1,"name":"Portada","item":"https:\/\/www.gruporecoletas.com\/noticias\/"},{"@type":"ListItem","position":2,"name":"Recoletas Salud mejora su oferta asistencial en Burgos con la apertura del Centro M\u00e9dico Virgen del Manzano"}]},{"@type":"WebSite","@id":"https:\/\/www.gruporecoletas.com\/noticias\/#website","url":"https:\/\/www.gruporecoletas.com\/noticias\/","name":"Noticias Grupo Recoletas","description":"Grupo Recoletas","potentialAction":[{"@type":"SearchAction","target":{"@type":"EntryPoint","urlTemplate":"https:\/\/www.gruporecoletas.com\/noticias\/?s={search_term_string}"},"query-input":{"@type":"PropertyValueSpecification","valueRequired":true,"valueName":"search_term_string"}}],"inLanguage":"es"},{"@type":"Person","@id":"https:\/\/www.gruporecoletas.com\/noticias\/#\/schema\/person\/3c6ac429828d1f5e3d3bd99f4da9b02c","name":"Recoletas Red Hospitalaria","url":"https:\/\/www.gruporecoletas.com\/noticias\/author\/comunicacion\/"}]}},"_links":{"self":[{"href":"https:\/\/www.gruporecoletas.com\/noticias\/wp-json\/wp\/v2\/posts\/16389","targetHints":{"allow":["GET"]}}],"collection":[{"href":"https:\/\/www.gruporecoletas.com\/noticias\/wp-json\/wp\/v2\/posts"}],"about":[{"href":"https:\/\/www.gruporecoletas.com\/noticias\/wp-json\/wp\/v2\/types\/post"}],"author":[{"embeddable":true,"href":"https:\/\/www.gruporecoletas.com\/noticias\/wp-json\/wp\/v2\/users\/2"}],"replies":[{"embeddable":true,"href":"https:\/\/www.gruporecoletas.com\/noticias\/wp-json\/wp\/v2\/comments?post=16389"}],"version-history":[{"count":2,"href":"https:\/\/www.gruporecoletas.com\/noticias\/wp-json\/wp\/v2\/posts\/16389\/revisions"}],"predecessor-version":[{"id":16392,"href":"https:\/\/www.gruporecoletas.com\/noticias\/wp-json\/wp\/v2\/posts\/16389\/revisions\/16392"}],"wp:featuredmedia":[{"embeddable":true,"href":"https:\/\/www.gruporecoletas.com\/noticias\/wp-json\/wp\/v2\/media\/16390"}],"wp:attachment":[{"href":"https:\/\/www.gruporecoletas.com\/noticias\/wp-json\/wp\/v2\/media?parent=16389"}],"wp:term":[{"taxonomy":"category","embeddable":true,"href":"https:\/\/www.gruporecoletas.com\/noticias\/wp-json\/wp\/v2\/categories?post=16389"},{"taxonomy":"post_tag","embeddable":true,"href":"https:\/\/www.gruporecoletas.com\/noticias\/wp-json\/wp\/v2\/tags?post=16389"}],"curies":[{"name":"wp","href":"https:\/\/api.w.org\/{rel}","templated":true}]}}