{"id":16403,"date":"2024-05-17T13:56:46","date_gmt":"2024-05-17T11:56:46","guid":{"rendered":"https:\/\/www.gruporecoletas.com\/noticias\/?p=16403"},"modified":"2024-05-17T13:56:48","modified_gmt":"2024-05-17T11:56:48","slug":"la-fundacion-recoletas-salud-y-el-ayuntamiento-de-valladolid-organizan-la-campana-valladolid-respira","status":"publish","type":"post","link":"https:\/\/www.gruporecoletas.com\/noticias\/la-fundacion-recoletas-salud-y-el-ayuntamiento-de-valladolid-organizan-la-campana-valladolid-respira\/","title":{"rendered":"La Fundaci\u00f3n Recoletas Salud y el Ayuntamiento de Valladolid organizan la campa\u00f1a &#8216;Valladolid Respira&#8217;"},"content":{"rendered":"\n<ul class=\"wp-block-list\">\n<li><strong><em>Se instalar\u00e1n tres carpas en la Acera Recoletos atendidas por especialistas m\u00e9dicos para la realizaci\u00f3n de pruebas gratuitas e informar sobre los riegos del tabaco y la importancia de la salud respiratoria<\/em><\/strong><\/li>\n<\/ul>\n\n\n\n<p>La Fundaci\u00f3n Recoletas Salud en colaboraci\u00f3n con el Ayuntamiento de Valladolid, a trav\u00e9s de la concejal\u00eda de Salud P\u00fablica y Seguridad Ciudadana, ha organizado la campa\u00f1a \u201cValladolid Respira\u201d. Se trata de una campa\u00f1a de concienciaci\u00f3n ciudadana sobre la importancia de la salud respiratoria y especialmente sobre el riesgo del tabaquismo, responsable directo de la muerte de 55.000 personas al a\u00f1o y de muchas de las enfermedades respiratorias cr\u00f3nicas.<\/p>\n\n\n\n<p>En la campa\u00f1a, que tendr\u00e1 lugar de 11:00 a 14:00h del s\u00e1bado 18 de mayo, participan especialistas de la Unidad de Neumolog\u00eda del Hospital Recoletas Salud Campo Grande y del servicio de fisioterapia de Origen, Diagn\u00f3stico y Traumatolog\u00eda.<\/p>\n\n\n\n<p>\u201cValladolid Respira\u201d se desarrollar\u00e1 en tres carpas que se han ubicado en el paseo central de Acera Recoletos. En la primera carpa se realizar\u00e1n espirometrias (prueba respiratoria para la detecci\u00f3n de enfermedades como el asma, epoc y otras), en la segunda carpa se informar\u00e1 sobre el programa de detecci\u00f3n precoz del c\u00e1ncer de pulm\u00f3n gracias al cual la supervivencia aumenta hasta un 70% y en la tercera carpa se ense\u00f1ar\u00e1n ejercicios de fisioterapia para enfermos pulmonares.<\/p>\n\n\n\n<p>En todas las carpas dar\u00e1 informaci\u00f3n sobre salud respiratoria y h\u00e1bitos de vida saludable. Adem\u00e1s, los participantes en la campa\u00f1a podr\u00e1n concursar en un sorteo de 5 chequeos m\u00e9dicos con pruebas funcionales respiratorias completas.<\/p>\n\n\n\n<p>Para el jefe del Servicio de Neumolog\u00eda del Hospital Recoletas Salud Campo Grande y principal art\u00edfice de la campa\u00f1a \u201cValladolid Respira\u201d, el Dr. Francisco Mu\u00f1iz Gonz\u00e1lez, es fundamental que las personas de todas las edades conozcan en detalle las nefastas consecuencias que supone para la salud el consumo tabaco , \u201c<em>adem\u00e1s del c\u00e1ncer de pulm\u00f3n, el tabaco es responsable del infarto de miocardio, del infarto cerebral o de &nbsp;la EPOC (Enfermedad Pulmonar Obstructiva Cr\u00f3nica), una enfermedad con mayor mortalidad, incluso que el c\u00e1ncer de pulm\u00f3n<\/em>\u201d, concluy\u00f3 destacando el especialista en neumolog\u00eda para quien este tipo de iniciativas ciudadanas son determinantes para vivir m\u00e1s y vivir mejor.<\/p>\n","protected":false},"excerpt":{"rendered":"<p>La Fundaci\u00f3n Recoletas Salud en colaboraci\u00f3n con el Ayuntamiento de Valladolid, a trav\u00e9s de la concejal\u00eda de Salud P\u00fablica y Seguridad Ciudadana, ha organizado la campa\u00f1a \u201cValladolid Respira\u201d. Se trata de una campa\u00f1a de concienciaci\u00f3n ciudadana sobre la importancia de la salud respiratoria y especialmente sobre el riesgo del tabaquismo, responsable directo de la muerte [&hellip;]<\/p>\n","protected":false},"author":2,"featured_media":16404,"comment_status":"closed","ping_status":"closed","sticky":false,"template":"","format":"standard","meta":{"_acf_changed":false,"footnotes":""},"categories":[43,1,2,42,3244,4],"tags":[],"class_list":["post-16403","post","type-post","status-publish","format-standard","has-post-thumbnail","hentry","category-centros","category-grupo-recoletas","category-hrcg","category-recoletas-salud","category-unidad-de-neumologia","category-valladolid"],"acf":[],"yoast_head":"<!-- This site is optimized with the Yoast SEO Premium plugin v27.3 (Yoast SEO v27.3) - https:\/\/yoast.com\/product\/yoast-seo-premium-wordpress\/ -->\n<title>La Fundaci\u00f3n Recoletas Salud y el Ayuntamiento de Valladolid organizan la campa\u00f1a &#039;Valladolid Respira&#039; - Noticias Grupo Recoletas<\/title>\n<meta name=\"description\" content=\"Se instalar\u00e1n tres carpas en la Acera Recoletos atendidas por especialistas m\u00e9dicos para informar sobre la importancia de la salud respiratoria\" \/>\n<meta name=\"robots\" content=\"index, follow, max-snippet:-1, max-image-preview:large, max-video-preview:-1\" \/>\n<link rel=\"canonical\" href=\"https:\/\/www.gruporecoletas.com\/noticias\/la-fundacion-recoletas-salud-y-el-ayuntamiento-de-valladolid-organizan-la-campana-valladolid-respira\/\" \/>\n<meta property=\"og:locale\" content=\"es_ES\" \/>\n<meta property=\"og:type\" content=\"article\" \/>\n<meta property=\"og:title\" content=\"La Fundaci\u00f3n Recoletas Salud y el Ayuntamiento de Valladolid organizan la campa\u00f1a &#039;Valladolid Respira&#039;\" \/>\n<meta property=\"og:description\" content=\"Se instalar\u00e1n tres carpas en la Acera Recoletos atendidas por especialistas m\u00e9dicos para informar sobre la importancia de la salud respiratoria\" \/>\n<meta property=\"og:url\" content=\"https:\/\/www.gruporecoletas.com\/noticias\/la-fundacion-recoletas-salud-y-el-ayuntamiento-de-valladolid-organizan-la-campana-valladolid-respira\/\" \/>\n<meta property=\"og:site_name\" content=\"Noticias Grupo Recoletas\" \/>\n<meta property=\"article:publisher\" content=\"https:\/\/www.facebook.com\/GrupoRecoletas\/\" \/>\n<meta property=\"article:published_time\" content=\"2024-05-17T11:56:46+00:00\" \/>\n<meta property=\"article:modified_time\" content=\"2024-05-17T11:56:48+00:00\" \/>\n<meta property=\"og:image\" content=\"https:\/\/www.gruporecoletas.com\/noticias\/wp-content\/uploads\/2024\/05\/VALLADOLID-RESPIRA-WEB.png\" \/>\n\t<meta property=\"og:image:width\" content=\"1366\" \/>\n\t<meta property=\"og:image:height\" content=\"768\" \/>\n\t<meta property=\"og:image:type\" content=\"image\/png\" \/>\n<meta name=\"author\" content=\"Recoletas Red Hospitalaria\" \/>\n<meta name=\"twitter:card\" content=\"summary_large_image\" \/>\n<meta name=\"twitter:creator\" content=\"@GrupoRecoletas\" \/>\n<meta name=\"twitter:site\" content=\"@GrupoRecoletas\" \/>\n<meta name=\"twitter:label1\" content=\"Escrito por\" \/>\n\t<meta name=\"twitter:data1\" content=\"Recoletas Red Hospitalaria\" \/>\n\t<meta name=\"twitter:label2\" content=\"Tiempo de lectura\" \/>\n\t<meta name=\"twitter:data2\" content=\"2 minutos\" \/>\n<script type=\"application\/ld+json\" class=\"yoast-schema-graph\">{\"@context\":\"https:\\\/\\\/schema.org\",\"@graph\":[{\"@type\":\"Article\",\"@id\":\"https:\\\/\\\/www.gruporecoletas.com\\\/noticias\\\/la-fundacion-recoletas-salud-y-el-ayuntamiento-de-valladolid-organizan-la-campana-valladolid-respira\\\/#article\",\"isPartOf\":{\"@id\":\"https:\\\/\\\/www.gruporecoletas.com\\\/noticias\\\/la-fundacion-recoletas-salud-y-el-ayuntamiento-de-valladolid-organizan-la-campana-valladolid-respira\\\/\"},\"author\":{\"name\":\"Recoletas Red Hospitalaria\",\"@id\":\"https:\\\/\\\/www.gruporecoletas.com\\\/noticias\\\/#\\\/schema\\\/person\\\/3c6ac429828d1f5e3d3bd99f4da9b02c\"},\"headline\":\"La Fundaci\u00f3n Recoletas Salud y el Ayuntamiento de Valladolid organizan la campa\u00f1a &#8216;Valladolid Respira&#8217;\",\"datePublished\":\"2024-05-17T11:56:46+00:00\",\"dateModified\":\"2024-05-17T11:56:48+00:00\",\"mainEntityOfPage\":{\"@id\":\"https:\\\/\\\/www.gruporecoletas.com\\\/noticias\\\/la-fundacion-recoletas-salud-y-el-ayuntamiento-de-valladolid-organizan-la-campana-valladolid-respira\\\/\"},\"wordCount\":409,\"image\":{\"@id\":\"https:\\\/\\\/www.gruporecoletas.com\\\/noticias\\\/la-fundacion-recoletas-salud-y-el-ayuntamiento-de-valladolid-organizan-la-campana-valladolid-respira\\\/#primaryimage\"},\"thumbnailUrl\":\"https:\\\/\\\/www.gruporecoletas.com\\\/noticias\\\/wp-content\\\/uploads\\\/2024\\\/05\\\/VALLADOLID-RESPIRA-WEB.png\",\"articleSection\":[\"Centros\",\"Grupo Recoletas\",\"HRCG\",\"Recoletas Salud\",\"Unidad de Neumolog\u00eda\",\"Valladolid\"],\"inLanguage\":\"es\"},{\"@type\":\"WebPage\",\"@id\":\"https:\\\/\\\/www.gruporecoletas.com\\\/noticias\\\/la-fundacion-recoletas-salud-y-el-ayuntamiento-de-valladolid-organizan-la-campana-valladolid-respira\\\/\",\"url\":\"https:\\\/\\\/www.gruporecoletas.com\\\/noticias\\\/la-fundacion-recoletas-salud-y-el-ayuntamiento-de-valladolid-organizan-la-campana-valladolid-respira\\\/\",\"name\":\"La Fundaci\u00f3n Recoletas Salud y el Ayuntamiento de Valladolid organizan la campa\u00f1a 'Valladolid Respira' - Noticias Grupo Recoletas\",\"isPartOf\":{\"@id\":\"https:\\\/\\\/www.gruporecoletas.com\\\/noticias\\\/#website\"},\"primaryImageOfPage\":{\"@id\":\"https:\\\/\\\/www.gruporecoletas.com\\\/noticias\\\/la-fundacion-recoletas-salud-y-el-ayuntamiento-de-valladolid-organizan-la-campana-valladolid-respira\\\/#primaryimage\"},\"image\":{\"@id\":\"https:\\\/\\\/www.gruporecoletas.com\\\/noticias\\\/la-fundacion-recoletas-salud-y-el-ayuntamiento-de-valladolid-organizan-la-campana-valladolid-respira\\\/#primaryimage\"},\"thumbnailUrl\":\"https:\\\/\\\/www.gruporecoletas.com\\\/noticias\\\/wp-content\\\/uploads\\\/2024\\\/05\\\/VALLADOLID-RESPIRA-WEB.png\",\"datePublished\":\"2024-05-17T11:56:46+00:00\",\"dateModified\":\"2024-05-17T11:56:48+00:00\",\"author\":{\"@id\":\"https:\\\/\\\/www.gruporecoletas.com\\\/noticias\\\/#\\\/schema\\\/person\\\/3c6ac429828d1f5e3d3bd99f4da9b02c\"},\"description\":\"Se instalar\u00e1n tres carpas en la Acera Recoletos atendidas por especialistas m\u00e9dicos para informar sobre la importancia de la salud respiratoria\",\"breadcrumb\":{\"@id\":\"https:\\\/\\\/www.gruporecoletas.com\\\/noticias\\\/la-fundacion-recoletas-salud-y-el-ayuntamiento-de-valladolid-organizan-la-campana-valladolid-respira\\\/#breadcrumb\"},\"inLanguage\":\"es\",\"potentialAction\":[{\"@type\":\"ReadAction\",\"target\":[\"https:\\\/\\\/www.gruporecoletas.com\\\/noticias\\\/la-fundacion-recoletas-salud-y-el-ayuntamiento-de-valladolid-organizan-la-campana-valladolid-respira\\\/\"]}]},{\"@type\":\"ImageObject\",\"inLanguage\":\"es\",\"@id\":\"https:\\\/\\\/www.gruporecoletas.com\\\/noticias\\\/la-fundacion-recoletas-salud-y-el-ayuntamiento-de-valladolid-organizan-la-campana-valladolid-respira\\\/#primaryimage\",\"url\":\"https:\\\/\\\/www.gruporecoletas.com\\\/noticias\\\/wp-content\\\/uploads\\\/2024\\\/05\\\/VALLADOLID-RESPIRA-WEB.png\",\"contentUrl\":\"https:\\\/\\\/www.gruporecoletas.com\\\/noticias\\\/wp-content\\\/uploads\\\/2024\\\/05\\\/VALLADOLID-RESPIRA-WEB.png\",\"width\":1366,\"height\":768,\"caption\":\"La Fundaci\u00f3n Recoletas Salud y el Ayuntamiento de Valladolid organizan la campa\u00f1a 'Valladolid Respira'\"},{\"@type\":\"BreadcrumbList\",\"@id\":\"https:\\\/\\\/www.gruporecoletas.com\\\/noticias\\\/la-fundacion-recoletas-salud-y-el-ayuntamiento-de-valladolid-organizan-la-campana-valladolid-respira\\\/#breadcrumb\",\"itemListElement\":[{\"@type\":\"ListItem\",\"position\":1,\"name\":\"Portada\",\"item\":\"https:\\\/\\\/www.gruporecoletas.com\\\/noticias\\\/\"},{\"@type\":\"ListItem\",\"position\":2,\"name\":\"La Fundaci\u00f3n Recoletas Salud y el Ayuntamiento de Valladolid organizan la campa\u00f1a &#8216;Valladolid Respira&#8217;\"}]},{\"@type\":\"WebSite\",\"@id\":\"https:\\\/\\\/www.gruporecoletas.com\\\/noticias\\\/#website\",\"url\":\"https:\\\/\\\/www.gruporecoletas.com\\\/noticias\\\/\",\"name\":\"Noticias Grupo Recoletas\",\"description\":\"Grupo Recoletas\",\"potentialAction\":[{\"@type\":\"SearchAction\",\"target\":{\"@type\":\"EntryPoint\",\"urlTemplate\":\"https:\\\/\\\/www.gruporecoletas.com\\\/noticias\\\/?s={search_term_string}\"},\"query-input\":{\"@type\":\"PropertyValueSpecification\",\"valueRequired\":true,\"valueName\":\"search_term_string\"}}],\"inLanguage\":\"es\"},{\"@type\":\"Person\",\"@id\":\"https:\\\/\\\/www.gruporecoletas.com\\\/noticias\\\/#\\\/schema\\\/person\\\/3c6ac429828d1f5e3d3bd99f4da9b02c\",\"name\":\"Recoletas Red Hospitalaria\",\"url\":\"https:\\\/\\\/www.gruporecoletas.com\\\/noticias\\\/author\\\/comunicacion\\\/\"}]}<\/script>\n<!-- \/ Yoast SEO Premium plugin. -->","yoast_head_json":{"title":"La Fundaci\u00f3n Recoletas Salud y el Ayuntamiento de Valladolid organizan la campa\u00f1a 'Valladolid Respira' - Noticias Grupo Recoletas","description":"Se instalar\u00e1n tres carpas en la Acera Recoletos atendidas por especialistas m\u00e9dicos para informar sobre la importancia de la salud respiratoria","robots":{"index":"index","follow":"follow","max-snippet":"max-snippet:-1","max-image-preview":"max-image-preview:large","max-video-preview":"max-video-preview:-1"},"canonical":"https:\/\/www.gruporecoletas.com\/noticias\/la-fundacion-recoletas-salud-y-el-ayuntamiento-de-valladolid-organizan-la-campana-valladolid-respira\/","og_locale":"es_ES","og_type":"article","og_title":"La Fundaci\u00f3n Recoletas Salud y el Ayuntamiento de Valladolid organizan la campa\u00f1a 'Valladolid Respira'","og_description":"Se instalar\u00e1n tres carpas en la Acera Recoletos atendidas por especialistas m\u00e9dicos para informar sobre la importancia de la salud respiratoria","og_url":"https:\/\/www.gruporecoletas.com\/noticias\/la-fundacion-recoletas-salud-y-el-ayuntamiento-de-valladolid-organizan-la-campana-valladolid-respira\/","og_site_name":"Noticias Grupo Recoletas","article_publisher":"https:\/\/www.facebook.com\/GrupoRecoletas\/","article_published_time":"2024-05-17T11:56:46+00:00","article_modified_time":"2024-05-17T11:56:48+00:00","og_image":[{"width":1366,"height":768,"url":"https:\/\/www.gruporecoletas.com\/noticias\/wp-content\/uploads\/2024\/05\/VALLADOLID-RESPIRA-WEB.png","type":"image\/png"}],"author":"Recoletas Red Hospitalaria","twitter_card":"summary_large_image","twitter_creator":"@GrupoRecoletas","twitter_site":"@GrupoRecoletas","twitter_misc":{"Escrito por":"Recoletas Red Hospitalaria","Tiempo de lectura":"2 minutos"},"schema":{"@context":"https:\/\/schema.org","@graph":[{"@type":"Article","@id":"https:\/\/www.gruporecoletas.com\/noticias\/la-fundacion-recoletas-salud-y-el-ayuntamiento-de-valladolid-organizan-la-campana-valladolid-respira\/#article","isPartOf":{"@id":"https:\/\/www.gruporecoletas.com\/noticias\/la-fundacion-recoletas-salud-y-el-ayuntamiento-de-valladolid-organizan-la-campana-valladolid-respira\/"},"author":{"name":"Recoletas Red Hospitalaria","@id":"https:\/\/www.gruporecoletas.com\/noticias\/#\/schema\/person\/3c6ac429828d1f5e3d3bd99f4da9b02c"},"headline":"La Fundaci\u00f3n Recoletas Salud y el Ayuntamiento de Valladolid organizan la campa\u00f1a &#8216;Valladolid Respira&#8217;","datePublished":"2024-05-17T11:56:46+00:00","dateModified":"2024-05-17T11:56:48+00:00","mainEntityOfPage":{"@id":"https:\/\/www.gruporecoletas.com\/noticias\/la-fundacion-recoletas-salud-y-el-ayuntamiento-de-valladolid-organizan-la-campana-valladolid-respira\/"},"wordCount":409,"image":{"@id":"https:\/\/www.gruporecoletas.com\/noticias\/la-fundacion-recoletas-salud-y-el-ayuntamiento-de-valladolid-organizan-la-campana-valladolid-respira\/#primaryimage"},"thumbnailUrl":"https:\/\/www.gruporecoletas.com\/noticias\/wp-content\/uploads\/2024\/05\/VALLADOLID-RESPIRA-WEB.png","articleSection":["Centros","Grupo Recoletas","HRCG","Recoletas Salud","Unidad de Neumolog\u00eda","Valladolid"],"inLanguage":"es"},{"@type":"WebPage","@id":"https:\/\/www.gruporecoletas.com\/noticias\/la-fundacion-recoletas-salud-y-el-ayuntamiento-de-valladolid-organizan-la-campana-valladolid-respira\/","url":"https:\/\/www.gruporecoletas.com\/noticias\/la-fundacion-recoletas-salud-y-el-ayuntamiento-de-valladolid-organizan-la-campana-valladolid-respira\/","name":"La Fundaci\u00f3n Recoletas Salud y el Ayuntamiento de Valladolid organizan la campa\u00f1a 'Valladolid Respira' - Noticias Grupo Recoletas","isPartOf":{"@id":"https:\/\/www.gruporecoletas.com\/noticias\/#website"},"primaryImageOfPage":{"@id":"https:\/\/www.gruporecoletas.com\/noticias\/la-fundacion-recoletas-salud-y-el-ayuntamiento-de-valladolid-organizan-la-campana-valladolid-respira\/#primaryimage"},"image":{"@id":"https:\/\/www.gruporecoletas.com\/noticias\/la-fundacion-recoletas-salud-y-el-ayuntamiento-de-valladolid-organizan-la-campana-valladolid-respira\/#primaryimage"},"thumbnailUrl":"https:\/\/www.gruporecoletas.com\/noticias\/wp-content\/uploads\/2024\/05\/VALLADOLID-RESPIRA-WEB.png","datePublished":"2024-05-17T11:56:46+00:00","dateModified":"2024-05-17T11:56:48+00:00","author":{"@id":"https:\/\/www.gruporecoletas.com\/noticias\/#\/schema\/person\/3c6ac429828d1f5e3d3bd99f4da9b02c"},"description":"Se instalar\u00e1n tres carpas en la Acera Recoletos atendidas por especialistas m\u00e9dicos para informar sobre la importancia de la salud respiratoria","breadcrumb":{"@id":"https:\/\/www.gruporecoletas.com\/noticias\/la-fundacion-recoletas-salud-y-el-ayuntamiento-de-valladolid-organizan-la-campana-valladolid-respira\/#breadcrumb"},"inLanguage":"es","potentialAction":[{"@type":"ReadAction","target":["https:\/\/www.gruporecoletas.com\/noticias\/la-fundacion-recoletas-salud-y-el-ayuntamiento-de-valladolid-organizan-la-campana-valladolid-respira\/"]}]},{"@type":"ImageObject","inLanguage":"es","@id":"https:\/\/www.gruporecoletas.com\/noticias\/la-fundacion-recoletas-salud-y-el-ayuntamiento-de-valladolid-organizan-la-campana-valladolid-respira\/#primaryimage","url":"https:\/\/www.gruporecoletas.com\/noticias\/wp-content\/uploads\/2024\/05\/VALLADOLID-RESPIRA-WEB.png","contentUrl":"https:\/\/www.gruporecoletas.com\/noticias\/wp-content\/uploads\/2024\/05\/VALLADOLID-RESPIRA-WEB.png","width":1366,"height":768,"caption":"La Fundaci\u00f3n Recoletas Salud y el Ayuntamiento de Valladolid organizan la campa\u00f1a 'Valladolid Respira'"},{"@type":"BreadcrumbList","@id":"https:\/\/www.gruporecoletas.com\/noticias\/la-fundacion-recoletas-salud-y-el-ayuntamiento-de-valladolid-organizan-la-campana-valladolid-respira\/#breadcrumb","itemListElement":[{"@type":"ListItem","position":1,"name":"Portada","item":"https:\/\/www.gruporecoletas.com\/noticias\/"},{"@type":"ListItem","position":2,"name":"La Fundaci\u00f3n Recoletas Salud y el Ayuntamiento de Valladolid organizan la campa\u00f1a &#8216;Valladolid Respira&#8217;"}]},{"@type":"WebSite","@id":"https:\/\/www.gruporecoletas.com\/noticias\/#website","url":"https:\/\/www.gruporecoletas.com\/noticias\/","name":"Noticias Grupo Recoletas","description":"Grupo Recoletas","potentialAction":[{"@type":"SearchAction","target":{"@type":"EntryPoint","urlTemplate":"https:\/\/www.gruporecoletas.com\/noticias\/?s={search_term_string}"},"query-input":{"@type":"PropertyValueSpecification","valueRequired":true,"valueName":"search_term_string"}}],"inLanguage":"es"},{"@type":"Person","@id":"https:\/\/www.gruporecoletas.com\/noticias\/#\/schema\/person\/3c6ac429828d1f5e3d3bd99f4da9b02c","name":"Recoletas Red Hospitalaria","url":"https:\/\/www.gruporecoletas.com\/noticias\/author\/comunicacion\/"}]}},"_links":{"self":[{"href":"https:\/\/www.gruporecoletas.com\/noticias\/wp-json\/wp\/v2\/posts\/16403","targetHints":{"allow":["GET"]}}],"collection":[{"href":"https:\/\/www.gruporecoletas.com\/noticias\/wp-json\/wp\/v2\/posts"}],"about":[{"href":"https:\/\/www.gruporecoletas.com\/noticias\/wp-json\/wp\/v2\/types\/post"}],"author":[{"embeddable":true,"href":"https:\/\/www.gruporecoletas.com\/noticias\/wp-json\/wp\/v2\/users\/2"}],"replies":[{"embeddable":true,"href":"https:\/\/www.gruporecoletas.com\/noticias\/wp-json\/wp\/v2\/comments?post=16403"}],"version-history":[{"count":1,"href":"https:\/\/www.gruporecoletas.com\/noticias\/wp-json\/wp\/v2\/posts\/16403\/revisions"}],"predecessor-version":[{"id":16405,"href":"https:\/\/www.gruporecoletas.com\/noticias\/wp-json\/wp\/v2\/posts\/16403\/revisions\/16405"}],"wp:featuredmedia":[{"embeddable":true,"href":"https:\/\/www.gruporecoletas.com\/noticias\/wp-json\/wp\/v2\/media\/16404"}],"wp:attachment":[{"href":"https:\/\/www.gruporecoletas.com\/noticias\/wp-json\/wp\/v2\/media?parent=16403"}],"wp:term":[{"taxonomy":"category","embeddable":true,"href":"https:\/\/www.gruporecoletas.com\/noticias\/wp-json\/wp\/v2\/categories?post=16403"},{"taxonomy":"post_tag","embeddable":true,"href":"https:\/\/www.gruporecoletas.com\/noticias\/wp-json\/wp\/v2\/tags?post=16403"}],"curies":[{"name":"wp","href":"https:\/\/api.w.org\/{rel}","templated":true}]}}