{"id":16413,"date":"2024-05-27T14:04:10","date_gmt":"2024-05-27T12:04:10","guid":{"rendered":"https:\/\/www.gruporecoletas.com\/noticias\/?p=16413"},"modified":"2024-05-27T14:04:11","modified_gmt":"2024-05-27T12:04:11","slug":"exito-de-participacion-en-la-jornada-de-nutricion-clinica-recoletas-salud","status":"publish","type":"post","link":"https:\/\/www.gruporecoletas.com\/noticias\/exito-de-participacion-en-la-jornada-de-nutricion-clinica-recoletas-salud\/","title":{"rendered":"\u00c9xito de participaci\u00f3n en la Jornada de Nutrici\u00f3n Cl\u00ednica Recoletas Salud"},"content":{"rendered":"\n<ul class=\"wp-block-list\">\n<li><strong>El nivel de renta y la dificultad para llegar a fin de mes de algunas familias influye en las tasas de obesidad infantil<\/strong><\/li>\n\n\n\n<li><strong><em>Los nuevos f\u00e1rmacos contra la obesidad no son suficiente, tienen que acompa\u00f1arse con una correcta nutrici\u00f3n, psicolog\u00eda y ejercicio f\u00edsico<\/em><\/strong><\/li>\n<\/ul>\n\n\n\n<p>Con motivo del D\u00eda Nacional de la Nutrici\u00f3na, la Fundaci\u00f3n Recoletas Salud, en colaboraci\u00f3n con la Unidad de Nutrici\u00f3n y Obesidad de Recoletas Salud organiz\u00f3 el pasado viernes una jornada sobre Nutrici\u00f3n Cl\u00ednica para abordar de manera integral el problema de la obesidad, un problema que afecta al 17% de la poblaci\u00f3n en Castilla y Le\u00f3n y al 20% aproximadamente del conjunto de Espa\u00f1a.<\/p>\n\n\n\n<p>En la jornada participaron expertos de diferentes especialidades: ginecolog\u00eda, pediatr\u00eda, endocrinolog\u00eda, cirug\u00eda, nutrici\u00f3n, psicolog\u00eda y ejercicio f\u00edsico, mostrando as\u00ed la importancia de abordar el problema de la obesidad de manera coordinada y multidisciplinar.<\/p>\n\n\n\n<p>En relaci\u00f3n a la obesidad infantil, la nutricionista Paula Crespo, coordinadora de la Unidad de Nutrici\u00f3n y Obesidad de Recoletas, destac\u00f3 que \u201c<em>adem\u00e1s de la alimentaci\u00f3n y el ejercicio, es importante tener en cuenta que existen muchos factores que propician la obesidad infantil, alguno de ellos tan grave como el nivel de renta y la dificultad con la que las familias llegan a final de mes<\/em>\u201d.<\/p>\n\n\n\n<p>Seg\u00fan un reciente estudio del Colegio de Nutricionistas Dietistas de Valencia, en los hogares con rentas inferiores a 12.000\u20ac anules las tasas de obesidad son del 29,1% frente al 8,3% de obesidad en hogares con rentas superiores a 36.000\u20ac anuales.<\/p>\n\n\n\n<p>Por otro lado, el Dr. Fernando Centeno, jefe de Pediatr\u00eda del Hospital Recoletas Campo Grande, apunt\u00f3 que hay estudios que demuestra que \u201c<em>comer en familia reduce el riesgo de obesidad infantil\u201d.<\/em> Al respecto, destac\u00f3 que algunos estudios han demostrado como el momento de comer en familia contribuye a fomentar h\u00e1bitos saludables, en concreto, cenar entre 3 y 5 veces a la semana juntos, favorece estos h\u00e1bitos.<\/p>\n\n\n\n<p>En la mesa dedicada al diagn\u00f3stico y tratamiento de la obesidad adulta, Dr. Javier Rodr\u00edguez m\u00e9dico de la Unidad apunt\u00f3 \u201c<em>los nuevos f\u00e1rmacos son el futuro del tratamiento de la obesidad y aunque han llegado para quedarse, ser\u00e1 muy importante que este tratamiento farmacol\u00f3gico se acompa\u00f1e con nutrici\u00f3n, psicolog\u00eda y ejercicio para mantener los resultados conseguidos, el f\u00e1rmaco solo no ser\u00e1 suficiente<\/em>\u201d.<\/p>\n\n\n\n<p>Por otro lado, la nutricionista de la Unidad, Alba Mart\u00edn destac\u00f3 la importancia de personalizar la dieta teniendo en cuenta todo lo que influye en la alimentaci\u00f3n de la persona y marcar otros objetivos a conseguir, no solo el peso.<\/p>\n\n\n\n<p>Por su parte, la psic\u00f3loga Cristina Negro, habl\u00f3 de la importancia de humanizar las consultas de obesidad y cuidar el lenguaje para crear un v\u00ednculo terap\u00e9utico duradero con los pacientes y el Dr. Javier Butrague\u00f1o, experto en ejercicio f\u00edsico conocido a nivel mundial, destac\u00f3 la importancia de analizar, antes de iniciar cualquier tratamiento, la condici\u00f3n f\u00edsica, \u201c<em>si el m\u00fasculo no funciona, ning\u00fan tratamiento va a ser efectivo. Igual que la gente es resistente a la insulina, hay personas que son resistentes a la dieta y la clave est\u00e1 en hacer funcionar al m\u00fasculo<\/em>\u201d.<\/p>\n\n\n\n<p>En la jornada, el endocrino Abel Gonz\u00e1lez mostr\u00f3 los avances en el diagn\u00f3stico de la grasa abdominal a trav\u00e9s de la ecograf\u00eda, una t\u00e9cnica no invasiva y con gran precisi\u00f3n diagn\u00f3stica que se est\u00e1 empezando a utilizar en el tratamiento de la obesidad. Tambi\u00e9n la nutricionista de VIDA Recoletas, Ver\u00f3nica de la Fuente, explic\u00f3 como con una alimentaci\u00f3n adecuada se puede mejorar las tasas de fertilidad, tanto en hombres como en mujeres, \u201c<em>el d\u00e9ficit de vitamina D guarda una estrecha relaci\u00f3n con problemas de implantaci\u00f3n por su impacto en el endometrio<\/em>\u201d y la Dra. Isabel Gippini, directora m\u00e9dica de la Unidad de la Mujer de Recoletas apunt\u00f3 la importancia de tratar la obesidad como un trastorno m\u00e1s de la menopausia.<\/p>\n\n\n\n<h4 class=\"wp-block-heading\"><strong><u>Conclusiones<\/u><\/strong> <\/h4>\n\n\n\n<p>Para Paula Crespo iniciativas como esta jornada multidisciplinar permite seguir avanzando en contra de la obesidad y el sobrepeso. En este sentido, Crespo record\u00f3 que Recoletas Salud cuenta con unidades de obesidad dirigidas por equipos m\u00e9dicos multidisciplinares de expertos cirujanos bari\u00e1tricos, endoscopistas, endocrinos, m\u00e9dicos de familia, nutricionistas y psic\u00f3logos quienes adaptan los tratamientos a las necesidades de cada paciente y se encargan adem\u00e1s de su acompa\u00f1amiento durante todo el proceso. Adem\u00e1s, cuentan con la tecnolog\u00eda m\u00e9dica m\u00e1s avanzada para realizar un correcto diagn\u00f3stico de cada persona<\/p>\n","protected":false},"excerpt":{"rendered":"<p>Con motivo del D\u00eda Nacional de la Nutrici\u00f3na, la Fundaci\u00f3n Recoletas Salud, en colaboraci\u00f3n con la Unidad de Nutrici\u00f3n y Obesidad de Recoletas Salud organiz\u00f3 el pasado viernes una jornada sobre Nutrici\u00f3n Cl\u00ednica para abordar de manera integral el problema de la obesidad, un problema que afecta al 17% de la poblaci\u00f3n en Castilla y [&hellip;]<\/p>\n","protected":false},"author":2,"featured_media":16414,"comment_status":"closed","ping_status":"closed","sticky":false,"template":"","format":"standard","meta":{"_acf_changed":false,"footnotes":""},"categories":[43,1,2,3162,4],"tags":[1417,1816,3387],"class_list":["post-16413","post","type-post","status-publish","format-standard","has-post-thumbnail","hentry","category-centros","category-grupo-recoletas","category-hrcg","category-unidad-obesidad","category-valladolid","tag-nutricion","tag-obesidad","tag-unidad-de-nutricion-y-obesidad-recoletas"],"acf":[],"yoast_head":"<!-- This site is optimized with the Yoast SEO Premium plugin v27.3 (Yoast SEO v27.3) - https:\/\/yoast.com\/product\/yoast-seo-premium-wordpress\/ -->\n<title>\u00c9xito de participaci\u00f3n en la Jornada de Nutrici\u00f3n Cl\u00ednica Recoletas Salud - Noticias Grupo Recoletas<\/title>\n<meta name=\"description\" content=\"La Fundaci\u00f3n Recoletas Salud, en colaboraci\u00f3n con la Unidad de Nutrici\u00f3n y Obesidad, celebra una jornada sobre Nutrici\u00f3n Cl\u00ednica para abordar la obesidad\" \/>\n<meta name=\"robots\" content=\"index, follow, max-snippet:-1, max-image-preview:large, max-video-preview:-1\" \/>\n<link rel=\"canonical\" href=\"https:\/\/www.gruporecoletas.com\/noticias\/exito-de-participacion-en-la-jornada-de-nutricion-clinica-recoletas-salud\/\" \/>\n<meta property=\"og:locale\" content=\"es_ES\" \/>\n<meta property=\"og:type\" content=\"article\" \/>\n<meta property=\"og:title\" content=\"\u00c9xito de participaci\u00f3n en la Jornada de Nutrici\u00f3n Cl\u00ednica Recoletas Salud\" \/>\n<meta property=\"og:description\" content=\"La Fundaci\u00f3n Recoletas Salud, en colaboraci\u00f3n con la Unidad de Nutrici\u00f3n y Obesidad, celebra una jornada sobre Nutrici\u00f3n Cl\u00ednica para abordar la obesidad\" \/>\n<meta property=\"og:url\" content=\"https:\/\/www.gruporecoletas.com\/noticias\/exito-de-participacion-en-la-jornada-de-nutricion-clinica-recoletas-salud\/\" \/>\n<meta property=\"og:site_name\" content=\"Noticias Grupo Recoletas\" \/>\n<meta property=\"article:publisher\" content=\"https:\/\/www.facebook.com\/GrupoRecoletas\/\" \/>\n<meta property=\"article:published_time\" content=\"2024-05-27T12:04:10+00:00\" \/>\n<meta property=\"article:modified_time\" content=\"2024-05-27T12:04:11+00:00\" \/>\n<meta property=\"og:image\" content=\"https:\/\/www.gruporecoletas.com\/noticias\/wp-content\/uploads\/2024\/05\/JORNADA-NUTRICION-WEB.png\" \/>\n\t<meta property=\"og:image:width\" content=\"1366\" \/>\n\t<meta property=\"og:image:height\" content=\"768\" \/>\n\t<meta property=\"og:image:type\" content=\"image\/png\" \/>\n<meta name=\"author\" content=\"Recoletas Red Hospitalaria\" \/>\n<meta name=\"twitter:card\" content=\"summary_large_image\" \/>\n<meta name=\"twitter:creator\" content=\"@GrupoRecoletas\" \/>\n<meta name=\"twitter:site\" content=\"@GrupoRecoletas\" \/>\n<meta name=\"twitter:label1\" content=\"Escrito por\" \/>\n\t<meta name=\"twitter:data1\" content=\"Recoletas Red Hospitalaria\" \/>\n\t<meta name=\"twitter:label2\" content=\"Tiempo de lectura\" \/>\n\t<meta name=\"twitter:data2\" content=\"4 minutos\" \/>\n<script type=\"application\/ld+json\" class=\"yoast-schema-graph\">{\"@context\":\"https:\\\/\\\/schema.org\",\"@graph\":[{\"@type\":\"Article\",\"@id\":\"https:\\\/\\\/www.gruporecoletas.com\\\/noticias\\\/exito-de-participacion-en-la-jornada-de-nutricion-clinica-recoletas-salud\\\/#article\",\"isPartOf\":{\"@id\":\"https:\\\/\\\/www.gruporecoletas.com\\\/noticias\\\/exito-de-participacion-en-la-jornada-de-nutricion-clinica-recoletas-salud\\\/\"},\"author\":{\"name\":\"Recoletas Red Hospitalaria\",\"@id\":\"https:\\\/\\\/www.gruporecoletas.com\\\/noticias\\\/#\\\/schema\\\/person\\\/3c6ac429828d1f5e3d3bd99f4da9b02c\"},\"headline\":\"\u00c9xito de participaci\u00f3n en la Jornada de Nutrici\u00f3n Cl\u00ednica Recoletas Salud\",\"datePublished\":\"2024-05-27T12:04:10+00:00\",\"dateModified\":\"2024-05-27T12:04:11+00:00\",\"mainEntityOfPage\":{\"@id\":\"https:\\\/\\\/www.gruporecoletas.com\\\/noticias\\\/exito-de-participacion-en-la-jornada-de-nutricion-clinica-recoletas-salud\\\/\"},\"wordCount\":797,\"image\":{\"@id\":\"https:\\\/\\\/www.gruporecoletas.com\\\/noticias\\\/exito-de-participacion-en-la-jornada-de-nutricion-clinica-recoletas-salud\\\/#primaryimage\"},\"thumbnailUrl\":\"https:\\\/\\\/www.gruporecoletas.com\\\/noticias\\\/wp-content\\\/uploads\\\/2024\\\/05\\\/JORNADA-NUTRICION-WEB.png\",\"keywords\":[\"nutricion\",\"Obesidad\",\"Unidad de Nutrici\u00f3n y Obesidad Recoletas\"],\"articleSection\":[\"Centros\",\"Grupo Recoletas\",\"HRCG\",\"Unidad de Obesidad\",\"Valladolid\"],\"inLanguage\":\"es\"},{\"@type\":\"WebPage\",\"@id\":\"https:\\\/\\\/www.gruporecoletas.com\\\/noticias\\\/exito-de-participacion-en-la-jornada-de-nutricion-clinica-recoletas-salud\\\/\",\"url\":\"https:\\\/\\\/www.gruporecoletas.com\\\/noticias\\\/exito-de-participacion-en-la-jornada-de-nutricion-clinica-recoletas-salud\\\/\",\"name\":\"\u00c9xito de participaci\u00f3n en la Jornada de Nutrici\u00f3n Cl\u00ednica Recoletas Salud - Noticias Grupo Recoletas\",\"isPartOf\":{\"@id\":\"https:\\\/\\\/www.gruporecoletas.com\\\/noticias\\\/#website\"},\"primaryImageOfPage\":{\"@id\":\"https:\\\/\\\/www.gruporecoletas.com\\\/noticias\\\/exito-de-participacion-en-la-jornada-de-nutricion-clinica-recoletas-salud\\\/#primaryimage\"},\"image\":{\"@id\":\"https:\\\/\\\/www.gruporecoletas.com\\\/noticias\\\/exito-de-participacion-en-la-jornada-de-nutricion-clinica-recoletas-salud\\\/#primaryimage\"},\"thumbnailUrl\":\"https:\\\/\\\/www.gruporecoletas.com\\\/noticias\\\/wp-content\\\/uploads\\\/2024\\\/05\\\/JORNADA-NUTRICION-WEB.png\",\"datePublished\":\"2024-05-27T12:04:10+00:00\",\"dateModified\":\"2024-05-27T12:04:11+00:00\",\"author\":{\"@id\":\"https:\\\/\\\/www.gruporecoletas.com\\\/noticias\\\/#\\\/schema\\\/person\\\/3c6ac429828d1f5e3d3bd99f4da9b02c\"},\"description\":\"La Fundaci\u00f3n Recoletas Salud, en colaboraci\u00f3n con la Unidad de Nutrici\u00f3n y Obesidad, celebra una jornada sobre Nutrici\u00f3n Cl\u00ednica para abordar la obesidad\",\"breadcrumb\":{\"@id\":\"https:\\\/\\\/www.gruporecoletas.com\\\/noticias\\\/exito-de-participacion-en-la-jornada-de-nutricion-clinica-recoletas-salud\\\/#breadcrumb\"},\"inLanguage\":\"es\",\"potentialAction\":[{\"@type\":\"ReadAction\",\"target\":[\"https:\\\/\\\/www.gruporecoletas.com\\\/noticias\\\/exito-de-participacion-en-la-jornada-de-nutricion-clinica-recoletas-salud\\\/\"]}]},{\"@type\":\"ImageObject\",\"inLanguage\":\"es\",\"@id\":\"https:\\\/\\\/www.gruporecoletas.com\\\/noticias\\\/exito-de-participacion-en-la-jornada-de-nutricion-clinica-recoletas-salud\\\/#primaryimage\",\"url\":\"https:\\\/\\\/www.gruporecoletas.com\\\/noticias\\\/wp-content\\\/uploads\\\/2024\\\/05\\\/JORNADA-NUTRICION-WEB.png\",\"contentUrl\":\"https:\\\/\\\/www.gruporecoletas.com\\\/noticias\\\/wp-content\\\/uploads\\\/2024\\\/05\\\/JORNADA-NUTRICION-WEB.png\",\"width\":1366,\"height\":768,\"caption\":\"Con motivo del D\u00eda Nacional de la Nutrici\u00f3na, la Fundaci\u00f3n Recoletas Salud, en colaboraci\u00f3n con la Unidad de Nutrici\u00f3n y Obesidad de Recoletas Salud organiz\u00f3 el pasado viernes una jornada sobre Nutrici\u00f3n Cl\u00ednica para abordar de manera integral el problema de la obesidad, un problema que afecta al 17% de la poblaci\u00f3n en Castilla y Le\u00f3n y al 20% aproximadamente del conjunto de Espa\u00f1a.\"},{\"@type\":\"BreadcrumbList\",\"@id\":\"https:\\\/\\\/www.gruporecoletas.com\\\/noticias\\\/exito-de-participacion-en-la-jornada-de-nutricion-clinica-recoletas-salud\\\/#breadcrumb\",\"itemListElement\":[{\"@type\":\"ListItem\",\"position\":1,\"name\":\"Portada\",\"item\":\"https:\\\/\\\/www.gruporecoletas.com\\\/noticias\\\/\"},{\"@type\":\"ListItem\",\"position\":2,\"name\":\"\u00c9xito de participaci\u00f3n en la Jornada de Nutrici\u00f3n Cl\u00ednica Recoletas Salud\"}]},{\"@type\":\"WebSite\",\"@id\":\"https:\\\/\\\/www.gruporecoletas.com\\\/noticias\\\/#website\",\"url\":\"https:\\\/\\\/www.gruporecoletas.com\\\/noticias\\\/\",\"name\":\"Noticias Grupo Recoletas\",\"description\":\"Grupo Recoletas\",\"potentialAction\":[{\"@type\":\"SearchAction\",\"target\":{\"@type\":\"EntryPoint\",\"urlTemplate\":\"https:\\\/\\\/www.gruporecoletas.com\\\/noticias\\\/?s={search_term_string}\"},\"query-input\":{\"@type\":\"PropertyValueSpecification\",\"valueRequired\":true,\"valueName\":\"search_term_string\"}}],\"inLanguage\":\"es\"},{\"@type\":\"Person\",\"@id\":\"https:\\\/\\\/www.gruporecoletas.com\\\/noticias\\\/#\\\/schema\\\/person\\\/3c6ac429828d1f5e3d3bd99f4da9b02c\",\"name\":\"Recoletas Red Hospitalaria\",\"url\":\"https:\\\/\\\/www.gruporecoletas.com\\\/noticias\\\/author\\\/comunicacion\\\/\"}]}<\/script>\n<!-- \/ Yoast SEO Premium plugin. -->","yoast_head_json":{"title":"\u00c9xito de participaci\u00f3n en la Jornada de Nutrici\u00f3n Cl\u00ednica Recoletas Salud - Noticias Grupo Recoletas","description":"La Fundaci\u00f3n Recoletas Salud, en colaboraci\u00f3n con la Unidad de Nutrici\u00f3n y Obesidad, celebra una jornada sobre Nutrici\u00f3n Cl\u00ednica para abordar la obesidad","robots":{"index":"index","follow":"follow","max-snippet":"max-snippet:-1","max-image-preview":"max-image-preview:large","max-video-preview":"max-video-preview:-1"},"canonical":"https:\/\/www.gruporecoletas.com\/noticias\/exito-de-participacion-en-la-jornada-de-nutricion-clinica-recoletas-salud\/","og_locale":"es_ES","og_type":"article","og_title":"\u00c9xito de participaci\u00f3n en la Jornada de Nutrici\u00f3n Cl\u00ednica Recoletas Salud","og_description":"La Fundaci\u00f3n Recoletas Salud, en colaboraci\u00f3n con la Unidad de Nutrici\u00f3n y Obesidad, celebra una jornada sobre Nutrici\u00f3n Cl\u00ednica para abordar la obesidad","og_url":"https:\/\/www.gruporecoletas.com\/noticias\/exito-de-participacion-en-la-jornada-de-nutricion-clinica-recoletas-salud\/","og_site_name":"Noticias Grupo Recoletas","article_publisher":"https:\/\/www.facebook.com\/GrupoRecoletas\/","article_published_time":"2024-05-27T12:04:10+00:00","article_modified_time":"2024-05-27T12:04:11+00:00","og_image":[{"width":1366,"height":768,"url":"https:\/\/www.gruporecoletas.com\/noticias\/wp-content\/uploads\/2024\/05\/JORNADA-NUTRICION-WEB.png","type":"image\/png"}],"author":"Recoletas Red Hospitalaria","twitter_card":"summary_large_image","twitter_creator":"@GrupoRecoletas","twitter_site":"@GrupoRecoletas","twitter_misc":{"Escrito por":"Recoletas Red Hospitalaria","Tiempo de lectura":"4 minutos"},"schema":{"@context":"https:\/\/schema.org","@graph":[{"@type":"Article","@id":"https:\/\/www.gruporecoletas.com\/noticias\/exito-de-participacion-en-la-jornada-de-nutricion-clinica-recoletas-salud\/#article","isPartOf":{"@id":"https:\/\/www.gruporecoletas.com\/noticias\/exito-de-participacion-en-la-jornada-de-nutricion-clinica-recoletas-salud\/"},"author":{"name":"Recoletas Red Hospitalaria","@id":"https:\/\/www.gruporecoletas.com\/noticias\/#\/schema\/person\/3c6ac429828d1f5e3d3bd99f4da9b02c"},"headline":"\u00c9xito de participaci\u00f3n en la Jornada de Nutrici\u00f3n Cl\u00ednica Recoletas Salud","datePublished":"2024-05-27T12:04:10+00:00","dateModified":"2024-05-27T12:04:11+00:00","mainEntityOfPage":{"@id":"https:\/\/www.gruporecoletas.com\/noticias\/exito-de-participacion-en-la-jornada-de-nutricion-clinica-recoletas-salud\/"},"wordCount":797,"image":{"@id":"https:\/\/www.gruporecoletas.com\/noticias\/exito-de-participacion-en-la-jornada-de-nutricion-clinica-recoletas-salud\/#primaryimage"},"thumbnailUrl":"https:\/\/www.gruporecoletas.com\/noticias\/wp-content\/uploads\/2024\/05\/JORNADA-NUTRICION-WEB.png","keywords":["nutricion","Obesidad","Unidad de Nutrici\u00f3n y Obesidad Recoletas"],"articleSection":["Centros","Grupo Recoletas","HRCG","Unidad de Obesidad","Valladolid"],"inLanguage":"es"},{"@type":"WebPage","@id":"https:\/\/www.gruporecoletas.com\/noticias\/exito-de-participacion-en-la-jornada-de-nutricion-clinica-recoletas-salud\/","url":"https:\/\/www.gruporecoletas.com\/noticias\/exito-de-participacion-en-la-jornada-de-nutricion-clinica-recoletas-salud\/","name":"\u00c9xito de participaci\u00f3n en la Jornada de Nutrici\u00f3n Cl\u00ednica Recoletas Salud - Noticias Grupo Recoletas","isPartOf":{"@id":"https:\/\/www.gruporecoletas.com\/noticias\/#website"},"primaryImageOfPage":{"@id":"https:\/\/www.gruporecoletas.com\/noticias\/exito-de-participacion-en-la-jornada-de-nutricion-clinica-recoletas-salud\/#primaryimage"},"image":{"@id":"https:\/\/www.gruporecoletas.com\/noticias\/exito-de-participacion-en-la-jornada-de-nutricion-clinica-recoletas-salud\/#primaryimage"},"thumbnailUrl":"https:\/\/www.gruporecoletas.com\/noticias\/wp-content\/uploads\/2024\/05\/JORNADA-NUTRICION-WEB.png","datePublished":"2024-05-27T12:04:10+00:00","dateModified":"2024-05-27T12:04:11+00:00","author":{"@id":"https:\/\/www.gruporecoletas.com\/noticias\/#\/schema\/person\/3c6ac429828d1f5e3d3bd99f4da9b02c"},"description":"La Fundaci\u00f3n Recoletas Salud, en colaboraci\u00f3n con la Unidad de Nutrici\u00f3n y Obesidad, celebra una jornada sobre Nutrici\u00f3n Cl\u00ednica para abordar la obesidad","breadcrumb":{"@id":"https:\/\/www.gruporecoletas.com\/noticias\/exito-de-participacion-en-la-jornada-de-nutricion-clinica-recoletas-salud\/#breadcrumb"},"inLanguage":"es","potentialAction":[{"@type":"ReadAction","target":["https:\/\/www.gruporecoletas.com\/noticias\/exito-de-participacion-en-la-jornada-de-nutricion-clinica-recoletas-salud\/"]}]},{"@type":"ImageObject","inLanguage":"es","@id":"https:\/\/www.gruporecoletas.com\/noticias\/exito-de-participacion-en-la-jornada-de-nutricion-clinica-recoletas-salud\/#primaryimage","url":"https:\/\/www.gruporecoletas.com\/noticias\/wp-content\/uploads\/2024\/05\/JORNADA-NUTRICION-WEB.png","contentUrl":"https:\/\/www.gruporecoletas.com\/noticias\/wp-content\/uploads\/2024\/05\/JORNADA-NUTRICION-WEB.png","width":1366,"height":768,"caption":"Con motivo del D\u00eda Nacional de la Nutrici\u00f3na, la Fundaci\u00f3n Recoletas Salud, en colaboraci\u00f3n con la Unidad de Nutrici\u00f3n y Obesidad de Recoletas Salud organiz\u00f3 el pasado viernes una jornada sobre Nutrici\u00f3n Cl\u00ednica para abordar de manera integral el problema de la obesidad, un problema que afecta al 17% de la poblaci\u00f3n en Castilla y Le\u00f3n y al 20% aproximadamente del conjunto de Espa\u00f1a."},{"@type":"BreadcrumbList","@id":"https:\/\/www.gruporecoletas.com\/noticias\/exito-de-participacion-en-la-jornada-de-nutricion-clinica-recoletas-salud\/#breadcrumb","itemListElement":[{"@type":"ListItem","position":1,"name":"Portada","item":"https:\/\/www.gruporecoletas.com\/noticias\/"},{"@type":"ListItem","position":2,"name":"\u00c9xito de participaci\u00f3n en la Jornada de Nutrici\u00f3n Cl\u00ednica Recoletas Salud"}]},{"@type":"WebSite","@id":"https:\/\/www.gruporecoletas.com\/noticias\/#website","url":"https:\/\/www.gruporecoletas.com\/noticias\/","name":"Noticias Grupo Recoletas","description":"Grupo Recoletas","potentialAction":[{"@type":"SearchAction","target":{"@type":"EntryPoint","urlTemplate":"https:\/\/www.gruporecoletas.com\/noticias\/?s={search_term_string}"},"query-input":{"@type":"PropertyValueSpecification","valueRequired":true,"valueName":"search_term_string"}}],"inLanguage":"es"},{"@type":"Person","@id":"https:\/\/www.gruporecoletas.com\/noticias\/#\/schema\/person\/3c6ac429828d1f5e3d3bd99f4da9b02c","name":"Recoletas Red Hospitalaria","url":"https:\/\/www.gruporecoletas.com\/noticias\/author\/comunicacion\/"}]}},"_links":{"self":[{"href":"https:\/\/www.gruporecoletas.com\/noticias\/wp-json\/wp\/v2\/posts\/16413","targetHints":{"allow":["GET"]}}],"collection":[{"href":"https:\/\/www.gruporecoletas.com\/noticias\/wp-json\/wp\/v2\/posts"}],"about":[{"href":"https:\/\/www.gruporecoletas.com\/noticias\/wp-json\/wp\/v2\/types\/post"}],"author":[{"embeddable":true,"href":"https:\/\/www.gruporecoletas.com\/noticias\/wp-json\/wp\/v2\/users\/2"}],"replies":[{"embeddable":true,"href":"https:\/\/www.gruporecoletas.com\/noticias\/wp-json\/wp\/v2\/comments?post=16413"}],"version-history":[{"count":1,"href":"https:\/\/www.gruporecoletas.com\/noticias\/wp-json\/wp\/v2\/posts\/16413\/revisions"}],"predecessor-version":[{"id":16415,"href":"https:\/\/www.gruporecoletas.com\/noticias\/wp-json\/wp\/v2\/posts\/16413\/revisions\/16415"}],"wp:featuredmedia":[{"embeddable":true,"href":"https:\/\/www.gruporecoletas.com\/noticias\/wp-json\/wp\/v2\/media\/16414"}],"wp:attachment":[{"href":"https:\/\/www.gruporecoletas.com\/noticias\/wp-json\/wp\/v2\/media?parent=16413"}],"wp:term":[{"taxonomy":"category","embeddable":true,"href":"https:\/\/www.gruporecoletas.com\/noticias\/wp-json\/wp\/v2\/categories?post=16413"},{"taxonomy":"post_tag","embeddable":true,"href":"https:\/\/www.gruporecoletas.com\/noticias\/wp-json\/wp\/v2\/tags?post=16413"}],"curies":[{"name":"wp","href":"https:\/\/api.w.org\/{rel}","templated":true}]}}