{"id":16416,"date":"2024-05-30T10:00:00","date_gmt":"2024-05-30T08:00:00","guid":{"rendered":"https:\/\/www.gruporecoletas.com\/noticias\/?p=16416"},"modified":"2024-05-30T09:19:42","modified_gmt":"2024-05-30T07:19:42","slug":"la-fundacion-recoletas-salud-organiza-una-jornada-para-medir-el-riesgo-cardiovascular-de-la-poblacion-zamorana","status":"publish","type":"post","link":"https:\/\/www.gruporecoletas.com\/noticias\/la-fundacion-recoletas-salud-organiza-una-jornada-para-medir-el-riesgo-cardiovascular-de-la-poblacion-zamorana\/","title":{"rendered":"La Fundaci\u00f3n Recoletas Salud organiza una jornada para medir el riesgo cardiovascular de la poblaci\u00f3n zamorana"},"content":{"rendered":"\n<ul class=\"wp-block-list\">\n<li><strong><em>El pr\u00f3ximo s\u00e1bado, 1 de junio, en la Plaza de la Marina, con entrada libre, se realizar\u00e1n diferentes pruebas en horario de 10:00h a 14:00h<\/em><\/strong><\/li>\n\n\n\n<li><strong><em>42.192 personas se han beneficiado ya en Zamora del programa gratuito de salud rural \u201cPulso Vital\u201d<\/em><\/strong><\/li>\n<\/ul>\n\n\n\n<p>La Fundaci\u00f3n Recoletas Salud ha organizado una jornada de prevenci\u00f3n cardiovascular para concienciar a la poblaci\u00f3n de Zamora sobre h\u00e1bitos de vida saludable y prevenir enfermedades cardiovasculares.<\/p>\n\n\n\n<h4 class=\"wp-block-heading\"><strong>Pulso Vital<\/strong><\/h4>\n\n\n\n<p>Desde que se pusiera en marcha el programa de salud rural gratuito \u201cPulso Vital\u201d para la prevenci\u00f3n del ictus a trav\u00e9s de la detecci\u00f3n de la fibrilaci\u00f3n auricular, ya se han beneficiado 42.192 personas que se han realizado un electrocardiograma en los 60 puntos permanentes que hay instalados en la provincia de Zamora. Por ello, el pr\u00f3ximo s\u00e1bado, 1 de junio, en la Plaza de la Marina estar\u00e1 presente un Punto de Salud Permanente. Gracias a este proyecto, creado por Recoletas Salud, se han llevado a cabo m\u00e1s de 300 asistencias gratuitas en el servicio de cardiolog\u00eda del hospital Recoletas en Zamora y en el Centro M\u00e9dico Recoletas Salud Benavente.<\/p>\n\n\n\n<h4 class=\"wp-block-heading\"><strong>Circuito de control de riesgo cardiovascular<\/strong><\/h4>\n\n\n\n<p>Se instalar\u00e1n dos carpas diferenciadas donde, en una de ellas, en forma de auditorio, se llevar\u00e1n a cabo charlas de 15-20 minutos, impartidas por el jefe del Servicio de Cardiolog\u00eda del Hospital Recoletas Salud Zamora, Dr. Jos\u00e9 Luis Santos. Asimismo, en la otra carpa, se realizar\u00e1 un circuito con un equipo sanitario donde, se tomar\u00e1 las constantes, datos personales y el c\u00e1lculo del IMC (\u00cdndice de Masa Corporal) para poder hacer una evaluaci\u00f3n m\u00e9dica del riesgo cardiovascular de todas las personas que se acerquen en horario de 10:00h a 14:00 h.<\/p>\n\n\n\n<p>El Dr. Jos\u00e9 Luis Santos, jefe del servicio de Cardiolog\u00eda de Recoletas Salud Zamora, ha subrayado que \u201cnunca se insiste lo suficiente en la importancia de sensibilizar y movilizar a la poblaci\u00f3n acerca de la prevenci\u00f3n de las enfermedades cardiovasculares. Por eso, debemos divulgar la importancia de la salud cardiovascular promoviendo h\u00e1bitos de vida saludable\u201d.<\/p>\n\n\n\n<p>Por su parte, \u00d3scar Iglesias, gerente de Recoletas Salud en Zamora ha se\u00f1alado que \u201cpara Recoletas Salud es una obligaci\u00f3n realizar actividades como \u00e9sta que ofrecen bienestar y salud a toda la poblaci\u00f3n\u201d.<\/p>\n\n\n\n<p>Las personas que asistan, podr\u00e1n realizar un paseo saludable por Zamora con gu\u00eda, se les har\u00e1 entrega de un tr\u00edptico informativo sobre h\u00e1bitos de vida saludable y a las que completen el circuito (charlas, exploraci\u00f3n y evaluaci\u00f3n) se les entregar\u00e1 un obsequio de Recoletas Salud.<\/p>\n","protected":false},"excerpt":{"rendered":"<p>La Fundaci\u00f3n Recoletas Salud ha organizado una jornada de prevenci\u00f3n cardiovascular para concienciar a la poblaci\u00f3n de Zamora sobre h\u00e1bitos de vida saludable y prevenir enfermedades cardiovasculares. Pulso Vital Desde que se pusiera en marcha el programa de salud rural gratuito \u201cPulso Vital\u201d para la prevenci\u00f3n del ictus a trav\u00e9s de la detecci\u00f3n de la [&hellip;]<\/p>\n","protected":false},"author":2,"featured_media":16417,"comment_status":"closed","ping_status":"closed","sticky":false,"template":"","format":"standard","meta":{"_acf_changed":false,"footnotes":""},"categories":[43,1,16,42,21],"tags":[2218,3277,3416,22],"class_list":["post-16416","post","type-post","status-publish","format-standard","has-post-thumbnail","hentry","category-centros","category-grupo-recoletas","category-hrza","category-recoletas-salud","category-zamora","tag-prevencion","tag-pulso-vital","tag-riesgo-cardiovascular","tag-zamora"],"acf":[],"yoast_head":"<!-- This site is optimized with the Yoast SEO Premium plugin v27.3 (Yoast SEO v27.3) - https:\/\/yoast.com\/product\/yoast-seo-premium-wordpress\/ -->\n<title>La Fundaci\u00f3n Recoletas Salud organiza una jornada para medir el riesgo cardiovascular de la poblaci\u00f3n zamorana - Noticias Grupo Recoletas<\/title>\n<meta name=\"description\" content=\"El pr\u00f3ximo s\u00e1bado, 1 de junio, en la Plaza de la Marina, con entrada libre, se realizar\u00e1n diferentes pruebas en horario de 10:00h a 14:00h\" \/>\n<meta name=\"robots\" content=\"index, follow, max-snippet:-1, max-image-preview:large, max-video-preview:-1\" \/>\n<link rel=\"canonical\" href=\"https:\/\/www.gruporecoletas.com\/noticias\/la-fundacion-recoletas-salud-organiza-una-jornada-para-medir-el-riesgo-cardiovascular-de-la-poblacion-zamorana\/\" \/>\n<meta property=\"og:locale\" content=\"es_ES\" \/>\n<meta property=\"og:type\" content=\"article\" \/>\n<meta property=\"og:title\" content=\"La Fundaci\u00f3n Recoletas Salud organiza una jornada para medir el riesgo cardiovascular de la poblaci\u00f3n zamorana\" \/>\n<meta property=\"og:description\" content=\"El pr\u00f3ximo s\u00e1bado, 1 de junio, en la Plaza de la Marina, con entrada libre, se realizar\u00e1n diferentes pruebas en horario de 10:00h a 14:00h\" \/>\n<meta property=\"og:url\" content=\"https:\/\/www.gruporecoletas.com\/noticias\/la-fundacion-recoletas-salud-organiza-una-jornada-para-medir-el-riesgo-cardiovascular-de-la-poblacion-zamorana\/\" \/>\n<meta property=\"og:site_name\" content=\"Noticias Grupo Recoletas\" \/>\n<meta property=\"article:publisher\" content=\"https:\/\/www.facebook.com\/GrupoRecoletas\/\" \/>\n<meta property=\"article:published_time\" content=\"2024-05-30T08:00:00+00:00\" \/>\n<meta property=\"og:image\" content=\"https:\/\/www.gruporecoletas.com\/noticias\/wp-content\/uploads\/2024\/05\/JORNADA-CARDIOVASCULAR-ZAMORA-RECOLETAS-SALUD-WEB.png\" \/>\n\t<meta property=\"og:image:width\" content=\"1366\" \/>\n\t<meta property=\"og:image:height\" content=\"768\" \/>\n\t<meta property=\"og:image:type\" content=\"image\/png\" \/>\n<meta name=\"author\" content=\"Recoletas Red Hospitalaria\" \/>\n<meta name=\"twitter:card\" content=\"summary_large_image\" \/>\n<meta name=\"twitter:creator\" content=\"@GrupoRecoletas\" \/>\n<meta name=\"twitter:site\" content=\"@GrupoRecoletas\" \/>\n<meta name=\"twitter:label1\" content=\"Escrito por\" \/>\n\t<meta name=\"twitter:data1\" content=\"Recoletas Red Hospitalaria\" \/>\n\t<meta name=\"twitter:label2\" content=\"Tiempo de lectura\" \/>\n\t<meta name=\"twitter:data2\" content=\"2 minutos\" \/>\n<script type=\"application\/ld+json\" class=\"yoast-schema-graph\">{\"@context\":\"https:\\\/\\\/schema.org\",\"@graph\":[{\"@type\":\"Article\",\"@id\":\"https:\\\/\\\/www.gruporecoletas.com\\\/noticias\\\/la-fundacion-recoletas-salud-organiza-una-jornada-para-medir-el-riesgo-cardiovascular-de-la-poblacion-zamorana\\\/#article\",\"isPartOf\":{\"@id\":\"https:\\\/\\\/www.gruporecoletas.com\\\/noticias\\\/la-fundacion-recoletas-salud-organiza-una-jornada-para-medir-el-riesgo-cardiovascular-de-la-poblacion-zamorana\\\/\"},\"author\":{\"name\":\"Recoletas Red Hospitalaria\",\"@id\":\"https:\\\/\\\/www.gruporecoletas.com\\\/noticias\\\/#\\\/schema\\\/person\\\/3c6ac429828d1f5e3d3bd99f4da9b02c\"},\"headline\":\"La Fundaci\u00f3n Recoletas Salud organiza una jornada para medir el riesgo cardiovascular de la poblaci\u00f3n zamorana\",\"datePublished\":\"2024-05-30T08:00:00+00:00\",\"mainEntityOfPage\":{\"@id\":\"https:\\\/\\\/www.gruporecoletas.com\\\/noticias\\\/la-fundacion-recoletas-salud-organiza-una-jornada-para-medir-el-riesgo-cardiovascular-de-la-poblacion-zamorana\\\/\"},\"wordCount\":456,\"image\":{\"@id\":\"https:\\\/\\\/www.gruporecoletas.com\\\/noticias\\\/la-fundacion-recoletas-salud-organiza-una-jornada-para-medir-el-riesgo-cardiovascular-de-la-poblacion-zamorana\\\/#primaryimage\"},\"thumbnailUrl\":\"https:\\\/\\\/www.gruporecoletas.com\\\/noticias\\\/wp-content\\\/uploads\\\/2024\\\/05\\\/JORNADA-CARDIOVASCULAR-ZAMORA-RECOLETAS-SALUD-WEB.png\",\"keywords\":[\"prevenci\u00f3n\",\"pulso vital\",\"riesgo cardiovascular\",\"Zamora\"],\"articleSection\":[\"Centros\",\"Grupo Recoletas\",\"HRZA\",\"Recoletas Salud\",\"Zamora\"],\"inLanguage\":\"es\"},{\"@type\":\"WebPage\",\"@id\":\"https:\\\/\\\/www.gruporecoletas.com\\\/noticias\\\/la-fundacion-recoletas-salud-organiza-una-jornada-para-medir-el-riesgo-cardiovascular-de-la-poblacion-zamorana\\\/\",\"url\":\"https:\\\/\\\/www.gruporecoletas.com\\\/noticias\\\/la-fundacion-recoletas-salud-organiza-una-jornada-para-medir-el-riesgo-cardiovascular-de-la-poblacion-zamorana\\\/\",\"name\":\"La Fundaci\u00f3n Recoletas Salud organiza una jornada para medir el riesgo cardiovascular de la poblaci\u00f3n zamorana - Noticias Grupo Recoletas\",\"isPartOf\":{\"@id\":\"https:\\\/\\\/www.gruporecoletas.com\\\/noticias\\\/#website\"},\"primaryImageOfPage\":{\"@id\":\"https:\\\/\\\/www.gruporecoletas.com\\\/noticias\\\/la-fundacion-recoletas-salud-organiza-una-jornada-para-medir-el-riesgo-cardiovascular-de-la-poblacion-zamorana\\\/#primaryimage\"},\"image\":{\"@id\":\"https:\\\/\\\/www.gruporecoletas.com\\\/noticias\\\/la-fundacion-recoletas-salud-organiza-una-jornada-para-medir-el-riesgo-cardiovascular-de-la-poblacion-zamorana\\\/#primaryimage\"},\"thumbnailUrl\":\"https:\\\/\\\/www.gruporecoletas.com\\\/noticias\\\/wp-content\\\/uploads\\\/2024\\\/05\\\/JORNADA-CARDIOVASCULAR-ZAMORA-RECOLETAS-SALUD-WEB.png\",\"datePublished\":\"2024-05-30T08:00:00+00:00\",\"author\":{\"@id\":\"https:\\\/\\\/www.gruporecoletas.com\\\/noticias\\\/#\\\/schema\\\/person\\\/3c6ac429828d1f5e3d3bd99f4da9b02c\"},\"description\":\"El pr\u00f3ximo s\u00e1bado, 1 de junio, en la Plaza de la Marina, con entrada libre, se realizar\u00e1n diferentes pruebas en horario de 10:00h a 14:00h\",\"breadcrumb\":{\"@id\":\"https:\\\/\\\/www.gruporecoletas.com\\\/noticias\\\/la-fundacion-recoletas-salud-organiza-una-jornada-para-medir-el-riesgo-cardiovascular-de-la-poblacion-zamorana\\\/#breadcrumb\"},\"inLanguage\":\"es\",\"potentialAction\":[{\"@type\":\"ReadAction\",\"target\":[\"https:\\\/\\\/www.gruporecoletas.com\\\/noticias\\\/la-fundacion-recoletas-salud-organiza-una-jornada-para-medir-el-riesgo-cardiovascular-de-la-poblacion-zamorana\\\/\"]}]},{\"@type\":\"ImageObject\",\"inLanguage\":\"es\",\"@id\":\"https:\\\/\\\/www.gruporecoletas.com\\\/noticias\\\/la-fundacion-recoletas-salud-organiza-una-jornada-para-medir-el-riesgo-cardiovascular-de-la-poblacion-zamorana\\\/#primaryimage\",\"url\":\"https:\\\/\\\/www.gruporecoletas.com\\\/noticias\\\/wp-content\\\/uploads\\\/2024\\\/05\\\/JORNADA-CARDIOVASCULAR-ZAMORA-RECOLETAS-SALUD-WEB.png\",\"contentUrl\":\"https:\\\/\\\/www.gruporecoletas.com\\\/noticias\\\/wp-content\\\/uploads\\\/2024\\\/05\\\/JORNADA-CARDIOVASCULAR-ZAMORA-RECOLETAS-SALUD-WEB.png\",\"width\":1366,\"height\":768,\"caption\":\"La Fundaci\u00f3n Recoletas Salud organiza una jornada para medir el riesgo cardiovascular de la poblaci\u00f3n zamorana\"},{\"@type\":\"BreadcrumbList\",\"@id\":\"https:\\\/\\\/www.gruporecoletas.com\\\/noticias\\\/la-fundacion-recoletas-salud-organiza-una-jornada-para-medir-el-riesgo-cardiovascular-de-la-poblacion-zamorana\\\/#breadcrumb\",\"itemListElement\":[{\"@type\":\"ListItem\",\"position\":1,\"name\":\"Portada\",\"item\":\"https:\\\/\\\/www.gruporecoletas.com\\\/noticias\\\/\"},{\"@type\":\"ListItem\",\"position\":2,\"name\":\"La Fundaci\u00f3n Recoletas Salud organiza una jornada para medir el riesgo cardiovascular de la poblaci\u00f3n zamorana\"}]},{\"@type\":\"WebSite\",\"@id\":\"https:\\\/\\\/www.gruporecoletas.com\\\/noticias\\\/#website\",\"url\":\"https:\\\/\\\/www.gruporecoletas.com\\\/noticias\\\/\",\"name\":\"Noticias Grupo Recoletas\",\"description\":\"Grupo Recoletas\",\"potentialAction\":[{\"@type\":\"SearchAction\",\"target\":{\"@type\":\"EntryPoint\",\"urlTemplate\":\"https:\\\/\\\/www.gruporecoletas.com\\\/noticias\\\/?s={search_term_string}\"},\"query-input\":{\"@type\":\"PropertyValueSpecification\",\"valueRequired\":true,\"valueName\":\"search_term_string\"}}],\"inLanguage\":\"es\"},{\"@type\":\"Person\",\"@id\":\"https:\\\/\\\/www.gruporecoletas.com\\\/noticias\\\/#\\\/schema\\\/person\\\/3c6ac429828d1f5e3d3bd99f4da9b02c\",\"name\":\"Recoletas Red Hospitalaria\",\"url\":\"https:\\\/\\\/www.gruporecoletas.com\\\/noticias\\\/author\\\/comunicacion\\\/\"}]}<\/script>\n<!-- \/ Yoast SEO Premium plugin. -->","yoast_head_json":{"title":"La Fundaci\u00f3n Recoletas Salud organiza una jornada para medir el riesgo cardiovascular de la poblaci\u00f3n zamorana - Noticias Grupo Recoletas","description":"El pr\u00f3ximo s\u00e1bado, 1 de junio, en la Plaza de la Marina, con entrada libre, se realizar\u00e1n diferentes pruebas en horario de 10:00h a 14:00h","robots":{"index":"index","follow":"follow","max-snippet":"max-snippet:-1","max-image-preview":"max-image-preview:large","max-video-preview":"max-video-preview:-1"},"canonical":"https:\/\/www.gruporecoletas.com\/noticias\/la-fundacion-recoletas-salud-organiza-una-jornada-para-medir-el-riesgo-cardiovascular-de-la-poblacion-zamorana\/","og_locale":"es_ES","og_type":"article","og_title":"La Fundaci\u00f3n Recoletas Salud organiza una jornada para medir el riesgo cardiovascular de la poblaci\u00f3n zamorana","og_description":"El pr\u00f3ximo s\u00e1bado, 1 de junio, en la Plaza de la Marina, con entrada libre, se realizar\u00e1n diferentes pruebas en horario de 10:00h a 14:00h","og_url":"https:\/\/www.gruporecoletas.com\/noticias\/la-fundacion-recoletas-salud-organiza-una-jornada-para-medir-el-riesgo-cardiovascular-de-la-poblacion-zamorana\/","og_site_name":"Noticias Grupo Recoletas","article_publisher":"https:\/\/www.facebook.com\/GrupoRecoletas\/","article_published_time":"2024-05-30T08:00:00+00:00","og_image":[{"width":1366,"height":768,"url":"https:\/\/www.gruporecoletas.com\/noticias\/wp-content\/uploads\/2024\/05\/JORNADA-CARDIOVASCULAR-ZAMORA-RECOLETAS-SALUD-WEB.png","type":"image\/png"}],"author":"Recoletas Red Hospitalaria","twitter_card":"summary_large_image","twitter_creator":"@GrupoRecoletas","twitter_site":"@GrupoRecoletas","twitter_misc":{"Escrito por":"Recoletas Red Hospitalaria","Tiempo de lectura":"2 minutos"},"schema":{"@context":"https:\/\/schema.org","@graph":[{"@type":"Article","@id":"https:\/\/www.gruporecoletas.com\/noticias\/la-fundacion-recoletas-salud-organiza-una-jornada-para-medir-el-riesgo-cardiovascular-de-la-poblacion-zamorana\/#article","isPartOf":{"@id":"https:\/\/www.gruporecoletas.com\/noticias\/la-fundacion-recoletas-salud-organiza-una-jornada-para-medir-el-riesgo-cardiovascular-de-la-poblacion-zamorana\/"},"author":{"name":"Recoletas Red Hospitalaria","@id":"https:\/\/www.gruporecoletas.com\/noticias\/#\/schema\/person\/3c6ac429828d1f5e3d3bd99f4da9b02c"},"headline":"La Fundaci\u00f3n Recoletas Salud organiza una jornada para medir el riesgo cardiovascular de la poblaci\u00f3n zamorana","datePublished":"2024-05-30T08:00:00+00:00","mainEntityOfPage":{"@id":"https:\/\/www.gruporecoletas.com\/noticias\/la-fundacion-recoletas-salud-organiza-una-jornada-para-medir-el-riesgo-cardiovascular-de-la-poblacion-zamorana\/"},"wordCount":456,"image":{"@id":"https:\/\/www.gruporecoletas.com\/noticias\/la-fundacion-recoletas-salud-organiza-una-jornada-para-medir-el-riesgo-cardiovascular-de-la-poblacion-zamorana\/#primaryimage"},"thumbnailUrl":"https:\/\/www.gruporecoletas.com\/noticias\/wp-content\/uploads\/2024\/05\/JORNADA-CARDIOVASCULAR-ZAMORA-RECOLETAS-SALUD-WEB.png","keywords":["prevenci\u00f3n","pulso vital","riesgo cardiovascular","Zamora"],"articleSection":["Centros","Grupo Recoletas","HRZA","Recoletas Salud","Zamora"],"inLanguage":"es"},{"@type":"WebPage","@id":"https:\/\/www.gruporecoletas.com\/noticias\/la-fundacion-recoletas-salud-organiza-una-jornada-para-medir-el-riesgo-cardiovascular-de-la-poblacion-zamorana\/","url":"https:\/\/www.gruporecoletas.com\/noticias\/la-fundacion-recoletas-salud-organiza-una-jornada-para-medir-el-riesgo-cardiovascular-de-la-poblacion-zamorana\/","name":"La Fundaci\u00f3n Recoletas Salud organiza una jornada para medir el riesgo cardiovascular de la poblaci\u00f3n zamorana - Noticias Grupo Recoletas","isPartOf":{"@id":"https:\/\/www.gruporecoletas.com\/noticias\/#website"},"primaryImageOfPage":{"@id":"https:\/\/www.gruporecoletas.com\/noticias\/la-fundacion-recoletas-salud-organiza-una-jornada-para-medir-el-riesgo-cardiovascular-de-la-poblacion-zamorana\/#primaryimage"},"image":{"@id":"https:\/\/www.gruporecoletas.com\/noticias\/la-fundacion-recoletas-salud-organiza-una-jornada-para-medir-el-riesgo-cardiovascular-de-la-poblacion-zamorana\/#primaryimage"},"thumbnailUrl":"https:\/\/www.gruporecoletas.com\/noticias\/wp-content\/uploads\/2024\/05\/JORNADA-CARDIOVASCULAR-ZAMORA-RECOLETAS-SALUD-WEB.png","datePublished":"2024-05-30T08:00:00+00:00","author":{"@id":"https:\/\/www.gruporecoletas.com\/noticias\/#\/schema\/person\/3c6ac429828d1f5e3d3bd99f4da9b02c"},"description":"El pr\u00f3ximo s\u00e1bado, 1 de junio, en la Plaza de la Marina, con entrada libre, se realizar\u00e1n diferentes pruebas en horario de 10:00h a 14:00h","breadcrumb":{"@id":"https:\/\/www.gruporecoletas.com\/noticias\/la-fundacion-recoletas-salud-organiza-una-jornada-para-medir-el-riesgo-cardiovascular-de-la-poblacion-zamorana\/#breadcrumb"},"inLanguage":"es","potentialAction":[{"@type":"ReadAction","target":["https:\/\/www.gruporecoletas.com\/noticias\/la-fundacion-recoletas-salud-organiza-una-jornada-para-medir-el-riesgo-cardiovascular-de-la-poblacion-zamorana\/"]}]},{"@type":"ImageObject","inLanguage":"es","@id":"https:\/\/www.gruporecoletas.com\/noticias\/la-fundacion-recoletas-salud-organiza-una-jornada-para-medir-el-riesgo-cardiovascular-de-la-poblacion-zamorana\/#primaryimage","url":"https:\/\/www.gruporecoletas.com\/noticias\/wp-content\/uploads\/2024\/05\/JORNADA-CARDIOVASCULAR-ZAMORA-RECOLETAS-SALUD-WEB.png","contentUrl":"https:\/\/www.gruporecoletas.com\/noticias\/wp-content\/uploads\/2024\/05\/JORNADA-CARDIOVASCULAR-ZAMORA-RECOLETAS-SALUD-WEB.png","width":1366,"height":768,"caption":"La Fundaci\u00f3n Recoletas Salud organiza una jornada para medir el riesgo cardiovascular de la poblaci\u00f3n zamorana"},{"@type":"BreadcrumbList","@id":"https:\/\/www.gruporecoletas.com\/noticias\/la-fundacion-recoletas-salud-organiza-una-jornada-para-medir-el-riesgo-cardiovascular-de-la-poblacion-zamorana\/#breadcrumb","itemListElement":[{"@type":"ListItem","position":1,"name":"Portada","item":"https:\/\/www.gruporecoletas.com\/noticias\/"},{"@type":"ListItem","position":2,"name":"La Fundaci\u00f3n Recoletas Salud organiza una jornada para medir el riesgo cardiovascular de la poblaci\u00f3n zamorana"}]},{"@type":"WebSite","@id":"https:\/\/www.gruporecoletas.com\/noticias\/#website","url":"https:\/\/www.gruporecoletas.com\/noticias\/","name":"Noticias Grupo Recoletas","description":"Grupo Recoletas","potentialAction":[{"@type":"SearchAction","target":{"@type":"EntryPoint","urlTemplate":"https:\/\/www.gruporecoletas.com\/noticias\/?s={search_term_string}"},"query-input":{"@type":"PropertyValueSpecification","valueRequired":true,"valueName":"search_term_string"}}],"inLanguage":"es"},{"@type":"Person","@id":"https:\/\/www.gruporecoletas.com\/noticias\/#\/schema\/person\/3c6ac429828d1f5e3d3bd99f4da9b02c","name":"Recoletas Red Hospitalaria","url":"https:\/\/www.gruporecoletas.com\/noticias\/author\/comunicacion\/"}]}},"_links":{"self":[{"href":"https:\/\/www.gruporecoletas.com\/noticias\/wp-json\/wp\/v2\/posts\/16416","targetHints":{"allow":["GET"]}}],"collection":[{"href":"https:\/\/www.gruporecoletas.com\/noticias\/wp-json\/wp\/v2\/posts"}],"about":[{"href":"https:\/\/www.gruporecoletas.com\/noticias\/wp-json\/wp\/v2\/types\/post"}],"author":[{"embeddable":true,"href":"https:\/\/www.gruporecoletas.com\/noticias\/wp-json\/wp\/v2\/users\/2"}],"replies":[{"embeddable":true,"href":"https:\/\/www.gruporecoletas.com\/noticias\/wp-json\/wp\/v2\/comments?post=16416"}],"version-history":[{"count":1,"href":"https:\/\/www.gruporecoletas.com\/noticias\/wp-json\/wp\/v2\/posts\/16416\/revisions"}],"predecessor-version":[{"id":16418,"href":"https:\/\/www.gruporecoletas.com\/noticias\/wp-json\/wp\/v2\/posts\/16416\/revisions\/16418"}],"wp:featuredmedia":[{"embeddable":true,"href":"https:\/\/www.gruporecoletas.com\/noticias\/wp-json\/wp\/v2\/media\/16417"}],"wp:attachment":[{"href":"https:\/\/www.gruporecoletas.com\/noticias\/wp-json\/wp\/v2\/media?parent=16416"}],"wp:term":[{"taxonomy":"category","embeddable":true,"href":"https:\/\/www.gruporecoletas.com\/noticias\/wp-json\/wp\/v2\/categories?post=16416"},{"taxonomy":"post_tag","embeddable":true,"href":"https:\/\/www.gruporecoletas.com\/noticias\/wp-json\/wp\/v2\/tags?post=16416"}],"curies":[{"name":"wp","href":"https:\/\/api.w.org\/{rel}","templated":true}]}}