{"id":16434,"date":"2024-06-07T10:00:00","date_gmt":"2024-06-07T08:00:00","guid":{"rendered":"https:\/\/www.gruporecoletas.com\/noticias\/?p=16434"},"modified":"2024-06-17T09:25:10","modified_gmt":"2024-06-17T07:25:10","slug":"recoletas-salud-presente-en-la-46a-conferencia-anual-de-ehs","status":"publish","type":"post","link":"https:\/\/www.gruporecoletas.com\/noticias\/recoletas-salud-presente-en-la-46a-conferencia-anual-de-ehs\/","title":{"rendered":"Recoletas Salud, presente en la 46\u00aa Conferencia Anual de EHS"},"content":{"rendered":"\n<p>La Dra. Petra Friedova, especialista en cirug\u00eda general y del aparato digestivo del Hospital Recoletas Salud Campo Grande, ha participado en la <a href=\"https:\/\/www.ehs2024.org\/\">46\u00aa Conferencia Anual de la Sociedad Europea de Hernia (EHS)<\/a>, celebrada en Praga, para exponer diferentes casos cl\u00ednicos de abordaje laparosc\u00f3pico y rob\u00f3tico, m\u00ednimamente invasivo, de la pared abdominal por parte de nuestro equipo. <br><br>Una ocasi\u00f3n ideal para poner en valor el desarrollo, el trabajo y la evoluci\u00f3n del Servicio de Cirug\u00eda General y del Aparato Digestivo del Hospital Recoletas Salud Campo Grande para implementar t\u00e9cnicas m\u00ednimamente invasivas con el objetivo de resolver problemas complejos de la pared abdominal y ofrecer una atenci\u00f3n sanitaria del m\u00e1s alto nivel a nuestros pacientes.<\/p>\n\n\n\n<h4 class=\"wp-block-heading\">Conferencia EHS 2024<\/h4>\n\n\n\n<p>La\u00a0conferencia EHS 2024, celebrada del 29 al 31 de mayo en Praga, no s\u00f3lo ha buscado explorar la tecnolog\u00eda y los avances m\u00e9dicos de vanguardia, sino que tambi\u00e9n ha supuesto una oportunidad de encuentro para conectar una comunidad global de cirujanos, pacientes y miembros de la industria.<\/p>\n\n\n\n<p>M\u00e1s all\u00e1 de en una conferencia al uso, nuestra especialista ha participado de manera activa en un foro de debate y discusi\u00f3n din\u00e1mico con el objetivo de inspirar nuevas ideas y desafiar al pensamiento convencional con nuevas opciones y propuestas que suponen una realidad. <\/p>\n\n\n\n<p>Asimismo, el equipo docente del evento ha aportado una gran experiencia de diferentes lugares del mundo y ha querido apoyar de manera especial a los cirujanos m\u00e1s j\u00f3venes para ofrecerles oportunidades para adquirir conocimientos y habilidades esenciales. <\/p>\n\n\n\n<p>En Recoletas Salud apostamos firmemente por la formaci\u00f3n pr\u00e1ctica y te\u00f3rica continuada de nuestros especialistas como pilar fundamental de la mejora de la calidad asistencial. Por eso, estamos encantados de que nuestro equipo del Servicio de Cirug\u00eda General y del Aparato Digestivo del Hospital Recoletas Salud Campo Grande se una a esta red multicultural de cirujanos para completar su desarrollo profesional y ser participe de la creaci\u00f3n de un espacio donde todos puedan conectarse y aprender unos de otros.<\/p>\n","protected":false},"excerpt":{"rendered":"<p>La Dra. Petra Friedova, especialista en cirug\u00eda general y del aparato digestivo del Hospital Recoletas Salud Campo Grande, ha participado en la 46\u00aa Conferencia Anual de la Sociedad Europea de Hernia (EHS), celebrada en Praga, para exponer diferentes casos cl\u00ednicos de abordaje laparosc\u00f3pico y rob\u00f3tico, m\u00ednimamente invasivo, de la pared abdominal por parte de nuestro [&hellip;]<\/p>\n","protected":false},"author":2,"featured_media":16435,"comment_status":"closed","ping_status":"closed","sticky":false,"template":"","format":"standard","meta":{"_acf_changed":false,"footnotes":""},"categories":[43,1,2,9,42,3252,4],"tags":[3119],"class_list":["post-16434","post","type-post","status-publish","format-standard","has-post-thumbnail","hentry","category-centros","category-grupo-recoletas","category-hrcg","category-publicaciones","category-recoletas-salud","category-unidad-de-cirugia-general-y-aparato-digestivo","category-valladolid","tag-cirugia-general"],"acf":[],"yoast_head":"<!-- This site is optimized with the Yoast SEO Premium plugin v27.3 (Yoast SEO v27.3) - https:\/\/yoast.com\/product\/yoast-seo-premium-wordpress\/ -->\n<title>Recoletas Salud, presente en la 46\u00aa Conferencia Anual de EHS - Noticias Grupo Recoletas<\/title>\n<meta name=\"description\" content=\"La Dra. Petra Friedova ha expuesto casos cl\u00ednicos de abordaje laparosc\u00f3pico y rob\u00f3tico de la pared abdominal por parte de nuestro equipo de cirujanos\" \/>\n<meta name=\"robots\" content=\"index, follow, max-snippet:-1, max-image-preview:large, max-video-preview:-1\" \/>\n<link rel=\"canonical\" href=\"https:\/\/www.gruporecoletas.com\/noticias\/recoletas-salud-presente-en-la-46a-conferencia-anual-de-ehs\/\" \/>\n<meta property=\"og:locale\" content=\"es_ES\" \/>\n<meta property=\"og:type\" content=\"article\" \/>\n<meta property=\"og:title\" content=\"Recoletas Salud, presente en la 46\u00aa Conferencia Anual de EHS\" \/>\n<meta property=\"og:description\" content=\"La Dra. Petra Friedova ha expuesto casos cl\u00ednicos de abordaje laparosc\u00f3pico y rob\u00f3tico de la pared abdominal por parte de nuestro equipo de cirujanos\" \/>\n<meta property=\"og:url\" content=\"https:\/\/www.gruporecoletas.com\/noticias\/recoletas-salud-presente-en-la-46a-conferencia-anual-de-ehs\/\" \/>\n<meta property=\"og:site_name\" content=\"Noticias Grupo Recoletas\" \/>\n<meta property=\"article:publisher\" content=\"https:\/\/www.facebook.com\/GrupoRecoletas\/\" \/>\n<meta property=\"article:published_time\" content=\"2024-06-07T08:00:00+00:00\" \/>\n<meta property=\"article:modified_time\" content=\"2024-06-17T07:25:10+00:00\" \/>\n<meta property=\"og:image\" content=\"https:\/\/www.gruporecoletas.com\/noticias\/wp-content\/uploads\/2024\/06\/CONFERENCIA-EHS-HCG-RECOLETAS.png\" \/>\n\t<meta property=\"og:image:width\" content=\"1366\" \/>\n\t<meta property=\"og:image:height\" content=\"768\" \/>\n\t<meta property=\"og:image:type\" content=\"image\/png\" \/>\n<meta name=\"author\" content=\"Recoletas Red Hospitalaria\" \/>\n<meta name=\"twitter:card\" content=\"summary_large_image\" \/>\n<meta name=\"twitter:creator\" content=\"@GrupoRecoletas\" \/>\n<meta name=\"twitter:site\" content=\"@GrupoRecoletas\" \/>\n<meta name=\"twitter:label1\" content=\"Escrito por\" \/>\n\t<meta name=\"twitter:data1\" content=\"Recoletas Red Hospitalaria\" \/>\n\t<meta name=\"twitter:label2\" content=\"Tiempo de lectura\" \/>\n\t<meta name=\"twitter:data2\" content=\"2 minutos\" \/>\n<script type=\"application\/ld+json\" class=\"yoast-schema-graph\">{\"@context\":\"https:\\\/\\\/schema.org\",\"@graph\":[{\"@type\":\"Article\",\"@id\":\"https:\\\/\\\/www.gruporecoletas.com\\\/noticias\\\/recoletas-salud-presente-en-la-46a-conferencia-anual-de-ehs\\\/#article\",\"isPartOf\":{\"@id\":\"https:\\\/\\\/www.gruporecoletas.com\\\/noticias\\\/recoletas-salud-presente-en-la-46a-conferencia-anual-de-ehs\\\/\"},\"author\":{\"name\":\"Recoletas Red Hospitalaria\",\"@id\":\"https:\\\/\\\/www.gruporecoletas.com\\\/noticias\\\/#\\\/schema\\\/person\\\/3c6ac429828d1f5e3d3bd99f4da9b02c\"},\"headline\":\"Recoletas Salud, presente en la 46\u00aa Conferencia Anual de EHS\",\"datePublished\":\"2024-06-07T08:00:00+00:00\",\"dateModified\":\"2024-06-17T07:25:10+00:00\",\"mainEntityOfPage\":{\"@id\":\"https:\\\/\\\/www.gruporecoletas.com\\\/noticias\\\/recoletas-salud-presente-en-la-46a-conferencia-anual-de-ehs\\\/\"},\"wordCount\":354,\"image\":{\"@id\":\"https:\\\/\\\/www.gruporecoletas.com\\\/noticias\\\/recoletas-salud-presente-en-la-46a-conferencia-anual-de-ehs\\\/#primaryimage\"},\"thumbnailUrl\":\"https:\\\/\\\/www.gruporecoletas.com\\\/noticias\\\/wp-content\\\/uploads\\\/2024\\\/06\\\/CONFERENCIA-EHS-HCG-RECOLETAS.png\",\"keywords\":[\"Cirug\u00eda general\"],\"articleSection\":[\"Centros\",\"Grupo Recoletas\",\"HRCG\",\"Publicaciones\",\"Recoletas Salud\",\"Unidad de Cirug\u00eda General y Aparato Digestivo\",\"Valladolid\"],\"inLanguage\":\"es\"},{\"@type\":\"WebPage\",\"@id\":\"https:\\\/\\\/www.gruporecoletas.com\\\/noticias\\\/recoletas-salud-presente-en-la-46a-conferencia-anual-de-ehs\\\/\",\"url\":\"https:\\\/\\\/www.gruporecoletas.com\\\/noticias\\\/recoletas-salud-presente-en-la-46a-conferencia-anual-de-ehs\\\/\",\"name\":\"Recoletas Salud, presente en la 46\u00aa Conferencia Anual de EHS - Noticias Grupo Recoletas\",\"isPartOf\":{\"@id\":\"https:\\\/\\\/www.gruporecoletas.com\\\/noticias\\\/#website\"},\"primaryImageOfPage\":{\"@id\":\"https:\\\/\\\/www.gruporecoletas.com\\\/noticias\\\/recoletas-salud-presente-en-la-46a-conferencia-anual-de-ehs\\\/#primaryimage\"},\"image\":{\"@id\":\"https:\\\/\\\/www.gruporecoletas.com\\\/noticias\\\/recoletas-salud-presente-en-la-46a-conferencia-anual-de-ehs\\\/#primaryimage\"},\"thumbnailUrl\":\"https:\\\/\\\/www.gruporecoletas.com\\\/noticias\\\/wp-content\\\/uploads\\\/2024\\\/06\\\/CONFERENCIA-EHS-HCG-RECOLETAS.png\",\"datePublished\":\"2024-06-07T08:00:00+00:00\",\"dateModified\":\"2024-06-17T07:25:10+00:00\",\"author\":{\"@id\":\"https:\\\/\\\/www.gruporecoletas.com\\\/noticias\\\/#\\\/schema\\\/person\\\/3c6ac429828d1f5e3d3bd99f4da9b02c\"},\"description\":\"La Dra. Petra Friedova ha expuesto casos cl\u00ednicos de abordaje laparosc\u00f3pico y rob\u00f3tico de la pared abdominal por parte de nuestro equipo de cirujanos\",\"breadcrumb\":{\"@id\":\"https:\\\/\\\/www.gruporecoletas.com\\\/noticias\\\/recoletas-salud-presente-en-la-46a-conferencia-anual-de-ehs\\\/#breadcrumb\"},\"inLanguage\":\"es\",\"potentialAction\":[{\"@type\":\"ReadAction\",\"target\":[\"https:\\\/\\\/www.gruporecoletas.com\\\/noticias\\\/recoletas-salud-presente-en-la-46a-conferencia-anual-de-ehs\\\/\"]}]},{\"@type\":\"ImageObject\",\"inLanguage\":\"es\",\"@id\":\"https:\\\/\\\/www.gruporecoletas.com\\\/noticias\\\/recoletas-salud-presente-en-la-46a-conferencia-anual-de-ehs\\\/#primaryimage\",\"url\":\"https:\\\/\\\/www.gruporecoletas.com\\\/noticias\\\/wp-content\\\/uploads\\\/2024\\\/06\\\/CONFERENCIA-EHS-HCG-RECOLETAS.png\",\"contentUrl\":\"https:\\\/\\\/www.gruporecoletas.com\\\/noticias\\\/wp-content\\\/uploads\\\/2024\\\/06\\\/CONFERENCIA-EHS-HCG-RECOLETAS.png\",\"width\":1366,\"height\":768,\"caption\":\"Recoletas Salud, presente en la 46\u00aa Conferencia Anual de EHS\"},{\"@type\":\"BreadcrumbList\",\"@id\":\"https:\\\/\\\/www.gruporecoletas.com\\\/noticias\\\/recoletas-salud-presente-en-la-46a-conferencia-anual-de-ehs\\\/#breadcrumb\",\"itemListElement\":[{\"@type\":\"ListItem\",\"position\":1,\"name\":\"Portada\",\"item\":\"https:\\\/\\\/www.gruporecoletas.com\\\/noticias\\\/\"},{\"@type\":\"ListItem\",\"position\":2,\"name\":\"Recoletas Salud, presente en la 46\u00aa Conferencia Anual de EHS\"}]},{\"@type\":\"WebSite\",\"@id\":\"https:\\\/\\\/www.gruporecoletas.com\\\/noticias\\\/#website\",\"url\":\"https:\\\/\\\/www.gruporecoletas.com\\\/noticias\\\/\",\"name\":\"Noticias Grupo Recoletas\",\"description\":\"Grupo Recoletas\",\"potentialAction\":[{\"@type\":\"SearchAction\",\"target\":{\"@type\":\"EntryPoint\",\"urlTemplate\":\"https:\\\/\\\/www.gruporecoletas.com\\\/noticias\\\/?s={search_term_string}\"},\"query-input\":{\"@type\":\"PropertyValueSpecification\",\"valueRequired\":true,\"valueName\":\"search_term_string\"}}],\"inLanguage\":\"es\"},{\"@type\":\"Person\",\"@id\":\"https:\\\/\\\/www.gruporecoletas.com\\\/noticias\\\/#\\\/schema\\\/person\\\/3c6ac429828d1f5e3d3bd99f4da9b02c\",\"name\":\"Recoletas Red Hospitalaria\",\"url\":\"https:\\\/\\\/www.gruporecoletas.com\\\/noticias\\\/author\\\/comunicacion\\\/\"}]}<\/script>\n<!-- \/ Yoast SEO Premium plugin. -->","yoast_head_json":{"title":"Recoletas Salud, presente en la 46\u00aa Conferencia Anual de EHS - Noticias Grupo Recoletas","description":"La Dra. Petra Friedova ha expuesto casos cl\u00ednicos de abordaje laparosc\u00f3pico y rob\u00f3tico de la pared abdominal por parte de nuestro equipo de cirujanos","robots":{"index":"index","follow":"follow","max-snippet":"max-snippet:-1","max-image-preview":"max-image-preview:large","max-video-preview":"max-video-preview:-1"},"canonical":"https:\/\/www.gruporecoletas.com\/noticias\/recoletas-salud-presente-en-la-46a-conferencia-anual-de-ehs\/","og_locale":"es_ES","og_type":"article","og_title":"Recoletas Salud, presente en la 46\u00aa Conferencia Anual de EHS","og_description":"La Dra. Petra Friedova ha expuesto casos cl\u00ednicos de abordaje laparosc\u00f3pico y rob\u00f3tico de la pared abdominal por parte de nuestro equipo de cirujanos","og_url":"https:\/\/www.gruporecoletas.com\/noticias\/recoletas-salud-presente-en-la-46a-conferencia-anual-de-ehs\/","og_site_name":"Noticias Grupo Recoletas","article_publisher":"https:\/\/www.facebook.com\/GrupoRecoletas\/","article_published_time":"2024-06-07T08:00:00+00:00","article_modified_time":"2024-06-17T07:25:10+00:00","og_image":[{"width":1366,"height":768,"url":"https:\/\/www.gruporecoletas.com\/noticias\/wp-content\/uploads\/2024\/06\/CONFERENCIA-EHS-HCG-RECOLETAS.png","type":"image\/png"}],"author":"Recoletas Red Hospitalaria","twitter_card":"summary_large_image","twitter_creator":"@GrupoRecoletas","twitter_site":"@GrupoRecoletas","twitter_misc":{"Escrito por":"Recoletas Red Hospitalaria","Tiempo de lectura":"2 minutos"},"schema":{"@context":"https:\/\/schema.org","@graph":[{"@type":"Article","@id":"https:\/\/www.gruporecoletas.com\/noticias\/recoletas-salud-presente-en-la-46a-conferencia-anual-de-ehs\/#article","isPartOf":{"@id":"https:\/\/www.gruporecoletas.com\/noticias\/recoletas-salud-presente-en-la-46a-conferencia-anual-de-ehs\/"},"author":{"name":"Recoletas Red Hospitalaria","@id":"https:\/\/www.gruporecoletas.com\/noticias\/#\/schema\/person\/3c6ac429828d1f5e3d3bd99f4da9b02c"},"headline":"Recoletas Salud, presente en la 46\u00aa Conferencia Anual de EHS","datePublished":"2024-06-07T08:00:00+00:00","dateModified":"2024-06-17T07:25:10+00:00","mainEntityOfPage":{"@id":"https:\/\/www.gruporecoletas.com\/noticias\/recoletas-salud-presente-en-la-46a-conferencia-anual-de-ehs\/"},"wordCount":354,"image":{"@id":"https:\/\/www.gruporecoletas.com\/noticias\/recoletas-salud-presente-en-la-46a-conferencia-anual-de-ehs\/#primaryimage"},"thumbnailUrl":"https:\/\/www.gruporecoletas.com\/noticias\/wp-content\/uploads\/2024\/06\/CONFERENCIA-EHS-HCG-RECOLETAS.png","keywords":["Cirug\u00eda general"],"articleSection":["Centros","Grupo Recoletas","HRCG","Publicaciones","Recoletas Salud","Unidad de Cirug\u00eda General y Aparato Digestivo","Valladolid"],"inLanguage":"es"},{"@type":"WebPage","@id":"https:\/\/www.gruporecoletas.com\/noticias\/recoletas-salud-presente-en-la-46a-conferencia-anual-de-ehs\/","url":"https:\/\/www.gruporecoletas.com\/noticias\/recoletas-salud-presente-en-la-46a-conferencia-anual-de-ehs\/","name":"Recoletas Salud, presente en la 46\u00aa Conferencia Anual de EHS - Noticias Grupo Recoletas","isPartOf":{"@id":"https:\/\/www.gruporecoletas.com\/noticias\/#website"},"primaryImageOfPage":{"@id":"https:\/\/www.gruporecoletas.com\/noticias\/recoletas-salud-presente-en-la-46a-conferencia-anual-de-ehs\/#primaryimage"},"image":{"@id":"https:\/\/www.gruporecoletas.com\/noticias\/recoletas-salud-presente-en-la-46a-conferencia-anual-de-ehs\/#primaryimage"},"thumbnailUrl":"https:\/\/www.gruporecoletas.com\/noticias\/wp-content\/uploads\/2024\/06\/CONFERENCIA-EHS-HCG-RECOLETAS.png","datePublished":"2024-06-07T08:00:00+00:00","dateModified":"2024-06-17T07:25:10+00:00","author":{"@id":"https:\/\/www.gruporecoletas.com\/noticias\/#\/schema\/person\/3c6ac429828d1f5e3d3bd99f4da9b02c"},"description":"La Dra. Petra Friedova ha expuesto casos cl\u00ednicos de abordaje laparosc\u00f3pico y rob\u00f3tico de la pared abdominal por parte de nuestro equipo de cirujanos","breadcrumb":{"@id":"https:\/\/www.gruporecoletas.com\/noticias\/recoletas-salud-presente-en-la-46a-conferencia-anual-de-ehs\/#breadcrumb"},"inLanguage":"es","potentialAction":[{"@type":"ReadAction","target":["https:\/\/www.gruporecoletas.com\/noticias\/recoletas-salud-presente-en-la-46a-conferencia-anual-de-ehs\/"]}]},{"@type":"ImageObject","inLanguage":"es","@id":"https:\/\/www.gruporecoletas.com\/noticias\/recoletas-salud-presente-en-la-46a-conferencia-anual-de-ehs\/#primaryimage","url":"https:\/\/www.gruporecoletas.com\/noticias\/wp-content\/uploads\/2024\/06\/CONFERENCIA-EHS-HCG-RECOLETAS.png","contentUrl":"https:\/\/www.gruporecoletas.com\/noticias\/wp-content\/uploads\/2024\/06\/CONFERENCIA-EHS-HCG-RECOLETAS.png","width":1366,"height":768,"caption":"Recoletas Salud, presente en la 46\u00aa Conferencia Anual de EHS"},{"@type":"BreadcrumbList","@id":"https:\/\/www.gruporecoletas.com\/noticias\/recoletas-salud-presente-en-la-46a-conferencia-anual-de-ehs\/#breadcrumb","itemListElement":[{"@type":"ListItem","position":1,"name":"Portada","item":"https:\/\/www.gruporecoletas.com\/noticias\/"},{"@type":"ListItem","position":2,"name":"Recoletas Salud, presente en la 46\u00aa Conferencia Anual de EHS"}]},{"@type":"WebSite","@id":"https:\/\/www.gruporecoletas.com\/noticias\/#website","url":"https:\/\/www.gruporecoletas.com\/noticias\/","name":"Noticias Grupo Recoletas","description":"Grupo Recoletas","potentialAction":[{"@type":"SearchAction","target":{"@type":"EntryPoint","urlTemplate":"https:\/\/www.gruporecoletas.com\/noticias\/?s={search_term_string}"},"query-input":{"@type":"PropertyValueSpecification","valueRequired":true,"valueName":"search_term_string"}}],"inLanguage":"es"},{"@type":"Person","@id":"https:\/\/www.gruporecoletas.com\/noticias\/#\/schema\/person\/3c6ac429828d1f5e3d3bd99f4da9b02c","name":"Recoletas Red Hospitalaria","url":"https:\/\/www.gruporecoletas.com\/noticias\/author\/comunicacion\/"}]}},"_links":{"self":[{"href":"https:\/\/www.gruporecoletas.com\/noticias\/wp-json\/wp\/v2\/posts\/16434","targetHints":{"allow":["GET"]}}],"collection":[{"href":"https:\/\/www.gruporecoletas.com\/noticias\/wp-json\/wp\/v2\/posts"}],"about":[{"href":"https:\/\/www.gruporecoletas.com\/noticias\/wp-json\/wp\/v2\/types\/post"}],"author":[{"embeddable":true,"href":"https:\/\/www.gruporecoletas.com\/noticias\/wp-json\/wp\/v2\/users\/2"}],"replies":[{"embeddable":true,"href":"https:\/\/www.gruporecoletas.com\/noticias\/wp-json\/wp\/v2\/comments?post=16434"}],"version-history":[{"count":1,"href":"https:\/\/www.gruporecoletas.com\/noticias\/wp-json\/wp\/v2\/posts\/16434\/revisions"}],"predecessor-version":[{"id":16436,"href":"https:\/\/www.gruporecoletas.com\/noticias\/wp-json\/wp\/v2\/posts\/16434\/revisions\/16436"}],"wp:featuredmedia":[{"embeddable":true,"href":"https:\/\/www.gruporecoletas.com\/noticias\/wp-json\/wp\/v2\/media\/16435"}],"wp:attachment":[{"href":"https:\/\/www.gruporecoletas.com\/noticias\/wp-json\/wp\/v2\/media?parent=16434"}],"wp:term":[{"taxonomy":"category","embeddable":true,"href":"https:\/\/www.gruporecoletas.com\/noticias\/wp-json\/wp\/v2\/categories?post=16434"},{"taxonomy":"post_tag","embeddable":true,"href":"https:\/\/www.gruporecoletas.com\/noticias\/wp-json\/wp\/v2\/tags?post=16434"}],"curies":[{"name":"wp","href":"https:\/\/api.w.org\/{rel}","templated":true}]}}