{"id":16460,"date":"2024-07-09T13:22:02","date_gmt":"2024-07-09T11:22:02","guid":{"rendered":"https:\/\/www.gruporecoletas.com\/noticias\/?p=16460"},"modified":"2024-07-09T13:22:03","modified_gmt":"2024-07-09T11:22:03","slug":"recoletas-salud-amplia-su-cartera-de-servicios-en-burgos-con-un-centro-especializado-en-diagnostico-por-la-imagen","status":"publish","type":"post","link":"https:\/\/www.gruporecoletas.com\/noticias\/recoletas-salud-amplia-su-cartera-de-servicios-en-burgos-con-un-centro-especializado-en-diagnostico-por-la-imagen\/","title":{"rendered":"Recoletas Salud ampl\u00eda su cartera de servicios en Burgos con un centro especializado en diagn\u00f3stico por la imagen"},"content":{"rendered":"\n<ul class=\"wp-block-list\">\n<li><strong><em>Las obras han comenzado ayer y estar\u00e1 ubicado en el Centro M\u00e9dico Recoletas Salud Calzadas<\/em><\/strong><\/li>\n\n\n\n<li><strong><em>Con este centro se fortalece la oferta actual del Hospital Recoletas Salud de Burgos incrementando los servicios propios de Diagn\u00f3stico por la Imagen<\/em><\/strong><\/li>\n\n\n\n<li><strong><em>Contar\u00e1 con equipos de \u00faltima generaci\u00f3n que apuestan por diagn\u00f3sticos precoces y tratamientos m\u00e1s precisos<\/em><\/strong><\/li>\n\n\n\n<li><strong><em>Se realizar\u00e1 una inversi\u00f3n de 2,5 millones de euros<\/em><\/strong><\/li>\n<\/ul>\n\n\n\n<p>Recoletas Salud Burgos contin\u00faa ampliando su cartera de servicios asistenciales con el fin de proporcionar a sus pacientes una atenci\u00f3n cada vez m\u00e1s integral y de mayor calidad. Y pone en marcha el pr\u00f3ximo Centro de Diagn\u00f3stico por Imagen apostando por una medicina cada vez m\u00e1s precisa.<\/p>\n\n\n\n<p>Para ello, Recoletas Salud ha comenzado ya la obra en el Centro M\u00e9dico Recoletas Salud Calzadas para poder comenzar a estar operativo en octubre. Debido al gran volumen de pacientes que se incrementa constantemente, se ampl\u00eda la oferta actual de Diagn\u00f3stico por la Imagen que se presta en el Hospital Recoletas Salud \u201cpara poder centrar nuestros esfuerzos en facilitar a nuestros pacientes tanto del servicio de urgencias, como quir\u00fargicos y post quir\u00fargicos, una mayor comodidad y mejor servicio en el hospital y dotar a Burgos de otro Centro de Diagn\u00f3stico con los \u00faltimos avances tecnol\u00f3gicos \u201d, ha se\u00f1alado la directora de Recoletas Salud Burgos, Pilar G\u00f3mez.<\/p>\n\n\n\n<h4 class=\"wp-block-heading\"><strong><u>Caracter\u00edsticas del futuro Centro de Diagn\u00f3stico por la Imagen<\/u><\/strong><\/h4>\n\n\n\n<p>El Centro de Diagn\u00f3stico se realizar\u00e1 una inversi\u00f3n de 2,5 Millones de euros. Dispondr\u00e1 de 250 metros cuadrados y se incorporar\u00e1 un equipamiento: <\/p>\n\n\n\n<ul class=\"wp-block-list\">\n<li><strong><em>Unidad de Resonancia Magn\u00e9tica de alto campo 1.5T<\/em><\/strong>., con gantry de 70 cm, de tecnolog\u00eda digital que incluye tanto las \u00faltimas t\u00e9cnicas de imagen como las mejores antenas para la realizaci\u00f3n de cualquier prueba que se solicite, aumentando la precisi\u00f3n y definici\u00f3n de los diversos par\u00e1metros anat\u00f3micos a estudiar.<\/li>\n\n\n\n<li><strong><em>Sala de radiolog\u00eda robotizada de suspensi\u00f3n de techo de \u00faltima tecnolog\u00eda<\/em><\/strong> que combina la m\u00e1xima versatilidad y ergonom\u00eda con una excelente calidad de imagen.\u00a0 \u00a0 \u00a0<\/li>\n\n\n\n<li><strong><em>Ec\u00f3grafo digital multidisciplinar de \u00faltima generaci\u00f3n<\/em><\/strong> dise\u00f1ado para aplicaciones abdominales, vasculares, obst\u00e9tricas, ginecol\u00f3gicas, neonatales, pedi\u00e1tricas, urol\u00f3gicas, transcraneales, cardiacas, musculoesquel\u00e9ticas, partes peque\u00f1as y radiol\u00f3gicas en general. Cuenta con herramientas expertas y avanzadas mejorando la eficiencia del diagn\u00f3stico.<\/li>\n<\/ul>\n\n\n\n<p>Adem\u00e1s, se incorporan varias <strong><em>sondas <\/em><\/strong>(sonda lineal matricial, sonda convex, sonda lineal multifrecuencia y sonda microconvex) para abordar una amplia gama <strong><em>de usos cl\u00ednicos<\/em><\/strong>.<\/p>\n\n\n\n<h4 class=\"wp-block-heading\"><strong><u>Apuesta por el Diagn\u00f3stico por Imagen <\/u><\/strong><\/h4>\n\n\n\n<p>Adem\u00e1s de este nuevo Centro de Diagn\u00f3stico por imagen, Recoletas Salud Burgos cuenta en el hospital con TAC, Radiolog\u00eda digital, Resonancia Magn\u00e9tica, 6 ec\u00f3grafos y radiolog\u00eda digital port\u00e1til. A todo ello, hay que sumar el servicio de Mamograf\u00eda, Ecograf\u00eda y Densitometr\u00eda en la Unidad de la Mujer situada en el Centro M\u00e9dico Virgen del Manzano.<\/p>\n\n\n\n<p>De esta forma se a\u00fana un equipo profesional con amplia experiencia en radiolog\u00eda con la tecnolog\u00eda y las t\u00e9cnicas m\u00e1s avanzadas \u201cque garantizan que nuestros pacientes puedan disfrutar de una oferta asistencial cada d\u00eda m\u00e1s excelente gracias a diagn\u00f3sticos precoces y tratamientos m\u00e1s precisos y menos invasivos\u201d ha concluido Pilar G\u00f3mez.<\/p>\n","protected":false},"excerpt":{"rendered":"<p>Recoletas Salud Burgos contin\u00faa ampliando su cartera de servicios asistenciales con el fin de proporcionar a sus pacientes una atenci\u00f3n cada vez m\u00e1s integral y de mayor calidad. Y pone en marcha el pr\u00f3ximo Centro de Diagn\u00f3stico por Imagen apostando por una medicina cada vez m\u00e1s precisa. Para ello, Recoletas Salud ha comenzado ya la [&hellip;]<\/p>\n","protected":false},"author":2,"featured_media":16462,"comment_status":"closed","ping_status":"closed","sticky":false,"template":"","format":"standard","meta":{"_acf_changed":false,"footnotes":""},"categories":[10,43,1,31,42],"tags":[3104,3275,3381,3401],"class_list":["post-16460","post","type-post","status-publish","format-standard","has-post-thumbnail","hentry","category-burgos","category-centros","category-grupo-recoletas","category-hrbu","category-recoletas-salud","tag-burgos","tag-centro-medico-2","tag-diagnostico-por-la-imagen-2","tag-servicio-medico"],"acf":[],"yoast_head":"<!-- This site is optimized with the Yoast SEO Premium plugin v27.3 (Yoast SEO v27.3) - https:\/\/yoast.com\/product\/yoast-seo-premium-wordpress\/ -->\n<title>Recoletas Salud ampl\u00eda su cartera de servicios en Burgos con un centro especializado en diagn\u00f3stico por la imagen - Noticias Grupo Recoletas<\/title>\n<meta name=\"description\" content=\"Este nuevo espacio contar\u00e1 con equipos de \u00faltima generaci\u00f3n que apuestan por diagn\u00f3sticos precoces y tratamientos m\u00e1s precisos\" \/>\n<meta name=\"robots\" content=\"index, follow, max-snippet:-1, max-image-preview:large, max-video-preview:-1\" \/>\n<link rel=\"canonical\" href=\"https:\/\/www.gruporecoletas.com\/noticias\/recoletas-salud-amplia-su-cartera-de-servicios-en-burgos-con-un-centro-especializado-en-diagnostico-por-la-imagen\/\" \/>\n<meta property=\"og:locale\" content=\"es_ES\" \/>\n<meta property=\"og:type\" content=\"article\" \/>\n<meta property=\"og:title\" content=\"Recoletas Salud ampl\u00eda su cartera de servicios en Burgos con un centro especializado en diagn\u00f3stico por la imagen\" \/>\n<meta property=\"og:description\" content=\"Este nuevo espacio contar\u00e1 con equipos de \u00faltima generaci\u00f3n que apuestan por diagn\u00f3sticos precoces y tratamientos m\u00e1s precisos\" \/>\n<meta property=\"og:url\" content=\"https:\/\/www.gruporecoletas.com\/noticias\/recoletas-salud-amplia-su-cartera-de-servicios-en-burgos-con-un-centro-especializado-en-diagnostico-por-la-imagen\/\" \/>\n<meta property=\"og:site_name\" content=\"Noticias Grupo Recoletas\" \/>\n<meta property=\"article:publisher\" content=\"https:\/\/www.facebook.com\/GrupoRecoletas\/\" \/>\n<meta property=\"article:published_time\" content=\"2024-07-09T11:22:02+00:00\" \/>\n<meta property=\"article:modified_time\" content=\"2024-07-09T11:22:03+00:00\" \/>\n<meta property=\"og:image\" content=\"https:\/\/www.gruporecoletas.com\/noticias\/wp-content\/uploads\/2024\/07\/NUEVO-CENTRO-DIAGNOSTICO-IMAGEN-RECOLETAS-BURGOS.png\" \/>\n\t<meta property=\"og:image:width\" content=\"1366\" \/>\n\t<meta property=\"og:image:height\" content=\"768\" \/>\n\t<meta property=\"og:image:type\" content=\"image\/png\" \/>\n<meta name=\"author\" content=\"Recoletas Red Hospitalaria\" \/>\n<meta name=\"twitter:card\" content=\"summary_large_image\" \/>\n<meta name=\"twitter:creator\" content=\"@GrupoRecoletas\" \/>\n<meta name=\"twitter:site\" content=\"@GrupoRecoletas\" \/>\n<meta name=\"twitter:label1\" content=\"Escrito por\" \/>\n\t<meta name=\"twitter:data1\" content=\"Recoletas Red Hospitalaria\" \/>\n\t<meta name=\"twitter:label2\" content=\"Tiempo de lectura\" \/>\n\t<meta name=\"twitter:data2\" content=\"3 minutos\" \/>\n<script type=\"application\/ld+json\" class=\"yoast-schema-graph\">{\"@context\":\"https:\\\/\\\/schema.org\",\"@graph\":[{\"@type\":\"Article\",\"@id\":\"https:\\\/\\\/www.gruporecoletas.com\\\/noticias\\\/recoletas-salud-amplia-su-cartera-de-servicios-en-burgos-con-un-centro-especializado-en-diagnostico-por-la-imagen\\\/#article\",\"isPartOf\":{\"@id\":\"https:\\\/\\\/www.gruporecoletas.com\\\/noticias\\\/recoletas-salud-amplia-su-cartera-de-servicios-en-burgos-con-un-centro-especializado-en-diagnostico-por-la-imagen\\\/\"},\"author\":{\"name\":\"Recoletas Red Hospitalaria\",\"@id\":\"https:\\\/\\\/www.gruporecoletas.com\\\/noticias\\\/#\\\/schema\\\/person\\\/3c6ac429828d1f5e3d3bd99f4da9b02c\"},\"headline\":\"Recoletas Salud ampl\u00eda su cartera de servicios en Burgos con un centro especializado en diagn\u00f3stico por la imagen\",\"datePublished\":\"2024-07-09T11:22:02+00:00\",\"dateModified\":\"2024-07-09T11:22:03+00:00\",\"mainEntityOfPage\":{\"@id\":\"https:\\\/\\\/www.gruporecoletas.com\\\/noticias\\\/recoletas-salud-amplia-su-cartera-de-servicios-en-burgos-con-un-centro-especializado-en-diagnostico-por-la-imagen\\\/\"},\"wordCount\":579,\"image\":{\"@id\":\"https:\\\/\\\/www.gruporecoletas.com\\\/noticias\\\/recoletas-salud-amplia-su-cartera-de-servicios-en-burgos-con-un-centro-especializado-en-diagnostico-por-la-imagen\\\/#primaryimage\"},\"thumbnailUrl\":\"https:\\\/\\\/www.gruporecoletas.com\\\/noticias\\\/wp-content\\\/uploads\\\/2024\\\/07\\\/NUEVO-CENTRO-DIAGNOSTICO-IMAGEN-RECOLETAS-BURGOS.png\",\"keywords\":[\"Burgos\",\"centro m\u00e9dico\",\"Diagn\u00f3stico por la imagen\",\"Servicio m\u00e9dico\"],\"articleSection\":[\"Burgos\",\"Centros\",\"Grupo Recoletas\",\"HRBU\",\"Recoletas Salud\"],\"inLanguage\":\"es\"},{\"@type\":\"WebPage\",\"@id\":\"https:\\\/\\\/www.gruporecoletas.com\\\/noticias\\\/recoletas-salud-amplia-su-cartera-de-servicios-en-burgos-con-un-centro-especializado-en-diagnostico-por-la-imagen\\\/\",\"url\":\"https:\\\/\\\/www.gruporecoletas.com\\\/noticias\\\/recoletas-salud-amplia-su-cartera-de-servicios-en-burgos-con-un-centro-especializado-en-diagnostico-por-la-imagen\\\/\",\"name\":\"Recoletas Salud ampl\u00eda su cartera de servicios en Burgos con un centro especializado en diagn\u00f3stico por la imagen - Noticias Grupo Recoletas\",\"isPartOf\":{\"@id\":\"https:\\\/\\\/www.gruporecoletas.com\\\/noticias\\\/#website\"},\"primaryImageOfPage\":{\"@id\":\"https:\\\/\\\/www.gruporecoletas.com\\\/noticias\\\/recoletas-salud-amplia-su-cartera-de-servicios-en-burgos-con-un-centro-especializado-en-diagnostico-por-la-imagen\\\/#primaryimage\"},\"image\":{\"@id\":\"https:\\\/\\\/www.gruporecoletas.com\\\/noticias\\\/recoletas-salud-amplia-su-cartera-de-servicios-en-burgos-con-un-centro-especializado-en-diagnostico-por-la-imagen\\\/#primaryimage\"},\"thumbnailUrl\":\"https:\\\/\\\/www.gruporecoletas.com\\\/noticias\\\/wp-content\\\/uploads\\\/2024\\\/07\\\/NUEVO-CENTRO-DIAGNOSTICO-IMAGEN-RECOLETAS-BURGOS.png\",\"datePublished\":\"2024-07-09T11:22:02+00:00\",\"dateModified\":\"2024-07-09T11:22:03+00:00\",\"author\":{\"@id\":\"https:\\\/\\\/www.gruporecoletas.com\\\/noticias\\\/#\\\/schema\\\/person\\\/3c6ac429828d1f5e3d3bd99f4da9b02c\"},\"description\":\"Este nuevo espacio contar\u00e1 con equipos de \u00faltima generaci\u00f3n que apuestan por diagn\u00f3sticos precoces y tratamientos m\u00e1s precisos\",\"breadcrumb\":{\"@id\":\"https:\\\/\\\/www.gruporecoletas.com\\\/noticias\\\/recoletas-salud-amplia-su-cartera-de-servicios-en-burgos-con-un-centro-especializado-en-diagnostico-por-la-imagen\\\/#breadcrumb\"},\"inLanguage\":\"es\",\"potentialAction\":[{\"@type\":\"ReadAction\",\"target\":[\"https:\\\/\\\/www.gruporecoletas.com\\\/noticias\\\/recoletas-salud-amplia-su-cartera-de-servicios-en-burgos-con-un-centro-especializado-en-diagnostico-por-la-imagen\\\/\"]}]},{\"@type\":\"ImageObject\",\"inLanguage\":\"es\",\"@id\":\"https:\\\/\\\/www.gruporecoletas.com\\\/noticias\\\/recoletas-salud-amplia-su-cartera-de-servicios-en-burgos-con-un-centro-especializado-en-diagnostico-por-la-imagen\\\/#primaryimage\",\"url\":\"https:\\\/\\\/www.gruporecoletas.com\\\/noticias\\\/wp-content\\\/uploads\\\/2024\\\/07\\\/NUEVO-CENTRO-DIAGNOSTICO-IMAGEN-RECOLETAS-BURGOS.png\",\"contentUrl\":\"https:\\\/\\\/www.gruporecoletas.com\\\/noticias\\\/wp-content\\\/uploads\\\/2024\\\/07\\\/NUEVO-CENTRO-DIAGNOSTICO-IMAGEN-RECOLETAS-BURGOS.png\",\"width\":1366,\"height\":768,\"caption\":\"Recoletas Salud ampl\u00eda su cartera de servicios en Burgos con un centro especializado en diagn\u00f3stico por la imagen\"},{\"@type\":\"BreadcrumbList\",\"@id\":\"https:\\\/\\\/www.gruporecoletas.com\\\/noticias\\\/recoletas-salud-amplia-su-cartera-de-servicios-en-burgos-con-un-centro-especializado-en-diagnostico-por-la-imagen\\\/#breadcrumb\",\"itemListElement\":[{\"@type\":\"ListItem\",\"position\":1,\"name\":\"Portada\",\"item\":\"https:\\\/\\\/www.gruporecoletas.com\\\/noticias\\\/\"},{\"@type\":\"ListItem\",\"position\":2,\"name\":\"Recoletas Salud ampl\u00eda su cartera de servicios en Burgos con un centro especializado en diagn\u00f3stico por la imagen\"}]},{\"@type\":\"WebSite\",\"@id\":\"https:\\\/\\\/www.gruporecoletas.com\\\/noticias\\\/#website\",\"url\":\"https:\\\/\\\/www.gruporecoletas.com\\\/noticias\\\/\",\"name\":\"Noticias Grupo Recoletas\",\"description\":\"Grupo Recoletas\",\"potentialAction\":[{\"@type\":\"SearchAction\",\"target\":{\"@type\":\"EntryPoint\",\"urlTemplate\":\"https:\\\/\\\/www.gruporecoletas.com\\\/noticias\\\/?s={search_term_string}\"},\"query-input\":{\"@type\":\"PropertyValueSpecification\",\"valueRequired\":true,\"valueName\":\"search_term_string\"}}],\"inLanguage\":\"es\"},{\"@type\":\"Person\",\"@id\":\"https:\\\/\\\/www.gruporecoletas.com\\\/noticias\\\/#\\\/schema\\\/person\\\/3c6ac429828d1f5e3d3bd99f4da9b02c\",\"name\":\"Recoletas Red Hospitalaria\",\"url\":\"https:\\\/\\\/www.gruporecoletas.com\\\/noticias\\\/author\\\/comunicacion\\\/\"}]}<\/script>\n<!-- \/ Yoast SEO Premium plugin. -->","yoast_head_json":{"title":"Recoletas Salud ampl\u00eda su cartera de servicios en Burgos con un centro especializado en diagn\u00f3stico por la imagen - Noticias Grupo Recoletas","description":"Este nuevo espacio contar\u00e1 con equipos de \u00faltima generaci\u00f3n que apuestan por diagn\u00f3sticos precoces y tratamientos m\u00e1s precisos","robots":{"index":"index","follow":"follow","max-snippet":"max-snippet:-1","max-image-preview":"max-image-preview:large","max-video-preview":"max-video-preview:-1"},"canonical":"https:\/\/www.gruporecoletas.com\/noticias\/recoletas-salud-amplia-su-cartera-de-servicios-en-burgos-con-un-centro-especializado-en-diagnostico-por-la-imagen\/","og_locale":"es_ES","og_type":"article","og_title":"Recoletas Salud ampl\u00eda su cartera de servicios en Burgos con un centro especializado en diagn\u00f3stico por la imagen","og_description":"Este nuevo espacio contar\u00e1 con equipos de \u00faltima generaci\u00f3n que apuestan por diagn\u00f3sticos precoces y tratamientos m\u00e1s precisos","og_url":"https:\/\/www.gruporecoletas.com\/noticias\/recoletas-salud-amplia-su-cartera-de-servicios-en-burgos-con-un-centro-especializado-en-diagnostico-por-la-imagen\/","og_site_name":"Noticias Grupo Recoletas","article_publisher":"https:\/\/www.facebook.com\/GrupoRecoletas\/","article_published_time":"2024-07-09T11:22:02+00:00","article_modified_time":"2024-07-09T11:22:03+00:00","og_image":[{"width":1366,"height":768,"url":"https:\/\/www.gruporecoletas.com\/noticias\/wp-content\/uploads\/2024\/07\/NUEVO-CENTRO-DIAGNOSTICO-IMAGEN-RECOLETAS-BURGOS.png","type":"image\/png"}],"author":"Recoletas Red Hospitalaria","twitter_card":"summary_large_image","twitter_creator":"@GrupoRecoletas","twitter_site":"@GrupoRecoletas","twitter_misc":{"Escrito por":"Recoletas Red Hospitalaria","Tiempo de lectura":"3 minutos"},"schema":{"@context":"https:\/\/schema.org","@graph":[{"@type":"Article","@id":"https:\/\/www.gruporecoletas.com\/noticias\/recoletas-salud-amplia-su-cartera-de-servicios-en-burgos-con-un-centro-especializado-en-diagnostico-por-la-imagen\/#article","isPartOf":{"@id":"https:\/\/www.gruporecoletas.com\/noticias\/recoletas-salud-amplia-su-cartera-de-servicios-en-burgos-con-un-centro-especializado-en-diagnostico-por-la-imagen\/"},"author":{"name":"Recoletas Red Hospitalaria","@id":"https:\/\/www.gruporecoletas.com\/noticias\/#\/schema\/person\/3c6ac429828d1f5e3d3bd99f4da9b02c"},"headline":"Recoletas Salud ampl\u00eda su cartera de servicios en Burgos con un centro especializado en diagn\u00f3stico por la imagen","datePublished":"2024-07-09T11:22:02+00:00","dateModified":"2024-07-09T11:22:03+00:00","mainEntityOfPage":{"@id":"https:\/\/www.gruporecoletas.com\/noticias\/recoletas-salud-amplia-su-cartera-de-servicios-en-burgos-con-un-centro-especializado-en-diagnostico-por-la-imagen\/"},"wordCount":579,"image":{"@id":"https:\/\/www.gruporecoletas.com\/noticias\/recoletas-salud-amplia-su-cartera-de-servicios-en-burgos-con-un-centro-especializado-en-diagnostico-por-la-imagen\/#primaryimage"},"thumbnailUrl":"https:\/\/www.gruporecoletas.com\/noticias\/wp-content\/uploads\/2024\/07\/NUEVO-CENTRO-DIAGNOSTICO-IMAGEN-RECOLETAS-BURGOS.png","keywords":["Burgos","centro m\u00e9dico","Diagn\u00f3stico por la imagen","Servicio m\u00e9dico"],"articleSection":["Burgos","Centros","Grupo Recoletas","HRBU","Recoletas Salud"],"inLanguage":"es"},{"@type":"WebPage","@id":"https:\/\/www.gruporecoletas.com\/noticias\/recoletas-salud-amplia-su-cartera-de-servicios-en-burgos-con-un-centro-especializado-en-diagnostico-por-la-imagen\/","url":"https:\/\/www.gruporecoletas.com\/noticias\/recoletas-salud-amplia-su-cartera-de-servicios-en-burgos-con-un-centro-especializado-en-diagnostico-por-la-imagen\/","name":"Recoletas Salud ampl\u00eda su cartera de servicios en Burgos con un centro especializado en diagn\u00f3stico por la imagen - Noticias Grupo Recoletas","isPartOf":{"@id":"https:\/\/www.gruporecoletas.com\/noticias\/#website"},"primaryImageOfPage":{"@id":"https:\/\/www.gruporecoletas.com\/noticias\/recoletas-salud-amplia-su-cartera-de-servicios-en-burgos-con-un-centro-especializado-en-diagnostico-por-la-imagen\/#primaryimage"},"image":{"@id":"https:\/\/www.gruporecoletas.com\/noticias\/recoletas-salud-amplia-su-cartera-de-servicios-en-burgos-con-un-centro-especializado-en-diagnostico-por-la-imagen\/#primaryimage"},"thumbnailUrl":"https:\/\/www.gruporecoletas.com\/noticias\/wp-content\/uploads\/2024\/07\/NUEVO-CENTRO-DIAGNOSTICO-IMAGEN-RECOLETAS-BURGOS.png","datePublished":"2024-07-09T11:22:02+00:00","dateModified":"2024-07-09T11:22:03+00:00","author":{"@id":"https:\/\/www.gruporecoletas.com\/noticias\/#\/schema\/person\/3c6ac429828d1f5e3d3bd99f4da9b02c"},"description":"Este nuevo espacio contar\u00e1 con equipos de \u00faltima generaci\u00f3n que apuestan por diagn\u00f3sticos precoces y tratamientos m\u00e1s precisos","breadcrumb":{"@id":"https:\/\/www.gruporecoletas.com\/noticias\/recoletas-salud-amplia-su-cartera-de-servicios-en-burgos-con-un-centro-especializado-en-diagnostico-por-la-imagen\/#breadcrumb"},"inLanguage":"es","potentialAction":[{"@type":"ReadAction","target":["https:\/\/www.gruporecoletas.com\/noticias\/recoletas-salud-amplia-su-cartera-de-servicios-en-burgos-con-un-centro-especializado-en-diagnostico-por-la-imagen\/"]}]},{"@type":"ImageObject","inLanguage":"es","@id":"https:\/\/www.gruporecoletas.com\/noticias\/recoletas-salud-amplia-su-cartera-de-servicios-en-burgos-con-un-centro-especializado-en-diagnostico-por-la-imagen\/#primaryimage","url":"https:\/\/www.gruporecoletas.com\/noticias\/wp-content\/uploads\/2024\/07\/NUEVO-CENTRO-DIAGNOSTICO-IMAGEN-RECOLETAS-BURGOS.png","contentUrl":"https:\/\/www.gruporecoletas.com\/noticias\/wp-content\/uploads\/2024\/07\/NUEVO-CENTRO-DIAGNOSTICO-IMAGEN-RECOLETAS-BURGOS.png","width":1366,"height":768,"caption":"Recoletas Salud ampl\u00eda su cartera de servicios en Burgos con un centro especializado en diagn\u00f3stico por la imagen"},{"@type":"BreadcrumbList","@id":"https:\/\/www.gruporecoletas.com\/noticias\/recoletas-salud-amplia-su-cartera-de-servicios-en-burgos-con-un-centro-especializado-en-diagnostico-por-la-imagen\/#breadcrumb","itemListElement":[{"@type":"ListItem","position":1,"name":"Portada","item":"https:\/\/www.gruporecoletas.com\/noticias\/"},{"@type":"ListItem","position":2,"name":"Recoletas Salud ampl\u00eda su cartera de servicios en Burgos con un centro especializado en diagn\u00f3stico por la imagen"}]},{"@type":"WebSite","@id":"https:\/\/www.gruporecoletas.com\/noticias\/#website","url":"https:\/\/www.gruporecoletas.com\/noticias\/","name":"Noticias Grupo Recoletas","description":"Grupo Recoletas","potentialAction":[{"@type":"SearchAction","target":{"@type":"EntryPoint","urlTemplate":"https:\/\/www.gruporecoletas.com\/noticias\/?s={search_term_string}"},"query-input":{"@type":"PropertyValueSpecification","valueRequired":true,"valueName":"search_term_string"}}],"inLanguage":"es"},{"@type":"Person","@id":"https:\/\/www.gruporecoletas.com\/noticias\/#\/schema\/person\/3c6ac429828d1f5e3d3bd99f4da9b02c","name":"Recoletas Red Hospitalaria","url":"https:\/\/www.gruporecoletas.com\/noticias\/author\/comunicacion\/"}]}},"_links":{"self":[{"href":"https:\/\/www.gruporecoletas.com\/noticias\/wp-json\/wp\/v2\/posts\/16460","targetHints":{"allow":["GET"]}}],"collection":[{"href":"https:\/\/www.gruporecoletas.com\/noticias\/wp-json\/wp\/v2\/posts"}],"about":[{"href":"https:\/\/www.gruporecoletas.com\/noticias\/wp-json\/wp\/v2\/types\/post"}],"author":[{"embeddable":true,"href":"https:\/\/www.gruporecoletas.com\/noticias\/wp-json\/wp\/v2\/users\/2"}],"replies":[{"embeddable":true,"href":"https:\/\/www.gruporecoletas.com\/noticias\/wp-json\/wp\/v2\/comments?post=16460"}],"version-history":[{"count":2,"href":"https:\/\/www.gruporecoletas.com\/noticias\/wp-json\/wp\/v2\/posts\/16460\/revisions"}],"predecessor-version":[{"id":16463,"href":"https:\/\/www.gruporecoletas.com\/noticias\/wp-json\/wp\/v2\/posts\/16460\/revisions\/16463"}],"wp:featuredmedia":[{"embeddable":true,"href":"https:\/\/www.gruporecoletas.com\/noticias\/wp-json\/wp\/v2\/media\/16462"}],"wp:attachment":[{"href":"https:\/\/www.gruporecoletas.com\/noticias\/wp-json\/wp\/v2\/media?parent=16460"}],"wp:term":[{"taxonomy":"category","embeddable":true,"href":"https:\/\/www.gruporecoletas.com\/noticias\/wp-json\/wp\/v2\/categories?post=16460"},{"taxonomy":"post_tag","embeddable":true,"href":"https:\/\/www.gruporecoletas.com\/noticias\/wp-json\/wp\/v2\/tags?post=16460"}],"curies":[{"name":"wp","href":"https:\/\/api.w.org\/{rel}","templated":true}]}}