{"id":16472,"date":"2024-07-25T09:59:22","date_gmt":"2024-07-25T07:59:22","guid":{"rendered":"https:\/\/www.gruporecoletas.com\/noticias\/?p=16472"},"modified":"2024-07-25T09:59:23","modified_gmt":"2024-07-25T07:59:23","slug":"recoletas-salud-zamora-participa-en-la-presentacion-de-ruractive","status":"publish","type":"post","link":"https:\/\/www.gruporecoletas.com\/noticias\/recoletas-salud-zamora-participa-en-la-presentacion-de-ruractive\/","title":{"rendered":"Recoletas Salud Zamora participa en la presentaci\u00f3n de RURACTIVE"},"content":{"rendered":"\n<p>El director de Recoletas Salud Zamora, \u00d3scar Iglesias, ha participado en la presentaci\u00f3n oficial del proyecto RURACTIVE \u201cOPEN DAY\u201d que ha tenido lugar en Zamora.<\/p>\n\n\n\n<p>\u00d3scar Iglesias ha expuesto PULSO VITAL. Un proyecto de salud rural creado por Recoletas Salud para concienciar acerca de la importancia que tiene una detecci\u00f3n precoz, conocer los s\u00edntomas del ictus e impulsar programas de prevenci\u00f3n, as\u00ed como dar visibilidad a esta patolog\u00eda cuya incidencia aumenta cuanto m\u00e1s envejecida sea la poblaci\u00f3n de una zona.<\/p>\n\n\n\n<p>Asimismo, ha dado a conocer al p\u00fablico asistente los resultados que arrojan los 60 puntos de salud permanente instalados en Zamora. Desde su puesta en marcha, se han realizado m\u00e1s de 43.000 electrocardiogramas y el Dr. Jos\u00e9 Luis Santos, director m\u00e9dico de Pulso Vital, ha llevado ya a cabo de forma gratuita m\u00e1s de 400 consultas m\u00e9dicas en el Hospital Recoletas Salud Zamora y el Centro M\u00e9dico Recoletas Salud Benavente, donde ha detectado m\u00e1s de 150 fibrilaciones auriculares. Gracias a ello, todas estas personas han podido seguir un sencillo tratamiento, reduciendo el riesgo de sufrir un ictus.<\/p>\n\n\n\n<pre class=\"wp-block-preformatted\">Por todo ello, Pulso Vital recibi\u00f3 en Lisboa, durante la ceremonia de entrega de los \u201cEuropean Private Hospital Awards\u201d, el primer premio a la mejor iniciativa innovadora, enfocada en mejorar la experiencia del paciente, no solo mejorando el servicio de atenci\u00f3n m\u00e9dica, sino tambi\u00e9n satisfaciendo las necesidades y expectativas de los pacientes. Y Fue concedido por la Uni\u00f3n Europea de Hospitales Privados, de la que forman parte 5.000 hospitales y cl\u00ednicas privadas de diecisiete pa\u00edses de Europa. <\/pre>\n\n\n\n<p>Adem\u00e1s, el director de Recoletas Salud Zamora ha recordado que Pulso Vital ha sido tambi\u00e9n este a\u00f1o protagonista en la Facultad de Medicina de la Universidad de Valladolid, donde qued\u00f3 reconocida la importancia de la prevenci\u00f3n cardiovascular y c\u00f3mo, gracias a este programa, Zamora se ha convertido en una provincia cardioprotegida y lo m\u00e1s importante, demostrando que salva vidas.<\/p>\n\n\n\n<p>Y, recientemente, el municipio de T\u00e1bara ha sido reconocido como el Pueblo Cardioprotegido 2024, por haber sido la localidad con mayor poblaci\u00f3n participante en este programa.<\/p>\n\n\n\n<p>\u00d3scar Iglesias ha aprovechado para agradecer a todos los pueblos de Zamora su implicaci\u00f3n \u201cante la necesidad de que los ciudadanos tomen conciencia de que es importante que hagan un seguimiento personal de su salud de manera f\u00e1cil, r\u00e1pida y gratuita\u201d.<\/p>\n\n\n\n<p>Gracias al proyecto RURACTIVE, concedido con ayudas de la Comisi\u00f3n Europea \u201cHorizonte Europa\u201d, se va a aprovechar el potencial de los pueblos zamoranos, que demostrar\u00e1n ante Europa que son capaces de innovar. Como ha hecho Recoletas Salud con PULSO VITAL<\/p>\n","protected":false},"excerpt":{"rendered":"<p>El director de Recoletas Salud Zamora, \u00d3scar Iglesias, ha participado en la presentaci\u00f3n oficial del proyecto RURACTIVE \u201cOPEN DAY\u201d que ha tenido lugar en Zamora. \u00d3scar Iglesias ha expuesto PULSO VITAL. Un proyecto de salud rural creado por Recoletas Salud para concienciar acerca de la importancia que tiene una detecci\u00f3n precoz, conocer los s\u00edntomas del [&hellip;]<\/p>\n","protected":false},"author":2,"featured_media":16473,"comment_status":"closed","ping_status":"closed","sticky":false,"template":"","format":"standard","meta":{"_acf_changed":false,"footnotes":""},"categories":[43,1,16,42,21],"tags":[3083,2218,3277,3419],"class_list":["post-16472","post","type-post","status-publish","format-standard","has-post-thumbnail","hentry","category-centros","category-grupo-recoletas","category-hrza","category-recoletas-salud","category-zamora","tag-ictus","tag-prevencion","tag-pulso-vital","tag-salud-rural"],"acf":[],"yoast_head":"<!-- This site is optimized with the Yoast SEO Premium plugin v27.3 (Yoast SEO v27.3) - https:\/\/yoast.com\/product\/yoast-seo-premium-wordpress\/ -->\n<title>Recoletas Salud Zamora participa en la presentaci\u00f3n de RURACTIVE - Noticias Grupo Recoletas<\/title>\n<meta name=\"description\" content=\"\u00d3scar Iglesias ha intervenido en los OPEN DAY para poner en valor y destacar la importancia del programa de salud rural para prevenir el ictus: Pulso Vital\" \/>\n<meta name=\"robots\" content=\"index, follow, max-snippet:-1, max-image-preview:large, max-video-preview:-1\" \/>\n<link rel=\"canonical\" href=\"https:\/\/www.gruporecoletas.com\/noticias\/recoletas-salud-zamora-participa-en-la-presentacion-de-ruractive\/\" \/>\n<meta property=\"og:locale\" content=\"es_ES\" \/>\n<meta property=\"og:type\" content=\"article\" \/>\n<meta property=\"og:title\" content=\"Recoletas Salud Zamora participa en la presentaci\u00f3n de RURACTIVE\" \/>\n<meta property=\"og:description\" content=\"\u00d3scar Iglesias ha intervenido en los OPEN DAY para poner en valor y destacar la importancia del programa de salud rural para prevenir el ictus: Pulso Vital\" \/>\n<meta property=\"og:url\" content=\"https:\/\/www.gruporecoletas.com\/noticias\/recoletas-salud-zamora-participa-en-la-presentacion-de-ruractive\/\" \/>\n<meta property=\"og:site_name\" content=\"Noticias Grupo Recoletas\" \/>\n<meta property=\"article:publisher\" content=\"https:\/\/www.facebook.com\/GrupoRecoletas\/\" \/>\n<meta property=\"article:published_time\" content=\"2024-07-25T07:59:22+00:00\" \/>\n<meta property=\"article:modified_time\" content=\"2024-07-25T07:59:23+00:00\" \/>\n<meta property=\"og:image\" content=\"https:\/\/www.gruporecoletas.com\/noticias\/wp-content\/uploads\/2024\/07\/RURACTIVE-RECOLETAS-ZAMORA.png\" \/>\n\t<meta property=\"og:image:width\" content=\"1366\" \/>\n\t<meta property=\"og:image:height\" content=\"768\" \/>\n\t<meta property=\"og:image:type\" content=\"image\/png\" \/>\n<meta name=\"author\" content=\"Recoletas Red Hospitalaria\" \/>\n<meta name=\"twitter:card\" content=\"summary_large_image\" \/>\n<meta name=\"twitter:creator\" content=\"@GrupoRecoletas\" \/>\n<meta name=\"twitter:site\" content=\"@GrupoRecoletas\" \/>\n<meta name=\"twitter:label1\" content=\"Escrito por\" \/>\n\t<meta name=\"twitter:data1\" content=\"Recoletas Red Hospitalaria\" \/>\n\t<meta name=\"twitter:label2\" content=\"Tiempo de lectura\" \/>\n\t<meta name=\"twitter:data2\" content=\"2 minutos\" \/>\n<script type=\"application\/ld+json\" class=\"yoast-schema-graph\">{\"@context\":\"https:\\\/\\\/schema.org\",\"@graph\":[{\"@type\":\"Article\",\"@id\":\"https:\\\/\\\/www.gruporecoletas.com\\\/noticias\\\/recoletas-salud-zamora-participa-en-la-presentacion-de-ruractive\\\/#article\",\"isPartOf\":{\"@id\":\"https:\\\/\\\/www.gruporecoletas.com\\\/noticias\\\/recoletas-salud-zamora-participa-en-la-presentacion-de-ruractive\\\/\"},\"author\":{\"name\":\"Recoletas Red Hospitalaria\",\"@id\":\"https:\\\/\\\/www.gruporecoletas.com\\\/noticias\\\/#\\\/schema\\\/person\\\/3c6ac429828d1f5e3d3bd99f4da9b02c\"},\"headline\":\"Recoletas Salud Zamora participa en la presentaci\u00f3n de RURACTIVE\",\"datePublished\":\"2024-07-25T07:59:22+00:00\",\"dateModified\":\"2024-07-25T07:59:23+00:00\",\"mainEntityOfPage\":{\"@id\":\"https:\\\/\\\/www.gruporecoletas.com\\\/noticias\\\/recoletas-salud-zamora-participa-en-la-presentacion-de-ruractive\\\/\"},\"wordCount\":375,\"image\":{\"@id\":\"https:\\\/\\\/www.gruporecoletas.com\\\/noticias\\\/recoletas-salud-zamora-participa-en-la-presentacion-de-ruractive\\\/#primaryimage\"},\"thumbnailUrl\":\"https:\\\/\\\/www.gruporecoletas.com\\\/noticias\\\/wp-content\\\/uploads\\\/2024\\\/07\\\/RURACTIVE-RECOLETAS-ZAMORA.png\",\"keywords\":[\"ictus\",\"prevenci\u00f3n\",\"pulso vital\",\"Salud rural\"],\"articleSection\":[\"Centros\",\"Grupo Recoletas\",\"HRZA\",\"Recoletas Salud\",\"Zamora\"],\"inLanguage\":\"es\"},{\"@type\":\"WebPage\",\"@id\":\"https:\\\/\\\/www.gruporecoletas.com\\\/noticias\\\/recoletas-salud-zamora-participa-en-la-presentacion-de-ruractive\\\/\",\"url\":\"https:\\\/\\\/www.gruporecoletas.com\\\/noticias\\\/recoletas-salud-zamora-participa-en-la-presentacion-de-ruractive\\\/\",\"name\":\"Recoletas Salud Zamora participa en la presentaci\u00f3n de RURACTIVE - Noticias Grupo Recoletas\",\"isPartOf\":{\"@id\":\"https:\\\/\\\/www.gruporecoletas.com\\\/noticias\\\/#website\"},\"primaryImageOfPage\":{\"@id\":\"https:\\\/\\\/www.gruporecoletas.com\\\/noticias\\\/recoletas-salud-zamora-participa-en-la-presentacion-de-ruractive\\\/#primaryimage\"},\"image\":{\"@id\":\"https:\\\/\\\/www.gruporecoletas.com\\\/noticias\\\/recoletas-salud-zamora-participa-en-la-presentacion-de-ruractive\\\/#primaryimage\"},\"thumbnailUrl\":\"https:\\\/\\\/www.gruporecoletas.com\\\/noticias\\\/wp-content\\\/uploads\\\/2024\\\/07\\\/RURACTIVE-RECOLETAS-ZAMORA.png\",\"datePublished\":\"2024-07-25T07:59:22+00:00\",\"dateModified\":\"2024-07-25T07:59:23+00:00\",\"author\":{\"@id\":\"https:\\\/\\\/www.gruporecoletas.com\\\/noticias\\\/#\\\/schema\\\/person\\\/3c6ac429828d1f5e3d3bd99f4da9b02c\"},\"description\":\"\u00d3scar Iglesias ha intervenido en los OPEN DAY para poner en valor y destacar la importancia del programa de salud rural para prevenir el ictus: Pulso Vital\",\"breadcrumb\":{\"@id\":\"https:\\\/\\\/www.gruporecoletas.com\\\/noticias\\\/recoletas-salud-zamora-participa-en-la-presentacion-de-ruractive\\\/#breadcrumb\"},\"inLanguage\":\"es\",\"potentialAction\":[{\"@type\":\"ReadAction\",\"target\":[\"https:\\\/\\\/www.gruporecoletas.com\\\/noticias\\\/recoletas-salud-zamora-participa-en-la-presentacion-de-ruractive\\\/\"]}]},{\"@type\":\"ImageObject\",\"inLanguage\":\"es\",\"@id\":\"https:\\\/\\\/www.gruporecoletas.com\\\/noticias\\\/recoletas-salud-zamora-participa-en-la-presentacion-de-ruractive\\\/#primaryimage\",\"url\":\"https:\\\/\\\/www.gruporecoletas.com\\\/noticias\\\/wp-content\\\/uploads\\\/2024\\\/07\\\/RURACTIVE-RECOLETAS-ZAMORA.png\",\"contentUrl\":\"https:\\\/\\\/www.gruporecoletas.com\\\/noticias\\\/wp-content\\\/uploads\\\/2024\\\/07\\\/RURACTIVE-RECOLETAS-ZAMORA.png\",\"width\":1366,\"height\":768,\"caption\":\"Recoletas Salud Zamora participa en la presentaci\u00f3n de RURACTIVE\"},{\"@type\":\"BreadcrumbList\",\"@id\":\"https:\\\/\\\/www.gruporecoletas.com\\\/noticias\\\/recoletas-salud-zamora-participa-en-la-presentacion-de-ruractive\\\/#breadcrumb\",\"itemListElement\":[{\"@type\":\"ListItem\",\"position\":1,\"name\":\"Portada\",\"item\":\"https:\\\/\\\/www.gruporecoletas.com\\\/noticias\\\/\"},{\"@type\":\"ListItem\",\"position\":2,\"name\":\"Recoletas Salud Zamora participa en la presentaci\u00f3n de RURACTIVE\"}]},{\"@type\":\"WebSite\",\"@id\":\"https:\\\/\\\/www.gruporecoletas.com\\\/noticias\\\/#website\",\"url\":\"https:\\\/\\\/www.gruporecoletas.com\\\/noticias\\\/\",\"name\":\"Noticias Grupo Recoletas\",\"description\":\"Grupo Recoletas\",\"potentialAction\":[{\"@type\":\"SearchAction\",\"target\":{\"@type\":\"EntryPoint\",\"urlTemplate\":\"https:\\\/\\\/www.gruporecoletas.com\\\/noticias\\\/?s={search_term_string}\"},\"query-input\":{\"@type\":\"PropertyValueSpecification\",\"valueRequired\":true,\"valueName\":\"search_term_string\"}}],\"inLanguage\":\"es\"},{\"@type\":\"Person\",\"@id\":\"https:\\\/\\\/www.gruporecoletas.com\\\/noticias\\\/#\\\/schema\\\/person\\\/3c6ac429828d1f5e3d3bd99f4da9b02c\",\"name\":\"Recoletas Red Hospitalaria\",\"url\":\"https:\\\/\\\/www.gruporecoletas.com\\\/noticias\\\/author\\\/comunicacion\\\/\"}]}<\/script>\n<!-- \/ Yoast SEO Premium plugin. -->","yoast_head_json":{"title":"Recoletas Salud Zamora participa en la presentaci\u00f3n de RURACTIVE - Noticias Grupo Recoletas","description":"\u00d3scar Iglesias ha intervenido en los OPEN DAY para poner en valor y destacar la importancia del programa de salud rural para prevenir el ictus: Pulso Vital","robots":{"index":"index","follow":"follow","max-snippet":"max-snippet:-1","max-image-preview":"max-image-preview:large","max-video-preview":"max-video-preview:-1"},"canonical":"https:\/\/www.gruporecoletas.com\/noticias\/recoletas-salud-zamora-participa-en-la-presentacion-de-ruractive\/","og_locale":"es_ES","og_type":"article","og_title":"Recoletas Salud Zamora participa en la presentaci\u00f3n de RURACTIVE","og_description":"\u00d3scar Iglesias ha intervenido en los OPEN DAY para poner en valor y destacar la importancia del programa de salud rural para prevenir el ictus: Pulso Vital","og_url":"https:\/\/www.gruporecoletas.com\/noticias\/recoletas-salud-zamora-participa-en-la-presentacion-de-ruractive\/","og_site_name":"Noticias Grupo Recoletas","article_publisher":"https:\/\/www.facebook.com\/GrupoRecoletas\/","article_published_time":"2024-07-25T07:59:22+00:00","article_modified_time":"2024-07-25T07:59:23+00:00","og_image":[{"width":1366,"height":768,"url":"https:\/\/www.gruporecoletas.com\/noticias\/wp-content\/uploads\/2024\/07\/RURACTIVE-RECOLETAS-ZAMORA.png","type":"image\/png"}],"author":"Recoletas Red Hospitalaria","twitter_card":"summary_large_image","twitter_creator":"@GrupoRecoletas","twitter_site":"@GrupoRecoletas","twitter_misc":{"Escrito por":"Recoletas Red Hospitalaria","Tiempo de lectura":"2 minutos"},"schema":{"@context":"https:\/\/schema.org","@graph":[{"@type":"Article","@id":"https:\/\/www.gruporecoletas.com\/noticias\/recoletas-salud-zamora-participa-en-la-presentacion-de-ruractive\/#article","isPartOf":{"@id":"https:\/\/www.gruporecoletas.com\/noticias\/recoletas-salud-zamora-participa-en-la-presentacion-de-ruractive\/"},"author":{"name":"Recoletas Red Hospitalaria","@id":"https:\/\/www.gruporecoletas.com\/noticias\/#\/schema\/person\/3c6ac429828d1f5e3d3bd99f4da9b02c"},"headline":"Recoletas Salud Zamora participa en la presentaci\u00f3n de RURACTIVE","datePublished":"2024-07-25T07:59:22+00:00","dateModified":"2024-07-25T07:59:23+00:00","mainEntityOfPage":{"@id":"https:\/\/www.gruporecoletas.com\/noticias\/recoletas-salud-zamora-participa-en-la-presentacion-de-ruractive\/"},"wordCount":375,"image":{"@id":"https:\/\/www.gruporecoletas.com\/noticias\/recoletas-salud-zamora-participa-en-la-presentacion-de-ruractive\/#primaryimage"},"thumbnailUrl":"https:\/\/www.gruporecoletas.com\/noticias\/wp-content\/uploads\/2024\/07\/RURACTIVE-RECOLETAS-ZAMORA.png","keywords":["ictus","prevenci\u00f3n","pulso vital","Salud rural"],"articleSection":["Centros","Grupo Recoletas","HRZA","Recoletas Salud","Zamora"],"inLanguage":"es"},{"@type":"WebPage","@id":"https:\/\/www.gruporecoletas.com\/noticias\/recoletas-salud-zamora-participa-en-la-presentacion-de-ruractive\/","url":"https:\/\/www.gruporecoletas.com\/noticias\/recoletas-salud-zamora-participa-en-la-presentacion-de-ruractive\/","name":"Recoletas Salud Zamora participa en la presentaci\u00f3n de RURACTIVE - Noticias Grupo Recoletas","isPartOf":{"@id":"https:\/\/www.gruporecoletas.com\/noticias\/#website"},"primaryImageOfPage":{"@id":"https:\/\/www.gruporecoletas.com\/noticias\/recoletas-salud-zamora-participa-en-la-presentacion-de-ruractive\/#primaryimage"},"image":{"@id":"https:\/\/www.gruporecoletas.com\/noticias\/recoletas-salud-zamora-participa-en-la-presentacion-de-ruractive\/#primaryimage"},"thumbnailUrl":"https:\/\/www.gruporecoletas.com\/noticias\/wp-content\/uploads\/2024\/07\/RURACTIVE-RECOLETAS-ZAMORA.png","datePublished":"2024-07-25T07:59:22+00:00","dateModified":"2024-07-25T07:59:23+00:00","author":{"@id":"https:\/\/www.gruporecoletas.com\/noticias\/#\/schema\/person\/3c6ac429828d1f5e3d3bd99f4da9b02c"},"description":"\u00d3scar Iglesias ha intervenido en los OPEN DAY para poner en valor y destacar la importancia del programa de salud rural para prevenir el ictus: Pulso Vital","breadcrumb":{"@id":"https:\/\/www.gruporecoletas.com\/noticias\/recoletas-salud-zamora-participa-en-la-presentacion-de-ruractive\/#breadcrumb"},"inLanguage":"es","potentialAction":[{"@type":"ReadAction","target":["https:\/\/www.gruporecoletas.com\/noticias\/recoletas-salud-zamora-participa-en-la-presentacion-de-ruractive\/"]}]},{"@type":"ImageObject","inLanguage":"es","@id":"https:\/\/www.gruporecoletas.com\/noticias\/recoletas-salud-zamora-participa-en-la-presentacion-de-ruractive\/#primaryimage","url":"https:\/\/www.gruporecoletas.com\/noticias\/wp-content\/uploads\/2024\/07\/RURACTIVE-RECOLETAS-ZAMORA.png","contentUrl":"https:\/\/www.gruporecoletas.com\/noticias\/wp-content\/uploads\/2024\/07\/RURACTIVE-RECOLETAS-ZAMORA.png","width":1366,"height":768,"caption":"Recoletas Salud Zamora participa en la presentaci\u00f3n de RURACTIVE"},{"@type":"BreadcrumbList","@id":"https:\/\/www.gruporecoletas.com\/noticias\/recoletas-salud-zamora-participa-en-la-presentacion-de-ruractive\/#breadcrumb","itemListElement":[{"@type":"ListItem","position":1,"name":"Portada","item":"https:\/\/www.gruporecoletas.com\/noticias\/"},{"@type":"ListItem","position":2,"name":"Recoletas Salud Zamora participa en la presentaci\u00f3n de RURACTIVE"}]},{"@type":"WebSite","@id":"https:\/\/www.gruporecoletas.com\/noticias\/#website","url":"https:\/\/www.gruporecoletas.com\/noticias\/","name":"Noticias Grupo Recoletas","description":"Grupo Recoletas","potentialAction":[{"@type":"SearchAction","target":{"@type":"EntryPoint","urlTemplate":"https:\/\/www.gruporecoletas.com\/noticias\/?s={search_term_string}"},"query-input":{"@type":"PropertyValueSpecification","valueRequired":true,"valueName":"search_term_string"}}],"inLanguage":"es"},{"@type":"Person","@id":"https:\/\/www.gruporecoletas.com\/noticias\/#\/schema\/person\/3c6ac429828d1f5e3d3bd99f4da9b02c","name":"Recoletas Red Hospitalaria","url":"https:\/\/www.gruporecoletas.com\/noticias\/author\/comunicacion\/"}]}},"_links":{"self":[{"href":"https:\/\/www.gruporecoletas.com\/noticias\/wp-json\/wp\/v2\/posts\/16472","targetHints":{"allow":["GET"]}}],"collection":[{"href":"https:\/\/www.gruporecoletas.com\/noticias\/wp-json\/wp\/v2\/posts"}],"about":[{"href":"https:\/\/www.gruporecoletas.com\/noticias\/wp-json\/wp\/v2\/types\/post"}],"author":[{"embeddable":true,"href":"https:\/\/www.gruporecoletas.com\/noticias\/wp-json\/wp\/v2\/users\/2"}],"replies":[{"embeddable":true,"href":"https:\/\/www.gruporecoletas.com\/noticias\/wp-json\/wp\/v2\/comments?post=16472"}],"version-history":[{"count":1,"href":"https:\/\/www.gruporecoletas.com\/noticias\/wp-json\/wp\/v2\/posts\/16472\/revisions"}],"predecessor-version":[{"id":16474,"href":"https:\/\/www.gruporecoletas.com\/noticias\/wp-json\/wp\/v2\/posts\/16472\/revisions\/16474"}],"wp:featuredmedia":[{"embeddable":true,"href":"https:\/\/www.gruporecoletas.com\/noticias\/wp-json\/wp\/v2\/media\/16473"}],"wp:attachment":[{"href":"https:\/\/www.gruporecoletas.com\/noticias\/wp-json\/wp\/v2\/media?parent=16472"}],"wp:term":[{"taxonomy":"category","embeddable":true,"href":"https:\/\/www.gruporecoletas.com\/noticias\/wp-json\/wp\/v2\/categories?post=16472"},{"taxonomy":"post_tag","embeddable":true,"href":"https:\/\/www.gruporecoletas.com\/noticias\/wp-json\/wp\/v2\/tags?post=16472"}],"curies":[{"name":"wp","href":"https:\/\/api.w.org\/{rel}","templated":true}]}}