{"id":16477,"date":"2024-07-31T12:11:14","date_gmt":"2024-07-31T10:11:14","guid":{"rendered":"https:\/\/www.gruporecoletas.com\/noticias\/?p=16477"},"modified":"2024-07-31T12:11:16","modified_gmt":"2024-07-31T10:11:16","slug":"el-hospital-recoletas-salud-burgos-renueva-y-moderniza-el-area-de-hospitalizacion","status":"publish","type":"post","link":"https:\/\/www.gruporecoletas.com\/noticias\/el-hospital-recoletas-salud-burgos-renueva-y-moderniza-el-area-de-hospitalizacion\/","title":{"rendered":"El Hospital Recoletas Salud Burgos renueva y moderniza el \u00e1rea de hospitalizaci\u00f3n"},"content":{"rendered":"\n<h3 class=\"wp-block-heading\"><strong><em>Todas las habitaciones de la segunda planta del Hospital est\u00e1n siendo renovadas por completo. Ganando espacio y con un nuevo sistema de climatizaci\u00f3n para garantizar la mayor comodidad de los pacientes ingresados.<\/em><\/strong><\/h3>\n\n\n\n<h3 class=\"wp-block-heading\"><strong><em>Contar\u00e1 con un nuevo sistema de control asistencial.<\/em><\/strong><\/h3>\n\n\n\n<p>Recoletas Salud Burgos contin\u00faa renovando y creando servicios y espacios con el fin de proporcionar a sus pacientes una atenci\u00f3n cada vez m\u00e1s integral y de mayor calidad.<\/p>\n\n\n\n<p>Para ello, se est\u00e1 renovado completamente el \u00e1rea de hospitalizaci\u00f3n de la segunda planta del hospital Recoletas Salud convirtiendo las 22 habitaciones en un espacio m\u00e1s amplio, m\u00e1s c\u00f3modo y totalmente modernizado. Asimismo, se implementar\u00e1 un nuevo sistema de climatizaci\u00f3n. Una obra que se ha realizado porque \u201clos pacientes son lo m\u00e1s importante para nosotros y debemos centrar nuestros esfuerzos en facilitarles el mejor servicio, los mejores profesionales y la mayor comodidad posible durante su estancia hospitalaria\u201d, ha subrayado Pilar G\u00f3mez, directora de Recoletas Salud Burgos.<\/p>\n\n\n\n<p>Asimismo, el equipo profesional m\u00e9dico y de enfermer\u00eda dispondr\u00e1 tambi\u00e9n de un \u00e1rea de trabajo m\u00e1s c\u00f3modo y amplio y con estancias privadas para mayor intimidad y confidencialidad en el trato con los familiares de los pacientes hospitalizados.<\/p>\n\n\n\n<p>La obra se completar\u00e1 en un plazo de cuatro meses. Contar\u00e1 con un nuevo sistema de control asistencial para garantizar la seguridad y vigilancia de todos los pacientes hospitalizados.<\/p>\n","protected":false},"excerpt":{"rendered":"<p>Todas las habitaciones de la segunda planta del Hospital est\u00e1n siendo renovadas por completo. Ganando espacio y con un nuevo sistema de climatizaci\u00f3n para garantizar la mayor comodidad de los pacientes ingresados. Contar\u00e1 con un nuevo sistema de control asistencial. Recoletas Salud Burgos contin\u00faa renovando y creando servicios y espacios con el fin de proporcionar [&hellip;]<\/p>\n","protected":false},"author":2,"featured_media":16478,"comment_status":"closed","ping_status":"closed","sticky":false,"template":"","format":"standard","meta":{"_acf_changed":false,"footnotes":""},"categories":[10,31,42],"tags":[38,3268],"class_list":["post-16477","post","type-post","status-publish","format-standard","has-post-thumbnail","hentry","category-burgos","category-hrbu","category-recoletas-salud","tag-hospital-recoletas-burgos","tag-recoletas-salud"],"acf":[],"yoast_head":"<!-- This site is optimized with the Yoast SEO Premium plugin v27.3 (Yoast SEO v27.3) - https:\/\/yoast.com\/product\/yoast-seo-premium-wordpress\/ -->\n<title>El Hospital Recoletas Salud Burgos renueva y moderniza el \u00e1rea de hospitalizaci\u00f3n - Noticias Grupo Recoletas<\/title>\n<meta name=\"robots\" content=\"index, follow, max-snippet:-1, max-image-preview:large, max-video-preview:-1\" \/>\n<link rel=\"canonical\" href=\"https:\/\/www.gruporecoletas.com\/noticias\/el-hospital-recoletas-salud-burgos-renueva-y-moderniza-el-area-de-hospitalizacion\/\" \/>\n<meta property=\"og:locale\" content=\"es_ES\" \/>\n<meta property=\"og:type\" content=\"article\" \/>\n<meta property=\"og:title\" content=\"El Hospital Recoletas Salud Burgos renueva y moderniza el \u00e1rea de hospitalizaci\u00f3n\" \/>\n<meta property=\"og:description\" content=\"Todas las habitaciones de la segunda planta del Hospital est\u00e1n siendo renovadas por completo. Ganando espacio y con un nuevo sistema de climatizaci\u00f3n para garantizar la mayor comodidad de los pacientes ingresados. Contar\u00e1 con un nuevo sistema de control asistencial. Recoletas Salud Burgos contin\u00faa renovando y creando servicios y espacios con el fin de proporcionar [&hellip;]\" \/>\n<meta property=\"og:url\" content=\"https:\/\/www.gruporecoletas.com\/noticias\/el-hospital-recoletas-salud-burgos-renueva-y-moderniza-el-area-de-hospitalizacion\/\" \/>\n<meta property=\"og:site_name\" content=\"Noticias Grupo Recoletas\" \/>\n<meta property=\"article:publisher\" content=\"https:\/\/www.facebook.com\/GrupoRecoletas\/\" \/>\n<meta property=\"article:published_time\" content=\"2024-07-31T10:11:14+00:00\" \/>\n<meta property=\"article:modified_time\" content=\"2024-07-31T10:11:16+00:00\" \/>\n<meta property=\"og:image\" content=\"https:\/\/www.gruporecoletas.com\/noticias\/wp-content\/uploads\/2024\/07\/El-Hospital-Recoletas-Salud-renueva-y-moderniza-el-area-de-hospitalizacion.png\" \/>\n\t<meta property=\"og:image:width\" content=\"1366\" \/>\n\t<meta property=\"og:image:height\" content=\"768\" \/>\n\t<meta property=\"og:image:type\" content=\"image\/png\" \/>\n<meta name=\"author\" content=\"Recoletas Red Hospitalaria\" \/>\n<meta name=\"twitter:card\" content=\"summary_large_image\" \/>\n<meta name=\"twitter:creator\" content=\"@GrupoRecoletas\" \/>\n<meta name=\"twitter:site\" content=\"@GrupoRecoletas\" \/>\n<meta name=\"twitter:label1\" content=\"Escrito por\" \/>\n\t<meta name=\"twitter:data1\" content=\"Recoletas Red Hospitalaria\" \/>\n\t<meta name=\"twitter:label2\" content=\"Tiempo de lectura\" \/>\n\t<meta name=\"twitter:data2\" content=\"1 minuto\" \/>\n<script type=\"application\/ld+json\" class=\"yoast-schema-graph\">{\"@context\":\"https:\\\/\\\/schema.org\",\"@graph\":[{\"@type\":\"Article\",\"@id\":\"https:\\\/\\\/www.gruporecoletas.com\\\/noticias\\\/el-hospital-recoletas-salud-burgos-renueva-y-moderniza-el-area-de-hospitalizacion\\\/#article\",\"isPartOf\":{\"@id\":\"https:\\\/\\\/www.gruporecoletas.com\\\/noticias\\\/el-hospital-recoletas-salud-burgos-renueva-y-moderniza-el-area-de-hospitalizacion\\\/\"},\"author\":{\"name\":\"Recoletas Red Hospitalaria\",\"@id\":\"https:\\\/\\\/www.gruporecoletas.com\\\/noticias\\\/#\\\/schema\\\/person\\\/3c6ac429828d1f5e3d3bd99f4da9b02c\"},\"headline\":\"El Hospital Recoletas Salud Burgos renueva y moderniza el \u00e1rea de hospitalizaci\u00f3n\",\"datePublished\":\"2024-07-31T10:11:14+00:00\",\"dateModified\":\"2024-07-31T10:11:16+00:00\",\"mainEntityOfPage\":{\"@id\":\"https:\\\/\\\/www.gruporecoletas.com\\\/noticias\\\/el-hospital-recoletas-salud-burgos-renueva-y-moderniza-el-area-de-hospitalizacion\\\/\"},\"wordCount\":250,\"image\":{\"@id\":\"https:\\\/\\\/www.gruporecoletas.com\\\/noticias\\\/el-hospital-recoletas-salud-burgos-renueva-y-moderniza-el-area-de-hospitalizacion\\\/#primaryimage\"},\"thumbnailUrl\":\"https:\\\/\\\/www.gruporecoletas.com\\\/noticias\\\/wp-content\\\/uploads\\\/2024\\\/07\\\/El-Hospital-Recoletas-Salud-renueva-y-moderniza-el-area-de-hospitalizacion.png\",\"keywords\":[\"Hospital Recoletas Burgos\",\"Recoletas Salud\"],\"articleSection\":[\"Burgos\",\"HRBU\",\"Recoletas Salud\"],\"inLanguage\":\"es\"},{\"@type\":\"WebPage\",\"@id\":\"https:\\\/\\\/www.gruporecoletas.com\\\/noticias\\\/el-hospital-recoletas-salud-burgos-renueva-y-moderniza-el-area-de-hospitalizacion\\\/\",\"url\":\"https:\\\/\\\/www.gruporecoletas.com\\\/noticias\\\/el-hospital-recoletas-salud-burgos-renueva-y-moderniza-el-area-de-hospitalizacion\\\/\",\"name\":\"El Hospital Recoletas Salud Burgos renueva y moderniza el \u00e1rea de hospitalizaci\u00f3n - Noticias Grupo Recoletas\",\"isPartOf\":{\"@id\":\"https:\\\/\\\/www.gruporecoletas.com\\\/noticias\\\/#website\"},\"primaryImageOfPage\":{\"@id\":\"https:\\\/\\\/www.gruporecoletas.com\\\/noticias\\\/el-hospital-recoletas-salud-burgos-renueva-y-moderniza-el-area-de-hospitalizacion\\\/#primaryimage\"},\"image\":{\"@id\":\"https:\\\/\\\/www.gruporecoletas.com\\\/noticias\\\/el-hospital-recoletas-salud-burgos-renueva-y-moderniza-el-area-de-hospitalizacion\\\/#primaryimage\"},\"thumbnailUrl\":\"https:\\\/\\\/www.gruporecoletas.com\\\/noticias\\\/wp-content\\\/uploads\\\/2024\\\/07\\\/El-Hospital-Recoletas-Salud-renueva-y-moderniza-el-area-de-hospitalizacion.png\",\"datePublished\":\"2024-07-31T10:11:14+00:00\",\"dateModified\":\"2024-07-31T10:11:16+00:00\",\"author\":{\"@id\":\"https:\\\/\\\/www.gruporecoletas.com\\\/noticias\\\/#\\\/schema\\\/person\\\/3c6ac429828d1f5e3d3bd99f4da9b02c\"},\"breadcrumb\":{\"@id\":\"https:\\\/\\\/www.gruporecoletas.com\\\/noticias\\\/el-hospital-recoletas-salud-burgos-renueva-y-moderniza-el-area-de-hospitalizacion\\\/#breadcrumb\"},\"inLanguage\":\"es\",\"potentialAction\":[{\"@type\":\"ReadAction\",\"target\":[\"https:\\\/\\\/www.gruporecoletas.com\\\/noticias\\\/el-hospital-recoletas-salud-burgos-renueva-y-moderniza-el-area-de-hospitalizacion\\\/\"]}]},{\"@type\":\"ImageObject\",\"inLanguage\":\"es\",\"@id\":\"https:\\\/\\\/www.gruporecoletas.com\\\/noticias\\\/el-hospital-recoletas-salud-burgos-renueva-y-moderniza-el-area-de-hospitalizacion\\\/#primaryimage\",\"url\":\"https:\\\/\\\/www.gruporecoletas.com\\\/noticias\\\/wp-content\\\/uploads\\\/2024\\\/07\\\/El-Hospital-Recoletas-Salud-renueva-y-moderniza-el-area-de-hospitalizacion.png\",\"contentUrl\":\"https:\\\/\\\/www.gruporecoletas.com\\\/noticias\\\/wp-content\\\/uploads\\\/2024\\\/07\\\/El-Hospital-Recoletas-Salud-renueva-y-moderniza-el-area-de-hospitalizacion.png\",\"width\":1366,\"height\":768,\"caption\":\"El Hospital Recoletas Salud renueva y moderniza el \u00e1rea de hospitalizaci\u00f3n\"},{\"@type\":\"BreadcrumbList\",\"@id\":\"https:\\\/\\\/www.gruporecoletas.com\\\/noticias\\\/el-hospital-recoletas-salud-burgos-renueva-y-moderniza-el-area-de-hospitalizacion\\\/#breadcrumb\",\"itemListElement\":[{\"@type\":\"ListItem\",\"position\":1,\"name\":\"Portada\",\"item\":\"https:\\\/\\\/www.gruporecoletas.com\\\/noticias\\\/\"},{\"@type\":\"ListItem\",\"position\":2,\"name\":\"El Hospital Recoletas Salud Burgos renueva y moderniza el \u00e1rea de hospitalizaci\u00f3n\"}]},{\"@type\":\"WebSite\",\"@id\":\"https:\\\/\\\/www.gruporecoletas.com\\\/noticias\\\/#website\",\"url\":\"https:\\\/\\\/www.gruporecoletas.com\\\/noticias\\\/\",\"name\":\"Noticias Grupo Recoletas\",\"description\":\"Grupo Recoletas\",\"potentialAction\":[{\"@type\":\"SearchAction\",\"target\":{\"@type\":\"EntryPoint\",\"urlTemplate\":\"https:\\\/\\\/www.gruporecoletas.com\\\/noticias\\\/?s={search_term_string}\"},\"query-input\":{\"@type\":\"PropertyValueSpecification\",\"valueRequired\":true,\"valueName\":\"search_term_string\"}}],\"inLanguage\":\"es\"},{\"@type\":\"Person\",\"@id\":\"https:\\\/\\\/www.gruporecoletas.com\\\/noticias\\\/#\\\/schema\\\/person\\\/3c6ac429828d1f5e3d3bd99f4da9b02c\",\"name\":\"Recoletas Red Hospitalaria\",\"url\":\"https:\\\/\\\/www.gruporecoletas.com\\\/noticias\\\/author\\\/comunicacion\\\/\"}]}<\/script>\n<!-- \/ Yoast SEO Premium plugin. -->","yoast_head_json":{"title":"El Hospital Recoletas Salud Burgos renueva y moderniza el \u00e1rea de hospitalizaci\u00f3n - Noticias Grupo Recoletas","robots":{"index":"index","follow":"follow","max-snippet":"max-snippet:-1","max-image-preview":"max-image-preview:large","max-video-preview":"max-video-preview:-1"},"canonical":"https:\/\/www.gruporecoletas.com\/noticias\/el-hospital-recoletas-salud-burgos-renueva-y-moderniza-el-area-de-hospitalizacion\/","og_locale":"es_ES","og_type":"article","og_title":"El Hospital Recoletas Salud Burgos renueva y moderniza el \u00e1rea de hospitalizaci\u00f3n","og_description":"Todas las habitaciones de la segunda planta del Hospital est\u00e1n siendo renovadas por completo. Ganando espacio y con un nuevo sistema de climatizaci\u00f3n para garantizar la mayor comodidad de los pacientes ingresados. Contar\u00e1 con un nuevo sistema de control asistencial. Recoletas Salud Burgos contin\u00faa renovando y creando servicios y espacios con el fin de proporcionar [&hellip;]","og_url":"https:\/\/www.gruporecoletas.com\/noticias\/el-hospital-recoletas-salud-burgos-renueva-y-moderniza-el-area-de-hospitalizacion\/","og_site_name":"Noticias Grupo Recoletas","article_publisher":"https:\/\/www.facebook.com\/GrupoRecoletas\/","article_published_time":"2024-07-31T10:11:14+00:00","article_modified_time":"2024-07-31T10:11:16+00:00","og_image":[{"width":1366,"height":768,"url":"https:\/\/www.gruporecoletas.com\/noticias\/wp-content\/uploads\/2024\/07\/El-Hospital-Recoletas-Salud-renueva-y-moderniza-el-area-de-hospitalizacion.png","type":"image\/png"}],"author":"Recoletas Red Hospitalaria","twitter_card":"summary_large_image","twitter_creator":"@GrupoRecoletas","twitter_site":"@GrupoRecoletas","twitter_misc":{"Escrito por":"Recoletas Red Hospitalaria","Tiempo de lectura":"1 minuto"},"schema":{"@context":"https:\/\/schema.org","@graph":[{"@type":"Article","@id":"https:\/\/www.gruporecoletas.com\/noticias\/el-hospital-recoletas-salud-burgos-renueva-y-moderniza-el-area-de-hospitalizacion\/#article","isPartOf":{"@id":"https:\/\/www.gruporecoletas.com\/noticias\/el-hospital-recoletas-salud-burgos-renueva-y-moderniza-el-area-de-hospitalizacion\/"},"author":{"name":"Recoletas Red Hospitalaria","@id":"https:\/\/www.gruporecoletas.com\/noticias\/#\/schema\/person\/3c6ac429828d1f5e3d3bd99f4da9b02c"},"headline":"El Hospital Recoletas Salud Burgos renueva y moderniza el \u00e1rea de hospitalizaci\u00f3n","datePublished":"2024-07-31T10:11:14+00:00","dateModified":"2024-07-31T10:11:16+00:00","mainEntityOfPage":{"@id":"https:\/\/www.gruporecoletas.com\/noticias\/el-hospital-recoletas-salud-burgos-renueva-y-moderniza-el-area-de-hospitalizacion\/"},"wordCount":250,"image":{"@id":"https:\/\/www.gruporecoletas.com\/noticias\/el-hospital-recoletas-salud-burgos-renueva-y-moderniza-el-area-de-hospitalizacion\/#primaryimage"},"thumbnailUrl":"https:\/\/www.gruporecoletas.com\/noticias\/wp-content\/uploads\/2024\/07\/El-Hospital-Recoletas-Salud-renueva-y-moderniza-el-area-de-hospitalizacion.png","keywords":["Hospital Recoletas Burgos","Recoletas Salud"],"articleSection":["Burgos","HRBU","Recoletas Salud"],"inLanguage":"es"},{"@type":"WebPage","@id":"https:\/\/www.gruporecoletas.com\/noticias\/el-hospital-recoletas-salud-burgos-renueva-y-moderniza-el-area-de-hospitalizacion\/","url":"https:\/\/www.gruporecoletas.com\/noticias\/el-hospital-recoletas-salud-burgos-renueva-y-moderniza-el-area-de-hospitalizacion\/","name":"El Hospital Recoletas Salud Burgos renueva y moderniza el \u00e1rea de hospitalizaci\u00f3n - Noticias Grupo Recoletas","isPartOf":{"@id":"https:\/\/www.gruporecoletas.com\/noticias\/#website"},"primaryImageOfPage":{"@id":"https:\/\/www.gruporecoletas.com\/noticias\/el-hospital-recoletas-salud-burgos-renueva-y-moderniza-el-area-de-hospitalizacion\/#primaryimage"},"image":{"@id":"https:\/\/www.gruporecoletas.com\/noticias\/el-hospital-recoletas-salud-burgos-renueva-y-moderniza-el-area-de-hospitalizacion\/#primaryimage"},"thumbnailUrl":"https:\/\/www.gruporecoletas.com\/noticias\/wp-content\/uploads\/2024\/07\/El-Hospital-Recoletas-Salud-renueva-y-moderniza-el-area-de-hospitalizacion.png","datePublished":"2024-07-31T10:11:14+00:00","dateModified":"2024-07-31T10:11:16+00:00","author":{"@id":"https:\/\/www.gruporecoletas.com\/noticias\/#\/schema\/person\/3c6ac429828d1f5e3d3bd99f4da9b02c"},"breadcrumb":{"@id":"https:\/\/www.gruporecoletas.com\/noticias\/el-hospital-recoletas-salud-burgos-renueva-y-moderniza-el-area-de-hospitalizacion\/#breadcrumb"},"inLanguage":"es","potentialAction":[{"@type":"ReadAction","target":["https:\/\/www.gruporecoletas.com\/noticias\/el-hospital-recoletas-salud-burgos-renueva-y-moderniza-el-area-de-hospitalizacion\/"]}]},{"@type":"ImageObject","inLanguage":"es","@id":"https:\/\/www.gruporecoletas.com\/noticias\/el-hospital-recoletas-salud-burgos-renueva-y-moderniza-el-area-de-hospitalizacion\/#primaryimage","url":"https:\/\/www.gruporecoletas.com\/noticias\/wp-content\/uploads\/2024\/07\/El-Hospital-Recoletas-Salud-renueva-y-moderniza-el-area-de-hospitalizacion.png","contentUrl":"https:\/\/www.gruporecoletas.com\/noticias\/wp-content\/uploads\/2024\/07\/El-Hospital-Recoletas-Salud-renueva-y-moderniza-el-area-de-hospitalizacion.png","width":1366,"height":768,"caption":"El Hospital Recoletas Salud renueva y moderniza el \u00e1rea de hospitalizaci\u00f3n"},{"@type":"BreadcrumbList","@id":"https:\/\/www.gruporecoletas.com\/noticias\/el-hospital-recoletas-salud-burgos-renueva-y-moderniza-el-area-de-hospitalizacion\/#breadcrumb","itemListElement":[{"@type":"ListItem","position":1,"name":"Portada","item":"https:\/\/www.gruporecoletas.com\/noticias\/"},{"@type":"ListItem","position":2,"name":"El Hospital Recoletas Salud Burgos renueva y moderniza el \u00e1rea de hospitalizaci\u00f3n"}]},{"@type":"WebSite","@id":"https:\/\/www.gruporecoletas.com\/noticias\/#website","url":"https:\/\/www.gruporecoletas.com\/noticias\/","name":"Noticias Grupo Recoletas","description":"Grupo Recoletas","potentialAction":[{"@type":"SearchAction","target":{"@type":"EntryPoint","urlTemplate":"https:\/\/www.gruporecoletas.com\/noticias\/?s={search_term_string}"},"query-input":{"@type":"PropertyValueSpecification","valueRequired":true,"valueName":"search_term_string"}}],"inLanguage":"es"},{"@type":"Person","@id":"https:\/\/www.gruporecoletas.com\/noticias\/#\/schema\/person\/3c6ac429828d1f5e3d3bd99f4da9b02c","name":"Recoletas Red Hospitalaria","url":"https:\/\/www.gruporecoletas.com\/noticias\/author\/comunicacion\/"}]}},"_links":{"self":[{"href":"https:\/\/www.gruporecoletas.com\/noticias\/wp-json\/wp\/v2\/posts\/16477","targetHints":{"allow":["GET"]}}],"collection":[{"href":"https:\/\/www.gruporecoletas.com\/noticias\/wp-json\/wp\/v2\/posts"}],"about":[{"href":"https:\/\/www.gruporecoletas.com\/noticias\/wp-json\/wp\/v2\/types\/post"}],"author":[{"embeddable":true,"href":"https:\/\/www.gruporecoletas.com\/noticias\/wp-json\/wp\/v2\/users\/2"}],"replies":[{"embeddable":true,"href":"https:\/\/www.gruporecoletas.com\/noticias\/wp-json\/wp\/v2\/comments?post=16477"}],"version-history":[{"count":1,"href":"https:\/\/www.gruporecoletas.com\/noticias\/wp-json\/wp\/v2\/posts\/16477\/revisions"}],"predecessor-version":[{"id":16479,"href":"https:\/\/www.gruporecoletas.com\/noticias\/wp-json\/wp\/v2\/posts\/16477\/revisions\/16479"}],"wp:featuredmedia":[{"embeddable":true,"href":"https:\/\/www.gruporecoletas.com\/noticias\/wp-json\/wp\/v2\/media\/16478"}],"wp:attachment":[{"href":"https:\/\/www.gruporecoletas.com\/noticias\/wp-json\/wp\/v2\/media?parent=16477"}],"wp:term":[{"taxonomy":"category","embeddable":true,"href":"https:\/\/www.gruporecoletas.com\/noticias\/wp-json\/wp\/v2\/categories?post=16477"},{"taxonomy":"post_tag","embeddable":true,"href":"https:\/\/www.gruporecoletas.com\/noticias\/wp-json\/wp\/v2\/tags?post=16477"}],"curies":[{"name":"wp","href":"https:\/\/api.w.org\/{rel}","templated":true}]}}