{"id":16487,"date":"2024-09-12T10:00:00","date_gmt":"2024-09-12T08:00:00","guid":{"rendered":"https:\/\/www.gruporecoletas.com\/noticias\/?p=16487"},"modified":"2024-09-13T08:35:04","modified_gmt":"2024-09-13T06:35:04","slug":"recoletas-salud-inaugura-lomas-un-espacio-unico-de-dermatologia-y-medicina-estetica-integral","status":"publish","type":"post","link":"https:\/\/www.gruporecoletas.com\/noticias\/recoletas-salud-inaugura-lomas-un-espacio-unico-de-dermatologia-y-medicina-estetica-integral\/","title":{"rendered":"Recoletas Salud inaugura LoM\u00e1s, un espacio \u00fanico de dermatolog\u00eda y medicina est\u00e9tica integral"},"content":{"rendered":"\n<p>LoM\u00e1s, Dermatolog\u00eda y Medicina Est\u00e9tica Integral, Recoletas Salud\u00a0es un espacio orientado a la b\u00fasqueda de la\u00a0felicidad personal\u00a0en el \u00e1mbito de la\u00a0salud\u00a0y\u00a0bienestar, generando un nuevo concepto de\u00a0Medicina Integrativa de Salud 360\u00ba\u00a0para ayudar a los pacientes a conseguir su mejor versi\u00f3n.<\/p>\n\n\n\n<p>La Medicina Integrativa 360 es un m\u00e9todo en el que interact\u00faan de forma conjunta y coordinada las diferentes especialidades y subespecialidades m\u00e9dicas y asistenciales de la cl\u00ednica, obteniendo una visi\u00f3n global que nos permite acometer de forma integral y personalizada las necesidades de salud de nuestros pacientes, de lo interno a lo externo, a corto plazo y de forma sostenible en el tiempo.<\/p>\n\n\n\n<h4 class=\"wp-block-heading\"><strong>CARTERA DE SERVICIOS<\/strong><\/h4>\n\n\n\n<p>LoM\u00e1s cuenta en su cartera de servicios con las especialidades de Dermatolog\u00eda, Medicina Est\u00e9tica, Cirug\u00eda Pl\u00e1stica Est\u00e9tica y Reparadora, Cirug\u00eda Vascular, Ginecolog\u00eda Est\u00e9tica, Oculopl\u00e1stica, ORL est\u00e9tica, Alergolog\u00eda, Endocrinolog\u00eda, Nutrici\u00f3n, Anatom\u00eda Patol\u00f3gica y Psicolog\u00eda y salud emocional. Un total de 12 especialidades que se unen a unidades espec\u00edficas adicionales como tricolog\u00eda dermatol\u00f3gica y trasplante capilar, medicina regenerativa y antienvejecimiento, medicina est\u00e9tica oncol\u00f3gica y microbiota y salud Intestinal.<\/p>\n\n\n\n<h4 class=\"wp-block-heading\"><strong>PROGRAMAS<\/strong><\/h4>\n\n\n\n<p>En base al concepto de medicina de salud 360, se ofrecen 6 programas de salud, con un enfoque completo e integral combinando los \u00faltimos avances m\u00e9dicos: antienvejecimiento y bienestar; salud capilar; evento \/ pre boda; post parto; bienestar \/ menopausia y optimizaci\u00f3n de la composici\u00f3n corporal.<\/p>\n\n\n\n<h4 class=\"wp-block-heading\"><strong>EQUIPO HUMANO<\/strong><\/h4>\n\n\n\n<p>LoM\u00e1s cuenta con un equipo de m\u00e1s de 70 profesionales de los cuales 30 son m\u00e9dicos, especialistas de referencia nacional de las 12 especialidades m\u00e9dicas, que trabajaran conjuntamente en sesiones cl\u00ednicas bajo el paraguas de medicina integrativa en la b\u00fasqueda de la soluci\u00f3n integral y personalizada para cada paciente.<\/p>\n\n\n\n<h4 class=\"wp-block-heading\"><strong>TECNOLOG\u00cdA DE VANGUARDIA<\/strong><\/h4>\n\n\n\n<p>LoM\u00e1s dispone de la aparatolog\u00eda, tanto a nivel facial como corporal, m\u00e1s demandada en el sector de la dermatolog\u00eda y la medicina est\u00e9tica integral para ofrecer a los pacientes los tratamientos personalizados, m\u00e1s efectivos y menos invasivos, permitiendo un retorno inmediato a su rutina diaria.<\/p>\n\n\n\n<p>En dermatolog\u00eda: <strong>Fotofinder<\/strong>, <strong>l\u00e1ser CO2 Ultrapulse Alpha<\/strong> para eliminar y tratar lesiones cut\u00e1neas, rejuvenecimiento cut\u00e1neo y correcci\u00f3n de imperfecciones de la piel, <strong>l\u00e1ser Picosegundo Discovery Variopulse<\/strong> &nbsp;para rejuvenecimiento de la piel y la eliminaci\u00f3n de manchas o imperfecciones, <strong>l\u00e1ser Quanta Suprema<\/strong> que combina las tecnolog\u00edas Nd Yag, Alejandrita y KTP en un solo sistema, para tratar lesiones vasculares,&nbsp; <strong>IPL Nordlys<\/strong> para la reducci\u00f3n de manchas solares, rojeces y acn\u00e9, tratamiento de venas visibles y la estimulaci\u00f3n del col\u00e1geno&nbsp; y Energ\u00eda electromagn\u00e9tica <strong>Miradray<\/strong> para el tratamiento del exceso de sudoraci\u00f3n de las axilas y el posible mal olor asociado.<\/p>\n\n\n\n<p>En medicina est\u00e9tica facial: <strong>Visia<\/strong>, <strong>Carboxiterapia Dioxage, Terapia fotobiodin\u00e1mica, Hydrafacial<\/strong>, el l\u00e1ser fraccionado de diodo <strong>Clear &amp; Brilliant<\/strong>, radiofrecuencia <strong>Thermage<\/strong>, <strong>Indiba<\/strong>, ultrasonidos focalizados de alta intensidad (HIFU) <strong>Ultraformer MPT<\/strong> para estimular la producci\u00f3n de col\u00e1geno, mejorar la elasticidad de la piel y reducir la flacidez.<\/p>\n\n\n\n<p>En medicina est\u00e9tica corporal: <strong>Emsculp Neo<\/strong>, un sistema de radiofrecuencia y pulsos electromagn\u00e9ticos que elimina la grasa no deseada, construye m\u00fasculo y mejora la definici\u00f3n corporal.<\/p>\n\n\n\n<p>En cirug\u00eda pl\u00e1stica: <strong>Vaser Lipo <\/strong>que descompone selectivamente las c\u00e9lulas de grasa sin da\u00f1ar los tejidos circundantes para generar la escultura corporal deseada <strong>y Renuvion<\/strong> que combina la tecnolog\u00eda de plasma de helio con la radiofrecuencia (RF) para rejuvenecer y tensar la piel de manera no invasiva.<\/p>\n\n\n\n<p>En <strong>ginecolog\u00eda est\u00e9tica<\/strong>: l\u00e1ser CO2 y radiofrecuencia <strong>Fraxis Duo, Gynolaser<\/strong> y <strong>Emsella<\/strong> un innovador dispositivo m\u00e9dico dise\u00f1ado para fortalecer y tonificar los m\u00fasculos del suelo p\u00e9lvico de manera no invasiva.<\/p>\n\n\n\n<p>En <strong>endocrinolog\u00eda y nutrici\u00f3n<\/strong>: Inbody 770, analizador de la composici\u00f3n corporal<\/p>\n\n\n\n<h4 class=\"wp-block-heading\"><strong>LABORATORIO DE ANATOM\u00cdA PATOL\u00d3GICA<\/strong><\/h4>\n\n\n\n<p>Se cuenta tambi\u00e9n con un laboratorio de anatom\u00eda patol\u00f3gica que dispone de todas las&nbsp;t\u00e9cnicas complementarias&nbsp;que garantizan un diagn\u00f3stico r\u00e1pido y preciso de la pr\u00e1ctica totalidad de la patolog\u00eda cut\u00e1nea tumoral y no tumoral, como son la&nbsp;inmunohistoqu\u00edmica&nbsp;y la&nbsp;inmunofluorescencia directa, con un amplio panel de anticuerpos.<\/p>\n\n\n\n<h4 class=\"wp-block-heading\"><strong>DISTRIBUCI\u00d3N DEL ESPACIO<\/strong><\/h4>\n\n\n\n<p>La cl\u00ednica cuenta con 9.000 metros cuadrados distribuidos en 14 consultas, 9 boxes, 2 quir\u00f3fanos, 2 salas limpias y 26 salas de espera individualizadas para garantizar as\u00ed la intimidad de los pacientes. Cuenta con un aparcamiento gratuito con una capacidad de 150 plazas.<\/p>\n\n\n\n<p>El Ecosistema LoM\u00e1s tiene tambi\u00e9n un \u201c<strong>AULA EXPERIENCE\u201d<\/strong>, que nace como un punto de encuentro y convergencia entre la industria sanitaria y los profesionales para gestionar la actividad formativa, desarrollar productos o realizar investigaciones. Un enclave orientado a la formaci\u00f3n y mejora continua de los profesionales sanitarios, que adem\u00e1s tiene la vocaci\u00f3n de estar en permanente comunicaci\u00f3n con la sociedad para fomentar la educaci\u00f3n en materia sanitaria de la poblaci\u00f3n, mediante la celebraci\u00f3n de talleres, eventos y presentaciones.<\/p>\n\n\n\n<p><strong>LO+ BAR, <\/strong>se integra dentro del ecosistema de LoM\u00e1s, y es un espacio \u00fanico, con entrada independiente a la cl\u00ednica, al que se puede acceder sin ser paciente para disfrutar de comida sana y saludable.<\/p>\n\n\n\n<p>Por \u00faltimo, <strong>LO+ BOUTIQUE DE LA PIEL<\/strong> ofrece una amplia gama de productos cosm\u00e9ticos de alta calidad y servicios de asesor\u00eda cosm\u00e9tica para cuidar la piel de la mejor manera posible.<\/p>\n","protected":false},"excerpt":{"rendered":"<p>LoM\u00e1s, Dermatolog\u00eda y Medicina Est\u00e9tica Integral, Recoletas Salud\u00a0es un espacio orientado a la b\u00fasqueda de la\u00a0felicidad personal\u00a0en el \u00e1mbito de la\u00a0salud\u00a0y\u00a0bienestar, generando un nuevo concepto de\u00a0Medicina Integrativa de Salud 360\u00ba\u00a0para ayudar a los pacientes a conseguir su mejor versi\u00f3n. La Medicina Integrativa 360 es un m\u00e9todo en el que interact\u00faan de forma conjunta y coordinada [&hellip;]<\/p>\n","protected":false},"author":2,"featured_media":16488,"comment_status":"closed","ping_status":"closed","sticky":false,"template":"","format":"standard","meta":{"_acf_changed":false,"footnotes":""},"categories":[43,1,9,4],"tags":[884,3424,3425,1113],"class_list":["post-16487","post","type-post","status-publish","format-standard","has-post-thumbnail","hentry","category-centros","category-grupo-recoletas","category-publicaciones","category-valladolid","tag-dermatologia","tag-inauguracion","tag-lomas","tag-medicina-estetica"],"acf":[],"yoast_head":"<!-- This site is optimized with the Yoast SEO Premium plugin v27.3 (Yoast SEO v27.3) - https:\/\/yoast.com\/product\/yoast-seo-premium-wordpress\/ -->\n<title>Recoletas Salud inaugura LoM\u00e1s, un espacio \u00fanico de dermatolog\u00eda y medicina est\u00e9tica integral - Noticias Grupo Recoletas<\/title>\n<meta name=\"description\" content=\"Un centro orientado a la b\u00fasqueda de la\u00a0felicidad personal\u00a0en el \u00e1mbito de la\u00a0salud\u00a0y\u00a0el bienestar, generando un nuevo concepto de\u00a0medicina Integrativa\" \/>\n<meta name=\"robots\" content=\"index, follow, max-snippet:-1, max-image-preview:large, max-video-preview:-1\" \/>\n<link rel=\"canonical\" href=\"https:\/\/www.gruporecoletas.com\/noticias\/recoletas-salud-inaugura-lomas-un-espacio-unico-de-dermatologia-y-medicina-estetica-integral\/\" \/>\n<meta property=\"og:locale\" content=\"es_ES\" \/>\n<meta property=\"og:type\" content=\"article\" \/>\n<meta property=\"og:title\" content=\"Recoletas Salud inaugura LoM\u00e1s, un espacio \u00fanico de dermatolog\u00eda y medicina est\u00e9tica integral\" \/>\n<meta property=\"og:description\" content=\"Un centro orientado a la b\u00fasqueda de la\u00a0felicidad personal\u00a0en el \u00e1mbito de la\u00a0salud\u00a0y\u00a0el bienestar, generando un nuevo concepto de\u00a0medicina Integrativa\" \/>\n<meta property=\"og:url\" content=\"https:\/\/www.gruporecoletas.com\/noticias\/recoletas-salud-inaugura-lomas-un-espacio-unico-de-dermatologia-y-medicina-estetica-integral\/\" \/>\n<meta property=\"og:site_name\" content=\"Noticias Grupo Recoletas\" \/>\n<meta property=\"article:publisher\" content=\"https:\/\/www.facebook.com\/GrupoRecoletas\/\" \/>\n<meta property=\"article:published_time\" content=\"2024-09-12T08:00:00+00:00\" \/>\n<meta property=\"article:modified_time\" content=\"2024-09-13T06:35:04+00:00\" \/>\n<meta property=\"og:image\" content=\"https:\/\/www.gruporecoletas.com\/noticias\/wp-content\/uploads\/2024\/09\/LOMAS-RECOLETAS-SALUD.png\" \/>\n\t<meta property=\"og:image:width\" content=\"1366\" \/>\n\t<meta property=\"og:image:height\" content=\"768\" \/>\n\t<meta property=\"og:image:type\" content=\"image\/png\" \/>\n<meta name=\"author\" content=\"Recoletas Red Hospitalaria\" \/>\n<meta name=\"twitter:card\" content=\"summary_large_image\" \/>\n<meta name=\"twitter:creator\" content=\"@GrupoRecoletas\" \/>\n<meta name=\"twitter:site\" content=\"@GrupoRecoletas\" \/>\n<meta name=\"twitter:label1\" content=\"Escrito por\" \/>\n\t<meta name=\"twitter:data1\" content=\"Recoletas Red Hospitalaria\" \/>\n\t<meta name=\"twitter:label2\" content=\"Tiempo de lectura\" \/>\n\t<meta name=\"twitter:data2\" content=\"5 minutos\" \/>\n<script type=\"application\/ld+json\" class=\"yoast-schema-graph\">{\"@context\":\"https:\\\/\\\/schema.org\",\"@graph\":[{\"@type\":\"Article\",\"@id\":\"https:\\\/\\\/www.gruporecoletas.com\\\/noticias\\\/recoletas-salud-inaugura-lomas-un-espacio-unico-de-dermatologia-y-medicina-estetica-integral\\\/#article\",\"isPartOf\":{\"@id\":\"https:\\\/\\\/www.gruporecoletas.com\\\/noticias\\\/recoletas-salud-inaugura-lomas-un-espacio-unico-de-dermatologia-y-medicina-estetica-integral\\\/\"},\"author\":{\"name\":\"Recoletas Red Hospitalaria\",\"@id\":\"https:\\\/\\\/www.gruporecoletas.com\\\/noticias\\\/#\\\/schema\\\/person\\\/3c6ac429828d1f5e3d3bd99f4da9b02c\"},\"headline\":\"Recoletas Salud inaugura LoM\u00e1s, un espacio \u00fanico de dermatolog\u00eda y medicina est\u00e9tica integral\",\"datePublished\":\"2024-09-12T08:00:00+00:00\",\"dateModified\":\"2024-09-13T06:35:04+00:00\",\"mainEntityOfPage\":{\"@id\":\"https:\\\/\\\/www.gruporecoletas.com\\\/noticias\\\/recoletas-salud-inaugura-lomas-un-espacio-unico-de-dermatologia-y-medicina-estetica-integral\\\/\"},\"wordCount\":948,\"image\":{\"@id\":\"https:\\\/\\\/www.gruporecoletas.com\\\/noticias\\\/recoletas-salud-inaugura-lomas-un-espacio-unico-de-dermatologia-y-medicina-estetica-integral\\\/#primaryimage\"},\"thumbnailUrl\":\"https:\\\/\\\/www.gruporecoletas.com\\\/noticias\\\/wp-content\\\/uploads\\\/2024\\\/09\\\/LOMAS-RECOLETAS-SALUD.png\",\"keywords\":[\"Dermatolog\u00eda\",\"INAUGURACI\u00d3N\",\"LOM\u00c1S\",\"Medicina Est\u00e9tica\"],\"articleSection\":[\"Centros\",\"Grupo Recoletas\",\"Publicaciones\",\"Valladolid\"],\"inLanguage\":\"es\"},{\"@type\":\"WebPage\",\"@id\":\"https:\\\/\\\/www.gruporecoletas.com\\\/noticias\\\/recoletas-salud-inaugura-lomas-un-espacio-unico-de-dermatologia-y-medicina-estetica-integral\\\/\",\"url\":\"https:\\\/\\\/www.gruporecoletas.com\\\/noticias\\\/recoletas-salud-inaugura-lomas-un-espacio-unico-de-dermatologia-y-medicina-estetica-integral\\\/\",\"name\":\"Recoletas Salud inaugura LoM\u00e1s, un espacio \u00fanico de dermatolog\u00eda y medicina est\u00e9tica integral - Noticias Grupo Recoletas\",\"isPartOf\":{\"@id\":\"https:\\\/\\\/www.gruporecoletas.com\\\/noticias\\\/#website\"},\"primaryImageOfPage\":{\"@id\":\"https:\\\/\\\/www.gruporecoletas.com\\\/noticias\\\/recoletas-salud-inaugura-lomas-un-espacio-unico-de-dermatologia-y-medicina-estetica-integral\\\/#primaryimage\"},\"image\":{\"@id\":\"https:\\\/\\\/www.gruporecoletas.com\\\/noticias\\\/recoletas-salud-inaugura-lomas-un-espacio-unico-de-dermatologia-y-medicina-estetica-integral\\\/#primaryimage\"},\"thumbnailUrl\":\"https:\\\/\\\/www.gruporecoletas.com\\\/noticias\\\/wp-content\\\/uploads\\\/2024\\\/09\\\/LOMAS-RECOLETAS-SALUD.png\",\"datePublished\":\"2024-09-12T08:00:00+00:00\",\"dateModified\":\"2024-09-13T06:35:04+00:00\",\"author\":{\"@id\":\"https:\\\/\\\/www.gruporecoletas.com\\\/noticias\\\/#\\\/schema\\\/person\\\/3c6ac429828d1f5e3d3bd99f4da9b02c\"},\"description\":\"Un centro orientado a la b\u00fasqueda de la\u00a0felicidad personal\u00a0en el \u00e1mbito de la\u00a0salud\u00a0y\u00a0el bienestar, generando un nuevo concepto de\u00a0medicina Integrativa\",\"breadcrumb\":{\"@id\":\"https:\\\/\\\/www.gruporecoletas.com\\\/noticias\\\/recoletas-salud-inaugura-lomas-un-espacio-unico-de-dermatologia-y-medicina-estetica-integral\\\/#breadcrumb\"},\"inLanguage\":\"es\",\"potentialAction\":[{\"@type\":\"ReadAction\",\"target\":[\"https:\\\/\\\/www.gruporecoletas.com\\\/noticias\\\/recoletas-salud-inaugura-lomas-un-espacio-unico-de-dermatologia-y-medicina-estetica-integral\\\/\"]}]},{\"@type\":\"ImageObject\",\"inLanguage\":\"es\",\"@id\":\"https:\\\/\\\/www.gruporecoletas.com\\\/noticias\\\/recoletas-salud-inaugura-lomas-un-espacio-unico-de-dermatologia-y-medicina-estetica-integral\\\/#primaryimage\",\"url\":\"https:\\\/\\\/www.gruporecoletas.com\\\/noticias\\\/wp-content\\\/uploads\\\/2024\\\/09\\\/LOMAS-RECOLETAS-SALUD.png\",\"contentUrl\":\"https:\\\/\\\/www.gruporecoletas.com\\\/noticias\\\/wp-content\\\/uploads\\\/2024\\\/09\\\/LOMAS-RECOLETAS-SALUD.png\",\"width\":1366,\"height\":768,\"caption\":\"Recoletas Salud inaugura LoM\u00e1s, un espacio \u00fanico de dermatolog\u00eda y medicina est\u00e9tica integral\"},{\"@type\":\"BreadcrumbList\",\"@id\":\"https:\\\/\\\/www.gruporecoletas.com\\\/noticias\\\/recoletas-salud-inaugura-lomas-un-espacio-unico-de-dermatologia-y-medicina-estetica-integral\\\/#breadcrumb\",\"itemListElement\":[{\"@type\":\"ListItem\",\"position\":1,\"name\":\"Portada\",\"item\":\"https:\\\/\\\/www.gruporecoletas.com\\\/noticias\\\/\"},{\"@type\":\"ListItem\",\"position\":2,\"name\":\"Recoletas Salud inaugura LoM\u00e1s, un espacio \u00fanico de dermatolog\u00eda y medicina est\u00e9tica integral\"}]},{\"@type\":\"WebSite\",\"@id\":\"https:\\\/\\\/www.gruporecoletas.com\\\/noticias\\\/#website\",\"url\":\"https:\\\/\\\/www.gruporecoletas.com\\\/noticias\\\/\",\"name\":\"Noticias Grupo Recoletas\",\"description\":\"Grupo Recoletas\",\"potentialAction\":[{\"@type\":\"SearchAction\",\"target\":{\"@type\":\"EntryPoint\",\"urlTemplate\":\"https:\\\/\\\/www.gruporecoletas.com\\\/noticias\\\/?s={search_term_string}\"},\"query-input\":{\"@type\":\"PropertyValueSpecification\",\"valueRequired\":true,\"valueName\":\"search_term_string\"}}],\"inLanguage\":\"es\"},{\"@type\":\"Person\",\"@id\":\"https:\\\/\\\/www.gruporecoletas.com\\\/noticias\\\/#\\\/schema\\\/person\\\/3c6ac429828d1f5e3d3bd99f4da9b02c\",\"name\":\"Recoletas Red Hospitalaria\",\"url\":\"https:\\\/\\\/www.gruporecoletas.com\\\/noticias\\\/author\\\/comunicacion\\\/\"}]}<\/script>\n<!-- \/ Yoast SEO Premium plugin. -->","yoast_head_json":{"title":"Recoletas Salud inaugura LoM\u00e1s, un espacio \u00fanico de dermatolog\u00eda y medicina est\u00e9tica integral - Noticias Grupo Recoletas","description":"Un centro orientado a la b\u00fasqueda de la\u00a0felicidad personal\u00a0en el \u00e1mbito de la\u00a0salud\u00a0y\u00a0el bienestar, generando un nuevo concepto de\u00a0medicina Integrativa","robots":{"index":"index","follow":"follow","max-snippet":"max-snippet:-1","max-image-preview":"max-image-preview:large","max-video-preview":"max-video-preview:-1"},"canonical":"https:\/\/www.gruporecoletas.com\/noticias\/recoletas-salud-inaugura-lomas-un-espacio-unico-de-dermatologia-y-medicina-estetica-integral\/","og_locale":"es_ES","og_type":"article","og_title":"Recoletas Salud inaugura LoM\u00e1s, un espacio \u00fanico de dermatolog\u00eda y medicina est\u00e9tica integral","og_description":"Un centro orientado a la b\u00fasqueda de la\u00a0felicidad personal\u00a0en el \u00e1mbito de la\u00a0salud\u00a0y\u00a0el bienestar, generando un nuevo concepto de\u00a0medicina Integrativa","og_url":"https:\/\/www.gruporecoletas.com\/noticias\/recoletas-salud-inaugura-lomas-un-espacio-unico-de-dermatologia-y-medicina-estetica-integral\/","og_site_name":"Noticias Grupo Recoletas","article_publisher":"https:\/\/www.facebook.com\/GrupoRecoletas\/","article_published_time":"2024-09-12T08:00:00+00:00","article_modified_time":"2024-09-13T06:35:04+00:00","og_image":[{"width":1366,"height":768,"url":"https:\/\/www.gruporecoletas.com\/noticias\/wp-content\/uploads\/2024\/09\/LOMAS-RECOLETAS-SALUD.png","type":"image\/png"}],"author":"Recoletas Red Hospitalaria","twitter_card":"summary_large_image","twitter_creator":"@GrupoRecoletas","twitter_site":"@GrupoRecoletas","twitter_misc":{"Escrito por":"Recoletas Red Hospitalaria","Tiempo de lectura":"5 minutos"},"schema":{"@context":"https:\/\/schema.org","@graph":[{"@type":"Article","@id":"https:\/\/www.gruporecoletas.com\/noticias\/recoletas-salud-inaugura-lomas-un-espacio-unico-de-dermatologia-y-medicina-estetica-integral\/#article","isPartOf":{"@id":"https:\/\/www.gruporecoletas.com\/noticias\/recoletas-salud-inaugura-lomas-un-espacio-unico-de-dermatologia-y-medicina-estetica-integral\/"},"author":{"name":"Recoletas Red Hospitalaria","@id":"https:\/\/www.gruporecoletas.com\/noticias\/#\/schema\/person\/3c6ac429828d1f5e3d3bd99f4da9b02c"},"headline":"Recoletas Salud inaugura LoM\u00e1s, un espacio \u00fanico de dermatolog\u00eda y medicina est\u00e9tica integral","datePublished":"2024-09-12T08:00:00+00:00","dateModified":"2024-09-13T06:35:04+00:00","mainEntityOfPage":{"@id":"https:\/\/www.gruporecoletas.com\/noticias\/recoletas-salud-inaugura-lomas-un-espacio-unico-de-dermatologia-y-medicina-estetica-integral\/"},"wordCount":948,"image":{"@id":"https:\/\/www.gruporecoletas.com\/noticias\/recoletas-salud-inaugura-lomas-un-espacio-unico-de-dermatologia-y-medicina-estetica-integral\/#primaryimage"},"thumbnailUrl":"https:\/\/www.gruporecoletas.com\/noticias\/wp-content\/uploads\/2024\/09\/LOMAS-RECOLETAS-SALUD.png","keywords":["Dermatolog\u00eda","INAUGURACI\u00d3N","LOM\u00c1S","Medicina Est\u00e9tica"],"articleSection":["Centros","Grupo Recoletas","Publicaciones","Valladolid"],"inLanguage":"es"},{"@type":"WebPage","@id":"https:\/\/www.gruporecoletas.com\/noticias\/recoletas-salud-inaugura-lomas-un-espacio-unico-de-dermatologia-y-medicina-estetica-integral\/","url":"https:\/\/www.gruporecoletas.com\/noticias\/recoletas-salud-inaugura-lomas-un-espacio-unico-de-dermatologia-y-medicina-estetica-integral\/","name":"Recoletas Salud inaugura LoM\u00e1s, un espacio \u00fanico de dermatolog\u00eda y medicina est\u00e9tica integral - Noticias Grupo Recoletas","isPartOf":{"@id":"https:\/\/www.gruporecoletas.com\/noticias\/#website"},"primaryImageOfPage":{"@id":"https:\/\/www.gruporecoletas.com\/noticias\/recoletas-salud-inaugura-lomas-un-espacio-unico-de-dermatologia-y-medicina-estetica-integral\/#primaryimage"},"image":{"@id":"https:\/\/www.gruporecoletas.com\/noticias\/recoletas-salud-inaugura-lomas-un-espacio-unico-de-dermatologia-y-medicina-estetica-integral\/#primaryimage"},"thumbnailUrl":"https:\/\/www.gruporecoletas.com\/noticias\/wp-content\/uploads\/2024\/09\/LOMAS-RECOLETAS-SALUD.png","datePublished":"2024-09-12T08:00:00+00:00","dateModified":"2024-09-13T06:35:04+00:00","author":{"@id":"https:\/\/www.gruporecoletas.com\/noticias\/#\/schema\/person\/3c6ac429828d1f5e3d3bd99f4da9b02c"},"description":"Un centro orientado a la b\u00fasqueda de la\u00a0felicidad personal\u00a0en el \u00e1mbito de la\u00a0salud\u00a0y\u00a0el bienestar, generando un nuevo concepto de\u00a0medicina Integrativa","breadcrumb":{"@id":"https:\/\/www.gruporecoletas.com\/noticias\/recoletas-salud-inaugura-lomas-un-espacio-unico-de-dermatologia-y-medicina-estetica-integral\/#breadcrumb"},"inLanguage":"es","potentialAction":[{"@type":"ReadAction","target":["https:\/\/www.gruporecoletas.com\/noticias\/recoletas-salud-inaugura-lomas-un-espacio-unico-de-dermatologia-y-medicina-estetica-integral\/"]}]},{"@type":"ImageObject","inLanguage":"es","@id":"https:\/\/www.gruporecoletas.com\/noticias\/recoletas-salud-inaugura-lomas-un-espacio-unico-de-dermatologia-y-medicina-estetica-integral\/#primaryimage","url":"https:\/\/www.gruporecoletas.com\/noticias\/wp-content\/uploads\/2024\/09\/LOMAS-RECOLETAS-SALUD.png","contentUrl":"https:\/\/www.gruporecoletas.com\/noticias\/wp-content\/uploads\/2024\/09\/LOMAS-RECOLETAS-SALUD.png","width":1366,"height":768,"caption":"Recoletas Salud inaugura LoM\u00e1s, un espacio \u00fanico de dermatolog\u00eda y medicina est\u00e9tica integral"},{"@type":"BreadcrumbList","@id":"https:\/\/www.gruporecoletas.com\/noticias\/recoletas-salud-inaugura-lomas-un-espacio-unico-de-dermatologia-y-medicina-estetica-integral\/#breadcrumb","itemListElement":[{"@type":"ListItem","position":1,"name":"Portada","item":"https:\/\/www.gruporecoletas.com\/noticias\/"},{"@type":"ListItem","position":2,"name":"Recoletas Salud inaugura LoM\u00e1s, un espacio \u00fanico de dermatolog\u00eda y medicina est\u00e9tica integral"}]},{"@type":"WebSite","@id":"https:\/\/www.gruporecoletas.com\/noticias\/#website","url":"https:\/\/www.gruporecoletas.com\/noticias\/","name":"Noticias Grupo Recoletas","description":"Grupo Recoletas","potentialAction":[{"@type":"SearchAction","target":{"@type":"EntryPoint","urlTemplate":"https:\/\/www.gruporecoletas.com\/noticias\/?s={search_term_string}"},"query-input":{"@type":"PropertyValueSpecification","valueRequired":true,"valueName":"search_term_string"}}],"inLanguage":"es"},{"@type":"Person","@id":"https:\/\/www.gruporecoletas.com\/noticias\/#\/schema\/person\/3c6ac429828d1f5e3d3bd99f4da9b02c","name":"Recoletas Red Hospitalaria","url":"https:\/\/www.gruporecoletas.com\/noticias\/author\/comunicacion\/"}]}},"_links":{"self":[{"href":"https:\/\/www.gruporecoletas.com\/noticias\/wp-json\/wp\/v2\/posts\/16487","targetHints":{"allow":["GET"]}}],"collection":[{"href":"https:\/\/www.gruporecoletas.com\/noticias\/wp-json\/wp\/v2\/posts"}],"about":[{"href":"https:\/\/www.gruporecoletas.com\/noticias\/wp-json\/wp\/v2\/types\/post"}],"author":[{"embeddable":true,"href":"https:\/\/www.gruporecoletas.com\/noticias\/wp-json\/wp\/v2\/users\/2"}],"replies":[{"embeddable":true,"href":"https:\/\/www.gruporecoletas.com\/noticias\/wp-json\/wp\/v2\/comments?post=16487"}],"version-history":[{"count":1,"href":"https:\/\/www.gruporecoletas.com\/noticias\/wp-json\/wp\/v2\/posts\/16487\/revisions"}],"predecessor-version":[{"id":16489,"href":"https:\/\/www.gruporecoletas.com\/noticias\/wp-json\/wp\/v2\/posts\/16487\/revisions\/16489"}],"wp:featuredmedia":[{"embeddable":true,"href":"https:\/\/www.gruporecoletas.com\/noticias\/wp-json\/wp\/v2\/media\/16488"}],"wp:attachment":[{"href":"https:\/\/www.gruporecoletas.com\/noticias\/wp-json\/wp\/v2\/media?parent=16487"}],"wp:term":[{"taxonomy":"category","embeddable":true,"href":"https:\/\/www.gruporecoletas.com\/noticias\/wp-json\/wp\/v2\/categories?post=16487"},{"taxonomy":"post_tag","embeddable":true,"href":"https:\/\/www.gruporecoletas.com\/noticias\/wp-json\/wp\/v2\/tags?post=16487"}],"curies":[{"name":"wp","href":"https:\/\/api.w.org\/{rel}","templated":true}]}}