{"id":16491,"date":"2024-09-18T20:30:00","date_gmt":"2024-09-18T18:30:00","guid":{"rendered":"https:\/\/www.gruporecoletas.com\/noticias\/?p=16491"},"modified":"2024-09-19T14:24:57","modified_gmt":"2024-09-19T12:24:57","slug":"pulso-vital-de-recoletas-salud-con-el-proyecto-ruractive-en-bermillo-de-sayago","status":"publish","type":"post","link":"https:\/\/www.gruporecoletas.com\/noticias\/pulso-vital-de-recoletas-salud-con-el-proyecto-ruractive-en-bermillo-de-sayago\/","title":{"rendered":"Pulso Vital de Recoletas Salud con el proyecto Ruractive en Bermillo de Sayago"},"content":{"rendered":"\n<p>El director de Recoletas Salud Zamora, \u00d3scar Iglesias, ha presentado en el Ayuntamiento de Bermillo de Sayago el proyecto de salud rural PULSO VITAL<br>Un acto enmarcado dentro del proyecto internacional RURACTIVE que se desarrolla en Zamora.<br>Zamora es un territorio Silver de referencia europea y un \u00e1rea propicia para desarrollar un proyecto como Ruractive.<\/p>\n\n\n\n<p>\u00d3scar Iglesias ha querido agradecer la invitaci\u00f3n por parte de la Diputaci\u00f3n Provincial, a trav\u00e9s del Servicio de Fondos Europeos, Emprendimiento e Igualdad y ha querido insistir en la importancia que tiene PULSO VITAL como programa de prevenci\u00f3n y como ha sido creado por Recoletas Salud para concienciar acerca de la importancia que tiene una detecci\u00f3n precoz, conocer los s\u00edntomas del ictus e impulsar programas de prevenci\u00f3n, as\u00ed como dar visibilidad a esta patolog\u00eda cuya incidencia aumenta cuanto m\u00e1s envejecida sea la poblaci\u00f3n de una zona<\/p>\n\n\n\n<h4 class=\"wp-block-heading\">Pulso Vital<\/h4>\n\n\n\n<p>60 puntos de salud permanente instalados en diferentes localidades de la provincia de Zamora; m\u00e1s de 45.000 electrocardiogramas realizados ; cerca de 500 consultas m\u00e9dicas gratuitas en el Hospital Recoletas Salud Zamora y el Centro M\u00e9dico Recoletas Salud Benavente donde el Dr. Jos\u00e9 Luis Santos, director m\u00e9dico de Pulso Vital, ha detectado m\u00e1s de 150 fibrilaciones auriculares , son s\u00f3lo algunos de los datos de balance que el Gerente de Recoletas Salud Zamora ha expuesto ante los miembros de los diferentes pa\u00edses que forman parte de este proyecto europeo.<br>Gracias al proyecto RURACTIVE, concedido con ayudas de la Comisi\u00f3n Europea \u201cHorizonte Europa\u201d, se est\u00e1 aprovechando el potencial de los pueblos zamoranos para demostrar ante Europa que son capaces de innovar. Como ha hecho Recoletas Salud con PULSO VITAL.<\/p>\n","protected":false},"excerpt":{"rendered":"<p>El director de Recoletas Salud Zamora, \u00d3scar Iglesias, ha presentado en el Ayuntamiento de Bermillo de Sayago el proyecto de salud rural PULSO VITALUn acto enmarcado dentro del proyecto internacional RURACTIVE que se desarrolla en Zamora.Zamora es un territorio Silver de referencia europea y un \u00e1rea propicia para desarrollar un proyecto como Ruractive. \u00d3scar Iglesias [&hellip;]<\/p>\n","protected":false},"author":2,"featured_media":16492,"comment_status":"closed","ping_status":"closed","sticky":false,"template":"","format":"standard","meta":{"_acf_changed":false,"footnotes":""},"categories":[43,1,16,3282,42,21],"tags":[3277,3426,22],"class_list":["post-16491","post","type-post","status-publish","format-standard","has-post-thumbnail","hentry","category-centros","category-grupo-recoletas","category-hrza","category-id","category-recoletas-salud","category-zamora","tag-pulso-vital","tag-ruractive","tag-zamora"],"acf":[],"yoast_head":"<!-- This site is optimized with the Yoast SEO Premium plugin v27.3 (Yoast SEO v27.3) - https:\/\/yoast.com\/product\/yoast-seo-premium-wordpress\/ -->\n<title>Pulso Vital de Recoletas Salud con el proyecto Ruractive en Bermillo de Sayago - Noticias Grupo Recoletas<\/title>\n<meta name=\"description\" content=\"PULSO VITAL es un programa de prevenci\u00f3n para concienciar acerca de la importancia que tiene una detecci\u00f3n precoz y conocer los s\u00edntomas del ictus\" \/>\n<meta name=\"robots\" content=\"index, follow, max-snippet:-1, max-image-preview:large, max-video-preview:-1\" \/>\n<link rel=\"canonical\" href=\"https:\/\/www.gruporecoletas.com\/noticias\/pulso-vital-de-recoletas-salud-con-el-proyecto-ruractive-en-bermillo-de-sayago\/\" \/>\n<meta property=\"og:locale\" content=\"es_ES\" \/>\n<meta property=\"og:type\" content=\"article\" \/>\n<meta property=\"og:title\" content=\"Pulso Vital de Recoletas Salud con el proyecto Ruractive en Bermillo de Sayago\" \/>\n<meta property=\"og:description\" content=\"PULSO VITAL es un programa de prevenci\u00f3n para concienciar acerca de la importancia que tiene una detecci\u00f3n precoz y conocer los s\u00edntomas del ictus\" \/>\n<meta property=\"og:url\" content=\"https:\/\/www.gruporecoletas.com\/noticias\/pulso-vital-de-recoletas-salud-con-el-proyecto-ruractive-en-bermillo-de-sayago\/\" \/>\n<meta property=\"og:site_name\" content=\"Noticias Grupo Recoletas\" \/>\n<meta property=\"article:publisher\" content=\"https:\/\/www.facebook.com\/GrupoRecoletas\/\" \/>\n<meta property=\"article:published_time\" content=\"2024-09-18T18:30:00+00:00\" \/>\n<meta property=\"article:modified_time\" content=\"2024-09-19T12:24:57+00:00\" \/>\n<meta property=\"og:image\" content=\"https:\/\/www.gruporecoletas.com\/noticias\/wp-content\/uploads\/2024\/09\/RURACTIVE-RECOLETAS-ZAMORA.png\" \/>\n\t<meta property=\"og:image:width\" content=\"1366\" \/>\n\t<meta property=\"og:image:height\" content=\"768\" \/>\n\t<meta property=\"og:image:type\" content=\"image\/png\" \/>\n<meta name=\"author\" content=\"Recoletas Red Hospitalaria\" \/>\n<meta name=\"twitter:card\" content=\"summary_large_image\" \/>\n<meta name=\"twitter:creator\" content=\"@GrupoRecoletas\" \/>\n<meta name=\"twitter:site\" content=\"@GrupoRecoletas\" \/>\n<meta name=\"twitter:label1\" content=\"Escrito por\" \/>\n\t<meta name=\"twitter:data1\" content=\"Recoletas Red Hospitalaria\" \/>\n\t<meta name=\"twitter:label2\" content=\"Tiempo de lectura\" \/>\n\t<meta name=\"twitter:data2\" content=\"1 minuto\" \/>\n<script type=\"application\/ld+json\" class=\"yoast-schema-graph\">{\"@context\":\"https:\\\/\\\/schema.org\",\"@graph\":[{\"@type\":\"Article\",\"@id\":\"https:\\\/\\\/www.gruporecoletas.com\\\/noticias\\\/pulso-vital-de-recoletas-salud-con-el-proyecto-ruractive-en-bermillo-de-sayago\\\/#article\",\"isPartOf\":{\"@id\":\"https:\\\/\\\/www.gruporecoletas.com\\\/noticias\\\/pulso-vital-de-recoletas-salud-con-el-proyecto-ruractive-en-bermillo-de-sayago\\\/\"},\"author\":{\"name\":\"Recoletas Red Hospitalaria\",\"@id\":\"https:\\\/\\\/www.gruporecoletas.com\\\/noticias\\\/#\\\/schema\\\/person\\\/3c6ac429828d1f5e3d3bd99f4da9b02c\"},\"headline\":\"Pulso Vital de Recoletas Salud con el proyecto Ruractive en Bermillo de Sayago\",\"datePublished\":\"2024-09-18T18:30:00+00:00\",\"dateModified\":\"2024-09-19T12:24:57+00:00\",\"mainEntityOfPage\":{\"@id\":\"https:\\\/\\\/www.gruporecoletas.com\\\/noticias\\\/pulso-vital-de-recoletas-salud-con-el-proyecto-ruractive-en-bermillo-de-sayago\\\/\"},\"wordCount\":295,\"image\":{\"@id\":\"https:\\\/\\\/www.gruporecoletas.com\\\/noticias\\\/pulso-vital-de-recoletas-salud-con-el-proyecto-ruractive-en-bermillo-de-sayago\\\/#primaryimage\"},\"thumbnailUrl\":\"https:\\\/\\\/www.gruporecoletas.com\\\/noticias\\\/wp-content\\\/uploads\\\/2024\\\/09\\\/RURACTIVE-RECOLETAS-ZAMORA.png\",\"keywords\":[\"pulso vital\",\"Ruractive\",\"Zamora\"],\"articleSection\":[\"Centros\",\"Grupo Recoletas\",\"HRZA\",\"I+D\",\"Recoletas Salud\",\"Zamora\"],\"inLanguage\":\"es\"},{\"@type\":\"WebPage\",\"@id\":\"https:\\\/\\\/www.gruporecoletas.com\\\/noticias\\\/pulso-vital-de-recoletas-salud-con-el-proyecto-ruractive-en-bermillo-de-sayago\\\/\",\"url\":\"https:\\\/\\\/www.gruporecoletas.com\\\/noticias\\\/pulso-vital-de-recoletas-salud-con-el-proyecto-ruractive-en-bermillo-de-sayago\\\/\",\"name\":\"Pulso Vital de Recoletas Salud con el proyecto Ruractive en Bermillo de Sayago - Noticias Grupo Recoletas\",\"isPartOf\":{\"@id\":\"https:\\\/\\\/www.gruporecoletas.com\\\/noticias\\\/#website\"},\"primaryImageOfPage\":{\"@id\":\"https:\\\/\\\/www.gruporecoletas.com\\\/noticias\\\/pulso-vital-de-recoletas-salud-con-el-proyecto-ruractive-en-bermillo-de-sayago\\\/#primaryimage\"},\"image\":{\"@id\":\"https:\\\/\\\/www.gruporecoletas.com\\\/noticias\\\/pulso-vital-de-recoletas-salud-con-el-proyecto-ruractive-en-bermillo-de-sayago\\\/#primaryimage\"},\"thumbnailUrl\":\"https:\\\/\\\/www.gruporecoletas.com\\\/noticias\\\/wp-content\\\/uploads\\\/2024\\\/09\\\/RURACTIVE-RECOLETAS-ZAMORA.png\",\"datePublished\":\"2024-09-18T18:30:00+00:00\",\"dateModified\":\"2024-09-19T12:24:57+00:00\",\"author\":{\"@id\":\"https:\\\/\\\/www.gruporecoletas.com\\\/noticias\\\/#\\\/schema\\\/person\\\/3c6ac429828d1f5e3d3bd99f4da9b02c\"},\"description\":\"PULSO VITAL es un programa de prevenci\u00f3n para concienciar acerca de la importancia que tiene una detecci\u00f3n precoz y conocer los s\u00edntomas del ictus\",\"breadcrumb\":{\"@id\":\"https:\\\/\\\/www.gruporecoletas.com\\\/noticias\\\/pulso-vital-de-recoletas-salud-con-el-proyecto-ruractive-en-bermillo-de-sayago\\\/#breadcrumb\"},\"inLanguage\":\"es\",\"potentialAction\":[{\"@type\":\"ReadAction\",\"target\":[\"https:\\\/\\\/www.gruporecoletas.com\\\/noticias\\\/pulso-vital-de-recoletas-salud-con-el-proyecto-ruractive-en-bermillo-de-sayago\\\/\"]}]},{\"@type\":\"ImageObject\",\"inLanguage\":\"es\",\"@id\":\"https:\\\/\\\/www.gruporecoletas.com\\\/noticias\\\/pulso-vital-de-recoletas-salud-con-el-proyecto-ruractive-en-bermillo-de-sayago\\\/#primaryimage\",\"url\":\"https:\\\/\\\/www.gruporecoletas.com\\\/noticias\\\/wp-content\\\/uploads\\\/2024\\\/09\\\/RURACTIVE-RECOLETAS-ZAMORA.png\",\"contentUrl\":\"https:\\\/\\\/www.gruporecoletas.com\\\/noticias\\\/wp-content\\\/uploads\\\/2024\\\/09\\\/RURACTIVE-RECOLETAS-ZAMORA.png\",\"width\":1366,\"height\":768,\"caption\":\"El director de Recoletas Salud Zamora, \u00d3scar Iglesias, ha presentado en el Ayuntamiento de Bermillo de Sayago el proyecto de salud rural PULSO VITAL\"},{\"@type\":\"BreadcrumbList\",\"@id\":\"https:\\\/\\\/www.gruporecoletas.com\\\/noticias\\\/pulso-vital-de-recoletas-salud-con-el-proyecto-ruractive-en-bermillo-de-sayago\\\/#breadcrumb\",\"itemListElement\":[{\"@type\":\"ListItem\",\"position\":1,\"name\":\"Portada\",\"item\":\"https:\\\/\\\/www.gruporecoletas.com\\\/noticias\\\/\"},{\"@type\":\"ListItem\",\"position\":2,\"name\":\"Pulso Vital de Recoletas Salud con el proyecto Ruractive en Bermillo de Sayago\"}]},{\"@type\":\"WebSite\",\"@id\":\"https:\\\/\\\/www.gruporecoletas.com\\\/noticias\\\/#website\",\"url\":\"https:\\\/\\\/www.gruporecoletas.com\\\/noticias\\\/\",\"name\":\"Noticias Grupo Recoletas\",\"description\":\"Grupo Recoletas\",\"potentialAction\":[{\"@type\":\"SearchAction\",\"target\":{\"@type\":\"EntryPoint\",\"urlTemplate\":\"https:\\\/\\\/www.gruporecoletas.com\\\/noticias\\\/?s={search_term_string}\"},\"query-input\":{\"@type\":\"PropertyValueSpecification\",\"valueRequired\":true,\"valueName\":\"search_term_string\"}}],\"inLanguage\":\"es\"},{\"@type\":\"Person\",\"@id\":\"https:\\\/\\\/www.gruporecoletas.com\\\/noticias\\\/#\\\/schema\\\/person\\\/3c6ac429828d1f5e3d3bd99f4da9b02c\",\"name\":\"Recoletas Red Hospitalaria\",\"url\":\"https:\\\/\\\/www.gruporecoletas.com\\\/noticias\\\/author\\\/comunicacion\\\/\"}]}<\/script>\n<!-- \/ Yoast SEO Premium plugin. -->","yoast_head_json":{"title":"Pulso Vital de Recoletas Salud con el proyecto Ruractive en Bermillo de Sayago - Noticias Grupo Recoletas","description":"PULSO VITAL es un programa de prevenci\u00f3n para concienciar acerca de la importancia que tiene una detecci\u00f3n precoz y conocer los s\u00edntomas del ictus","robots":{"index":"index","follow":"follow","max-snippet":"max-snippet:-1","max-image-preview":"max-image-preview:large","max-video-preview":"max-video-preview:-1"},"canonical":"https:\/\/www.gruporecoletas.com\/noticias\/pulso-vital-de-recoletas-salud-con-el-proyecto-ruractive-en-bermillo-de-sayago\/","og_locale":"es_ES","og_type":"article","og_title":"Pulso Vital de Recoletas Salud con el proyecto Ruractive en Bermillo de Sayago","og_description":"PULSO VITAL es un programa de prevenci\u00f3n para concienciar acerca de la importancia que tiene una detecci\u00f3n precoz y conocer los s\u00edntomas del ictus","og_url":"https:\/\/www.gruporecoletas.com\/noticias\/pulso-vital-de-recoletas-salud-con-el-proyecto-ruractive-en-bermillo-de-sayago\/","og_site_name":"Noticias Grupo Recoletas","article_publisher":"https:\/\/www.facebook.com\/GrupoRecoletas\/","article_published_time":"2024-09-18T18:30:00+00:00","article_modified_time":"2024-09-19T12:24:57+00:00","og_image":[{"width":1366,"height":768,"url":"https:\/\/www.gruporecoletas.com\/noticias\/wp-content\/uploads\/2024\/09\/RURACTIVE-RECOLETAS-ZAMORA.png","type":"image\/png"}],"author":"Recoletas Red Hospitalaria","twitter_card":"summary_large_image","twitter_creator":"@GrupoRecoletas","twitter_site":"@GrupoRecoletas","twitter_misc":{"Escrito por":"Recoletas Red Hospitalaria","Tiempo de lectura":"1 minuto"},"schema":{"@context":"https:\/\/schema.org","@graph":[{"@type":"Article","@id":"https:\/\/www.gruporecoletas.com\/noticias\/pulso-vital-de-recoletas-salud-con-el-proyecto-ruractive-en-bermillo-de-sayago\/#article","isPartOf":{"@id":"https:\/\/www.gruporecoletas.com\/noticias\/pulso-vital-de-recoletas-salud-con-el-proyecto-ruractive-en-bermillo-de-sayago\/"},"author":{"name":"Recoletas Red Hospitalaria","@id":"https:\/\/www.gruporecoletas.com\/noticias\/#\/schema\/person\/3c6ac429828d1f5e3d3bd99f4da9b02c"},"headline":"Pulso Vital de Recoletas Salud con el proyecto Ruractive en Bermillo de Sayago","datePublished":"2024-09-18T18:30:00+00:00","dateModified":"2024-09-19T12:24:57+00:00","mainEntityOfPage":{"@id":"https:\/\/www.gruporecoletas.com\/noticias\/pulso-vital-de-recoletas-salud-con-el-proyecto-ruractive-en-bermillo-de-sayago\/"},"wordCount":295,"image":{"@id":"https:\/\/www.gruporecoletas.com\/noticias\/pulso-vital-de-recoletas-salud-con-el-proyecto-ruractive-en-bermillo-de-sayago\/#primaryimage"},"thumbnailUrl":"https:\/\/www.gruporecoletas.com\/noticias\/wp-content\/uploads\/2024\/09\/RURACTIVE-RECOLETAS-ZAMORA.png","keywords":["pulso vital","Ruractive","Zamora"],"articleSection":["Centros","Grupo Recoletas","HRZA","I+D","Recoletas Salud","Zamora"],"inLanguage":"es"},{"@type":"WebPage","@id":"https:\/\/www.gruporecoletas.com\/noticias\/pulso-vital-de-recoletas-salud-con-el-proyecto-ruractive-en-bermillo-de-sayago\/","url":"https:\/\/www.gruporecoletas.com\/noticias\/pulso-vital-de-recoletas-salud-con-el-proyecto-ruractive-en-bermillo-de-sayago\/","name":"Pulso Vital de Recoletas Salud con el proyecto Ruractive en Bermillo de Sayago - Noticias Grupo Recoletas","isPartOf":{"@id":"https:\/\/www.gruporecoletas.com\/noticias\/#website"},"primaryImageOfPage":{"@id":"https:\/\/www.gruporecoletas.com\/noticias\/pulso-vital-de-recoletas-salud-con-el-proyecto-ruractive-en-bermillo-de-sayago\/#primaryimage"},"image":{"@id":"https:\/\/www.gruporecoletas.com\/noticias\/pulso-vital-de-recoletas-salud-con-el-proyecto-ruractive-en-bermillo-de-sayago\/#primaryimage"},"thumbnailUrl":"https:\/\/www.gruporecoletas.com\/noticias\/wp-content\/uploads\/2024\/09\/RURACTIVE-RECOLETAS-ZAMORA.png","datePublished":"2024-09-18T18:30:00+00:00","dateModified":"2024-09-19T12:24:57+00:00","author":{"@id":"https:\/\/www.gruporecoletas.com\/noticias\/#\/schema\/person\/3c6ac429828d1f5e3d3bd99f4da9b02c"},"description":"PULSO VITAL es un programa de prevenci\u00f3n para concienciar acerca de la importancia que tiene una detecci\u00f3n precoz y conocer los s\u00edntomas del ictus","breadcrumb":{"@id":"https:\/\/www.gruporecoletas.com\/noticias\/pulso-vital-de-recoletas-salud-con-el-proyecto-ruractive-en-bermillo-de-sayago\/#breadcrumb"},"inLanguage":"es","potentialAction":[{"@type":"ReadAction","target":["https:\/\/www.gruporecoletas.com\/noticias\/pulso-vital-de-recoletas-salud-con-el-proyecto-ruractive-en-bermillo-de-sayago\/"]}]},{"@type":"ImageObject","inLanguage":"es","@id":"https:\/\/www.gruporecoletas.com\/noticias\/pulso-vital-de-recoletas-salud-con-el-proyecto-ruractive-en-bermillo-de-sayago\/#primaryimage","url":"https:\/\/www.gruporecoletas.com\/noticias\/wp-content\/uploads\/2024\/09\/RURACTIVE-RECOLETAS-ZAMORA.png","contentUrl":"https:\/\/www.gruporecoletas.com\/noticias\/wp-content\/uploads\/2024\/09\/RURACTIVE-RECOLETAS-ZAMORA.png","width":1366,"height":768,"caption":"El director de Recoletas Salud Zamora, \u00d3scar Iglesias, ha presentado en el Ayuntamiento de Bermillo de Sayago el proyecto de salud rural PULSO VITAL"},{"@type":"BreadcrumbList","@id":"https:\/\/www.gruporecoletas.com\/noticias\/pulso-vital-de-recoletas-salud-con-el-proyecto-ruractive-en-bermillo-de-sayago\/#breadcrumb","itemListElement":[{"@type":"ListItem","position":1,"name":"Portada","item":"https:\/\/www.gruporecoletas.com\/noticias\/"},{"@type":"ListItem","position":2,"name":"Pulso Vital de Recoletas Salud con el proyecto Ruractive en Bermillo de Sayago"}]},{"@type":"WebSite","@id":"https:\/\/www.gruporecoletas.com\/noticias\/#website","url":"https:\/\/www.gruporecoletas.com\/noticias\/","name":"Noticias Grupo Recoletas","description":"Grupo Recoletas","potentialAction":[{"@type":"SearchAction","target":{"@type":"EntryPoint","urlTemplate":"https:\/\/www.gruporecoletas.com\/noticias\/?s={search_term_string}"},"query-input":{"@type":"PropertyValueSpecification","valueRequired":true,"valueName":"search_term_string"}}],"inLanguage":"es"},{"@type":"Person","@id":"https:\/\/www.gruporecoletas.com\/noticias\/#\/schema\/person\/3c6ac429828d1f5e3d3bd99f4da9b02c","name":"Recoletas Red Hospitalaria","url":"https:\/\/www.gruporecoletas.com\/noticias\/author\/comunicacion\/"}]}},"_links":{"self":[{"href":"https:\/\/www.gruporecoletas.com\/noticias\/wp-json\/wp\/v2\/posts\/16491","targetHints":{"allow":["GET"]}}],"collection":[{"href":"https:\/\/www.gruporecoletas.com\/noticias\/wp-json\/wp\/v2\/posts"}],"about":[{"href":"https:\/\/www.gruporecoletas.com\/noticias\/wp-json\/wp\/v2\/types\/post"}],"author":[{"embeddable":true,"href":"https:\/\/www.gruporecoletas.com\/noticias\/wp-json\/wp\/v2\/users\/2"}],"replies":[{"embeddable":true,"href":"https:\/\/www.gruporecoletas.com\/noticias\/wp-json\/wp\/v2\/comments?post=16491"}],"version-history":[{"count":1,"href":"https:\/\/www.gruporecoletas.com\/noticias\/wp-json\/wp\/v2\/posts\/16491\/revisions"}],"predecessor-version":[{"id":16493,"href":"https:\/\/www.gruporecoletas.com\/noticias\/wp-json\/wp\/v2\/posts\/16491\/revisions\/16493"}],"wp:featuredmedia":[{"embeddable":true,"href":"https:\/\/www.gruporecoletas.com\/noticias\/wp-json\/wp\/v2\/media\/16492"}],"wp:attachment":[{"href":"https:\/\/www.gruporecoletas.com\/noticias\/wp-json\/wp\/v2\/media?parent=16491"}],"wp:term":[{"taxonomy":"category","embeddable":true,"href":"https:\/\/www.gruporecoletas.com\/noticias\/wp-json\/wp\/v2\/categories?post=16491"},{"taxonomy":"post_tag","embeddable":true,"href":"https:\/\/www.gruporecoletas.com\/noticias\/wp-json\/wp\/v2\/tags?post=16491"}],"curies":[{"name":"wp","href":"https:\/\/api.w.org\/{rel}","templated":true}]}}