{"id":16498,"date":"2024-09-25T20:00:00","date_gmt":"2024-09-25T18:00:00","guid":{"rendered":"https:\/\/www.gruporecoletas.com\/noticias\/?p=16498"},"modified":"2024-09-26T10:00:22","modified_gmt":"2024-09-26T08:00:22","slug":"la-fundacion-recoletas-salud-organiza-la-campana-de-salud-respiratoria-burgos-respira","status":"publish","type":"post","link":"https:\/\/www.gruporecoletas.com\/noticias\/la-fundacion-recoletas-salud-organiza-la-campana-de-salud-respiratoria-burgos-respira\/","title":{"rendered":"La Fundaci\u00f3n Recoletas Salud organiza la campa\u00f1a de salud respiratoria &#8216;Burgos Respira&#8217;"},"content":{"rendered":"\n<ul class=\"wp-block-list\">\n<li><strong><em>Se han instalado tres carpas en el Paseo del Espol\u00f3n \u2013 a la altura de los cuatros reyes- atendidas por especialistas m\u00e9dicos para la realizaci\u00f3n de pruebas gratuitas e informar sobre los riegos del tabaco y la importancia de la salud respiratoria<\/em><\/strong><\/li>\n<\/ul>\n\n\n\n<p>La Fundaci\u00f3n Recoletas Salud en colaboraci\u00f3n con el Ayuntamiento de Burgos ha organizado la campa\u00f1a \u201cBurgos Respira\u201d que se ha desarrollado hoy, <strong>mi\u00e9rcoles, 25 de septiembre<\/strong>, coincidiendo con la celebraci\u00f3n del D\u00eda Mundial del Pulm\u00f3n.<\/p>\n\n\n\n<p>Se trata de una campa\u00f1a de concienciaci\u00f3n ciudadana con el objetivo de divulgar entre la poblaci\u00f3n la importancia de la salud respiratoria, promoviendo h\u00e1bitos de vida saludable, haciendo hincapi\u00e9 sobre sobre el riesgo del tabaquismo, responsable directo de la muerte de 55.000 personas al a\u00f1o y de muchas de las enfermedades respiratorias cr\u00f3nicas.<\/p>\n\n\n\n<p>En la campa\u00f1a, que ha tenido lugar de 11:00h a 14:00 h, han participado especialistas del Instituto Cardiopulmonar del Hospital Recoletas Salud y del Servicio de Enfermer\u00eda, as\u00ed como fisioterapeutas del Centro de Rehabilitaci\u00f3n Recoletas Salud.<\/p>\n\n\n\n<p>\u201cBurgos Respira\u201d se ha desarrollado en tres carpas que se han ubicado en el Paseo del Espol\u00f3n \u2013 a la altura de los cuatro reyes-. En la primera carpa se&nbsp; han realizado espirometr\u00edas (prueba respiratoria para la detecci\u00f3n de enfermedades como el asma, EPOC y otras), en la segunda carpa se ha informado sobre el programa de detecci\u00f3n precoz del c\u00e1ncer de pulm\u00f3n gracias al cual se reduce la mortalidad un 20% y en la tercera carpa se han ense\u00f1ado como realizar ejercicios de fisioterapia para enfermos pulmonares.<\/p>\n\n\n\n<p>Para el Neum\u00f3logo del Instituto Cardiopulmonar del Hospital Recoletas Salud Burgos y principal art\u00edfice de la campa\u00f1a \u201cBurgos Respira\u201d, el Dr. Gustavo Guti\u00e9rrez, \u201ces evidente que hay que trabajar en la prevenci\u00f3n primaria (que las personas no fumen), pero llevamos varias d\u00e9cadas advirti\u00e9ndolo y aun as\u00ed una de cada cuatro personas en Espa\u00f1a sigue fumando. Debemos mentalizarnos de que, para mejorar la supervivencia, el diagn\u00f3stico precoz es fundamental. La prevenci\u00f3n primaria debe ir de la mano de la secundaria: el cribado salva vidas a muy corto plazo. Por cada 1.000 cribados realizados, logramos salvar 11 vidas\u201d.<\/p>\n\n\n\n<p>La Dra. Teresa Pe\u00f1a ha dado a conocer en detalle las nefastas consecuencias que supone para la salud el consumo tabaco. \u201cEl tabaquismo es la principal causa de la enfermedad pulmonar obstructiva cr\u00f3nica (EPOC) y un desencadenante para las reagudizaciones de esta enfermedad. Fumar da\u00f1a los alv\u00e9olos, las v\u00edas respiratorias y el revestimiento de los pulmones. Tenemos la obligaci\u00f3n de dar a conocer que el EPOC causa m\u00e1s muertes que el c\u00e1ncer de pulm\u00f3n o el infarto de miocardio y que si eres una persona fumadora, tienes dos o tres veces m\u00e1s de posibilidades de sufrirlo\u201d, ha se\u00f1alado la Dra. Pe\u00f1a.<\/p>\n\n\n\n<p>Por su parte, Pilar G\u00f3mez, Directora de Recoletas Salud en Burgos, ha insistido en que \u201ceste tipo de iniciativas ciudadanas son determinantes para prevenir enfermedades y para aprender a vivir m\u00e1s y vivir mejor\u201d.<\/p>\n\n\n\n<p>En todas las carpas se ha ofrecido informaci\u00f3n sobre salud respiratoria y h\u00e1bitos de vida saludable y los participantes han concursado en un sorteo de 3 chequeos m\u00e9dicos con pruebas funcionales respiratorias.<\/p>\n","protected":false},"excerpt":{"rendered":"<p>La Fundaci\u00f3n Recoletas Salud en colaboraci\u00f3n con el Ayuntamiento de Burgos ha organizado la campa\u00f1a \u201cBurgos Respira\u201d que se ha desarrollado hoy, mi\u00e9rcoles, 25 de septiembre, coincidiendo con la celebraci\u00f3n del D\u00eda Mundial del Pulm\u00f3n. Se trata de una campa\u00f1a de concienciaci\u00f3n ciudadana con el objetivo de divulgar entre la poblaci\u00f3n la importancia de la [&hellip;]<\/p>\n","protected":false},"author":2,"featured_media":16499,"comment_status":"closed","ping_status":"closed","sticky":false,"template":"","format":"standard","meta":{"_acf_changed":false,"footnotes":""},"categories":[10,43,1,31,9,42],"tags":[3104,3214,3427],"class_list":["post-16498","post","type-post","status-publish","format-standard","has-post-thumbnail","hentry","category-burgos","category-centros","category-grupo-recoletas","category-hrbu","category-publicaciones","category-recoletas-salud","tag-burgos","tag-neumologia","tag-salud-respiratoria"],"acf":[],"yoast_head":"<!-- This site is optimized with the Yoast SEO Premium plugin v27.3 (Yoast SEO v27.3) - https:\/\/yoast.com\/product\/yoast-seo-premium-wordpress\/ -->\n<title>La Fundaci\u00f3n Recoletas Salud organiza la campa\u00f1a de salud respiratoria &#039;Burgos Respira&#039; - Noticias Grupo Recoletas<\/title>\n<meta name=\"description\" content=\"Nuestros especialistas m\u00e9dicos realizaron pruebas gratuitas e informaron sobre los riegos del tabaco y la importancia de la salud respiratoria\" \/>\n<meta name=\"robots\" content=\"index, follow, max-snippet:-1, max-image-preview:large, max-video-preview:-1\" \/>\n<link rel=\"canonical\" href=\"https:\/\/www.gruporecoletas.com\/noticias\/la-fundacion-recoletas-salud-organiza-la-campana-de-salud-respiratoria-burgos-respira\/\" \/>\n<meta property=\"og:locale\" content=\"es_ES\" \/>\n<meta property=\"og:type\" content=\"article\" \/>\n<meta property=\"og:title\" content=\"La Fundaci\u00f3n Recoletas Salud organiza la campa\u00f1a de salud respiratoria &#039;Burgos Respira&#039;\" \/>\n<meta property=\"og:description\" content=\"Nuestros especialistas m\u00e9dicos realizaron pruebas gratuitas e informaron sobre los riegos del tabaco y la importancia de la salud respiratoria\" \/>\n<meta property=\"og:url\" content=\"https:\/\/www.gruporecoletas.com\/noticias\/la-fundacion-recoletas-salud-organiza-la-campana-de-salud-respiratoria-burgos-respira\/\" \/>\n<meta property=\"og:site_name\" content=\"Noticias Grupo Recoletas\" \/>\n<meta property=\"article:publisher\" content=\"https:\/\/www.facebook.com\/GrupoRecoletas\/\" \/>\n<meta property=\"article:published_time\" content=\"2024-09-25T18:00:00+00:00\" \/>\n<meta property=\"article:modified_time\" content=\"2024-09-26T08:00:22+00:00\" \/>\n<meta property=\"og:image\" content=\"https:\/\/www.gruporecoletas.com\/noticias\/wp-content\/uploads\/2024\/09\/BURGOS-RESPIRA-RECOLETAS-WEB.png\" \/>\n\t<meta property=\"og:image:width\" content=\"1366\" \/>\n\t<meta property=\"og:image:height\" content=\"768\" \/>\n\t<meta property=\"og:image:type\" content=\"image\/png\" \/>\n<meta name=\"author\" content=\"Recoletas Red Hospitalaria\" \/>\n<meta name=\"twitter:card\" content=\"summary_large_image\" \/>\n<meta name=\"twitter:creator\" content=\"@GrupoRecoletas\" \/>\n<meta name=\"twitter:site\" content=\"@GrupoRecoletas\" \/>\n<meta name=\"twitter:label1\" content=\"Escrito por\" \/>\n\t<meta name=\"twitter:data1\" content=\"Recoletas Red Hospitalaria\" \/>\n\t<meta name=\"twitter:label2\" content=\"Tiempo de lectura\" \/>\n\t<meta name=\"twitter:data2\" content=\"3 minutos\" \/>\n<script type=\"application\/ld+json\" class=\"yoast-schema-graph\">{\"@context\":\"https:\\\/\\\/schema.org\",\"@graph\":[{\"@type\":\"Article\",\"@id\":\"https:\\\/\\\/www.gruporecoletas.com\\\/noticias\\\/la-fundacion-recoletas-salud-organiza-la-campana-de-salud-respiratoria-burgos-respira\\\/#article\",\"isPartOf\":{\"@id\":\"https:\\\/\\\/www.gruporecoletas.com\\\/noticias\\\/la-fundacion-recoletas-salud-organiza-la-campana-de-salud-respiratoria-burgos-respira\\\/\"},\"author\":{\"name\":\"Recoletas Red Hospitalaria\",\"@id\":\"https:\\\/\\\/www.gruporecoletas.com\\\/noticias\\\/#\\\/schema\\\/person\\\/3c6ac429828d1f5e3d3bd99f4da9b02c\"},\"headline\":\"La Fundaci\u00f3n Recoletas Salud organiza la campa\u00f1a de salud respiratoria &#8216;Burgos Respira&#8217;\",\"datePublished\":\"2024-09-25T18:00:00+00:00\",\"dateModified\":\"2024-09-26T08:00:22+00:00\",\"mainEntityOfPage\":{\"@id\":\"https:\\\/\\\/www.gruporecoletas.com\\\/noticias\\\/la-fundacion-recoletas-salud-organiza-la-campana-de-salud-respiratoria-burgos-respira\\\/\"},\"wordCount\":576,\"image\":{\"@id\":\"https:\\\/\\\/www.gruporecoletas.com\\\/noticias\\\/la-fundacion-recoletas-salud-organiza-la-campana-de-salud-respiratoria-burgos-respira\\\/#primaryimage\"},\"thumbnailUrl\":\"https:\\\/\\\/www.gruporecoletas.com\\\/noticias\\\/wp-content\\\/uploads\\\/2024\\\/09\\\/BURGOS-RESPIRA-RECOLETAS-WEB.png\",\"keywords\":[\"Burgos\",\"Neumolog\u00eda\",\"Salud respiratoria\"],\"articleSection\":[\"Burgos\",\"Centros\",\"Grupo Recoletas\",\"HRBU\",\"Publicaciones\",\"Recoletas Salud\"],\"inLanguage\":\"es\"},{\"@type\":\"WebPage\",\"@id\":\"https:\\\/\\\/www.gruporecoletas.com\\\/noticias\\\/la-fundacion-recoletas-salud-organiza-la-campana-de-salud-respiratoria-burgos-respira\\\/\",\"url\":\"https:\\\/\\\/www.gruporecoletas.com\\\/noticias\\\/la-fundacion-recoletas-salud-organiza-la-campana-de-salud-respiratoria-burgos-respira\\\/\",\"name\":\"La Fundaci\u00f3n Recoletas Salud organiza la campa\u00f1a de salud respiratoria 'Burgos Respira' - Noticias Grupo Recoletas\",\"isPartOf\":{\"@id\":\"https:\\\/\\\/www.gruporecoletas.com\\\/noticias\\\/#website\"},\"primaryImageOfPage\":{\"@id\":\"https:\\\/\\\/www.gruporecoletas.com\\\/noticias\\\/la-fundacion-recoletas-salud-organiza-la-campana-de-salud-respiratoria-burgos-respira\\\/#primaryimage\"},\"image\":{\"@id\":\"https:\\\/\\\/www.gruporecoletas.com\\\/noticias\\\/la-fundacion-recoletas-salud-organiza-la-campana-de-salud-respiratoria-burgos-respira\\\/#primaryimage\"},\"thumbnailUrl\":\"https:\\\/\\\/www.gruporecoletas.com\\\/noticias\\\/wp-content\\\/uploads\\\/2024\\\/09\\\/BURGOS-RESPIRA-RECOLETAS-WEB.png\",\"datePublished\":\"2024-09-25T18:00:00+00:00\",\"dateModified\":\"2024-09-26T08:00:22+00:00\",\"author\":{\"@id\":\"https:\\\/\\\/www.gruporecoletas.com\\\/noticias\\\/#\\\/schema\\\/person\\\/3c6ac429828d1f5e3d3bd99f4da9b02c\"},\"description\":\"Nuestros especialistas m\u00e9dicos realizaron pruebas gratuitas e informaron sobre los riegos del tabaco y la importancia de la salud respiratoria\",\"breadcrumb\":{\"@id\":\"https:\\\/\\\/www.gruporecoletas.com\\\/noticias\\\/la-fundacion-recoletas-salud-organiza-la-campana-de-salud-respiratoria-burgos-respira\\\/#breadcrumb\"},\"inLanguage\":\"es\",\"potentialAction\":[{\"@type\":\"ReadAction\",\"target\":[\"https:\\\/\\\/www.gruporecoletas.com\\\/noticias\\\/la-fundacion-recoletas-salud-organiza-la-campana-de-salud-respiratoria-burgos-respira\\\/\"]}]},{\"@type\":\"ImageObject\",\"inLanguage\":\"es\",\"@id\":\"https:\\\/\\\/www.gruporecoletas.com\\\/noticias\\\/la-fundacion-recoletas-salud-organiza-la-campana-de-salud-respiratoria-burgos-respira\\\/#primaryimage\",\"url\":\"https:\\\/\\\/www.gruporecoletas.com\\\/noticias\\\/wp-content\\\/uploads\\\/2024\\\/09\\\/BURGOS-RESPIRA-RECOLETAS-WEB.png\",\"contentUrl\":\"https:\\\/\\\/www.gruporecoletas.com\\\/noticias\\\/wp-content\\\/uploads\\\/2024\\\/09\\\/BURGOS-RESPIRA-RECOLETAS-WEB.png\",\"width\":1366,\"height\":768,\"caption\":\"La Fundaci\u00f3n Recoletas Salud organiza la campa\u00f1a de salud respiratoria 'Burgos Respira'\"},{\"@type\":\"BreadcrumbList\",\"@id\":\"https:\\\/\\\/www.gruporecoletas.com\\\/noticias\\\/la-fundacion-recoletas-salud-organiza-la-campana-de-salud-respiratoria-burgos-respira\\\/#breadcrumb\",\"itemListElement\":[{\"@type\":\"ListItem\",\"position\":1,\"name\":\"Portada\",\"item\":\"https:\\\/\\\/www.gruporecoletas.com\\\/noticias\\\/\"},{\"@type\":\"ListItem\",\"position\":2,\"name\":\"La Fundaci\u00f3n Recoletas Salud organiza la campa\u00f1a de salud respiratoria &#8216;Burgos Respira&#8217;\"}]},{\"@type\":\"WebSite\",\"@id\":\"https:\\\/\\\/www.gruporecoletas.com\\\/noticias\\\/#website\",\"url\":\"https:\\\/\\\/www.gruporecoletas.com\\\/noticias\\\/\",\"name\":\"Noticias Grupo Recoletas\",\"description\":\"Grupo Recoletas\",\"potentialAction\":[{\"@type\":\"SearchAction\",\"target\":{\"@type\":\"EntryPoint\",\"urlTemplate\":\"https:\\\/\\\/www.gruporecoletas.com\\\/noticias\\\/?s={search_term_string}\"},\"query-input\":{\"@type\":\"PropertyValueSpecification\",\"valueRequired\":true,\"valueName\":\"search_term_string\"}}],\"inLanguage\":\"es\"},{\"@type\":\"Person\",\"@id\":\"https:\\\/\\\/www.gruporecoletas.com\\\/noticias\\\/#\\\/schema\\\/person\\\/3c6ac429828d1f5e3d3bd99f4da9b02c\",\"name\":\"Recoletas Red Hospitalaria\",\"url\":\"https:\\\/\\\/www.gruporecoletas.com\\\/noticias\\\/author\\\/comunicacion\\\/\"}]}<\/script>\n<!-- \/ Yoast SEO Premium plugin. -->","yoast_head_json":{"title":"La Fundaci\u00f3n Recoletas Salud organiza la campa\u00f1a de salud respiratoria 'Burgos Respira' - Noticias Grupo Recoletas","description":"Nuestros especialistas m\u00e9dicos realizaron pruebas gratuitas e informaron sobre los riegos del tabaco y la importancia de la salud respiratoria","robots":{"index":"index","follow":"follow","max-snippet":"max-snippet:-1","max-image-preview":"max-image-preview:large","max-video-preview":"max-video-preview:-1"},"canonical":"https:\/\/www.gruporecoletas.com\/noticias\/la-fundacion-recoletas-salud-organiza-la-campana-de-salud-respiratoria-burgos-respira\/","og_locale":"es_ES","og_type":"article","og_title":"La Fundaci\u00f3n Recoletas Salud organiza la campa\u00f1a de salud respiratoria 'Burgos Respira'","og_description":"Nuestros especialistas m\u00e9dicos realizaron pruebas gratuitas e informaron sobre los riegos del tabaco y la importancia de la salud respiratoria","og_url":"https:\/\/www.gruporecoletas.com\/noticias\/la-fundacion-recoletas-salud-organiza-la-campana-de-salud-respiratoria-burgos-respira\/","og_site_name":"Noticias Grupo Recoletas","article_publisher":"https:\/\/www.facebook.com\/GrupoRecoletas\/","article_published_time":"2024-09-25T18:00:00+00:00","article_modified_time":"2024-09-26T08:00:22+00:00","og_image":[{"width":1366,"height":768,"url":"https:\/\/www.gruporecoletas.com\/noticias\/wp-content\/uploads\/2024\/09\/BURGOS-RESPIRA-RECOLETAS-WEB.png","type":"image\/png"}],"author":"Recoletas Red Hospitalaria","twitter_card":"summary_large_image","twitter_creator":"@GrupoRecoletas","twitter_site":"@GrupoRecoletas","twitter_misc":{"Escrito por":"Recoletas Red Hospitalaria","Tiempo de lectura":"3 minutos"},"schema":{"@context":"https:\/\/schema.org","@graph":[{"@type":"Article","@id":"https:\/\/www.gruporecoletas.com\/noticias\/la-fundacion-recoletas-salud-organiza-la-campana-de-salud-respiratoria-burgos-respira\/#article","isPartOf":{"@id":"https:\/\/www.gruporecoletas.com\/noticias\/la-fundacion-recoletas-salud-organiza-la-campana-de-salud-respiratoria-burgos-respira\/"},"author":{"name":"Recoletas Red Hospitalaria","@id":"https:\/\/www.gruporecoletas.com\/noticias\/#\/schema\/person\/3c6ac429828d1f5e3d3bd99f4da9b02c"},"headline":"La Fundaci\u00f3n Recoletas Salud organiza la campa\u00f1a de salud respiratoria &#8216;Burgos Respira&#8217;","datePublished":"2024-09-25T18:00:00+00:00","dateModified":"2024-09-26T08:00:22+00:00","mainEntityOfPage":{"@id":"https:\/\/www.gruporecoletas.com\/noticias\/la-fundacion-recoletas-salud-organiza-la-campana-de-salud-respiratoria-burgos-respira\/"},"wordCount":576,"image":{"@id":"https:\/\/www.gruporecoletas.com\/noticias\/la-fundacion-recoletas-salud-organiza-la-campana-de-salud-respiratoria-burgos-respira\/#primaryimage"},"thumbnailUrl":"https:\/\/www.gruporecoletas.com\/noticias\/wp-content\/uploads\/2024\/09\/BURGOS-RESPIRA-RECOLETAS-WEB.png","keywords":["Burgos","Neumolog\u00eda","Salud respiratoria"],"articleSection":["Burgos","Centros","Grupo Recoletas","HRBU","Publicaciones","Recoletas Salud"],"inLanguage":"es"},{"@type":"WebPage","@id":"https:\/\/www.gruporecoletas.com\/noticias\/la-fundacion-recoletas-salud-organiza-la-campana-de-salud-respiratoria-burgos-respira\/","url":"https:\/\/www.gruporecoletas.com\/noticias\/la-fundacion-recoletas-salud-organiza-la-campana-de-salud-respiratoria-burgos-respira\/","name":"La Fundaci\u00f3n Recoletas Salud organiza la campa\u00f1a de salud respiratoria 'Burgos Respira' - Noticias Grupo Recoletas","isPartOf":{"@id":"https:\/\/www.gruporecoletas.com\/noticias\/#website"},"primaryImageOfPage":{"@id":"https:\/\/www.gruporecoletas.com\/noticias\/la-fundacion-recoletas-salud-organiza-la-campana-de-salud-respiratoria-burgos-respira\/#primaryimage"},"image":{"@id":"https:\/\/www.gruporecoletas.com\/noticias\/la-fundacion-recoletas-salud-organiza-la-campana-de-salud-respiratoria-burgos-respira\/#primaryimage"},"thumbnailUrl":"https:\/\/www.gruporecoletas.com\/noticias\/wp-content\/uploads\/2024\/09\/BURGOS-RESPIRA-RECOLETAS-WEB.png","datePublished":"2024-09-25T18:00:00+00:00","dateModified":"2024-09-26T08:00:22+00:00","author":{"@id":"https:\/\/www.gruporecoletas.com\/noticias\/#\/schema\/person\/3c6ac429828d1f5e3d3bd99f4da9b02c"},"description":"Nuestros especialistas m\u00e9dicos realizaron pruebas gratuitas e informaron sobre los riegos del tabaco y la importancia de la salud respiratoria","breadcrumb":{"@id":"https:\/\/www.gruporecoletas.com\/noticias\/la-fundacion-recoletas-salud-organiza-la-campana-de-salud-respiratoria-burgos-respira\/#breadcrumb"},"inLanguage":"es","potentialAction":[{"@type":"ReadAction","target":["https:\/\/www.gruporecoletas.com\/noticias\/la-fundacion-recoletas-salud-organiza-la-campana-de-salud-respiratoria-burgos-respira\/"]}]},{"@type":"ImageObject","inLanguage":"es","@id":"https:\/\/www.gruporecoletas.com\/noticias\/la-fundacion-recoletas-salud-organiza-la-campana-de-salud-respiratoria-burgos-respira\/#primaryimage","url":"https:\/\/www.gruporecoletas.com\/noticias\/wp-content\/uploads\/2024\/09\/BURGOS-RESPIRA-RECOLETAS-WEB.png","contentUrl":"https:\/\/www.gruporecoletas.com\/noticias\/wp-content\/uploads\/2024\/09\/BURGOS-RESPIRA-RECOLETAS-WEB.png","width":1366,"height":768,"caption":"La Fundaci\u00f3n Recoletas Salud organiza la campa\u00f1a de salud respiratoria 'Burgos Respira'"},{"@type":"BreadcrumbList","@id":"https:\/\/www.gruporecoletas.com\/noticias\/la-fundacion-recoletas-salud-organiza-la-campana-de-salud-respiratoria-burgos-respira\/#breadcrumb","itemListElement":[{"@type":"ListItem","position":1,"name":"Portada","item":"https:\/\/www.gruporecoletas.com\/noticias\/"},{"@type":"ListItem","position":2,"name":"La Fundaci\u00f3n Recoletas Salud organiza la campa\u00f1a de salud respiratoria &#8216;Burgos Respira&#8217;"}]},{"@type":"WebSite","@id":"https:\/\/www.gruporecoletas.com\/noticias\/#website","url":"https:\/\/www.gruporecoletas.com\/noticias\/","name":"Noticias Grupo Recoletas","description":"Grupo Recoletas","potentialAction":[{"@type":"SearchAction","target":{"@type":"EntryPoint","urlTemplate":"https:\/\/www.gruporecoletas.com\/noticias\/?s={search_term_string}"},"query-input":{"@type":"PropertyValueSpecification","valueRequired":true,"valueName":"search_term_string"}}],"inLanguage":"es"},{"@type":"Person","@id":"https:\/\/www.gruporecoletas.com\/noticias\/#\/schema\/person\/3c6ac429828d1f5e3d3bd99f4da9b02c","name":"Recoletas Red Hospitalaria","url":"https:\/\/www.gruporecoletas.com\/noticias\/author\/comunicacion\/"}]}},"_links":{"self":[{"href":"https:\/\/www.gruporecoletas.com\/noticias\/wp-json\/wp\/v2\/posts\/16498","targetHints":{"allow":["GET"]}}],"collection":[{"href":"https:\/\/www.gruporecoletas.com\/noticias\/wp-json\/wp\/v2\/posts"}],"about":[{"href":"https:\/\/www.gruporecoletas.com\/noticias\/wp-json\/wp\/v2\/types\/post"}],"author":[{"embeddable":true,"href":"https:\/\/www.gruporecoletas.com\/noticias\/wp-json\/wp\/v2\/users\/2"}],"replies":[{"embeddable":true,"href":"https:\/\/www.gruporecoletas.com\/noticias\/wp-json\/wp\/v2\/comments?post=16498"}],"version-history":[{"count":1,"href":"https:\/\/www.gruporecoletas.com\/noticias\/wp-json\/wp\/v2\/posts\/16498\/revisions"}],"predecessor-version":[{"id":16500,"href":"https:\/\/www.gruporecoletas.com\/noticias\/wp-json\/wp\/v2\/posts\/16498\/revisions\/16500"}],"wp:featuredmedia":[{"embeddable":true,"href":"https:\/\/www.gruporecoletas.com\/noticias\/wp-json\/wp\/v2\/media\/16499"}],"wp:attachment":[{"href":"https:\/\/www.gruporecoletas.com\/noticias\/wp-json\/wp\/v2\/media?parent=16498"}],"wp:term":[{"taxonomy":"category","embeddable":true,"href":"https:\/\/www.gruporecoletas.com\/noticias\/wp-json\/wp\/v2\/categories?post=16498"},{"taxonomy":"post_tag","embeddable":true,"href":"https:\/\/www.gruporecoletas.com\/noticias\/wp-json\/wp\/v2\/tags?post=16498"}],"curies":[{"name":"wp","href":"https:\/\/api.w.org\/{rel}","templated":true}]}}