{"id":16504,"date":"2024-09-27T22:00:00","date_gmt":"2024-09-27T20:00:00","guid":{"rendered":"https:\/\/www.gruporecoletas.com\/noticias\/?p=16504"},"modified":"2024-09-30T09:15:29","modified_gmt":"2024-09-30T07:15:29","slug":"pulso-vital-premiado-en-la-gala-de-los-premios-fundacion-caja-rural","status":"publish","type":"post","link":"https:\/\/www.gruporecoletas.com\/noticias\/pulso-vital-premiado-en-la-gala-de-los-premios-fundacion-caja-rural\/","title":{"rendered":"Pulso Vital, premiado en la gala de los Premios Fundaci\u00f3n Caja Rural"},"content":{"rendered":"\n<p><strong>PULSO VITAL<\/strong> ha sido uno de los galardonados en la XXVII edici\u00f3n de los premios anuales de la <strong>Fundaci\u00f3n Caja Rural de Zamora<\/strong><\/p>\n\n\n\n<p>Se ha valorado que <strong>Recoletas Salud<\/strong> haya desarrollado un proyecto de salud rural gratuito con el objetivo de concienciar a la sociedad zamorana de la importancia de prevenir el ictus y facilitar su prevenci\u00f3n mediante la detecci\u00f3n precoz de fibrilaci\u00f3n auricular (asociada a m\u00e1s del 30% de los ictus).<\/p>\n\n\n\n<h3 class=\"wp-block-heading\"><strong>Pulso Vital<\/strong> ha conseguido convertir a Zamora en una provincia cardioprotegida.<\/h3>\n\n\n\n<p>Un proyecto en el que crey\u00f3 la <strong>Fundaci\u00f3n Caja Rural<\/strong> desde el principio porque pudo comprobar que cualquier persona, aunque est\u00e9 asintom\u00e1tica, puede conocer si presenta fibrilaci\u00f3n auricular realiz\u00e1ndose un sencillo electrocardiograma insertado en los puntos de salud permanentes de Pulso Vital, ubicados en diferentes localidades de Zamora. Y pudieron confirmar que la puesta en marcha del protocolo de atenci\u00f3n de consultas cardiol\u00f3gicas gratuitas en <strong>Recoletas Salud<\/strong> Zamora ha hecho efectivo todo el circuito de prevenci\u00f3n.<\/p>\n\n\n\n<p>Desde su puesta en marcha m\u00e1s de 45.000 personas se han beneficiado ya de <strong>PULSO VITAL<\/strong> en Zamora<\/p>\n\n\n\n<p>El director de Recoletas Salud Zamora, <strong>\u00d3scar Iglesias<\/strong>, ha sido el encargado de recoger el Premio acompa\u00f1ado por el <strong>Dr. Jos\u00e9 Luis Santos<\/strong>, director m\u00e9dico de Pulso Vital. Ambos no han podido disimular su emoci\u00f3n por recibir \u201cun reconocimiento en nuestra tierra, lo que hace que este premio sea todav\u00eda m\u00e1s especial para nosotros. Ver crecer un proyecto como PULSO VITAL que ha demostrado que salva vidas, hace que nos sintamos orgullosos de lo que estamos ofreciendo a la poblaci\u00f3n zamorana\u201d.<\/p>\n\n\n\n<p>La XXVII edici\u00f3n de sus premios anuales de la <strong>Fundaci\u00f3n Caja Rural<\/strong> de Zamora que se ha celebrado en IFEZA ha sido un \u00e9xito y todos los asistentes han podido disfrutar de una emocionante gala amenizada con Javier Ojeda, de Danza Invisible, La Oreja de Van Gogh y la Selvatika Summer Party XL.<\/p>\n","protected":false},"excerpt":{"rendered":"<p>PULSO VITAL ha sido uno de los galardonados en la XXVII edici\u00f3n de los premios anuales de la Fundaci\u00f3n Caja Rural de Zamora Se ha valorado que Recoletas Salud haya desarrollado un proyecto de salud rural gratuito con el objetivo de concienciar a la sociedad zamorana de la importancia de prevenir el ictus y facilitar [&hellip;]<\/p>\n","protected":false},"author":2,"featured_media":16506,"comment_status":"closed","ping_status":"closed","sticky":false,"template":"","format":"standard","meta":{"_acf_changed":false,"footnotes":""},"categories":[43,1,16,3282,42,21],"tags":[3083,3105,3277,22],"class_list":["post-16504","post","type-post","status-publish","format-standard","has-post-thumbnail","hentry","category-centros","category-grupo-recoletas","category-hrza","category-id","category-recoletas-salud","category-zamora","tag-ictus","tag-premio","tag-pulso-vital","tag-zamora"],"acf":[],"yoast_head":"<!-- This site is optimized with the Yoast SEO Premium plugin v27.3 (Yoast SEO v27.3) - https:\/\/yoast.com\/product\/yoast-seo-premium-wordpress\/ -->\n<title>Pulso Vital, premiado en la gala de los Premios Fundaci\u00f3n Caja Rural - Noticias Grupo Recoletas<\/title>\n<meta name=\"description\" content=\"Recoletas Salud ha desarrollado un proyecto de salud rural gratuito con el objetivo de concienciar acerca de la importancia de prevenir el ictus\" \/>\n<meta name=\"robots\" content=\"index, follow, max-snippet:-1, max-image-preview:large, max-video-preview:-1\" \/>\n<link rel=\"canonical\" href=\"https:\/\/www.gruporecoletas.com\/noticias\/pulso-vital-premiado-en-la-gala-de-los-premios-fundacion-caja-rural\/\" \/>\n<meta property=\"og:locale\" content=\"es_ES\" \/>\n<meta property=\"og:type\" content=\"article\" \/>\n<meta property=\"og:title\" content=\"Pulso Vital, premiado en la gala de los Premios Fundaci\u00f3n Caja Rural\" \/>\n<meta property=\"og:description\" content=\"Recoletas Salud ha desarrollado un proyecto de salud rural gratuito con el objetivo de concienciar acerca de la importancia de prevenir el ictus\" \/>\n<meta property=\"og:url\" content=\"https:\/\/www.gruporecoletas.com\/noticias\/pulso-vital-premiado-en-la-gala-de-los-premios-fundacion-caja-rural\/\" \/>\n<meta property=\"og:site_name\" content=\"Noticias Grupo Recoletas\" \/>\n<meta property=\"article:publisher\" content=\"https:\/\/www.facebook.com\/GrupoRecoletas\/\" \/>\n<meta property=\"article:published_time\" content=\"2024-09-27T20:00:00+00:00\" \/>\n<meta property=\"article:modified_time\" content=\"2024-09-30T07:15:29+00:00\" \/>\n<meta property=\"og:image\" content=\"https:\/\/www.gruporecoletas.com\/noticias\/wp-content\/uploads\/2024\/09\/ENTREGA-PREMIOS-PULSOIVITAL.png\" \/>\n\t<meta property=\"og:image:width\" content=\"1366\" \/>\n\t<meta property=\"og:image:height\" content=\"768\" \/>\n\t<meta property=\"og:image:type\" content=\"image\/png\" \/>\n<meta name=\"author\" content=\"Recoletas Red Hospitalaria\" \/>\n<meta name=\"twitter:card\" content=\"summary_large_image\" \/>\n<meta name=\"twitter:creator\" content=\"@GrupoRecoletas\" \/>\n<meta name=\"twitter:site\" content=\"@GrupoRecoletas\" \/>\n<meta name=\"twitter:label1\" content=\"Escrito por\" \/>\n\t<meta name=\"twitter:data1\" content=\"Recoletas Red Hospitalaria\" \/>\n\t<meta name=\"twitter:label2\" content=\"Tiempo de lectura\" \/>\n\t<meta name=\"twitter:data2\" content=\"2 minutos\" \/>\n<script type=\"application\/ld+json\" class=\"yoast-schema-graph\">{\"@context\":\"https:\\\/\\\/schema.org\",\"@graph\":[{\"@type\":\"Article\",\"@id\":\"https:\\\/\\\/www.gruporecoletas.com\\\/noticias\\\/pulso-vital-premiado-en-la-gala-de-los-premios-fundacion-caja-rural\\\/#article\",\"isPartOf\":{\"@id\":\"https:\\\/\\\/www.gruporecoletas.com\\\/noticias\\\/pulso-vital-premiado-en-la-gala-de-los-premios-fundacion-caja-rural\\\/\"},\"author\":{\"name\":\"Recoletas Red Hospitalaria\",\"@id\":\"https:\\\/\\\/www.gruporecoletas.com\\\/noticias\\\/#\\\/schema\\\/person\\\/3c6ac429828d1f5e3d3bd99f4da9b02c\"},\"headline\":\"Pulso Vital, premiado en la gala de los Premios Fundaci\u00f3n Caja Rural\",\"datePublished\":\"2024-09-27T20:00:00+00:00\",\"dateModified\":\"2024-09-30T07:15:29+00:00\",\"mainEntityOfPage\":{\"@id\":\"https:\\\/\\\/www.gruporecoletas.com\\\/noticias\\\/pulso-vital-premiado-en-la-gala-de-los-premios-fundacion-caja-rural\\\/\"},\"wordCount\":344,\"image\":{\"@id\":\"https:\\\/\\\/www.gruporecoletas.com\\\/noticias\\\/pulso-vital-premiado-en-la-gala-de-los-premios-fundacion-caja-rural\\\/#primaryimage\"},\"thumbnailUrl\":\"https:\\\/\\\/www.gruporecoletas.com\\\/noticias\\\/wp-content\\\/uploads\\\/2024\\\/09\\\/ENTREGA-PREMIOS-PULSOIVITAL.png\",\"keywords\":[\"ictus\",\"Premio\",\"pulso vital\",\"Zamora\"],\"articleSection\":[\"Centros\",\"Grupo Recoletas\",\"HRZA\",\"I+D\",\"Recoletas Salud\",\"Zamora\"],\"inLanguage\":\"es\"},{\"@type\":\"WebPage\",\"@id\":\"https:\\\/\\\/www.gruporecoletas.com\\\/noticias\\\/pulso-vital-premiado-en-la-gala-de-los-premios-fundacion-caja-rural\\\/\",\"url\":\"https:\\\/\\\/www.gruporecoletas.com\\\/noticias\\\/pulso-vital-premiado-en-la-gala-de-los-premios-fundacion-caja-rural\\\/\",\"name\":\"Pulso Vital, premiado en la gala de los Premios Fundaci\u00f3n Caja Rural - Noticias Grupo Recoletas\",\"isPartOf\":{\"@id\":\"https:\\\/\\\/www.gruporecoletas.com\\\/noticias\\\/#website\"},\"primaryImageOfPage\":{\"@id\":\"https:\\\/\\\/www.gruporecoletas.com\\\/noticias\\\/pulso-vital-premiado-en-la-gala-de-los-premios-fundacion-caja-rural\\\/#primaryimage\"},\"image\":{\"@id\":\"https:\\\/\\\/www.gruporecoletas.com\\\/noticias\\\/pulso-vital-premiado-en-la-gala-de-los-premios-fundacion-caja-rural\\\/#primaryimage\"},\"thumbnailUrl\":\"https:\\\/\\\/www.gruporecoletas.com\\\/noticias\\\/wp-content\\\/uploads\\\/2024\\\/09\\\/ENTREGA-PREMIOS-PULSOIVITAL.png\",\"datePublished\":\"2024-09-27T20:00:00+00:00\",\"dateModified\":\"2024-09-30T07:15:29+00:00\",\"author\":{\"@id\":\"https:\\\/\\\/www.gruporecoletas.com\\\/noticias\\\/#\\\/schema\\\/person\\\/3c6ac429828d1f5e3d3bd99f4da9b02c\"},\"description\":\"Recoletas Salud ha desarrollado un proyecto de salud rural gratuito con el objetivo de concienciar acerca de la importancia de prevenir el ictus\",\"breadcrumb\":{\"@id\":\"https:\\\/\\\/www.gruporecoletas.com\\\/noticias\\\/pulso-vital-premiado-en-la-gala-de-los-premios-fundacion-caja-rural\\\/#breadcrumb\"},\"inLanguage\":\"es\",\"potentialAction\":[{\"@type\":\"ReadAction\",\"target\":[\"https:\\\/\\\/www.gruporecoletas.com\\\/noticias\\\/pulso-vital-premiado-en-la-gala-de-los-premios-fundacion-caja-rural\\\/\"]}]},{\"@type\":\"ImageObject\",\"inLanguage\":\"es\",\"@id\":\"https:\\\/\\\/www.gruporecoletas.com\\\/noticias\\\/pulso-vital-premiado-en-la-gala-de-los-premios-fundacion-caja-rural\\\/#primaryimage\",\"url\":\"https:\\\/\\\/www.gruporecoletas.com\\\/noticias\\\/wp-content\\\/uploads\\\/2024\\\/09\\\/ENTREGA-PREMIOS-PULSOIVITAL.png\",\"contentUrl\":\"https:\\\/\\\/www.gruporecoletas.com\\\/noticias\\\/wp-content\\\/uploads\\\/2024\\\/09\\\/ENTREGA-PREMIOS-PULSOIVITAL.png\",\"width\":1366,\"height\":768,\"caption\":\"Pulso Vital, premiado en la gala de los Premios Fundaci\u00f3n Caja Rural\"},{\"@type\":\"BreadcrumbList\",\"@id\":\"https:\\\/\\\/www.gruporecoletas.com\\\/noticias\\\/pulso-vital-premiado-en-la-gala-de-los-premios-fundacion-caja-rural\\\/#breadcrumb\",\"itemListElement\":[{\"@type\":\"ListItem\",\"position\":1,\"name\":\"Portada\",\"item\":\"https:\\\/\\\/www.gruporecoletas.com\\\/noticias\\\/\"},{\"@type\":\"ListItem\",\"position\":2,\"name\":\"Pulso Vital, premiado en la gala de los Premios Fundaci\u00f3n Caja Rural\"}]},{\"@type\":\"WebSite\",\"@id\":\"https:\\\/\\\/www.gruporecoletas.com\\\/noticias\\\/#website\",\"url\":\"https:\\\/\\\/www.gruporecoletas.com\\\/noticias\\\/\",\"name\":\"Noticias Grupo Recoletas\",\"description\":\"Grupo Recoletas\",\"potentialAction\":[{\"@type\":\"SearchAction\",\"target\":{\"@type\":\"EntryPoint\",\"urlTemplate\":\"https:\\\/\\\/www.gruporecoletas.com\\\/noticias\\\/?s={search_term_string}\"},\"query-input\":{\"@type\":\"PropertyValueSpecification\",\"valueRequired\":true,\"valueName\":\"search_term_string\"}}],\"inLanguage\":\"es\"},{\"@type\":\"Person\",\"@id\":\"https:\\\/\\\/www.gruporecoletas.com\\\/noticias\\\/#\\\/schema\\\/person\\\/3c6ac429828d1f5e3d3bd99f4da9b02c\",\"name\":\"Recoletas Red Hospitalaria\",\"url\":\"https:\\\/\\\/www.gruporecoletas.com\\\/noticias\\\/author\\\/comunicacion\\\/\"}]}<\/script>\n<!-- \/ Yoast SEO Premium plugin. -->","yoast_head_json":{"title":"Pulso Vital, premiado en la gala de los Premios Fundaci\u00f3n Caja Rural - Noticias Grupo Recoletas","description":"Recoletas Salud ha desarrollado un proyecto de salud rural gratuito con el objetivo de concienciar acerca de la importancia de prevenir el ictus","robots":{"index":"index","follow":"follow","max-snippet":"max-snippet:-1","max-image-preview":"max-image-preview:large","max-video-preview":"max-video-preview:-1"},"canonical":"https:\/\/www.gruporecoletas.com\/noticias\/pulso-vital-premiado-en-la-gala-de-los-premios-fundacion-caja-rural\/","og_locale":"es_ES","og_type":"article","og_title":"Pulso Vital, premiado en la gala de los Premios Fundaci\u00f3n Caja Rural","og_description":"Recoletas Salud ha desarrollado un proyecto de salud rural gratuito con el objetivo de concienciar acerca de la importancia de prevenir el ictus","og_url":"https:\/\/www.gruporecoletas.com\/noticias\/pulso-vital-premiado-en-la-gala-de-los-premios-fundacion-caja-rural\/","og_site_name":"Noticias Grupo Recoletas","article_publisher":"https:\/\/www.facebook.com\/GrupoRecoletas\/","article_published_time":"2024-09-27T20:00:00+00:00","article_modified_time":"2024-09-30T07:15:29+00:00","og_image":[{"width":1366,"height":768,"url":"https:\/\/www.gruporecoletas.com\/noticias\/wp-content\/uploads\/2024\/09\/ENTREGA-PREMIOS-PULSOIVITAL.png","type":"image\/png"}],"author":"Recoletas Red Hospitalaria","twitter_card":"summary_large_image","twitter_creator":"@GrupoRecoletas","twitter_site":"@GrupoRecoletas","twitter_misc":{"Escrito por":"Recoletas Red Hospitalaria","Tiempo de lectura":"2 minutos"},"schema":{"@context":"https:\/\/schema.org","@graph":[{"@type":"Article","@id":"https:\/\/www.gruporecoletas.com\/noticias\/pulso-vital-premiado-en-la-gala-de-los-premios-fundacion-caja-rural\/#article","isPartOf":{"@id":"https:\/\/www.gruporecoletas.com\/noticias\/pulso-vital-premiado-en-la-gala-de-los-premios-fundacion-caja-rural\/"},"author":{"name":"Recoletas Red Hospitalaria","@id":"https:\/\/www.gruporecoletas.com\/noticias\/#\/schema\/person\/3c6ac429828d1f5e3d3bd99f4da9b02c"},"headline":"Pulso Vital, premiado en la gala de los Premios Fundaci\u00f3n Caja Rural","datePublished":"2024-09-27T20:00:00+00:00","dateModified":"2024-09-30T07:15:29+00:00","mainEntityOfPage":{"@id":"https:\/\/www.gruporecoletas.com\/noticias\/pulso-vital-premiado-en-la-gala-de-los-premios-fundacion-caja-rural\/"},"wordCount":344,"image":{"@id":"https:\/\/www.gruporecoletas.com\/noticias\/pulso-vital-premiado-en-la-gala-de-los-premios-fundacion-caja-rural\/#primaryimage"},"thumbnailUrl":"https:\/\/www.gruporecoletas.com\/noticias\/wp-content\/uploads\/2024\/09\/ENTREGA-PREMIOS-PULSOIVITAL.png","keywords":["ictus","Premio","pulso vital","Zamora"],"articleSection":["Centros","Grupo Recoletas","HRZA","I+D","Recoletas Salud","Zamora"],"inLanguage":"es"},{"@type":"WebPage","@id":"https:\/\/www.gruporecoletas.com\/noticias\/pulso-vital-premiado-en-la-gala-de-los-premios-fundacion-caja-rural\/","url":"https:\/\/www.gruporecoletas.com\/noticias\/pulso-vital-premiado-en-la-gala-de-los-premios-fundacion-caja-rural\/","name":"Pulso Vital, premiado en la gala de los Premios Fundaci\u00f3n Caja Rural - Noticias Grupo Recoletas","isPartOf":{"@id":"https:\/\/www.gruporecoletas.com\/noticias\/#website"},"primaryImageOfPage":{"@id":"https:\/\/www.gruporecoletas.com\/noticias\/pulso-vital-premiado-en-la-gala-de-los-premios-fundacion-caja-rural\/#primaryimage"},"image":{"@id":"https:\/\/www.gruporecoletas.com\/noticias\/pulso-vital-premiado-en-la-gala-de-los-premios-fundacion-caja-rural\/#primaryimage"},"thumbnailUrl":"https:\/\/www.gruporecoletas.com\/noticias\/wp-content\/uploads\/2024\/09\/ENTREGA-PREMIOS-PULSOIVITAL.png","datePublished":"2024-09-27T20:00:00+00:00","dateModified":"2024-09-30T07:15:29+00:00","author":{"@id":"https:\/\/www.gruporecoletas.com\/noticias\/#\/schema\/person\/3c6ac429828d1f5e3d3bd99f4da9b02c"},"description":"Recoletas Salud ha desarrollado un proyecto de salud rural gratuito con el objetivo de concienciar acerca de la importancia de prevenir el ictus","breadcrumb":{"@id":"https:\/\/www.gruporecoletas.com\/noticias\/pulso-vital-premiado-en-la-gala-de-los-premios-fundacion-caja-rural\/#breadcrumb"},"inLanguage":"es","potentialAction":[{"@type":"ReadAction","target":["https:\/\/www.gruporecoletas.com\/noticias\/pulso-vital-premiado-en-la-gala-de-los-premios-fundacion-caja-rural\/"]}]},{"@type":"ImageObject","inLanguage":"es","@id":"https:\/\/www.gruporecoletas.com\/noticias\/pulso-vital-premiado-en-la-gala-de-los-premios-fundacion-caja-rural\/#primaryimage","url":"https:\/\/www.gruporecoletas.com\/noticias\/wp-content\/uploads\/2024\/09\/ENTREGA-PREMIOS-PULSOIVITAL.png","contentUrl":"https:\/\/www.gruporecoletas.com\/noticias\/wp-content\/uploads\/2024\/09\/ENTREGA-PREMIOS-PULSOIVITAL.png","width":1366,"height":768,"caption":"Pulso Vital, premiado en la gala de los Premios Fundaci\u00f3n Caja Rural"},{"@type":"BreadcrumbList","@id":"https:\/\/www.gruporecoletas.com\/noticias\/pulso-vital-premiado-en-la-gala-de-los-premios-fundacion-caja-rural\/#breadcrumb","itemListElement":[{"@type":"ListItem","position":1,"name":"Portada","item":"https:\/\/www.gruporecoletas.com\/noticias\/"},{"@type":"ListItem","position":2,"name":"Pulso Vital, premiado en la gala de los Premios Fundaci\u00f3n Caja Rural"}]},{"@type":"WebSite","@id":"https:\/\/www.gruporecoletas.com\/noticias\/#website","url":"https:\/\/www.gruporecoletas.com\/noticias\/","name":"Noticias Grupo Recoletas","description":"Grupo Recoletas","potentialAction":[{"@type":"SearchAction","target":{"@type":"EntryPoint","urlTemplate":"https:\/\/www.gruporecoletas.com\/noticias\/?s={search_term_string}"},"query-input":{"@type":"PropertyValueSpecification","valueRequired":true,"valueName":"search_term_string"}}],"inLanguage":"es"},{"@type":"Person","@id":"https:\/\/www.gruporecoletas.com\/noticias\/#\/schema\/person\/3c6ac429828d1f5e3d3bd99f4da9b02c","name":"Recoletas Red Hospitalaria","url":"https:\/\/www.gruporecoletas.com\/noticias\/author\/comunicacion\/"}]}},"_links":{"self":[{"href":"https:\/\/www.gruporecoletas.com\/noticias\/wp-json\/wp\/v2\/posts\/16504","targetHints":{"allow":["GET"]}}],"collection":[{"href":"https:\/\/www.gruporecoletas.com\/noticias\/wp-json\/wp\/v2\/posts"}],"about":[{"href":"https:\/\/www.gruporecoletas.com\/noticias\/wp-json\/wp\/v2\/types\/post"}],"author":[{"embeddable":true,"href":"https:\/\/www.gruporecoletas.com\/noticias\/wp-json\/wp\/v2\/users\/2"}],"replies":[{"embeddable":true,"href":"https:\/\/www.gruporecoletas.com\/noticias\/wp-json\/wp\/v2\/comments?post=16504"}],"version-history":[{"count":1,"href":"https:\/\/www.gruporecoletas.com\/noticias\/wp-json\/wp\/v2\/posts\/16504\/revisions"}],"predecessor-version":[{"id":16505,"href":"https:\/\/www.gruporecoletas.com\/noticias\/wp-json\/wp\/v2\/posts\/16504\/revisions\/16505"}],"wp:featuredmedia":[{"embeddable":true,"href":"https:\/\/www.gruporecoletas.com\/noticias\/wp-json\/wp\/v2\/media\/16506"}],"wp:attachment":[{"href":"https:\/\/www.gruporecoletas.com\/noticias\/wp-json\/wp\/v2\/media?parent=16504"}],"wp:term":[{"taxonomy":"category","embeddable":true,"href":"https:\/\/www.gruporecoletas.com\/noticias\/wp-json\/wp\/v2\/categories?post=16504"},{"taxonomy":"post_tag","embeddable":true,"href":"https:\/\/www.gruporecoletas.com\/noticias\/wp-json\/wp\/v2\/tags?post=16504"}],"curies":[{"name":"wp","href":"https:\/\/api.w.org\/{rel}","templated":true}]}}