{"id":16509,"date":"2024-10-07T16:57:50","date_gmt":"2024-10-07T14:57:50","guid":{"rendered":"https:\/\/www.gruporecoletas.com\/noticias\/?p=16509"},"modified":"2024-10-07T16:57:51","modified_gmt":"2024-10-07T14:57:51","slug":"recoletas-salud-renueva-su-apoyo-a-la-semana-internacional-de-cine-de-valladolid","status":"publish","type":"post","link":"https:\/\/www.gruporecoletas.com\/noticias\/recoletas-salud-renueva-su-apoyo-a-la-semana-internacional-de-cine-de-valladolid\/","title":{"rendered":"Recoletas Salud renueva su apoyo a la Semana Internacional de Cine de Valladolid"},"content":{"rendered":"\n<ul class=\"wp-block-list\">\n<li><em>La entidad sanitaria renueva y ampl\u00eda su compromiso con Seminci por octavo a\u00f1o<\/em><\/li>\n\n\n\n<li><em>El Festival ofrecer\u00e1 m\u00e1s de 200 t\u00edtulos de cine de autor para todos los p\u00fablicos entre el 18 y el 26 de octubre de 2024<\/em><\/li>\n<\/ul>\n\n\n\n<p>La concejala de Turismo, Eventos y Marca Ciudad, Blanca Jim\u00e9nez Cuadrillero, y el presidente de Recoletas Salud, Amando Rodr\u00edguez, han firmado este lunes el convenio de colaboraci\u00f3n por el que la entidad sanitaria renueva y ampl\u00eda su patrocinio con la Semana Internacional de Cine de Valladolid (Seminci), cuya 69\u00aa edici\u00f3n se celebrar\u00e1 del 18 al 26 de octubre. A ellos se han sumado el alcalde de Valladolid, Jes\u00fas Julio Carnero, y el director del festival, Jos\u00e9 Luis Cienfuegos.<\/p>\n\n\n\n<p>Como ha manifestado Carnero, \u201ces importante para el Festival contar con entidades de la importancia de Recoletas Salud, que apuestan por la cultura ligada al sector sanitario, dos de los ejes m\u00e1s importantes que afectan a los ciudadanos tanto en el \u00e1mbito profesional como el \u00e1mbito del ocio. No olvidemos que la participaci\u00f3n cultural tambi\u00e9n mejora la salud y el bienestar, y disfrutar de eventos tan significativos como la Seminci ayuda, sin duda, al bienestar social\u201d.<\/p>\n\n\n\n<p>A trav\u00e9s de su apoyo a Seminci, que inici\u00f3 hace ocho a\u00f1os, Recoletas Salud refleja su firme compromiso con Valladolid y Castilla y Le\u00f3n. Amando Rodr\u00edguez ha se\u00f1alado que \u00abes un honor apoyar la celebraci\u00f3n de un evento que es importante para la ciudad en la que nacimos hace ya 35 a\u00f1os y desde la que hemos desarrollado todo nuestro proyecto de salud y bienestar. En Recoletas Salud siempre estamos dispuestos a colaborar en todo lo que es bueno para Valladolid y sus vecinos\u00bb.<\/p>\n\n\n\n<p><strong>Valladolid, capital del cine<\/strong><\/p>\n\n\n\n<p>Hasta el 26 de septiembre, el Festival proyectar\u00e1 m\u00e1s de 200 t\u00edtulos, entre largometrajes y cortometrajes, con apartados dedicados al cine m\u00e1s experimental, las propuestas de cineastas castellano y leoneses, los nombres m\u00e1s destacados de la producci\u00f3n actual, pel\u00edculas premiadas en otros festivales, adem\u00e1s de la secci\u00f3n a competici\u00f3n.<\/p>\n\n\n\n<p>En conjunto, una selecci\u00f3n que pretende ofrecer un panorama del cine de autor para todo tipo de p\u00fablicos. Esta edici\u00f3n contar\u00e1 adem\u00e1s con Alemania como pa\u00eds invitado y una retrospectiva del destacado representante del cine independiente estadounidense actual Nathan Silver. A este amplio contenido se sumar\u00e1 la celebraci\u00f3n de mesas redondas, clases magistrales, exposiciones y otras actividades relacionadas con el cine.<\/p>\n","protected":false},"excerpt":{"rendered":"<p>La concejala de Turismo, Eventos y Marca Ciudad, Blanca Jim\u00e9nez Cuadrillero, y el presidente de Recoletas Salud, Amando Rodr\u00edguez, han firmado este lunes el convenio de colaboraci\u00f3n por el que la entidad sanitaria renueva y ampl\u00eda su patrocinio con la Semana Internacional de Cine de Valladolid (Seminci), cuya 69\u00aa edici\u00f3n se celebrar\u00e1 del 18 al [&hellip;]<\/p>\n","protected":false},"author":2,"featured_media":16510,"comment_status":"closed","ping_status":"closed","sticky":false,"template":"","format":"standard","meta":{"_acf_changed":false,"footnotes":""},"categories":[43,1,9,42,4],"tags":[3399,1440,1453],"class_list":["post-16509","post","type-post","status-publish","format-standard","has-post-thumbnail","hentry","category-centros","category-grupo-recoletas","category-publicaciones","category-recoletas-salud","category-valladolid","tag-cultura","tag-patrocinios","tag-seminci"],"acf":[],"yoast_head":"<!-- This site is optimized with the Yoast SEO Premium plugin v27.3 (Yoast SEO v27.3) - https:\/\/yoast.com\/product\/yoast-seo-premium-wordpress\/ -->\n<title>Recoletas Salud renueva su apoyo a la Semana Internacional de Cine de Valladolid - Noticias Grupo Recoletas<\/title>\n<meta name=\"description\" content=\"El Festival ofrecer\u00e1 m\u00e1s de 200 t\u00edtulos de cine de autor entre el 18 y el 26 de octubre de 2024 para convertir a Valladolid en la capital del cine\" \/>\n<meta name=\"robots\" content=\"index, follow, max-snippet:-1, max-image-preview:large, max-video-preview:-1\" \/>\n<link rel=\"canonical\" href=\"https:\/\/www.gruporecoletas.com\/noticias\/recoletas-salud-renueva-su-apoyo-a-la-semana-internacional-de-cine-de-valladolid\/\" \/>\n<meta property=\"og:locale\" content=\"es_ES\" \/>\n<meta property=\"og:type\" content=\"article\" \/>\n<meta property=\"og:title\" content=\"Recoletas Salud renueva su apoyo a la Semana Internacional de Cine de Valladolid\" \/>\n<meta property=\"og:description\" content=\"El Festival ofrecer\u00e1 m\u00e1s de 200 t\u00edtulos de cine de autor entre el 18 y el 26 de octubre de 2024 para convertir a Valladolid en la capital del cine\" \/>\n<meta property=\"og:url\" content=\"https:\/\/www.gruporecoletas.com\/noticias\/recoletas-salud-renueva-su-apoyo-a-la-semana-internacional-de-cine-de-valladolid\/\" \/>\n<meta property=\"og:site_name\" content=\"Noticias Grupo Recoletas\" \/>\n<meta property=\"article:publisher\" content=\"https:\/\/www.facebook.com\/GrupoRecoletas\/\" \/>\n<meta property=\"article:published_time\" content=\"2024-10-07T14:57:50+00:00\" \/>\n<meta property=\"article:modified_time\" content=\"2024-10-07T14:57:51+00:00\" \/>\n<meta property=\"og:image\" content=\"https:\/\/www.gruporecoletas.com\/noticias\/wp-content\/uploads\/2024\/10\/SEMINCI-WEB.png\" \/>\n\t<meta property=\"og:image:width\" content=\"1366\" \/>\n\t<meta property=\"og:image:height\" content=\"768\" \/>\n\t<meta property=\"og:image:type\" content=\"image\/png\" \/>\n<meta name=\"author\" content=\"Recoletas Red Hospitalaria\" \/>\n<meta name=\"twitter:card\" content=\"summary_large_image\" \/>\n<meta name=\"twitter:creator\" content=\"@GrupoRecoletas\" \/>\n<meta name=\"twitter:site\" content=\"@GrupoRecoletas\" \/>\n<meta name=\"twitter:label1\" content=\"Escrito por\" \/>\n\t<meta name=\"twitter:data1\" content=\"Recoletas Red Hospitalaria\" \/>\n\t<meta name=\"twitter:label2\" content=\"Tiempo de lectura\" \/>\n\t<meta name=\"twitter:data2\" content=\"2 minutos\" \/>\n<script type=\"application\/ld+json\" class=\"yoast-schema-graph\">{\"@context\":\"https:\\\/\\\/schema.org\",\"@graph\":[{\"@type\":\"Article\",\"@id\":\"https:\\\/\\\/www.gruporecoletas.com\\\/noticias\\\/recoletas-salud-renueva-su-apoyo-a-la-semana-internacional-de-cine-de-valladolid\\\/#article\",\"isPartOf\":{\"@id\":\"https:\\\/\\\/www.gruporecoletas.com\\\/noticias\\\/recoletas-salud-renueva-su-apoyo-a-la-semana-internacional-de-cine-de-valladolid\\\/\"},\"author\":{\"name\":\"Recoletas Red Hospitalaria\",\"@id\":\"https:\\\/\\\/www.gruporecoletas.com\\\/noticias\\\/#\\\/schema\\\/person\\\/3c6ac429828d1f5e3d3bd99f4da9b02c\"},\"headline\":\"Recoletas Salud renueva su apoyo a la Semana Internacional de Cine de Valladolid\",\"datePublished\":\"2024-10-07T14:57:50+00:00\",\"dateModified\":\"2024-10-07T14:57:51+00:00\",\"mainEntityOfPage\":{\"@id\":\"https:\\\/\\\/www.gruporecoletas.com\\\/noticias\\\/recoletas-salud-renueva-su-apoyo-a-la-semana-internacional-de-cine-de-valladolid\\\/\"},\"wordCount\":429,\"image\":{\"@id\":\"https:\\\/\\\/www.gruporecoletas.com\\\/noticias\\\/recoletas-salud-renueva-su-apoyo-a-la-semana-internacional-de-cine-de-valladolid\\\/#primaryimage\"},\"thumbnailUrl\":\"https:\\\/\\\/www.gruporecoletas.com\\\/noticias\\\/wp-content\\\/uploads\\\/2024\\\/10\\\/SEMINCI-WEB.png\",\"keywords\":[\"Cultura\",\"Patrocinios\",\"Seminci\"],\"articleSection\":[\"Centros\",\"Grupo Recoletas\",\"Publicaciones\",\"Recoletas Salud\",\"Valladolid\"],\"inLanguage\":\"es\"},{\"@type\":\"WebPage\",\"@id\":\"https:\\\/\\\/www.gruporecoletas.com\\\/noticias\\\/recoletas-salud-renueva-su-apoyo-a-la-semana-internacional-de-cine-de-valladolid\\\/\",\"url\":\"https:\\\/\\\/www.gruporecoletas.com\\\/noticias\\\/recoletas-salud-renueva-su-apoyo-a-la-semana-internacional-de-cine-de-valladolid\\\/\",\"name\":\"Recoletas Salud renueva su apoyo a la Semana Internacional de Cine de Valladolid - Noticias Grupo Recoletas\",\"isPartOf\":{\"@id\":\"https:\\\/\\\/www.gruporecoletas.com\\\/noticias\\\/#website\"},\"primaryImageOfPage\":{\"@id\":\"https:\\\/\\\/www.gruporecoletas.com\\\/noticias\\\/recoletas-salud-renueva-su-apoyo-a-la-semana-internacional-de-cine-de-valladolid\\\/#primaryimage\"},\"image\":{\"@id\":\"https:\\\/\\\/www.gruporecoletas.com\\\/noticias\\\/recoletas-salud-renueva-su-apoyo-a-la-semana-internacional-de-cine-de-valladolid\\\/#primaryimage\"},\"thumbnailUrl\":\"https:\\\/\\\/www.gruporecoletas.com\\\/noticias\\\/wp-content\\\/uploads\\\/2024\\\/10\\\/SEMINCI-WEB.png\",\"datePublished\":\"2024-10-07T14:57:50+00:00\",\"dateModified\":\"2024-10-07T14:57:51+00:00\",\"author\":{\"@id\":\"https:\\\/\\\/www.gruporecoletas.com\\\/noticias\\\/#\\\/schema\\\/person\\\/3c6ac429828d1f5e3d3bd99f4da9b02c\"},\"description\":\"El Festival ofrecer\u00e1 m\u00e1s de 200 t\u00edtulos de cine de autor entre el 18 y el 26 de octubre de 2024 para convertir a Valladolid en la capital del cine\",\"breadcrumb\":{\"@id\":\"https:\\\/\\\/www.gruporecoletas.com\\\/noticias\\\/recoletas-salud-renueva-su-apoyo-a-la-semana-internacional-de-cine-de-valladolid\\\/#breadcrumb\"},\"inLanguage\":\"es\",\"potentialAction\":[{\"@type\":\"ReadAction\",\"target\":[\"https:\\\/\\\/www.gruporecoletas.com\\\/noticias\\\/recoletas-salud-renueva-su-apoyo-a-la-semana-internacional-de-cine-de-valladolid\\\/\"]}]},{\"@type\":\"ImageObject\",\"inLanguage\":\"es\",\"@id\":\"https:\\\/\\\/www.gruporecoletas.com\\\/noticias\\\/recoletas-salud-renueva-su-apoyo-a-la-semana-internacional-de-cine-de-valladolid\\\/#primaryimage\",\"url\":\"https:\\\/\\\/www.gruporecoletas.com\\\/noticias\\\/wp-content\\\/uploads\\\/2024\\\/10\\\/SEMINCI-WEB.png\",\"contentUrl\":\"https:\\\/\\\/www.gruporecoletas.com\\\/noticias\\\/wp-content\\\/uploads\\\/2024\\\/10\\\/SEMINCI-WEB.png\",\"width\":1366,\"height\":768,\"caption\":\"Recoletas Salud renueva su apoyo a la Semana Internacional de Cine de Valladolid\"},{\"@type\":\"BreadcrumbList\",\"@id\":\"https:\\\/\\\/www.gruporecoletas.com\\\/noticias\\\/recoletas-salud-renueva-su-apoyo-a-la-semana-internacional-de-cine-de-valladolid\\\/#breadcrumb\",\"itemListElement\":[{\"@type\":\"ListItem\",\"position\":1,\"name\":\"Portada\",\"item\":\"https:\\\/\\\/www.gruporecoletas.com\\\/noticias\\\/\"},{\"@type\":\"ListItem\",\"position\":2,\"name\":\"Recoletas Salud renueva su apoyo a la Semana Internacional de Cine de Valladolid\"}]},{\"@type\":\"WebSite\",\"@id\":\"https:\\\/\\\/www.gruporecoletas.com\\\/noticias\\\/#website\",\"url\":\"https:\\\/\\\/www.gruporecoletas.com\\\/noticias\\\/\",\"name\":\"Noticias Grupo Recoletas\",\"description\":\"Grupo Recoletas\",\"potentialAction\":[{\"@type\":\"SearchAction\",\"target\":{\"@type\":\"EntryPoint\",\"urlTemplate\":\"https:\\\/\\\/www.gruporecoletas.com\\\/noticias\\\/?s={search_term_string}\"},\"query-input\":{\"@type\":\"PropertyValueSpecification\",\"valueRequired\":true,\"valueName\":\"search_term_string\"}}],\"inLanguage\":\"es\"},{\"@type\":\"Person\",\"@id\":\"https:\\\/\\\/www.gruporecoletas.com\\\/noticias\\\/#\\\/schema\\\/person\\\/3c6ac429828d1f5e3d3bd99f4da9b02c\",\"name\":\"Recoletas Red Hospitalaria\",\"url\":\"https:\\\/\\\/www.gruporecoletas.com\\\/noticias\\\/author\\\/comunicacion\\\/\"}]}<\/script>\n<!-- \/ Yoast SEO Premium plugin. -->","yoast_head_json":{"title":"Recoletas Salud renueva su apoyo a la Semana Internacional de Cine de Valladolid - Noticias Grupo Recoletas","description":"El Festival ofrecer\u00e1 m\u00e1s de 200 t\u00edtulos de cine de autor entre el 18 y el 26 de octubre de 2024 para convertir a Valladolid en la capital del cine","robots":{"index":"index","follow":"follow","max-snippet":"max-snippet:-1","max-image-preview":"max-image-preview:large","max-video-preview":"max-video-preview:-1"},"canonical":"https:\/\/www.gruporecoletas.com\/noticias\/recoletas-salud-renueva-su-apoyo-a-la-semana-internacional-de-cine-de-valladolid\/","og_locale":"es_ES","og_type":"article","og_title":"Recoletas Salud renueva su apoyo a la Semana Internacional de Cine de Valladolid","og_description":"El Festival ofrecer\u00e1 m\u00e1s de 200 t\u00edtulos de cine de autor entre el 18 y el 26 de octubre de 2024 para convertir a Valladolid en la capital del cine","og_url":"https:\/\/www.gruporecoletas.com\/noticias\/recoletas-salud-renueva-su-apoyo-a-la-semana-internacional-de-cine-de-valladolid\/","og_site_name":"Noticias Grupo Recoletas","article_publisher":"https:\/\/www.facebook.com\/GrupoRecoletas\/","article_published_time":"2024-10-07T14:57:50+00:00","article_modified_time":"2024-10-07T14:57:51+00:00","og_image":[{"width":1366,"height":768,"url":"https:\/\/www.gruporecoletas.com\/noticias\/wp-content\/uploads\/2024\/10\/SEMINCI-WEB.png","type":"image\/png"}],"author":"Recoletas Red Hospitalaria","twitter_card":"summary_large_image","twitter_creator":"@GrupoRecoletas","twitter_site":"@GrupoRecoletas","twitter_misc":{"Escrito por":"Recoletas Red Hospitalaria","Tiempo de lectura":"2 minutos"},"schema":{"@context":"https:\/\/schema.org","@graph":[{"@type":"Article","@id":"https:\/\/www.gruporecoletas.com\/noticias\/recoletas-salud-renueva-su-apoyo-a-la-semana-internacional-de-cine-de-valladolid\/#article","isPartOf":{"@id":"https:\/\/www.gruporecoletas.com\/noticias\/recoletas-salud-renueva-su-apoyo-a-la-semana-internacional-de-cine-de-valladolid\/"},"author":{"name":"Recoletas Red Hospitalaria","@id":"https:\/\/www.gruporecoletas.com\/noticias\/#\/schema\/person\/3c6ac429828d1f5e3d3bd99f4da9b02c"},"headline":"Recoletas Salud renueva su apoyo a la Semana Internacional de Cine de Valladolid","datePublished":"2024-10-07T14:57:50+00:00","dateModified":"2024-10-07T14:57:51+00:00","mainEntityOfPage":{"@id":"https:\/\/www.gruporecoletas.com\/noticias\/recoletas-salud-renueva-su-apoyo-a-la-semana-internacional-de-cine-de-valladolid\/"},"wordCount":429,"image":{"@id":"https:\/\/www.gruporecoletas.com\/noticias\/recoletas-salud-renueva-su-apoyo-a-la-semana-internacional-de-cine-de-valladolid\/#primaryimage"},"thumbnailUrl":"https:\/\/www.gruporecoletas.com\/noticias\/wp-content\/uploads\/2024\/10\/SEMINCI-WEB.png","keywords":["Cultura","Patrocinios","Seminci"],"articleSection":["Centros","Grupo Recoletas","Publicaciones","Recoletas Salud","Valladolid"],"inLanguage":"es"},{"@type":"WebPage","@id":"https:\/\/www.gruporecoletas.com\/noticias\/recoletas-salud-renueva-su-apoyo-a-la-semana-internacional-de-cine-de-valladolid\/","url":"https:\/\/www.gruporecoletas.com\/noticias\/recoletas-salud-renueva-su-apoyo-a-la-semana-internacional-de-cine-de-valladolid\/","name":"Recoletas Salud renueva su apoyo a la Semana Internacional de Cine de Valladolid - Noticias Grupo Recoletas","isPartOf":{"@id":"https:\/\/www.gruporecoletas.com\/noticias\/#website"},"primaryImageOfPage":{"@id":"https:\/\/www.gruporecoletas.com\/noticias\/recoletas-salud-renueva-su-apoyo-a-la-semana-internacional-de-cine-de-valladolid\/#primaryimage"},"image":{"@id":"https:\/\/www.gruporecoletas.com\/noticias\/recoletas-salud-renueva-su-apoyo-a-la-semana-internacional-de-cine-de-valladolid\/#primaryimage"},"thumbnailUrl":"https:\/\/www.gruporecoletas.com\/noticias\/wp-content\/uploads\/2024\/10\/SEMINCI-WEB.png","datePublished":"2024-10-07T14:57:50+00:00","dateModified":"2024-10-07T14:57:51+00:00","author":{"@id":"https:\/\/www.gruporecoletas.com\/noticias\/#\/schema\/person\/3c6ac429828d1f5e3d3bd99f4da9b02c"},"description":"El Festival ofrecer\u00e1 m\u00e1s de 200 t\u00edtulos de cine de autor entre el 18 y el 26 de octubre de 2024 para convertir a Valladolid en la capital del cine","breadcrumb":{"@id":"https:\/\/www.gruporecoletas.com\/noticias\/recoletas-salud-renueva-su-apoyo-a-la-semana-internacional-de-cine-de-valladolid\/#breadcrumb"},"inLanguage":"es","potentialAction":[{"@type":"ReadAction","target":["https:\/\/www.gruporecoletas.com\/noticias\/recoletas-salud-renueva-su-apoyo-a-la-semana-internacional-de-cine-de-valladolid\/"]}]},{"@type":"ImageObject","inLanguage":"es","@id":"https:\/\/www.gruporecoletas.com\/noticias\/recoletas-salud-renueva-su-apoyo-a-la-semana-internacional-de-cine-de-valladolid\/#primaryimage","url":"https:\/\/www.gruporecoletas.com\/noticias\/wp-content\/uploads\/2024\/10\/SEMINCI-WEB.png","contentUrl":"https:\/\/www.gruporecoletas.com\/noticias\/wp-content\/uploads\/2024\/10\/SEMINCI-WEB.png","width":1366,"height":768,"caption":"Recoletas Salud renueva su apoyo a la Semana Internacional de Cine de Valladolid"},{"@type":"BreadcrumbList","@id":"https:\/\/www.gruporecoletas.com\/noticias\/recoletas-salud-renueva-su-apoyo-a-la-semana-internacional-de-cine-de-valladolid\/#breadcrumb","itemListElement":[{"@type":"ListItem","position":1,"name":"Portada","item":"https:\/\/www.gruporecoletas.com\/noticias\/"},{"@type":"ListItem","position":2,"name":"Recoletas Salud renueva su apoyo a la Semana Internacional de Cine de Valladolid"}]},{"@type":"WebSite","@id":"https:\/\/www.gruporecoletas.com\/noticias\/#website","url":"https:\/\/www.gruporecoletas.com\/noticias\/","name":"Noticias Grupo Recoletas","description":"Grupo Recoletas","potentialAction":[{"@type":"SearchAction","target":{"@type":"EntryPoint","urlTemplate":"https:\/\/www.gruporecoletas.com\/noticias\/?s={search_term_string}"},"query-input":{"@type":"PropertyValueSpecification","valueRequired":true,"valueName":"search_term_string"}}],"inLanguage":"es"},{"@type":"Person","@id":"https:\/\/www.gruporecoletas.com\/noticias\/#\/schema\/person\/3c6ac429828d1f5e3d3bd99f4da9b02c","name":"Recoletas Red Hospitalaria","url":"https:\/\/www.gruporecoletas.com\/noticias\/author\/comunicacion\/"}]}},"_links":{"self":[{"href":"https:\/\/www.gruporecoletas.com\/noticias\/wp-json\/wp\/v2\/posts\/16509","targetHints":{"allow":["GET"]}}],"collection":[{"href":"https:\/\/www.gruporecoletas.com\/noticias\/wp-json\/wp\/v2\/posts"}],"about":[{"href":"https:\/\/www.gruporecoletas.com\/noticias\/wp-json\/wp\/v2\/types\/post"}],"author":[{"embeddable":true,"href":"https:\/\/www.gruporecoletas.com\/noticias\/wp-json\/wp\/v2\/users\/2"}],"replies":[{"embeddable":true,"href":"https:\/\/www.gruporecoletas.com\/noticias\/wp-json\/wp\/v2\/comments?post=16509"}],"version-history":[{"count":1,"href":"https:\/\/www.gruporecoletas.com\/noticias\/wp-json\/wp\/v2\/posts\/16509\/revisions"}],"predecessor-version":[{"id":16511,"href":"https:\/\/www.gruporecoletas.com\/noticias\/wp-json\/wp\/v2\/posts\/16509\/revisions\/16511"}],"wp:featuredmedia":[{"embeddable":true,"href":"https:\/\/www.gruporecoletas.com\/noticias\/wp-json\/wp\/v2\/media\/16510"}],"wp:attachment":[{"href":"https:\/\/www.gruporecoletas.com\/noticias\/wp-json\/wp\/v2\/media?parent=16509"}],"wp:term":[{"taxonomy":"category","embeddable":true,"href":"https:\/\/www.gruporecoletas.com\/noticias\/wp-json\/wp\/v2\/categories?post=16509"},{"taxonomy":"post_tag","embeddable":true,"href":"https:\/\/www.gruporecoletas.com\/noticias\/wp-json\/wp\/v2\/tags?post=16509"}],"curies":[{"name":"wp","href":"https:\/\/api.w.org\/{rel}","templated":true}]}}