{"id":16523,"date":"2024-10-28T17:16:00","date_gmt":"2024-10-28T16:16:00","guid":{"rendered":"https:\/\/www.gruporecoletas.com\/noticias\/?p=16523"},"modified":"2024-10-29T10:17:59","modified_gmt":"2024-10-29T09:17:59","slug":"oscar-iglesias-libro-blanco-para-el-desarrollo-de-salamanca","status":"publish","type":"post","link":"https:\/\/www.gruporecoletas.com\/noticias\/oscar-iglesias-libro-blanco-para-el-desarrollo-de-salamanca\/","title":{"rendered":"El director territorial de Recoletas Salud y director de Recoletas Salud Zamora, \u00d3scar Iglesias, ha participado hoy en la quinta edici\u00f3n del congreso para la elaboraci\u00f3n del Libro Blanco para el Desarrollo de Salamanca organizada por La Gaceta de Salamanca."},"content":{"rendered":"\n<h3 class=\"wp-block-heading\">\u00d3scar Iglesias ha formado parte de la Mesa redonda \u00abSalamanca ante la oportunidad de consolidarse como l\u00edder en biotecnolog\u00eda, IA, realidad virtual o l\u00e1ser. Iniciativas para apoyar la investigaci\u00f3n y la innovaci\u00f3n\u00bb<\/h3>\n\n\n\n<p>Durante esta jornada, ha puesto sobre la mesa las oportunidades que Recoletas Salud aporta para el desarrollo, la investigaci\u00f3n y la innovaci\u00f3n. Recoletas Salud est\u00e1 construyendo un nuevo hospital tecnol\u00f3gico y cient\u00edfico en Carbajosa de la Sagrada de casi 16.000 metros cuadrados que ofrecer\u00e1 calidad y oportunidades a la poblaci\u00f3n salmantina. All\u00ed, trabajar\u00e1n alrededor de 150 profesionales m\u00e9dicos de alrededor de 40 especialidades m\u00e9dicas diferentes, as\u00ed como otro centenar de personas entre personal socio sanitario, administraci\u00f3n y gesti\u00f3n. Un equipamiento m\u00e9dico y quir\u00fargico de \u00faltima generaci\u00f3n al servicio de la medicina y de la poblaci\u00f3n salmantina. Adem\u00e1s, \u00d3scar Iglesias ha destacado la labor que est\u00e1 realizando el equipo del departamento de I+D del Grupo Recoletas Salud y ha se\u00f1alado que el nuevo hospital cuenta con las caracter\u00edsticas necesarias para liderar en un futuro proyectos de I+D y convertirse en centro de referencia en este campo en terapias o tratamientos.<\/p>\n\n\n\n<p>La mesa que ha sido moderada por Juli\u00e1n Ballestero, director de La Gaceta de Salamanca ha contado con ponentes expertos relacionados con el \u00e1mbito institucional como Alejandro V\u00e1zquez Ramos, consejero de Sanidad de la <strong>Junta de Castilla y Le\u00f3n<\/strong>; Pedro Mart\u00ednez C\u00f3rdoba, concejal de Promoci\u00f3n Econ\u00f3mica, Comercio, Mercados y Juventud del <strong>Ayuntamiento de Salamanca<\/strong>, Enrique Cabero Mor\u00e1n, <strong>presidente del Consejo Econ\u00f3mico y Social de Castilla y Le\u00f3n<\/strong> y Federico Bueno de Mata, <strong>vicerrector de Transferencia, Innovaci\u00f3n y Emprendimiento de la Universidad Salamanca, <\/strong>as\u00ed como del \u00e1mbito cient\u00edfico, financiero y empresarial: Luis Garc\u00eda Ortiz, director cient\u00edfico del <strong>IBSAL<\/strong>, Carmen Paredes Haya, directora de Desarrollo Exponencial de <strong>ENUSA<\/strong>, Pedro Garc\u00eda Garc\u00eda, director del <strong>Centro de L\u00e1seres Pulsados, <\/strong>D. Jos\u00e9 Portela Guti\u00e9rrez, director comercial de Empresas en Castilla y Le\u00f3n de <strong>CaixaBank, \u00d3scar Iglesias Gonz\u00e1lez, director territorial de Recoletas Salud, <\/strong>D. Juli\u00e1n Herrero Gonz\u00e1lez, presidente de <strong>MEINS<\/strong><\/p>\n\n\n\n<p>Todos ellos, junto con los dem\u00e1s participantes de las diferentes mesas redondas participar\u00e1n en la elaboraci\u00f3n de las medidas dirigidas a fomentar el avance de la econom\u00eda salmantina.<\/p>\n\n\n\n<p>Las conclusiones de esos seis foros de debate ser\u00e1n recogidas en una publicaci\u00f3n que LA GACETA remitir\u00e1 a las administraciones implicadas, as\u00ed como a los representantes de los sectores econ\u00f3micos afectados por los proyectos de recuperaci\u00f3n de la econom\u00eda.<\/p>\n","protected":false},"excerpt":{"rendered":"<p>\u00d3scar Iglesias ha formado parte de la Mesa redonda \u00abSalamanca ante la oportunidad de consolidarse como l\u00edder en biotecnolog\u00eda, IA, realidad virtual o l\u00e1ser. Iniciativas para apoyar la investigaci\u00f3n y la innovaci\u00f3n\u00bb Durante esta jornada, ha puesto sobre la mesa las oportunidades que Recoletas Salud aporta para el desarrollo, la investigaci\u00f3n y la innovaci\u00f3n. Recoletas [&hellip;]<\/p>\n","protected":false},"author":2,"featured_media":16524,"comment_status":"closed","ping_status":"closed","sticky":false,"template":"","format":"standard","meta":{"_acf_changed":false,"footnotes":""},"categories":[43,42],"tags":[3268,3406],"class_list":["post-16523","post","type-post","status-publish","format-standard","has-post-thumbnail","hentry","category-centros","category-recoletas-salud","tag-recoletas-salud","tag-salamanca"],"acf":[],"yoast_head":"<!-- This site is optimized with the Yoast SEO Premium plugin v27.3 (Yoast SEO v27.3) - https:\/\/yoast.com\/product\/yoast-seo-premium-wordpress\/ -->\n<title>El director territorial de Recoletas Salud y director de Recoletas Salud Zamora, \u00d3scar Iglesias, ha participado hoy en la quinta edici\u00f3n del congreso para la elaboraci\u00f3n del Libro Blanco para el Desarrollo de Salamanca organizada por La Gaceta de Salamanca. - Noticias Grupo Recoletas<\/title>\n<meta name=\"robots\" content=\"index, follow, max-snippet:-1, max-image-preview:large, max-video-preview:-1\" \/>\n<link rel=\"canonical\" href=\"https:\/\/www.gruporecoletas.com\/noticias\/oscar-iglesias-libro-blanco-para-el-desarrollo-de-salamanca\/\" \/>\n<meta property=\"og:locale\" content=\"es_ES\" \/>\n<meta property=\"og:type\" content=\"article\" \/>\n<meta property=\"og:title\" content=\"El director territorial de Recoletas Salud y director de Recoletas Salud Zamora, \u00d3scar Iglesias, ha participado hoy en la quinta edici\u00f3n del congreso para la elaboraci\u00f3n del Libro Blanco para el Desarrollo de Salamanca organizada por La Gaceta de Salamanca.\" \/>\n<meta property=\"og:description\" content=\"\u00d3scar Iglesias ha formado parte de la Mesa redonda \u00abSalamanca ante la oportunidad de consolidarse como l\u00edder en biotecnolog\u00eda, IA, realidad virtual o l\u00e1ser. Iniciativas para apoyar la investigaci\u00f3n y la innovaci\u00f3n\u00bb Durante esta jornada, ha puesto sobre la mesa las oportunidades que Recoletas Salud aporta para el desarrollo, la investigaci\u00f3n y la innovaci\u00f3n. Recoletas [&hellip;]\" \/>\n<meta property=\"og:url\" content=\"https:\/\/www.gruporecoletas.com\/noticias\/oscar-iglesias-libro-blanco-para-el-desarrollo-de-salamanca\/\" \/>\n<meta property=\"og:site_name\" content=\"Noticias Grupo Recoletas\" \/>\n<meta property=\"article:publisher\" content=\"https:\/\/www.facebook.com\/GrupoRecoletas\/\" \/>\n<meta property=\"article:published_time\" content=\"2024-10-28T16:16:00+00:00\" \/>\n<meta property=\"article:modified_time\" content=\"2024-10-29T09:17:59+00:00\" \/>\n<meta property=\"og:image\" content=\"https:\/\/www.gruporecoletas.com\/noticias\/wp-content\/uploads\/2024\/10\/Oscar-Iglesias-Libro-Blanco-para-el-Desarrollo-de-Salamanca.jpg\" \/>\n\t<meta property=\"og:image:width\" content=\"1366\" \/>\n\t<meta property=\"og:image:height\" content=\"768\" \/>\n\t<meta property=\"og:image:type\" content=\"image\/jpeg\" \/>\n<meta name=\"author\" content=\"Recoletas Red Hospitalaria\" \/>\n<meta name=\"twitter:card\" content=\"summary_large_image\" \/>\n<meta name=\"twitter:creator\" content=\"@GrupoRecoletas\" \/>\n<meta name=\"twitter:site\" content=\"@GrupoRecoletas\" \/>\n<meta name=\"twitter:label1\" content=\"Escrito por\" \/>\n\t<meta name=\"twitter:data1\" content=\"Recoletas Red Hospitalaria\" \/>\n\t<meta name=\"twitter:label2\" content=\"Tiempo de lectura\" \/>\n\t<meta name=\"twitter:data2\" content=\"2 minutos\" \/>\n<script type=\"application\/ld+json\" class=\"yoast-schema-graph\">{\"@context\":\"https:\\\/\\\/schema.org\",\"@graph\":[{\"@type\":\"Article\",\"@id\":\"https:\\\/\\\/www.gruporecoletas.com\\\/noticias\\\/oscar-iglesias-libro-blanco-para-el-desarrollo-de-salamanca\\\/#article\",\"isPartOf\":{\"@id\":\"https:\\\/\\\/www.gruporecoletas.com\\\/noticias\\\/oscar-iglesias-libro-blanco-para-el-desarrollo-de-salamanca\\\/\"},\"author\":{\"name\":\"Recoletas Red Hospitalaria\",\"@id\":\"https:\\\/\\\/www.gruporecoletas.com\\\/noticias\\\/#\\\/schema\\\/person\\\/3c6ac429828d1f5e3d3bd99f4da9b02c\"},\"headline\":\"El director territorial de Recoletas Salud y director de Recoletas Salud Zamora, \u00d3scar Iglesias, ha participado hoy en la quinta edici\u00f3n del congreso para la elaboraci\u00f3n del Libro Blanco para el Desarrollo de Salamanca organizada por La Gaceta de Salamanca.\",\"datePublished\":\"2024-10-28T16:16:00+00:00\",\"dateModified\":\"2024-10-29T09:17:59+00:00\",\"mainEntityOfPage\":{\"@id\":\"https:\\\/\\\/www.gruporecoletas.com\\\/noticias\\\/oscar-iglesias-libro-blanco-para-el-desarrollo-de-salamanca\\\/\"},\"wordCount\":486,\"image\":{\"@id\":\"https:\\\/\\\/www.gruporecoletas.com\\\/noticias\\\/oscar-iglesias-libro-blanco-para-el-desarrollo-de-salamanca\\\/#primaryimage\"},\"thumbnailUrl\":\"https:\\\/\\\/www.gruporecoletas.com\\\/noticias\\\/wp-content\\\/uploads\\\/2024\\\/10\\\/Oscar-Iglesias-Libro-Blanco-para-el-Desarrollo-de-Salamanca.jpg\",\"keywords\":[\"Recoletas Salud\",\"Salamanca\"],\"articleSection\":[\"Centros\",\"Recoletas Salud\"],\"inLanguage\":\"es\"},{\"@type\":\"WebPage\",\"@id\":\"https:\\\/\\\/www.gruporecoletas.com\\\/noticias\\\/oscar-iglesias-libro-blanco-para-el-desarrollo-de-salamanca\\\/\",\"url\":\"https:\\\/\\\/www.gruporecoletas.com\\\/noticias\\\/oscar-iglesias-libro-blanco-para-el-desarrollo-de-salamanca\\\/\",\"name\":\"El director territorial de Recoletas Salud y director de Recoletas Salud Zamora, \u00d3scar Iglesias, ha participado hoy en la quinta edici\u00f3n del congreso para la elaboraci\u00f3n del Libro Blanco para el Desarrollo de Salamanca organizada por La Gaceta de Salamanca. - Noticias Grupo Recoletas\",\"isPartOf\":{\"@id\":\"https:\\\/\\\/www.gruporecoletas.com\\\/noticias\\\/#website\"},\"primaryImageOfPage\":{\"@id\":\"https:\\\/\\\/www.gruporecoletas.com\\\/noticias\\\/oscar-iglesias-libro-blanco-para-el-desarrollo-de-salamanca\\\/#primaryimage\"},\"image\":{\"@id\":\"https:\\\/\\\/www.gruporecoletas.com\\\/noticias\\\/oscar-iglesias-libro-blanco-para-el-desarrollo-de-salamanca\\\/#primaryimage\"},\"thumbnailUrl\":\"https:\\\/\\\/www.gruporecoletas.com\\\/noticias\\\/wp-content\\\/uploads\\\/2024\\\/10\\\/Oscar-Iglesias-Libro-Blanco-para-el-Desarrollo-de-Salamanca.jpg\",\"datePublished\":\"2024-10-28T16:16:00+00:00\",\"dateModified\":\"2024-10-29T09:17:59+00:00\",\"author\":{\"@id\":\"https:\\\/\\\/www.gruporecoletas.com\\\/noticias\\\/#\\\/schema\\\/person\\\/3c6ac429828d1f5e3d3bd99f4da9b02c\"},\"breadcrumb\":{\"@id\":\"https:\\\/\\\/www.gruporecoletas.com\\\/noticias\\\/oscar-iglesias-libro-blanco-para-el-desarrollo-de-salamanca\\\/#breadcrumb\"},\"inLanguage\":\"es\",\"potentialAction\":[{\"@type\":\"ReadAction\",\"target\":[\"https:\\\/\\\/www.gruporecoletas.com\\\/noticias\\\/oscar-iglesias-libro-blanco-para-el-desarrollo-de-salamanca\\\/\"]}]},{\"@type\":\"ImageObject\",\"inLanguage\":\"es\",\"@id\":\"https:\\\/\\\/www.gruporecoletas.com\\\/noticias\\\/oscar-iglesias-libro-blanco-para-el-desarrollo-de-salamanca\\\/#primaryimage\",\"url\":\"https:\\\/\\\/www.gruporecoletas.com\\\/noticias\\\/wp-content\\\/uploads\\\/2024\\\/10\\\/Oscar-Iglesias-Libro-Blanco-para-el-Desarrollo-de-Salamanca.jpg\",\"contentUrl\":\"https:\\\/\\\/www.gruporecoletas.com\\\/noticias\\\/wp-content\\\/uploads\\\/2024\\\/10\\\/Oscar-Iglesias-Libro-Blanco-para-el-Desarrollo-de-Salamanca.jpg\",\"width\":1366,\"height\":768,\"caption\":\"\u00d3scar Iglesias-Libro Blanco para el Desarrollo de Salamanca Recoletas Salud\"},{\"@type\":\"BreadcrumbList\",\"@id\":\"https:\\\/\\\/www.gruporecoletas.com\\\/noticias\\\/oscar-iglesias-libro-blanco-para-el-desarrollo-de-salamanca\\\/#breadcrumb\",\"itemListElement\":[{\"@type\":\"ListItem\",\"position\":1,\"name\":\"Portada\",\"item\":\"https:\\\/\\\/www.gruporecoletas.com\\\/noticias\\\/\"},{\"@type\":\"ListItem\",\"position\":2,\"name\":\"El director territorial de Recoletas Salud y director de Recoletas Salud Zamora, \u00d3scar Iglesias, ha participado hoy en la quinta edici\u00f3n del congreso para la elaboraci\u00f3n del Libro Blanco para el Desarrollo de Salamanca organizada por La Gaceta de Salamanca.\"}]},{\"@type\":\"WebSite\",\"@id\":\"https:\\\/\\\/www.gruporecoletas.com\\\/noticias\\\/#website\",\"url\":\"https:\\\/\\\/www.gruporecoletas.com\\\/noticias\\\/\",\"name\":\"Noticias Grupo Recoletas\",\"description\":\"Grupo Recoletas\",\"potentialAction\":[{\"@type\":\"SearchAction\",\"target\":{\"@type\":\"EntryPoint\",\"urlTemplate\":\"https:\\\/\\\/www.gruporecoletas.com\\\/noticias\\\/?s={search_term_string}\"},\"query-input\":{\"@type\":\"PropertyValueSpecification\",\"valueRequired\":true,\"valueName\":\"search_term_string\"}}],\"inLanguage\":\"es\"},{\"@type\":\"Person\",\"@id\":\"https:\\\/\\\/www.gruporecoletas.com\\\/noticias\\\/#\\\/schema\\\/person\\\/3c6ac429828d1f5e3d3bd99f4da9b02c\",\"name\":\"Recoletas Red Hospitalaria\",\"url\":\"https:\\\/\\\/www.gruporecoletas.com\\\/noticias\\\/author\\\/comunicacion\\\/\"}]}<\/script>\n<!-- \/ Yoast SEO Premium plugin. -->","yoast_head_json":{"title":"El director territorial de Recoletas Salud y director de Recoletas Salud Zamora, \u00d3scar Iglesias, ha participado hoy en la quinta edici\u00f3n del congreso para la elaboraci\u00f3n del Libro Blanco para el Desarrollo de Salamanca organizada por La Gaceta de Salamanca. - Noticias Grupo Recoletas","robots":{"index":"index","follow":"follow","max-snippet":"max-snippet:-1","max-image-preview":"max-image-preview:large","max-video-preview":"max-video-preview:-1"},"canonical":"https:\/\/www.gruporecoletas.com\/noticias\/oscar-iglesias-libro-blanco-para-el-desarrollo-de-salamanca\/","og_locale":"es_ES","og_type":"article","og_title":"El director territorial de Recoletas Salud y director de Recoletas Salud Zamora, \u00d3scar Iglesias, ha participado hoy en la quinta edici\u00f3n del congreso para la elaboraci\u00f3n del Libro Blanco para el Desarrollo de Salamanca organizada por La Gaceta de Salamanca.","og_description":"\u00d3scar Iglesias ha formado parte de la Mesa redonda \u00abSalamanca ante la oportunidad de consolidarse como l\u00edder en biotecnolog\u00eda, IA, realidad virtual o l\u00e1ser. Iniciativas para apoyar la investigaci\u00f3n y la innovaci\u00f3n\u00bb Durante esta jornada, ha puesto sobre la mesa las oportunidades que Recoletas Salud aporta para el desarrollo, la investigaci\u00f3n y la innovaci\u00f3n. Recoletas [&hellip;]","og_url":"https:\/\/www.gruporecoletas.com\/noticias\/oscar-iglesias-libro-blanco-para-el-desarrollo-de-salamanca\/","og_site_name":"Noticias Grupo Recoletas","article_publisher":"https:\/\/www.facebook.com\/GrupoRecoletas\/","article_published_time":"2024-10-28T16:16:00+00:00","article_modified_time":"2024-10-29T09:17:59+00:00","og_image":[{"width":1366,"height":768,"url":"https:\/\/www.gruporecoletas.com\/noticias\/wp-content\/uploads\/2024\/10\/Oscar-Iglesias-Libro-Blanco-para-el-Desarrollo-de-Salamanca.jpg","type":"image\/jpeg"}],"author":"Recoletas Red Hospitalaria","twitter_card":"summary_large_image","twitter_creator":"@GrupoRecoletas","twitter_site":"@GrupoRecoletas","twitter_misc":{"Escrito por":"Recoletas Red Hospitalaria","Tiempo de lectura":"2 minutos"},"schema":{"@context":"https:\/\/schema.org","@graph":[{"@type":"Article","@id":"https:\/\/www.gruporecoletas.com\/noticias\/oscar-iglesias-libro-blanco-para-el-desarrollo-de-salamanca\/#article","isPartOf":{"@id":"https:\/\/www.gruporecoletas.com\/noticias\/oscar-iglesias-libro-blanco-para-el-desarrollo-de-salamanca\/"},"author":{"name":"Recoletas Red Hospitalaria","@id":"https:\/\/www.gruporecoletas.com\/noticias\/#\/schema\/person\/3c6ac429828d1f5e3d3bd99f4da9b02c"},"headline":"El director territorial de Recoletas Salud y director de Recoletas Salud Zamora, \u00d3scar Iglesias, ha participado hoy en la quinta edici\u00f3n del congreso para la elaboraci\u00f3n del Libro Blanco para el Desarrollo de Salamanca organizada por La Gaceta de Salamanca.","datePublished":"2024-10-28T16:16:00+00:00","dateModified":"2024-10-29T09:17:59+00:00","mainEntityOfPage":{"@id":"https:\/\/www.gruporecoletas.com\/noticias\/oscar-iglesias-libro-blanco-para-el-desarrollo-de-salamanca\/"},"wordCount":486,"image":{"@id":"https:\/\/www.gruporecoletas.com\/noticias\/oscar-iglesias-libro-blanco-para-el-desarrollo-de-salamanca\/#primaryimage"},"thumbnailUrl":"https:\/\/www.gruporecoletas.com\/noticias\/wp-content\/uploads\/2024\/10\/Oscar-Iglesias-Libro-Blanco-para-el-Desarrollo-de-Salamanca.jpg","keywords":["Recoletas Salud","Salamanca"],"articleSection":["Centros","Recoletas Salud"],"inLanguage":"es"},{"@type":"WebPage","@id":"https:\/\/www.gruporecoletas.com\/noticias\/oscar-iglesias-libro-blanco-para-el-desarrollo-de-salamanca\/","url":"https:\/\/www.gruporecoletas.com\/noticias\/oscar-iglesias-libro-blanco-para-el-desarrollo-de-salamanca\/","name":"El director territorial de Recoletas Salud y director de Recoletas Salud Zamora, \u00d3scar Iglesias, ha participado hoy en la quinta edici\u00f3n del congreso para la elaboraci\u00f3n del Libro Blanco para el Desarrollo de Salamanca organizada por La Gaceta de Salamanca. - Noticias Grupo Recoletas","isPartOf":{"@id":"https:\/\/www.gruporecoletas.com\/noticias\/#website"},"primaryImageOfPage":{"@id":"https:\/\/www.gruporecoletas.com\/noticias\/oscar-iglesias-libro-blanco-para-el-desarrollo-de-salamanca\/#primaryimage"},"image":{"@id":"https:\/\/www.gruporecoletas.com\/noticias\/oscar-iglesias-libro-blanco-para-el-desarrollo-de-salamanca\/#primaryimage"},"thumbnailUrl":"https:\/\/www.gruporecoletas.com\/noticias\/wp-content\/uploads\/2024\/10\/Oscar-Iglesias-Libro-Blanco-para-el-Desarrollo-de-Salamanca.jpg","datePublished":"2024-10-28T16:16:00+00:00","dateModified":"2024-10-29T09:17:59+00:00","author":{"@id":"https:\/\/www.gruporecoletas.com\/noticias\/#\/schema\/person\/3c6ac429828d1f5e3d3bd99f4da9b02c"},"breadcrumb":{"@id":"https:\/\/www.gruporecoletas.com\/noticias\/oscar-iglesias-libro-blanco-para-el-desarrollo-de-salamanca\/#breadcrumb"},"inLanguage":"es","potentialAction":[{"@type":"ReadAction","target":["https:\/\/www.gruporecoletas.com\/noticias\/oscar-iglesias-libro-blanco-para-el-desarrollo-de-salamanca\/"]}]},{"@type":"ImageObject","inLanguage":"es","@id":"https:\/\/www.gruporecoletas.com\/noticias\/oscar-iglesias-libro-blanco-para-el-desarrollo-de-salamanca\/#primaryimage","url":"https:\/\/www.gruporecoletas.com\/noticias\/wp-content\/uploads\/2024\/10\/Oscar-Iglesias-Libro-Blanco-para-el-Desarrollo-de-Salamanca.jpg","contentUrl":"https:\/\/www.gruporecoletas.com\/noticias\/wp-content\/uploads\/2024\/10\/Oscar-Iglesias-Libro-Blanco-para-el-Desarrollo-de-Salamanca.jpg","width":1366,"height":768,"caption":"\u00d3scar Iglesias-Libro Blanco para el Desarrollo de Salamanca Recoletas Salud"},{"@type":"BreadcrumbList","@id":"https:\/\/www.gruporecoletas.com\/noticias\/oscar-iglesias-libro-blanco-para-el-desarrollo-de-salamanca\/#breadcrumb","itemListElement":[{"@type":"ListItem","position":1,"name":"Portada","item":"https:\/\/www.gruporecoletas.com\/noticias\/"},{"@type":"ListItem","position":2,"name":"El director territorial de Recoletas Salud y director de Recoletas Salud Zamora, \u00d3scar Iglesias, ha participado hoy en la quinta edici\u00f3n del congreso para la elaboraci\u00f3n del Libro Blanco para el Desarrollo de Salamanca organizada por La Gaceta de Salamanca."}]},{"@type":"WebSite","@id":"https:\/\/www.gruporecoletas.com\/noticias\/#website","url":"https:\/\/www.gruporecoletas.com\/noticias\/","name":"Noticias Grupo Recoletas","description":"Grupo Recoletas","potentialAction":[{"@type":"SearchAction","target":{"@type":"EntryPoint","urlTemplate":"https:\/\/www.gruporecoletas.com\/noticias\/?s={search_term_string}"},"query-input":{"@type":"PropertyValueSpecification","valueRequired":true,"valueName":"search_term_string"}}],"inLanguage":"es"},{"@type":"Person","@id":"https:\/\/www.gruporecoletas.com\/noticias\/#\/schema\/person\/3c6ac429828d1f5e3d3bd99f4da9b02c","name":"Recoletas Red Hospitalaria","url":"https:\/\/www.gruporecoletas.com\/noticias\/author\/comunicacion\/"}]}},"_links":{"self":[{"href":"https:\/\/www.gruporecoletas.com\/noticias\/wp-json\/wp\/v2\/posts\/16523","targetHints":{"allow":["GET"]}}],"collection":[{"href":"https:\/\/www.gruporecoletas.com\/noticias\/wp-json\/wp\/v2\/posts"}],"about":[{"href":"https:\/\/www.gruporecoletas.com\/noticias\/wp-json\/wp\/v2\/types\/post"}],"author":[{"embeddable":true,"href":"https:\/\/www.gruporecoletas.com\/noticias\/wp-json\/wp\/v2\/users\/2"}],"replies":[{"embeddable":true,"href":"https:\/\/www.gruporecoletas.com\/noticias\/wp-json\/wp\/v2\/comments?post=16523"}],"version-history":[{"count":1,"href":"https:\/\/www.gruporecoletas.com\/noticias\/wp-json\/wp\/v2\/posts\/16523\/revisions"}],"predecessor-version":[{"id":16525,"href":"https:\/\/www.gruporecoletas.com\/noticias\/wp-json\/wp\/v2\/posts\/16523\/revisions\/16525"}],"wp:featuredmedia":[{"embeddable":true,"href":"https:\/\/www.gruporecoletas.com\/noticias\/wp-json\/wp\/v2\/media\/16524"}],"wp:attachment":[{"href":"https:\/\/www.gruporecoletas.com\/noticias\/wp-json\/wp\/v2\/media?parent=16523"}],"wp:term":[{"taxonomy":"category","embeddable":true,"href":"https:\/\/www.gruporecoletas.com\/noticias\/wp-json\/wp\/v2\/categories?post=16523"},{"taxonomy":"post_tag","embeddable":true,"href":"https:\/\/www.gruporecoletas.com\/noticias\/wp-json\/wp\/v2\/tags?post=16523"}],"curies":[{"name":"wp","href":"https:\/\/api.w.org\/{rel}","templated":true}]}}