{"id":16536,"date":"2024-11-13T08:28:18","date_gmt":"2024-11-13T07:28:18","guid":{"rendered":"https:\/\/www.gruporecoletas.com\/noticias\/?p=16536"},"modified":"2024-11-13T08:28:19","modified_gmt":"2024-11-13T07:28:19","slug":"el-doctor-diego-arias-es-el-nuevo-gerente-de-clinica-ponferrada-recoletas-salud","status":"publish","type":"post","link":"https:\/\/www.gruporecoletas.com\/noticias\/el-doctor-diego-arias-es-el-nuevo-gerente-de-clinica-ponferrada-recoletas-salud\/","title":{"rendered":"El doctor Diego Arias es el nuevo gerente de Cl\u00ednica Ponferrada Recoletas Salud"},"content":{"rendered":"\n<h3 class=\"wp-block-heading\"><strong><em>Carmen Rodr\u00edguez se ocupa desde hace meses de la gerencia del Hospital Recoletas Salud de Marbella<\/em><\/strong><\/h3>\n\n\n\n<p>El doctor Diego Arias es desde el d\u00eda de hoy el nuevo gerente de la <a href=\"https:\/\/clinicaponferrada.es\/\">Cl\u00ednica Ponferrada<\/a> Recoletas Salud en sustituci\u00f3n de Carmen Rodr\u00edguez quien desde hace meses ven\u00eda compatibilizando su cargo con la gerencia del Hospital Recoletas Salud de Marbella.<\/p>\n\n\n\n<p>Diego Arias es licenciado en Medicina por la Facultad de Medicina de Valladolid, especialista en Anestesiolog\u00eda, Reanimaci\u00f3n y Tratamiento del Dolor y Doctor en trasplante de \u00d3rganos y Tejidos.<\/p>\n\n\n\n<p>Desde el a\u00f1o el a\u00f1o 2008 y hasta julio de 2022 estuvo trabajando en el Hospital Universitario El Bierzo, en donde ejerci\u00f3 como Jefe de Servicio, Jefe de Unidad y Coordinador Quir\u00fargico.&nbsp;<\/p>\n\n\n\n<p>Fue coordinador m\u00e9dico de Cl\u00ednica Ponferrada desde diciembre del 2020 hasta julio del 2022 momento en el que fue nombrado director m\u00e9dico.<\/p>\n\n\n\n<p>El flamante gerente asume su nueva responsabilidad con gran ilusi\u00f3n por seguir avanzando por la senda que se inici\u00f3 hace casi cinco a\u00f1os de la mano de Recoletas Salud y que ha consolidado a Cl\u00ednica Ponferrada como el principal referente de salud privada de calidad de todo el Bierzo y de buena parte de la provincia de Le\u00f3n.<\/p>\n\n\n\n<p>En el acto de presentaci\u00f3n del nuevo gerente a los medios de comunicaci\u00f3n y al personal de Cl\u00ednica Ponferrada, el Dr. Arias ha estado acompa\u00f1ado por Carmen Rodr\u00edguez y el presidente de Recoletas Salud, Amando Rodr\u00edguez.<\/p>\n","protected":false},"excerpt":{"rendered":"<p>Carmen Rodr\u00edguez se ocupa desde hace meses de la gerencia del Hospital Recoletas Salud de Marbella El doctor Diego Arias es desde el d\u00eda de hoy el nuevo gerente de la Cl\u00ednica Ponferrada Recoletas Salud en sustituci\u00f3n de Carmen Rodr\u00edguez quien desde hace meses ven\u00eda compatibilizando su cargo con la gerencia del Hospital Recoletas Salud [&hellip;]<\/p>\n","protected":false},"author":2,"featured_media":16537,"comment_status":"closed","ping_status":"closed","sticky":false,"template":"","format":"standard","meta":{"_acf_changed":false,"footnotes":""},"categories":[3091,42],"tags":[3428,3429],"class_list":["post-16536","post","type-post","status-publish","format-standard","has-post-thumbnail","hentry","category-ponferrada","category-recoletas-salud","tag-clinica-ponferrada","tag-gerencia"],"acf":[],"yoast_head":"<!-- This site is optimized with the Yoast SEO Premium plugin v27.3 (Yoast SEO v27.3) - https:\/\/yoast.com\/product\/yoast-seo-premium-wordpress\/ -->\n<title>El doctor Diego Arias es el nuevo gerente de Cl\u00ednica Ponferrada Recoletas Salud - Noticias Grupo Recoletas<\/title>\n<meta name=\"robots\" content=\"index, follow, max-snippet:-1, max-image-preview:large, max-video-preview:-1\" \/>\n<link rel=\"canonical\" href=\"https:\/\/www.gruporecoletas.com\/noticias\/el-doctor-diego-arias-es-el-nuevo-gerente-de-clinica-ponferrada-recoletas-salud\/\" \/>\n<meta property=\"og:locale\" content=\"es_ES\" \/>\n<meta property=\"og:type\" content=\"article\" \/>\n<meta property=\"og:title\" content=\"El doctor Diego Arias es el nuevo gerente de Cl\u00ednica Ponferrada Recoletas Salud\" \/>\n<meta property=\"og:description\" content=\"Carmen Rodr\u00edguez se ocupa desde hace meses de la gerencia del Hospital Recoletas Salud de Marbella El doctor Diego Arias es desde el d\u00eda de hoy el nuevo gerente de la Cl\u00ednica Ponferrada Recoletas Salud en sustituci\u00f3n de Carmen Rodr\u00edguez quien desde hace meses ven\u00eda compatibilizando su cargo con la gerencia del Hospital Recoletas Salud [&hellip;]\" \/>\n<meta property=\"og:url\" content=\"https:\/\/www.gruporecoletas.com\/noticias\/el-doctor-diego-arias-es-el-nuevo-gerente-de-clinica-ponferrada-recoletas-salud\/\" \/>\n<meta property=\"og:site_name\" content=\"Noticias Grupo Recoletas\" \/>\n<meta property=\"article:publisher\" content=\"https:\/\/www.facebook.com\/GrupoRecoletas\/\" \/>\n<meta property=\"article:published_time\" content=\"2024-11-13T07:28:18+00:00\" \/>\n<meta property=\"article:modified_time\" content=\"2024-11-13T07:28:19+00:00\" \/>\n<meta property=\"og:image\" content=\"https:\/\/www.gruporecoletas.com\/noticias\/wp-content\/uploads\/2024\/11\/El-doctor-Diego-Arias-es-el-nuevo-gerente-de-Clinica-Ponferrada-Recoletas-Salud.jpg\" \/>\n\t<meta property=\"og:image:width\" content=\"1366\" \/>\n\t<meta property=\"og:image:height\" content=\"768\" \/>\n\t<meta property=\"og:image:type\" content=\"image\/jpeg\" \/>\n<meta name=\"author\" content=\"Recoletas Red Hospitalaria\" \/>\n<meta name=\"twitter:card\" content=\"summary_large_image\" \/>\n<meta name=\"twitter:creator\" content=\"@GrupoRecoletas\" \/>\n<meta name=\"twitter:site\" content=\"@GrupoRecoletas\" \/>\n<meta name=\"twitter:label1\" content=\"Escrito por\" \/>\n\t<meta name=\"twitter:data1\" content=\"Recoletas Red Hospitalaria\" \/>\n\t<meta name=\"twitter:label2\" content=\"Tiempo de lectura\" \/>\n\t<meta name=\"twitter:data2\" content=\"1 minuto\" \/>\n<script type=\"application\/ld+json\" class=\"yoast-schema-graph\">{\"@context\":\"https:\\\/\\\/schema.org\",\"@graph\":[{\"@type\":\"Article\",\"@id\":\"https:\\\/\\\/www.gruporecoletas.com\\\/noticias\\\/el-doctor-diego-arias-es-el-nuevo-gerente-de-clinica-ponferrada-recoletas-salud\\\/#article\",\"isPartOf\":{\"@id\":\"https:\\\/\\\/www.gruporecoletas.com\\\/noticias\\\/el-doctor-diego-arias-es-el-nuevo-gerente-de-clinica-ponferrada-recoletas-salud\\\/\"},\"author\":{\"name\":\"Recoletas Red Hospitalaria\",\"@id\":\"https:\\\/\\\/www.gruporecoletas.com\\\/noticias\\\/#\\\/schema\\\/person\\\/3c6ac429828d1f5e3d3bd99f4da9b02c\"},\"headline\":\"El doctor Diego Arias es el nuevo gerente de Cl\u00ednica Ponferrada Recoletas Salud\",\"datePublished\":\"2024-11-13T07:28:18+00:00\",\"dateModified\":\"2024-11-13T07:28:19+00:00\",\"mainEntityOfPage\":{\"@id\":\"https:\\\/\\\/www.gruporecoletas.com\\\/noticias\\\/el-doctor-diego-arias-es-el-nuevo-gerente-de-clinica-ponferrada-recoletas-salud\\\/\"},\"wordCount\":269,\"image\":{\"@id\":\"https:\\\/\\\/www.gruporecoletas.com\\\/noticias\\\/el-doctor-diego-arias-es-el-nuevo-gerente-de-clinica-ponferrada-recoletas-salud\\\/#primaryimage\"},\"thumbnailUrl\":\"https:\\\/\\\/www.gruporecoletas.com\\\/noticias\\\/wp-content\\\/uploads\\\/2024\\\/11\\\/El-doctor-Diego-Arias-es-el-nuevo-gerente-de-Clinica-Ponferrada-Recoletas-Salud.jpg\",\"keywords\":[\"Cl\u00ednica Ponferrada\",\"Gerencia\"],\"articleSection\":[\"Ponferrada\",\"Recoletas Salud\"],\"inLanguage\":\"es\"},{\"@type\":\"WebPage\",\"@id\":\"https:\\\/\\\/www.gruporecoletas.com\\\/noticias\\\/el-doctor-diego-arias-es-el-nuevo-gerente-de-clinica-ponferrada-recoletas-salud\\\/\",\"url\":\"https:\\\/\\\/www.gruporecoletas.com\\\/noticias\\\/el-doctor-diego-arias-es-el-nuevo-gerente-de-clinica-ponferrada-recoletas-salud\\\/\",\"name\":\"El doctor Diego Arias es el nuevo gerente de Cl\u00ednica Ponferrada Recoletas Salud - Noticias Grupo Recoletas\",\"isPartOf\":{\"@id\":\"https:\\\/\\\/www.gruporecoletas.com\\\/noticias\\\/#website\"},\"primaryImageOfPage\":{\"@id\":\"https:\\\/\\\/www.gruporecoletas.com\\\/noticias\\\/el-doctor-diego-arias-es-el-nuevo-gerente-de-clinica-ponferrada-recoletas-salud\\\/#primaryimage\"},\"image\":{\"@id\":\"https:\\\/\\\/www.gruporecoletas.com\\\/noticias\\\/el-doctor-diego-arias-es-el-nuevo-gerente-de-clinica-ponferrada-recoletas-salud\\\/#primaryimage\"},\"thumbnailUrl\":\"https:\\\/\\\/www.gruporecoletas.com\\\/noticias\\\/wp-content\\\/uploads\\\/2024\\\/11\\\/El-doctor-Diego-Arias-es-el-nuevo-gerente-de-Clinica-Ponferrada-Recoletas-Salud.jpg\",\"datePublished\":\"2024-11-13T07:28:18+00:00\",\"dateModified\":\"2024-11-13T07:28:19+00:00\",\"author\":{\"@id\":\"https:\\\/\\\/www.gruporecoletas.com\\\/noticias\\\/#\\\/schema\\\/person\\\/3c6ac429828d1f5e3d3bd99f4da9b02c\"},\"breadcrumb\":{\"@id\":\"https:\\\/\\\/www.gruporecoletas.com\\\/noticias\\\/el-doctor-diego-arias-es-el-nuevo-gerente-de-clinica-ponferrada-recoletas-salud\\\/#breadcrumb\"},\"inLanguage\":\"es\",\"potentialAction\":[{\"@type\":\"ReadAction\",\"target\":[\"https:\\\/\\\/www.gruporecoletas.com\\\/noticias\\\/el-doctor-diego-arias-es-el-nuevo-gerente-de-clinica-ponferrada-recoletas-salud\\\/\"]}]},{\"@type\":\"ImageObject\",\"inLanguage\":\"es\",\"@id\":\"https:\\\/\\\/www.gruporecoletas.com\\\/noticias\\\/el-doctor-diego-arias-es-el-nuevo-gerente-de-clinica-ponferrada-recoletas-salud\\\/#primaryimage\",\"url\":\"https:\\\/\\\/www.gruporecoletas.com\\\/noticias\\\/wp-content\\\/uploads\\\/2024\\\/11\\\/El-doctor-Diego-Arias-es-el-nuevo-gerente-de-Clinica-Ponferrada-Recoletas-Salud.jpg\",\"contentUrl\":\"https:\\\/\\\/www.gruporecoletas.com\\\/noticias\\\/wp-content\\\/uploads\\\/2024\\\/11\\\/El-doctor-Diego-Arias-es-el-nuevo-gerente-de-Clinica-Ponferrada-Recoletas-Salud.jpg\",\"width\":1366,\"height\":768,\"caption\":\"El doctor Diego Arias es el nuevo gerente de Cl\u00ednica Ponferrada Recoletas Salud\"},{\"@type\":\"BreadcrumbList\",\"@id\":\"https:\\\/\\\/www.gruporecoletas.com\\\/noticias\\\/el-doctor-diego-arias-es-el-nuevo-gerente-de-clinica-ponferrada-recoletas-salud\\\/#breadcrumb\",\"itemListElement\":[{\"@type\":\"ListItem\",\"position\":1,\"name\":\"Portada\",\"item\":\"https:\\\/\\\/www.gruporecoletas.com\\\/noticias\\\/\"},{\"@type\":\"ListItem\",\"position\":2,\"name\":\"El doctor Diego Arias es el nuevo gerente de Cl\u00ednica Ponferrada Recoletas Salud\"}]},{\"@type\":\"WebSite\",\"@id\":\"https:\\\/\\\/www.gruporecoletas.com\\\/noticias\\\/#website\",\"url\":\"https:\\\/\\\/www.gruporecoletas.com\\\/noticias\\\/\",\"name\":\"Noticias Grupo Recoletas\",\"description\":\"Grupo Recoletas\",\"potentialAction\":[{\"@type\":\"SearchAction\",\"target\":{\"@type\":\"EntryPoint\",\"urlTemplate\":\"https:\\\/\\\/www.gruporecoletas.com\\\/noticias\\\/?s={search_term_string}\"},\"query-input\":{\"@type\":\"PropertyValueSpecification\",\"valueRequired\":true,\"valueName\":\"search_term_string\"}}],\"inLanguage\":\"es\"},{\"@type\":\"Person\",\"@id\":\"https:\\\/\\\/www.gruporecoletas.com\\\/noticias\\\/#\\\/schema\\\/person\\\/3c6ac429828d1f5e3d3bd99f4da9b02c\",\"name\":\"Recoletas Red Hospitalaria\",\"url\":\"https:\\\/\\\/www.gruporecoletas.com\\\/noticias\\\/author\\\/comunicacion\\\/\"}]}<\/script>\n<!-- \/ Yoast SEO Premium plugin. -->","yoast_head_json":{"title":"El doctor Diego Arias es el nuevo gerente de Cl\u00ednica Ponferrada Recoletas Salud - Noticias Grupo Recoletas","robots":{"index":"index","follow":"follow","max-snippet":"max-snippet:-1","max-image-preview":"max-image-preview:large","max-video-preview":"max-video-preview:-1"},"canonical":"https:\/\/www.gruporecoletas.com\/noticias\/el-doctor-diego-arias-es-el-nuevo-gerente-de-clinica-ponferrada-recoletas-salud\/","og_locale":"es_ES","og_type":"article","og_title":"El doctor Diego Arias es el nuevo gerente de Cl\u00ednica Ponferrada Recoletas Salud","og_description":"Carmen Rodr\u00edguez se ocupa desde hace meses de la gerencia del Hospital Recoletas Salud de Marbella El doctor Diego Arias es desde el d\u00eda de hoy el nuevo gerente de la Cl\u00ednica Ponferrada Recoletas Salud en sustituci\u00f3n de Carmen Rodr\u00edguez quien desde hace meses ven\u00eda compatibilizando su cargo con la gerencia del Hospital Recoletas Salud [&hellip;]","og_url":"https:\/\/www.gruporecoletas.com\/noticias\/el-doctor-diego-arias-es-el-nuevo-gerente-de-clinica-ponferrada-recoletas-salud\/","og_site_name":"Noticias Grupo Recoletas","article_publisher":"https:\/\/www.facebook.com\/GrupoRecoletas\/","article_published_time":"2024-11-13T07:28:18+00:00","article_modified_time":"2024-11-13T07:28:19+00:00","og_image":[{"width":1366,"height":768,"url":"https:\/\/www.gruporecoletas.com\/noticias\/wp-content\/uploads\/2024\/11\/El-doctor-Diego-Arias-es-el-nuevo-gerente-de-Clinica-Ponferrada-Recoletas-Salud.jpg","type":"image\/jpeg"}],"author":"Recoletas Red Hospitalaria","twitter_card":"summary_large_image","twitter_creator":"@GrupoRecoletas","twitter_site":"@GrupoRecoletas","twitter_misc":{"Escrito por":"Recoletas Red Hospitalaria","Tiempo de lectura":"1 minuto"},"schema":{"@context":"https:\/\/schema.org","@graph":[{"@type":"Article","@id":"https:\/\/www.gruporecoletas.com\/noticias\/el-doctor-diego-arias-es-el-nuevo-gerente-de-clinica-ponferrada-recoletas-salud\/#article","isPartOf":{"@id":"https:\/\/www.gruporecoletas.com\/noticias\/el-doctor-diego-arias-es-el-nuevo-gerente-de-clinica-ponferrada-recoletas-salud\/"},"author":{"name":"Recoletas Red Hospitalaria","@id":"https:\/\/www.gruporecoletas.com\/noticias\/#\/schema\/person\/3c6ac429828d1f5e3d3bd99f4da9b02c"},"headline":"El doctor Diego Arias es el nuevo gerente de Cl\u00ednica Ponferrada Recoletas Salud","datePublished":"2024-11-13T07:28:18+00:00","dateModified":"2024-11-13T07:28:19+00:00","mainEntityOfPage":{"@id":"https:\/\/www.gruporecoletas.com\/noticias\/el-doctor-diego-arias-es-el-nuevo-gerente-de-clinica-ponferrada-recoletas-salud\/"},"wordCount":269,"image":{"@id":"https:\/\/www.gruporecoletas.com\/noticias\/el-doctor-diego-arias-es-el-nuevo-gerente-de-clinica-ponferrada-recoletas-salud\/#primaryimage"},"thumbnailUrl":"https:\/\/www.gruporecoletas.com\/noticias\/wp-content\/uploads\/2024\/11\/El-doctor-Diego-Arias-es-el-nuevo-gerente-de-Clinica-Ponferrada-Recoletas-Salud.jpg","keywords":["Cl\u00ednica Ponferrada","Gerencia"],"articleSection":["Ponferrada","Recoletas Salud"],"inLanguage":"es"},{"@type":"WebPage","@id":"https:\/\/www.gruporecoletas.com\/noticias\/el-doctor-diego-arias-es-el-nuevo-gerente-de-clinica-ponferrada-recoletas-salud\/","url":"https:\/\/www.gruporecoletas.com\/noticias\/el-doctor-diego-arias-es-el-nuevo-gerente-de-clinica-ponferrada-recoletas-salud\/","name":"El doctor Diego Arias es el nuevo gerente de Cl\u00ednica Ponferrada Recoletas Salud - Noticias Grupo Recoletas","isPartOf":{"@id":"https:\/\/www.gruporecoletas.com\/noticias\/#website"},"primaryImageOfPage":{"@id":"https:\/\/www.gruporecoletas.com\/noticias\/el-doctor-diego-arias-es-el-nuevo-gerente-de-clinica-ponferrada-recoletas-salud\/#primaryimage"},"image":{"@id":"https:\/\/www.gruporecoletas.com\/noticias\/el-doctor-diego-arias-es-el-nuevo-gerente-de-clinica-ponferrada-recoletas-salud\/#primaryimage"},"thumbnailUrl":"https:\/\/www.gruporecoletas.com\/noticias\/wp-content\/uploads\/2024\/11\/El-doctor-Diego-Arias-es-el-nuevo-gerente-de-Clinica-Ponferrada-Recoletas-Salud.jpg","datePublished":"2024-11-13T07:28:18+00:00","dateModified":"2024-11-13T07:28:19+00:00","author":{"@id":"https:\/\/www.gruporecoletas.com\/noticias\/#\/schema\/person\/3c6ac429828d1f5e3d3bd99f4da9b02c"},"breadcrumb":{"@id":"https:\/\/www.gruporecoletas.com\/noticias\/el-doctor-diego-arias-es-el-nuevo-gerente-de-clinica-ponferrada-recoletas-salud\/#breadcrumb"},"inLanguage":"es","potentialAction":[{"@type":"ReadAction","target":["https:\/\/www.gruporecoletas.com\/noticias\/el-doctor-diego-arias-es-el-nuevo-gerente-de-clinica-ponferrada-recoletas-salud\/"]}]},{"@type":"ImageObject","inLanguage":"es","@id":"https:\/\/www.gruporecoletas.com\/noticias\/el-doctor-diego-arias-es-el-nuevo-gerente-de-clinica-ponferrada-recoletas-salud\/#primaryimage","url":"https:\/\/www.gruporecoletas.com\/noticias\/wp-content\/uploads\/2024\/11\/El-doctor-Diego-Arias-es-el-nuevo-gerente-de-Clinica-Ponferrada-Recoletas-Salud.jpg","contentUrl":"https:\/\/www.gruporecoletas.com\/noticias\/wp-content\/uploads\/2024\/11\/El-doctor-Diego-Arias-es-el-nuevo-gerente-de-Clinica-Ponferrada-Recoletas-Salud.jpg","width":1366,"height":768,"caption":"El doctor Diego Arias es el nuevo gerente de Cl\u00ednica Ponferrada Recoletas Salud"},{"@type":"BreadcrumbList","@id":"https:\/\/www.gruporecoletas.com\/noticias\/el-doctor-diego-arias-es-el-nuevo-gerente-de-clinica-ponferrada-recoletas-salud\/#breadcrumb","itemListElement":[{"@type":"ListItem","position":1,"name":"Portada","item":"https:\/\/www.gruporecoletas.com\/noticias\/"},{"@type":"ListItem","position":2,"name":"El doctor Diego Arias es el nuevo gerente de Cl\u00ednica Ponferrada Recoletas Salud"}]},{"@type":"WebSite","@id":"https:\/\/www.gruporecoletas.com\/noticias\/#website","url":"https:\/\/www.gruporecoletas.com\/noticias\/","name":"Noticias Grupo Recoletas","description":"Grupo Recoletas","potentialAction":[{"@type":"SearchAction","target":{"@type":"EntryPoint","urlTemplate":"https:\/\/www.gruporecoletas.com\/noticias\/?s={search_term_string}"},"query-input":{"@type":"PropertyValueSpecification","valueRequired":true,"valueName":"search_term_string"}}],"inLanguage":"es"},{"@type":"Person","@id":"https:\/\/www.gruporecoletas.com\/noticias\/#\/schema\/person\/3c6ac429828d1f5e3d3bd99f4da9b02c","name":"Recoletas Red Hospitalaria","url":"https:\/\/www.gruporecoletas.com\/noticias\/author\/comunicacion\/"}]}},"_links":{"self":[{"href":"https:\/\/www.gruporecoletas.com\/noticias\/wp-json\/wp\/v2\/posts\/16536","targetHints":{"allow":["GET"]}}],"collection":[{"href":"https:\/\/www.gruporecoletas.com\/noticias\/wp-json\/wp\/v2\/posts"}],"about":[{"href":"https:\/\/www.gruporecoletas.com\/noticias\/wp-json\/wp\/v2\/types\/post"}],"author":[{"embeddable":true,"href":"https:\/\/www.gruporecoletas.com\/noticias\/wp-json\/wp\/v2\/users\/2"}],"replies":[{"embeddable":true,"href":"https:\/\/www.gruporecoletas.com\/noticias\/wp-json\/wp\/v2\/comments?post=16536"}],"version-history":[{"count":1,"href":"https:\/\/www.gruporecoletas.com\/noticias\/wp-json\/wp\/v2\/posts\/16536\/revisions"}],"predecessor-version":[{"id":16538,"href":"https:\/\/www.gruporecoletas.com\/noticias\/wp-json\/wp\/v2\/posts\/16536\/revisions\/16538"}],"wp:featuredmedia":[{"embeddable":true,"href":"https:\/\/www.gruporecoletas.com\/noticias\/wp-json\/wp\/v2\/media\/16537"}],"wp:attachment":[{"href":"https:\/\/www.gruporecoletas.com\/noticias\/wp-json\/wp\/v2\/media?parent=16536"}],"wp:term":[{"taxonomy":"category","embeddable":true,"href":"https:\/\/www.gruporecoletas.com\/noticias\/wp-json\/wp\/v2\/categories?post=16536"},{"taxonomy":"post_tag","embeddable":true,"href":"https:\/\/www.gruporecoletas.com\/noticias\/wp-json\/wp\/v2\/tags?post=16536"}],"curies":[{"name":"wp","href":"https:\/\/api.w.org\/{rel}","templated":true}]}}