{"id":16555,"date":"2024-12-11T10:22:09","date_gmt":"2024-12-11T09:22:09","guid":{"rendered":"https:\/\/www.gruporecoletas.com\/noticias\/?p=16555"},"modified":"2024-12-11T10:22:10","modified_gmt":"2024-12-11T09:22:10","slug":"el-hospital-recoletas-salud-felipe-ii-amplia-el-espacio-para-la-hospitalizacion-y-pasa-de-30-a-45-habitaciones","status":"publish","type":"post","link":"https:\/\/www.gruporecoletas.com\/noticias\/el-hospital-recoletas-salud-felipe-ii-amplia-el-espacio-para-la-hospitalizacion-y-pasa-de-30-a-45-habitaciones\/","title":{"rendered":"El Hospital Recoletas Salud Felipe II amplia el espacio para la hospitalizaci\u00f3n y pasa de 30 a 45 habitaciones"},"content":{"rendered":"\n<ul class=\"wp-block-list\">\n<li><strong><em>El hospital contin\u00faa con las mejoras e inicia ahora obras en los accesos y rehabilitaci\u00f3n de la fachada<\/em><\/strong><\/li>\n<\/ul>\n\n\n\n<p>El Hospital Recoletas Salud Felipe II de Valladolid continua adelante con el ambicioso proyecto de transformaci\u00f3n que inici\u00f3 hace seis a\u00f1os con el objetivo de adecuar sus instalaciones, servicios y tecnolog\u00eda a las necesidades de la sociedad actual y futura.<\/p>\n\n\n\n<p>La gerente del hospital, Ana L\u00eda Ju\u00e1rez, anunci\u00f3 la finalizaci\u00f3n de las obras de la cuarta planta para su adaptaci\u00f3n a hospitalizaci\u00f3n. En total, se han habilitado 15 nuevas habitaciones de uso individual con ba\u00f1o. Tambi\u00e9n son quince las habitaciones que hay en las plantas segunda y tercera, respectivamente. &nbsp;<\/p>\n\n\n\n<h4 class=\"wp-block-heading\"><strong><u>Antecedentes<\/u><\/strong><\/h4>\n\n\n\n<p>Conforme al proyecto de transformaci\u00f3n del hospital, hasta la fecha se han realizado obras de mejora en las instalaciones y servicios de la segunda y tercera planta del hospital, que son de hospitalizaci\u00f3n, en la quinta planta, en la que se localiza el Instituto de Otorrinolaringolog\u00eda, el Instituto de<\/p>\n\n\n\n<p>Urolog\u00eda y la Unidad de Alergolog\u00eda y en la sexta planta, que es de uso administrativo.<\/p>\n\n\n\n<p>Tambi\u00e9n en este tiempo se ha mejorado la comunicaci\u00f3n entre plantas con la renovaci\u00f3n de todas las escaleras del hospital y los dos ascensores y se ha concentrado todo el Diagn\u00f3stico por la Imagen en la planta baja.<\/p>\n\n\n\n<p>Por otra parte, se ha renovado la planta principal donde se ha ubicado la admisi\u00f3n del hospital, la admisi\u00f3n de Diagn\u00f3stico por Imagen, el laboratorio, la urgencia y enfermer\u00eda y observaci\u00f3n.<\/p>\n\n\n\n<h4 class=\"wp-block-heading\"><strong><u>Fase actual<\/u><\/strong><\/h4>\n\n\n\n<p>Finalizadas las obras de la cuarta planta, se continuar\u00e1 con los trabajos de urbanizaci\u00f3n exterior de acceso al hospital. En esta fase, se mejorar\u00e1n y habilitar\u00e1n nuevos accesos tanto para las ambulancias, como para los pacientes.<\/p>\n\n\n\n<p>Tambi\u00e9n en el exterior del edificio, a ambos lados de la fachada principal, se localizar\u00e1n dos nuevas escaleras met\u00e1licas de emergencia para la evacuaci\u00f3n del hospital en caso de necesidad.<\/p>\n\n\n\n<p>La gerente Ana L\u00eda Ju\u00e1rez destac\u00f3 que la voluntad de Recoletas Salud es la de convertir el hospital Recoletas Felipe II en un centro moderno, actualizado, dotado de las instalaciones, los servicios y la tecnolog\u00eda necesaria para poder prestar una atenci\u00f3n de calidad durante al menos los pr\u00f3ximos 20 a\u00f1os.<\/p>\n\n\n\n<h4 class=\"wp-block-heading\"><strong><u>Balance 2023<\/u><\/strong><\/h4>\n\n\n\n<p>Durante el a\u00f1o pasado el hospital realiz\u00f3 alrededor de 130.000 asistencias m\u00e9dicas. Se registraron casi 4.000 hospitalizaciones y las urgencias atendidas fueron 7.502.<\/p>\n\n\n\n<p>La plantilla del hospital asciende a 140 personas, mientras que el cuadro m\u00e9dico est\u00e1 formado por casi un centenar de profesionales de 15 especialidades m\u00e9dicas diferentes.<\/p>\n","protected":false},"excerpt":{"rendered":"<p>El Hospital Recoletas Salud Felipe II de Valladolid continua adelante con el ambicioso proyecto de transformaci\u00f3n que inici\u00f3 hace seis a\u00f1os con el objetivo de adecuar sus instalaciones, servicios y tecnolog\u00eda a las necesidades de la sociedad actual y futura. La gerente del hospital, Ana L\u00eda Ju\u00e1rez, anunci\u00f3 la finalizaci\u00f3n de las obras de la [&hellip;]<\/p>\n","protected":false},"author":2,"featured_media":16556,"comment_status":"closed","ping_status":"closed","sticky":false,"template":"","format":"standard","meta":{"_acf_changed":false,"footnotes":""},"categories":[43,1,9,42,4],"tags":[3430],"class_list":["post-16555","post","type-post","status-publish","format-standard","has-post-thumbnail","hentry","category-centros","category-grupo-recoletas","category-publicaciones","category-recoletas-salud","category-valladolid","tag-hospital-recoletas-salud-felipe-ii"],"acf":[],"yoast_head":"<!-- This site is optimized with the Yoast SEO Premium plugin v27.3 (Yoast SEO v27.3) - https:\/\/yoast.com\/product\/yoast-seo-premium-wordpress\/ -->\n<title>El Hospital Recoletas Salud Felipe II amplia el espacio para la hospitalizaci\u00f3n y pasa de 30 a 45 habitaciones - Noticias Grupo Recoletas<\/title>\n<meta name=\"description\" content=\"El centro contin\u00faa con las mejoras e inicia ahora las obras en los accesos y la rehabilitaci\u00f3n de la fachada\" \/>\n<meta name=\"robots\" content=\"index, follow, max-snippet:-1, max-image-preview:large, max-video-preview:-1\" \/>\n<link rel=\"canonical\" href=\"https:\/\/www.gruporecoletas.com\/noticias\/el-hospital-recoletas-salud-felipe-ii-amplia-el-espacio-para-la-hospitalizacion-y-pasa-de-30-a-45-habitaciones\/\" \/>\n<meta property=\"og:locale\" content=\"es_ES\" \/>\n<meta property=\"og:type\" content=\"article\" \/>\n<meta property=\"og:title\" content=\"El Hospital Recoletas Salud Felipe II amplia el espacio para la hospitalizaci\u00f3n y pasa de 30 a 45 habitaciones\" \/>\n<meta property=\"og:description\" content=\"El centro contin\u00faa con las mejoras e inicia ahora las obras en los accesos y la rehabilitaci\u00f3n de la fachada\" \/>\n<meta property=\"og:url\" content=\"https:\/\/www.gruporecoletas.com\/noticias\/el-hospital-recoletas-salud-felipe-ii-amplia-el-espacio-para-la-hospitalizacion-y-pasa-de-30-a-45-habitaciones\/\" \/>\n<meta property=\"og:site_name\" content=\"Noticias Grupo Recoletas\" \/>\n<meta property=\"article:publisher\" content=\"https:\/\/www.facebook.com\/GrupoRecoletas\/\" \/>\n<meta property=\"article:published_time\" content=\"2024-12-11T09:22:09+00:00\" \/>\n<meta property=\"article:modified_time\" content=\"2024-12-11T09:22:10+00:00\" \/>\n<meta property=\"og:image\" content=\"https:\/\/www.gruporecoletas.com\/noticias\/wp-content\/uploads\/2024\/12\/HOSPITAL-FELIPEII-WEB.png\" \/>\n\t<meta property=\"og:image:width\" content=\"1366\" \/>\n\t<meta property=\"og:image:height\" content=\"768\" \/>\n\t<meta property=\"og:image:type\" content=\"image\/png\" \/>\n<meta name=\"author\" content=\"Recoletas Red Hospitalaria\" \/>\n<meta name=\"twitter:card\" content=\"summary_large_image\" \/>\n<meta name=\"twitter:creator\" content=\"@GrupoRecoletas\" \/>\n<meta name=\"twitter:site\" content=\"@GrupoRecoletas\" \/>\n<meta name=\"twitter:label1\" content=\"Escrito por\" \/>\n\t<meta name=\"twitter:data1\" content=\"Recoletas Red Hospitalaria\" \/>\n\t<meta name=\"twitter:label2\" content=\"Tiempo de lectura\" \/>\n\t<meta name=\"twitter:data2\" content=\"2 minutos\" \/>\n<script type=\"application\/ld+json\" class=\"yoast-schema-graph\">{\"@context\":\"https:\\\/\\\/schema.org\",\"@graph\":[{\"@type\":\"Article\",\"@id\":\"https:\\\/\\\/www.gruporecoletas.com\\\/noticias\\\/el-hospital-recoletas-salud-felipe-ii-amplia-el-espacio-para-la-hospitalizacion-y-pasa-de-30-a-45-habitaciones\\\/#article\",\"isPartOf\":{\"@id\":\"https:\\\/\\\/www.gruporecoletas.com\\\/noticias\\\/el-hospital-recoletas-salud-felipe-ii-amplia-el-espacio-para-la-hospitalizacion-y-pasa-de-30-a-45-habitaciones\\\/\"},\"author\":{\"name\":\"Recoletas Red Hospitalaria\",\"@id\":\"https:\\\/\\\/www.gruporecoletas.com\\\/noticias\\\/#\\\/schema\\\/person\\\/3c6ac429828d1f5e3d3bd99f4da9b02c\"},\"headline\":\"El Hospital Recoletas Salud Felipe II amplia el espacio para la hospitalizaci\u00f3n y pasa de 30 a 45 habitaciones\",\"datePublished\":\"2024-12-11T09:22:09+00:00\",\"dateModified\":\"2024-12-11T09:22:10+00:00\",\"mainEntityOfPage\":{\"@id\":\"https:\\\/\\\/www.gruporecoletas.com\\\/noticias\\\/el-hospital-recoletas-salud-felipe-ii-amplia-el-espacio-para-la-hospitalizacion-y-pasa-de-30-a-45-habitaciones\\\/\"},\"wordCount\":465,\"image\":{\"@id\":\"https:\\\/\\\/www.gruporecoletas.com\\\/noticias\\\/el-hospital-recoletas-salud-felipe-ii-amplia-el-espacio-para-la-hospitalizacion-y-pasa-de-30-a-45-habitaciones\\\/#primaryimage\"},\"thumbnailUrl\":\"https:\\\/\\\/www.gruporecoletas.com\\\/noticias\\\/wp-content\\\/uploads\\\/2024\\\/12\\\/HOSPITAL-FELIPEII-WEB.png\",\"keywords\":[\"Hospital Recoletas Salud Felipe II\"],\"articleSection\":[\"Centros\",\"Grupo Recoletas\",\"Publicaciones\",\"Recoletas Salud\",\"Valladolid\"],\"inLanguage\":\"es\"},{\"@type\":\"WebPage\",\"@id\":\"https:\\\/\\\/www.gruporecoletas.com\\\/noticias\\\/el-hospital-recoletas-salud-felipe-ii-amplia-el-espacio-para-la-hospitalizacion-y-pasa-de-30-a-45-habitaciones\\\/\",\"url\":\"https:\\\/\\\/www.gruporecoletas.com\\\/noticias\\\/el-hospital-recoletas-salud-felipe-ii-amplia-el-espacio-para-la-hospitalizacion-y-pasa-de-30-a-45-habitaciones\\\/\",\"name\":\"El Hospital Recoletas Salud Felipe II amplia el espacio para la hospitalizaci\u00f3n y pasa de 30 a 45 habitaciones - Noticias Grupo Recoletas\",\"isPartOf\":{\"@id\":\"https:\\\/\\\/www.gruporecoletas.com\\\/noticias\\\/#website\"},\"primaryImageOfPage\":{\"@id\":\"https:\\\/\\\/www.gruporecoletas.com\\\/noticias\\\/el-hospital-recoletas-salud-felipe-ii-amplia-el-espacio-para-la-hospitalizacion-y-pasa-de-30-a-45-habitaciones\\\/#primaryimage\"},\"image\":{\"@id\":\"https:\\\/\\\/www.gruporecoletas.com\\\/noticias\\\/el-hospital-recoletas-salud-felipe-ii-amplia-el-espacio-para-la-hospitalizacion-y-pasa-de-30-a-45-habitaciones\\\/#primaryimage\"},\"thumbnailUrl\":\"https:\\\/\\\/www.gruporecoletas.com\\\/noticias\\\/wp-content\\\/uploads\\\/2024\\\/12\\\/HOSPITAL-FELIPEII-WEB.png\",\"datePublished\":\"2024-12-11T09:22:09+00:00\",\"dateModified\":\"2024-12-11T09:22:10+00:00\",\"author\":{\"@id\":\"https:\\\/\\\/www.gruporecoletas.com\\\/noticias\\\/#\\\/schema\\\/person\\\/3c6ac429828d1f5e3d3bd99f4da9b02c\"},\"description\":\"El centro contin\u00faa con las mejoras e inicia ahora las obras en los accesos y la rehabilitaci\u00f3n de la fachada\",\"breadcrumb\":{\"@id\":\"https:\\\/\\\/www.gruporecoletas.com\\\/noticias\\\/el-hospital-recoletas-salud-felipe-ii-amplia-el-espacio-para-la-hospitalizacion-y-pasa-de-30-a-45-habitaciones\\\/#breadcrumb\"},\"inLanguage\":\"es\",\"potentialAction\":[{\"@type\":\"ReadAction\",\"target\":[\"https:\\\/\\\/www.gruporecoletas.com\\\/noticias\\\/el-hospital-recoletas-salud-felipe-ii-amplia-el-espacio-para-la-hospitalizacion-y-pasa-de-30-a-45-habitaciones\\\/\"]}]},{\"@type\":\"ImageObject\",\"inLanguage\":\"es\",\"@id\":\"https:\\\/\\\/www.gruporecoletas.com\\\/noticias\\\/el-hospital-recoletas-salud-felipe-ii-amplia-el-espacio-para-la-hospitalizacion-y-pasa-de-30-a-45-habitaciones\\\/#primaryimage\",\"url\":\"https:\\\/\\\/www.gruporecoletas.com\\\/noticias\\\/wp-content\\\/uploads\\\/2024\\\/12\\\/HOSPITAL-FELIPEII-WEB.png\",\"contentUrl\":\"https:\\\/\\\/www.gruporecoletas.com\\\/noticias\\\/wp-content\\\/uploads\\\/2024\\\/12\\\/HOSPITAL-FELIPEII-WEB.png\",\"width\":1366,\"height\":768,\"caption\":\"El Hospital Recoletas Salud Felipe II amplia el espacio para la hospitalizaci\u00f3n y pasa de 30 a 45 habitaciones\"},{\"@type\":\"BreadcrumbList\",\"@id\":\"https:\\\/\\\/www.gruporecoletas.com\\\/noticias\\\/el-hospital-recoletas-salud-felipe-ii-amplia-el-espacio-para-la-hospitalizacion-y-pasa-de-30-a-45-habitaciones\\\/#breadcrumb\",\"itemListElement\":[{\"@type\":\"ListItem\",\"position\":1,\"name\":\"Portada\",\"item\":\"https:\\\/\\\/www.gruporecoletas.com\\\/noticias\\\/\"},{\"@type\":\"ListItem\",\"position\":2,\"name\":\"El Hospital Recoletas Salud Felipe II amplia el espacio para la hospitalizaci\u00f3n y pasa de 30 a 45 habitaciones\"}]},{\"@type\":\"WebSite\",\"@id\":\"https:\\\/\\\/www.gruporecoletas.com\\\/noticias\\\/#website\",\"url\":\"https:\\\/\\\/www.gruporecoletas.com\\\/noticias\\\/\",\"name\":\"Noticias Grupo Recoletas\",\"description\":\"Grupo Recoletas\",\"potentialAction\":[{\"@type\":\"SearchAction\",\"target\":{\"@type\":\"EntryPoint\",\"urlTemplate\":\"https:\\\/\\\/www.gruporecoletas.com\\\/noticias\\\/?s={search_term_string}\"},\"query-input\":{\"@type\":\"PropertyValueSpecification\",\"valueRequired\":true,\"valueName\":\"search_term_string\"}}],\"inLanguage\":\"es\"},{\"@type\":\"Person\",\"@id\":\"https:\\\/\\\/www.gruporecoletas.com\\\/noticias\\\/#\\\/schema\\\/person\\\/3c6ac429828d1f5e3d3bd99f4da9b02c\",\"name\":\"Recoletas Red Hospitalaria\",\"url\":\"https:\\\/\\\/www.gruporecoletas.com\\\/noticias\\\/author\\\/comunicacion\\\/\"}]}<\/script>\n<!-- \/ Yoast SEO Premium plugin. -->","yoast_head_json":{"title":"El Hospital Recoletas Salud Felipe II amplia el espacio para la hospitalizaci\u00f3n y pasa de 30 a 45 habitaciones - Noticias Grupo Recoletas","description":"El centro contin\u00faa con las mejoras e inicia ahora las obras en los accesos y la rehabilitaci\u00f3n de la fachada","robots":{"index":"index","follow":"follow","max-snippet":"max-snippet:-1","max-image-preview":"max-image-preview:large","max-video-preview":"max-video-preview:-1"},"canonical":"https:\/\/www.gruporecoletas.com\/noticias\/el-hospital-recoletas-salud-felipe-ii-amplia-el-espacio-para-la-hospitalizacion-y-pasa-de-30-a-45-habitaciones\/","og_locale":"es_ES","og_type":"article","og_title":"El Hospital Recoletas Salud Felipe II amplia el espacio para la hospitalizaci\u00f3n y pasa de 30 a 45 habitaciones","og_description":"El centro contin\u00faa con las mejoras e inicia ahora las obras en los accesos y la rehabilitaci\u00f3n de la fachada","og_url":"https:\/\/www.gruporecoletas.com\/noticias\/el-hospital-recoletas-salud-felipe-ii-amplia-el-espacio-para-la-hospitalizacion-y-pasa-de-30-a-45-habitaciones\/","og_site_name":"Noticias Grupo Recoletas","article_publisher":"https:\/\/www.facebook.com\/GrupoRecoletas\/","article_published_time":"2024-12-11T09:22:09+00:00","article_modified_time":"2024-12-11T09:22:10+00:00","og_image":[{"width":1366,"height":768,"url":"https:\/\/www.gruporecoletas.com\/noticias\/wp-content\/uploads\/2024\/12\/HOSPITAL-FELIPEII-WEB.png","type":"image\/png"}],"author":"Recoletas Red Hospitalaria","twitter_card":"summary_large_image","twitter_creator":"@GrupoRecoletas","twitter_site":"@GrupoRecoletas","twitter_misc":{"Escrito por":"Recoletas Red Hospitalaria","Tiempo de lectura":"2 minutos"},"schema":{"@context":"https:\/\/schema.org","@graph":[{"@type":"Article","@id":"https:\/\/www.gruporecoletas.com\/noticias\/el-hospital-recoletas-salud-felipe-ii-amplia-el-espacio-para-la-hospitalizacion-y-pasa-de-30-a-45-habitaciones\/#article","isPartOf":{"@id":"https:\/\/www.gruporecoletas.com\/noticias\/el-hospital-recoletas-salud-felipe-ii-amplia-el-espacio-para-la-hospitalizacion-y-pasa-de-30-a-45-habitaciones\/"},"author":{"name":"Recoletas Red Hospitalaria","@id":"https:\/\/www.gruporecoletas.com\/noticias\/#\/schema\/person\/3c6ac429828d1f5e3d3bd99f4da9b02c"},"headline":"El Hospital Recoletas Salud Felipe II amplia el espacio para la hospitalizaci\u00f3n y pasa de 30 a 45 habitaciones","datePublished":"2024-12-11T09:22:09+00:00","dateModified":"2024-12-11T09:22:10+00:00","mainEntityOfPage":{"@id":"https:\/\/www.gruporecoletas.com\/noticias\/el-hospital-recoletas-salud-felipe-ii-amplia-el-espacio-para-la-hospitalizacion-y-pasa-de-30-a-45-habitaciones\/"},"wordCount":465,"image":{"@id":"https:\/\/www.gruporecoletas.com\/noticias\/el-hospital-recoletas-salud-felipe-ii-amplia-el-espacio-para-la-hospitalizacion-y-pasa-de-30-a-45-habitaciones\/#primaryimage"},"thumbnailUrl":"https:\/\/www.gruporecoletas.com\/noticias\/wp-content\/uploads\/2024\/12\/HOSPITAL-FELIPEII-WEB.png","keywords":["Hospital Recoletas Salud Felipe II"],"articleSection":["Centros","Grupo Recoletas","Publicaciones","Recoletas Salud","Valladolid"],"inLanguage":"es"},{"@type":"WebPage","@id":"https:\/\/www.gruporecoletas.com\/noticias\/el-hospital-recoletas-salud-felipe-ii-amplia-el-espacio-para-la-hospitalizacion-y-pasa-de-30-a-45-habitaciones\/","url":"https:\/\/www.gruporecoletas.com\/noticias\/el-hospital-recoletas-salud-felipe-ii-amplia-el-espacio-para-la-hospitalizacion-y-pasa-de-30-a-45-habitaciones\/","name":"El Hospital Recoletas Salud Felipe II amplia el espacio para la hospitalizaci\u00f3n y pasa de 30 a 45 habitaciones - Noticias Grupo Recoletas","isPartOf":{"@id":"https:\/\/www.gruporecoletas.com\/noticias\/#website"},"primaryImageOfPage":{"@id":"https:\/\/www.gruporecoletas.com\/noticias\/el-hospital-recoletas-salud-felipe-ii-amplia-el-espacio-para-la-hospitalizacion-y-pasa-de-30-a-45-habitaciones\/#primaryimage"},"image":{"@id":"https:\/\/www.gruporecoletas.com\/noticias\/el-hospital-recoletas-salud-felipe-ii-amplia-el-espacio-para-la-hospitalizacion-y-pasa-de-30-a-45-habitaciones\/#primaryimage"},"thumbnailUrl":"https:\/\/www.gruporecoletas.com\/noticias\/wp-content\/uploads\/2024\/12\/HOSPITAL-FELIPEII-WEB.png","datePublished":"2024-12-11T09:22:09+00:00","dateModified":"2024-12-11T09:22:10+00:00","author":{"@id":"https:\/\/www.gruporecoletas.com\/noticias\/#\/schema\/person\/3c6ac429828d1f5e3d3bd99f4da9b02c"},"description":"El centro contin\u00faa con las mejoras e inicia ahora las obras en los accesos y la rehabilitaci\u00f3n de la fachada","breadcrumb":{"@id":"https:\/\/www.gruporecoletas.com\/noticias\/el-hospital-recoletas-salud-felipe-ii-amplia-el-espacio-para-la-hospitalizacion-y-pasa-de-30-a-45-habitaciones\/#breadcrumb"},"inLanguage":"es","potentialAction":[{"@type":"ReadAction","target":["https:\/\/www.gruporecoletas.com\/noticias\/el-hospital-recoletas-salud-felipe-ii-amplia-el-espacio-para-la-hospitalizacion-y-pasa-de-30-a-45-habitaciones\/"]}]},{"@type":"ImageObject","inLanguage":"es","@id":"https:\/\/www.gruporecoletas.com\/noticias\/el-hospital-recoletas-salud-felipe-ii-amplia-el-espacio-para-la-hospitalizacion-y-pasa-de-30-a-45-habitaciones\/#primaryimage","url":"https:\/\/www.gruporecoletas.com\/noticias\/wp-content\/uploads\/2024\/12\/HOSPITAL-FELIPEII-WEB.png","contentUrl":"https:\/\/www.gruporecoletas.com\/noticias\/wp-content\/uploads\/2024\/12\/HOSPITAL-FELIPEII-WEB.png","width":1366,"height":768,"caption":"El Hospital Recoletas Salud Felipe II amplia el espacio para la hospitalizaci\u00f3n y pasa de 30 a 45 habitaciones"},{"@type":"BreadcrumbList","@id":"https:\/\/www.gruporecoletas.com\/noticias\/el-hospital-recoletas-salud-felipe-ii-amplia-el-espacio-para-la-hospitalizacion-y-pasa-de-30-a-45-habitaciones\/#breadcrumb","itemListElement":[{"@type":"ListItem","position":1,"name":"Portada","item":"https:\/\/www.gruporecoletas.com\/noticias\/"},{"@type":"ListItem","position":2,"name":"El Hospital Recoletas Salud Felipe II amplia el espacio para la hospitalizaci\u00f3n y pasa de 30 a 45 habitaciones"}]},{"@type":"WebSite","@id":"https:\/\/www.gruporecoletas.com\/noticias\/#website","url":"https:\/\/www.gruporecoletas.com\/noticias\/","name":"Noticias Grupo Recoletas","description":"Grupo Recoletas","potentialAction":[{"@type":"SearchAction","target":{"@type":"EntryPoint","urlTemplate":"https:\/\/www.gruporecoletas.com\/noticias\/?s={search_term_string}"},"query-input":{"@type":"PropertyValueSpecification","valueRequired":true,"valueName":"search_term_string"}}],"inLanguage":"es"},{"@type":"Person","@id":"https:\/\/www.gruporecoletas.com\/noticias\/#\/schema\/person\/3c6ac429828d1f5e3d3bd99f4da9b02c","name":"Recoletas Red Hospitalaria","url":"https:\/\/www.gruporecoletas.com\/noticias\/author\/comunicacion\/"}]}},"_links":{"self":[{"href":"https:\/\/www.gruporecoletas.com\/noticias\/wp-json\/wp\/v2\/posts\/16555","targetHints":{"allow":["GET"]}}],"collection":[{"href":"https:\/\/www.gruporecoletas.com\/noticias\/wp-json\/wp\/v2\/posts"}],"about":[{"href":"https:\/\/www.gruporecoletas.com\/noticias\/wp-json\/wp\/v2\/types\/post"}],"author":[{"embeddable":true,"href":"https:\/\/www.gruporecoletas.com\/noticias\/wp-json\/wp\/v2\/users\/2"}],"replies":[{"embeddable":true,"href":"https:\/\/www.gruporecoletas.com\/noticias\/wp-json\/wp\/v2\/comments?post=16555"}],"version-history":[{"count":1,"href":"https:\/\/www.gruporecoletas.com\/noticias\/wp-json\/wp\/v2\/posts\/16555\/revisions"}],"predecessor-version":[{"id":16557,"href":"https:\/\/www.gruporecoletas.com\/noticias\/wp-json\/wp\/v2\/posts\/16555\/revisions\/16557"}],"wp:featuredmedia":[{"embeddable":true,"href":"https:\/\/www.gruporecoletas.com\/noticias\/wp-json\/wp\/v2\/media\/16556"}],"wp:attachment":[{"href":"https:\/\/www.gruporecoletas.com\/noticias\/wp-json\/wp\/v2\/media?parent=16555"}],"wp:term":[{"taxonomy":"category","embeddable":true,"href":"https:\/\/www.gruporecoletas.com\/noticias\/wp-json\/wp\/v2\/categories?post=16555"},{"taxonomy":"post_tag","embeddable":true,"href":"https:\/\/www.gruporecoletas.com\/noticias\/wp-json\/wp\/v2\/tags?post=16555"}],"curies":[{"name":"wp","href":"https:\/\/api.w.org\/{rel}","templated":true}]}}