{"id":16560,"date":"2025-01-02T10:00:00","date_gmt":"2025-01-02T09:00:00","guid":{"rendered":"https:\/\/www.gruporecoletas.com\/noticias\/?p=16560"},"modified":"2025-01-03T09:05:56","modified_gmt":"2025-01-03T08:05:56","slug":"el-hospital-recoletas-salud-burgos-abre-el-area-de-hospitalizacion-totalmente-reformada","status":"publish","type":"post","link":"https:\/\/www.gruporecoletas.com\/noticias\/el-hospital-recoletas-salud-burgos-abre-el-area-de-hospitalizacion-totalmente-reformada\/","title":{"rendered":"El Hospital Recoletas Salud Burgos abre el \u00e1rea de hospitalizaci\u00f3n totalmente reformada"},"content":{"rendered":"\n<ul class=\"wp-block-list\">\n<li><strong>Todas las habitaciones de la segunda planta del Hospital han sido renovadas y cuentan con espacios m\u00e1s amplios y humanizados.<\/strong><\/li>\n\n\n\n<li><strong>Se ha instalado un moderno sistema de monitorizaci\u00f3n cl\u00ednica.<\/strong><\/li>\n\n\n\n<li><strong>Todo ello garantiza la mayor seguridad y comodidad para todos los pacientes que requieran ingreso hospitalario.<\/strong><\/li>\n<\/ul>\n\n\n\n<p>El Hospital Recoletas Salud Burgos ha inaugurado el \u00e1rea de hospitalizaci\u00f3n de la segunda planta del centro que ha sido completamente renovada.<\/p>\n\n\n\n<p>El hospital cuenta con 20 habitaciones totalmente reformadas que ya son utilizadas por los pacientes que requieren ingresos hospitalarios y pueden disfrutar de un espacio m\u00e1s amplio, m\u00e1s c\u00f3modo y totalmente modernizado.<\/p>\n\n\n\n<p>Se ha prestado una especial atenci\u00f3n a la humanizaci\u00f3n tanto de las habitaciones como de los espacios comunes y \u00e1reas de trabajo. Pensando en que la estancia para el paciente y sus familiares sea lo m\u00e1s satisfactoria posible.<\/p>\n\n\n\n<p>Se ha implementado un sistema de monitorizaci\u00f3n para garantizar la seguridad durante toda la asistencia hospitalaria, tanto para pacientes m\u00e9dicos como quir\u00fargicos. El equipo profesional m\u00e9dico y de enfermer\u00eda dispone tambi\u00e9n de un \u00e1rea de trabajo m\u00e1s amplio. Se han habilitado estancias privadas para mayor intimidad y cercan\u00eda en el trato con los familiares de los pacientes hospitalizados.<\/p>\n\n\n\n<p>De esta forma \u201cdesde Recoletas Salud Burgos continuamos renovando y creando servicios y espacios con el fin de proporcionar a nuestros pacientes una atenci\u00f3n cada vez m\u00e1s integral y de mayor calidad\u201d, ha subrayado Pilar G\u00f3mez, directora de Recoletas Salud Burgos.<\/p>\n","protected":false},"excerpt":{"rendered":"<p>El Hospital Recoletas Salud Burgos ha inaugurado el \u00e1rea de hospitalizaci\u00f3n de la segunda planta del centro que ha sido completamente renovada. El hospital cuenta con 20 habitaciones totalmente reformadas que ya son utilizadas por los pacientes que requieren ingresos hospitalarios y pueden disfrutar de un espacio m\u00e1s amplio, m\u00e1s c\u00f3modo y totalmente modernizado. Se [&hellip;]<\/p>\n","protected":false},"author":2,"featured_media":16561,"comment_status":"closed","ping_status":"closed","sticky":false,"template":"","format":"standard","meta":{"_acf_changed":false,"footnotes":""},"categories":[10,43,1,31,42],"tags":[38,3431],"class_list":["post-16560","post","type-post","status-publish","format-standard","has-post-thumbnail","hentry","category-burgos","category-centros","category-grupo-recoletas","category-hrbu","category-recoletas-salud","tag-hospital-recoletas-burgos","tag-hospitalizacion"],"acf":[],"yoast_head":"<!-- This site is optimized with the Yoast SEO Premium plugin v27.3 (Yoast SEO v27.3) - https:\/\/yoast.com\/product\/yoast-seo-premium-wordpress\/ -->\n<title>El Hospital Recoletas Salud Burgos abre el \u00e1rea de hospitalizaci\u00f3n totalmente reformada - Noticias Grupo Recoletas<\/title>\n<meta name=\"description\" content=\"Todas las habitaciones de la segunda planta del centro hospitalario han sido renovadas y cuentan con espacios m\u00e1s amplios y humanizados.\" \/>\n<meta name=\"robots\" content=\"index, follow, max-snippet:-1, max-image-preview:large, max-video-preview:-1\" \/>\n<link rel=\"canonical\" href=\"https:\/\/www.gruporecoletas.com\/noticias\/el-hospital-recoletas-salud-burgos-abre-el-area-de-hospitalizacion-totalmente-reformada\/\" \/>\n<meta property=\"og:locale\" content=\"es_ES\" \/>\n<meta property=\"og:type\" content=\"article\" \/>\n<meta property=\"og:title\" content=\"El Hospital Recoletas Salud Burgos abre el \u00e1rea de hospitalizaci\u00f3n totalmente reformada\" \/>\n<meta property=\"og:description\" content=\"Todas las habitaciones de la segunda planta del centro hospitalario han sido renovadas y cuentan con espacios m\u00e1s amplios y humanizados.\" \/>\n<meta property=\"og:url\" content=\"https:\/\/www.gruporecoletas.com\/noticias\/el-hospital-recoletas-salud-burgos-abre-el-area-de-hospitalizacion-totalmente-reformada\/\" \/>\n<meta property=\"og:site_name\" content=\"Noticias Grupo Recoletas\" \/>\n<meta property=\"article:publisher\" content=\"https:\/\/www.facebook.com\/GrupoRecoletas\/\" \/>\n<meta property=\"article:published_time\" content=\"2025-01-02T09:00:00+00:00\" \/>\n<meta property=\"article:modified_time\" content=\"2025-01-03T08:05:56+00:00\" \/>\n<meta property=\"og:image\" content=\"https:\/\/www.gruporecoletas.com\/noticias\/wp-content\/uploads\/2025\/01\/AREA-HOSPITALIZACION-RECOLETAS-BURGOS.png\" \/>\n\t<meta property=\"og:image:width\" content=\"1366\" \/>\n\t<meta property=\"og:image:height\" content=\"768\" \/>\n\t<meta property=\"og:image:type\" content=\"image\/png\" \/>\n<meta name=\"author\" content=\"Recoletas Red Hospitalaria\" \/>\n<meta name=\"twitter:card\" content=\"summary_large_image\" \/>\n<meta name=\"twitter:creator\" content=\"@GrupoRecoletas\" \/>\n<meta name=\"twitter:site\" content=\"@GrupoRecoletas\" \/>\n<meta name=\"twitter:label1\" content=\"Escrito por\" \/>\n\t<meta name=\"twitter:data1\" content=\"Recoletas Red Hospitalaria\" \/>\n\t<meta name=\"twitter:label2\" content=\"Tiempo de lectura\" \/>\n\t<meta name=\"twitter:data2\" content=\"1 minuto\" \/>\n<script type=\"application\/ld+json\" class=\"yoast-schema-graph\">{\"@context\":\"https:\\\/\\\/schema.org\",\"@graph\":[{\"@type\":\"Article\",\"@id\":\"https:\\\/\\\/www.gruporecoletas.com\\\/noticias\\\/el-hospital-recoletas-salud-burgos-abre-el-area-de-hospitalizacion-totalmente-reformada\\\/#article\",\"isPartOf\":{\"@id\":\"https:\\\/\\\/www.gruporecoletas.com\\\/noticias\\\/el-hospital-recoletas-salud-burgos-abre-el-area-de-hospitalizacion-totalmente-reformada\\\/\"},\"author\":{\"name\":\"Recoletas Red Hospitalaria\",\"@id\":\"https:\\\/\\\/www.gruporecoletas.com\\\/noticias\\\/#\\\/schema\\\/person\\\/3c6ac429828d1f5e3d3bd99f4da9b02c\"},\"headline\":\"El Hospital Recoletas Salud Burgos abre el \u00e1rea de hospitalizaci\u00f3n totalmente reformada\",\"datePublished\":\"2025-01-02T09:00:00+00:00\",\"dateModified\":\"2025-01-03T08:05:56+00:00\",\"mainEntityOfPage\":{\"@id\":\"https:\\\/\\\/www.gruporecoletas.com\\\/noticias\\\/el-hospital-recoletas-salud-burgos-abre-el-area-de-hospitalizacion-totalmente-reformada\\\/\"},\"wordCount\":269,\"image\":{\"@id\":\"https:\\\/\\\/www.gruporecoletas.com\\\/noticias\\\/el-hospital-recoletas-salud-burgos-abre-el-area-de-hospitalizacion-totalmente-reformada\\\/#primaryimage\"},\"thumbnailUrl\":\"https:\\\/\\\/www.gruporecoletas.com\\\/noticias\\\/wp-content\\\/uploads\\\/2025\\\/01\\\/AREA-HOSPITALIZACION-RECOLETAS-BURGOS.png\",\"keywords\":[\"Hospital Recoletas Burgos\",\"hospitalizaci\u00f3n\"],\"articleSection\":[\"Burgos\",\"Centros\",\"Grupo Recoletas\",\"HRBU\",\"Recoletas Salud\"],\"inLanguage\":\"es\"},{\"@type\":\"WebPage\",\"@id\":\"https:\\\/\\\/www.gruporecoletas.com\\\/noticias\\\/el-hospital-recoletas-salud-burgos-abre-el-area-de-hospitalizacion-totalmente-reformada\\\/\",\"url\":\"https:\\\/\\\/www.gruporecoletas.com\\\/noticias\\\/el-hospital-recoletas-salud-burgos-abre-el-area-de-hospitalizacion-totalmente-reformada\\\/\",\"name\":\"El Hospital Recoletas Salud Burgos abre el \u00e1rea de hospitalizaci\u00f3n totalmente reformada - Noticias Grupo Recoletas\",\"isPartOf\":{\"@id\":\"https:\\\/\\\/www.gruporecoletas.com\\\/noticias\\\/#website\"},\"primaryImageOfPage\":{\"@id\":\"https:\\\/\\\/www.gruporecoletas.com\\\/noticias\\\/el-hospital-recoletas-salud-burgos-abre-el-area-de-hospitalizacion-totalmente-reformada\\\/#primaryimage\"},\"image\":{\"@id\":\"https:\\\/\\\/www.gruporecoletas.com\\\/noticias\\\/el-hospital-recoletas-salud-burgos-abre-el-area-de-hospitalizacion-totalmente-reformada\\\/#primaryimage\"},\"thumbnailUrl\":\"https:\\\/\\\/www.gruporecoletas.com\\\/noticias\\\/wp-content\\\/uploads\\\/2025\\\/01\\\/AREA-HOSPITALIZACION-RECOLETAS-BURGOS.png\",\"datePublished\":\"2025-01-02T09:00:00+00:00\",\"dateModified\":\"2025-01-03T08:05:56+00:00\",\"author\":{\"@id\":\"https:\\\/\\\/www.gruporecoletas.com\\\/noticias\\\/#\\\/schema\\\/person\\\/3c6ac429828d1f5e3d3bd99f4da9b02c\"},\"description\":\"Todas las habitaciones de la segunda planta del centro hospitalario han sido renovadas y cuentan con espacios m\u00e1s amplios y humanizados.\",\"breadcrumb\":{\"@id\":\"https:\\\/\\\/www.gruporecoletas.com\\\/noticias\\\/el-hospital-recoletas-salud-burgos-abre-el-area-de-hospitalizacion-totalmente-reformada\\\/#breadcrumb\"},\"inLanguage\":\"es\",\"potentialAction\":[{\"@type\":\"ReadAction\",\"target\":[\"https:\\\/\\\/www.gruporecoletas.com\\\/noticias\\\/el-hospital-recoletas-salud-burgos-abre-el-area-de-hospitalizacion-totalmente-reformada\\\/\"]}]},{\"@type\":\"ImageObject\",\"inLanguage\":\"es\",\"@id\":\"https:\\\/\\\/www.gruporecoletas.com\\\/noticias\\\/el-hospital-recoletas-salud-burgos-abre-el-area-de-hospitalizacion-totalmente-reformada\\\/#primaryimage\",\"url\":\"https:\\\/\\\/www.gruporecoletas.com\\\/noticias\\\/wp-content\\\/uploads\\\/2025\\\/01\\\/AREA-HOSPITALIZACION-RECOLETAS-BURGOS.png\",\"contentUrl\":\"https:\\\/\\\/www.gruporecoletas.com\\\/noticias\\\/wp-content\\\/uploads\\\/2025\\\/01\\\/AREA-HOSPITALIZACION-RECOLETAS-BURGOS.png\",\"width\":1366,\"height\":768,\"caption\":\"El Hospital Recoletas Salud Burgos abre el \u00e1rea de hospitalizaci\u00f3n totalmente reformada\"},{\"@type\":\"BreadcrumbList\",\"@id\":\"https:\\\/\\\/www.gruporecoletas.com\\\/noticias\\\/el-hospital-recoletas-salud-burgos-abre-el-area-de-hospitalizacion-totalmente-reformada\\\/#breadcrumb\",\"itemListElement\":[{\"@type\":\"ListItem\",\"position\":1,\"name\":\"Portada\",\"item\":\"https:\\\/\\\/www.gruporecoletas.com\\\/noticias\\\/\"},{\"@type\":\"ListItem\",\"position\":2,\"name\":\"El Hospital Recoletas Salud Burgos abre el \u00e1rea de hospitalizaci\u00f3n totalmente reformada\"}]},{\"@type\":\"WebSite\",\"@id\":\"https:\\\/\\\/www.gruporecoletas.com\\\/noticias\\\/#website\",\"url\":\"https:\\\/\\\/www.gruporecoletas.com\\\/noticias\\\/\",\"name\":\"Noticias Grupo Recoletas\",\"description\":\"Grupo Recoletas\",\"potentialAction\":[{\"@type\":\"SearchAction\",\"target\":{\"@type\":\"EntryPoint\",\"urlTemplate\":\"https:\\\/\\\/www.gruporecoletas.com\\\/noticias\\\/?s={search_term_string}\"},\"query-input\":{\"@type\":\"PropertyValueSpecification\",\"valueRequired\":true,\"valueName\":\"search_term_string\"}}],\"inLanguage\":\"es\"},{\"@type\":\"Person\",\"@id\":\"https:\\\/\\\/www.gruporecoletas.com\\\/noticias\\\/#\\\/schema\\\/person\\\/3c6ac429828d1f5e3d3bd99f4da9b02c\",\"name\":\"Recoletas Red Hospitalaria\",\"url\":\"https:\\\/\\\/www.gruporecoletas.com\\\/noticias\\\/author\\\/comunicacion\\\/\"}]}<\/script>\n<!-- \/ Yoast SEO Premium plugin. -->","yoast_head_json":{"title":"El Hospital Recoletas Salud Burgos abre el \u00e1rea de hospitalizaci\u00f3n totalmente reformada - Noticias Grupo Recoletas","description":"Todas las habitaciones de la segunda planta del centro hospitalario han sido renovadas y cuentan con espacios m\u00e1s amplios y humanizados.","robots":{"index":"index","follow":"follow","max-snippet":"max-snippet:-1","max-image-preview":"max-image-preview:large","max-video-preview":"max-video-preview:-1"},"canonical":"https:\/\/www.gruporecoletas.com\/noticias\/el-hospital-recoletas-salud-burgos-abre-el-area-de-hospitalizacion-totalmente-reformada\/","og_locale":"es_ES","og_type":"article","og_title":"El Hospital Recoletas Salud Burgos abre el \u00e1rea de hospitalizaci\u00f3n totalmente reformada","og_description":"Todas las habitaciones de la segunda planta del centro hospitalario han sido renovadas y cuentan con espacios m\u00e1s amplios y humanizados.","og_url":"https:\/\/www.gruporecoletas.com\/noticias\/el-hospital-recoletas-salud-burgos-abre-el-area-de-hospitalizacion-totalmente-reformada\/","og_site_name":"Noticias Grupo Recoletas","article_publisher":"https:\/\/www.facebook.com\/GrupoRecoletas\/","article_published_time":"2025-01-02T09:00:00+00:00","article_modified_time":"2025-01-03T08:05:56+00:00","og_image":[{"width":1366,"height":768,"url":"https:\/\/www.gruporecoletas.com\/noticias\/wp-content\/uploads\/2025\/01\/AREA-HOSPITALIZACION-RECOLETAS-BURGOS.png","type":"image\/png"}],"author":"Recoletas Red Hospitalaria","twitter_card":"summary_large_image","twitter_creator":"@GrupoRecoletas","twitter_site":"@GrupoRecoletas","twitter_misc":{"Escrito por":"Recoletas Red Hospitalaria","Tiempo de lectura":"1 minuto"},"schema":{"@context":"https:\/\/schema.org","@graph":[{"@type":"Article","@id":"https:\/\/www.gruporecoletas.com\/noticias\/el-hospital-recoletas-salud-burgos-abre-el-area-de-hospitalizacion-totalmente-reformada\/#article","isPartOf":{"@id":"https:\/\/www.gruporecoletas.com\/noticias\/el-hospital-recoletas-salud-burgos-abre-el-area-de-hospitalizacion-totalmente-reformada\/"},"author":{"name":"Recoletas Red Hospitalaria","@id":"https:\/\/www.gruporecoletas.com\/noticias\/#\/schema\/person\/3c6ac429828d1f5e3d3bd99f4da9b02c"},"headline":"El Hospital Recoletas Salud Burgos abre el \u00e1rea de hospitalizaci\u00f3n totalmente reformada","datePublished":"2025-01-02T09:00:00+00:00","dateModified":"2025-01-03T08:05:56+00:00","mainEntityOfPage":{"@id":"https:\/\/www.gruporecoletas.com\/noticias\/el-hospital-recoletas-salud-burgos-abre-el-area-de-hospitalizacion-totalmente-reformada\/"},"wordCount":269,"image":{"@id":"https:\/\/www.gruporecoletas.com\/noticias\/el-hospital-recoletas-salud-burgos-abre-el-area-de-hospitalizacion-totalmente-reformada\/#primaryimage"},"thumbnailUrl":"https:\/\/www.gruporecoletas.com\/noticias\/wp-content\/uploads\/2025\/01\/AREA-HOSPITALIZACION-RECOLETAS-BURGOS.png","keywords":["Hospital Recoletas Burgos","hospitalizaci\u00f3n"],"articleSection":["Burgos","Centros","Grupo Recoletas","HRBU","Recoletas Salud"],"inLanguage":"es"},{"@type":"WebPage","@id":"https:\/\/www.gruporecoletas.com\/noticias\/el-hospital-recoletas-salud-burgos-abre-el-area-de-hospitalizacion-totalmente-reformada\/","url":"https:\/\/www.gruporecoletas.com\/noticias\/el-hospital-recoletas-salud-burgos-abre-el-area-de-hospitalizacion-totalmente-reformada\/","name":"El Hospital Recoletas Salud Burgos abre el \u00e1rea de hospitalizaci\u00f3n totalmente reformada - Noticias Grupo Recoletas","isPartOf":{"@id":"https:\/\/www.gruporecoletas.com\/noticias\/#website"},"primaryImageOfPage":{"@id":"https:\/\/www.gruporecoletas.com\/noticias\/el-hospital-recoletas-salud-burgos-abre-el-area-de-hospitalizacion-totalmente-reformada\/#primaryimage"},"image":{"@id":"https:\/\/www.gruporecoletas.com\/noticias\/el-hospital-recoletas-salud-burgos-abre-el-area-de-hospitalizacion-totalmente-reformada\/#primaryimage"},"thumbnailUrl":"https:\/\/www.gruporecoletas.com\/noticias\/wp-content\/uploads\/2025\/01\/AREA-HOSPITALIZACION-RECOLETAS-BURGOS.png","datePublished":"2025-01-02T09:00:00+00:00","dateModified":"2025-01-03T08:05:56+00:00","author":{"@id":"https:\/\/www.gruporecoletas.com\/noticias\/#\/schema\/person\/3c6ac429828d1f5e3d3bd99f4da9b02c"},"description":"Todas las habitaciones de la segunda planta del centro hospitalario han sido renovadas y cuentan con espacios m\u00e1s amplios y humanizados.","breadcrumb":{"@id":"https:\/\/www.gruporecoletas.com\/noticias\/el-hospital-recoletas-salud-burgos-abre-el-area-de-hospitalizacion-totalmente-reformada\/#breadcrumb"},"inLanguage":"es","potentialAction":[{"@type":"ReadAction","target":["https:\/\/www.gruporecoletas.com\/noticias\/el-hospital-recoletas-salud-burgos-abre-el-area-de-hospitalizacion-totalmente-reformada\/"]}]},{"@type":"ImageObject","inLanguage":"es","@id":"https:\/\/www.gruporecoletas.com\/noticias\/el-hospital-recoletas-salud-burgos-abre-el-area-de-hospitalizacion-totalmente-reformada\/#primaryimage","url":"https:\/\/www.gruporecoletas.com\/noticias\/wp-content\/uploads\/2025\/01\/AREA-HOSPITALIZACION-RECOLETAS-BURGOS.png","contentUrl":"https:\/\/www.gruporecoletas.com\/noticias\/wp-content\/uploads\/2025\/01\/AREA-HOSPITALIZACION-RECOLETAS-BURGOS.png","width":1366,"height":768,"caption":"El Hospital Recoletas Salud Burgos abre el \u00e1rea de hospitalizaci\u00f3n totalmente reformada"},{"@type":"BreadcrumbList","@id":"https:\/\/www.gruporecoletas.com\/noticias\/el-hospital-recoletas-salud-burgos-abre-el-area-de-hospitalizacion-totalmente-reformada\/#breadcrumb","itemListElement":[{"@type":"ListItem","position":1,"name":"Portada","item":"https:\/\/www.gruporecoletas.com\/noticias\/"},{"@type":"ListItem","position":2,"name":"El Hospital Recoletas Salud Burgos abre el \u00e1rea de hospitalizaci\u00f3n totalmente reformada"}]},{"@type":"WebSite","@id":"https:\/\/www.gruporecoletas.com\/noticias\/#website","url":"https:\/\/www.gruporecoletas.com\/noticias\/","name":"Noticias Grupo Recoletas","description":"Grupo Recoletas","potentialAction":[{"@type":"SearchAction","target":{"@type":"EntryPoint","urlTemplate":"https:\/\/www.gruporecoletas.com\/noticias\/?s={search_term_string}"},"query-input":{"@type":"PropertyValueSpecification","valueRequired":true,"valueName":"search_term_string"}}],"inLanguage":"es"},{"@type":"Person","@id":"https:\/\/www.gruporecoletas.com\/noticias\/#\/schema\/person\/3c6ac429828d1f5e3d3bd99f4da9b02c","name":"Recoletas Red Hospitalaria","url":"https:\/\/www.gruporecoletas.com\/noticias\/author\/comunicacion\/"}]}},"_links":{"self":[{"href":"https:\/\/www.gruporecoletas.com\/noticias\/wp-json\/wp\/v2\/posts\/16560","targetHints":{"allow":["GET"]}}],"collection":[{"href":"https:\/\/www.gruporecoletas.com\/noticias\/wp-json\/wp\/v2\/posts"}],"about":[{"href":"https:\/\/www.gruporecoletas.com\/noticias\/wp-json\/wp\/v2\/types\/post"}],"author":[{"embeddable":true,"href":"https:\/\/www.gruporecoletas.com\/noticias\/wp-json\/wp\/v2\/users\/2"}],"replies":[{"embeddable":true,"href":"https:\/\/www.gruporecoletas.com\/noticias\/wp-json\/wp\/v2\/comments?post=16560"}],"version-history":[{"count":1,"href":"https:\/\/www.gruporecoletas.com\/noticias\/wp-json\/wp\/v2\/posts\/16560\/revisions"}],"predecessor-version":[{"id":16562,"href":"https:\/\/www.gruporecoletas.com\/noticias\/wp-json\/wp\/v2\/posts\/16560\/revisions\/16562"}],"wp:featuredmedia":[{"embeddable":true,"href":"https:\/\/www.gruporecoletas.com\/noticias\/wp-json\/wp\/v2\/media\/16561"}],"wp:attachment":[{"href":"https:\/\/www.gruporecoletas.com\/noticias\/wp-json\/wp\/v2\/media?parent=16560"}],"wp:term":[{"taxonomy":"category","embeddable":true,"href":"https:\/\/www.gruporecoletas.com\/noticias\/wp-json\/wp\/v2\/categories?post=16560"},{"taxonomy":"post_tag","embeddable":true,"href":"https:\/\/www.gruporecoletas.com\/noticias\/wp-json\/wp\/v2\/tags?post=16560"}],"curies":[{"name":"wp","href":"https:\/\/api.w.org\/{rel}","templated":true}]}}