{"id":16575,"date":"2025-02-18T10:00:00","date_gmt":"2025-02-18T09:00:00","guid":{"rendered":"https:\/\/www.gruporecoletas.com\/noticias\/?p=16575"},"modified":"2025-02-21T09:22:12","modified_gmt":"2025-02-21T08:22:12","slug":"el-instituto-de-traumatologia-recoletas-salud-burgos-amplia-el-servicio-con-la-unidad-del-pie","status":"publish","type":"post","link":"https:\/\/www.gruporecoletas.com\/noticias\/el-instituto-de-traumatologia-recoletas-salud-burgos-amplia-el-servicio-con-la-unidad-del-pie\/","title":{"rendered":"El Instituto de Traumatolog\u00eda Recoletas Salud Burgos ampl\u00eda el servicio con la Unidad del Pie"},"content":{"rendered":"\n<p>El Hospital Recoletas Salud en Burgos sigue ampliando su oferta de servicios y ha incorporado al Instituto de Traumatolog\u00eda a los especialistas Dr. Carlos \u00c1lvarez G\u00f3mez y al Dr. Gustavo Guti\u00e9rrez Castanedo, que forman parte del equipo compuesto por 15 expertos traumat\u00f3logos y est\u00e1n al frente de las consultas especializadas en las patolog\u00edas que afectan al pie y al tobillo. El objetivo de la Unidad del Pie es proporcionar un servicio integral a aquellos pacientes que presenten lesiones en la regi\u00f3n del pie.<\/p>\n\n\n\n<p>El Dr. \u00c1lvarez G\u00f3mez es un especialista de referencia a nivel nacional en el tratamiento quir\u00fargico de las lesiones de pie y tobillo. Ha trabajado en centros de reconocido prestigio nacionales e internacionales. Ha publicado diversos art\u00edculos y cap\u00edtulos de libros relacionados con la especialidad, ha sido profesor universitario, revisor de revistas cient\u00edficas, y forma parte de la comisi\u00f3n de docencia de la Sociedad Espa\u00f1ola de Medicina y Cirug\u00eda de Pie y Tobillo.<\/p>\n\n\n\n<p>El Dr. Guti\u00e9rrez Castanedo, cuenta con a\u00f1os de experiencia como Cirujano Ortopeda y Traumat\u00f3logo y est\u00e1 especializado en cirug\u00eda artrosc\u00f3pica, tratamiento del dolor agudo y cr\u00f3nico y medicina deportiva. Es miembro asociado de la Sociedad Espa\u00f1ola de Cirug\u00eda Ortop\u00e9dica y Traumatolog\u00eda (SECOT); de la Sociedad Espa\u00f1ola de Traumatolog\u00eda del Deporte (SETRADE), y de la Asociaci\u00f3n Espa\u00f1ola de Artroscopia (AEA).<\/p>\n\n\n\n<p>La Unidad est\u00e1 especializada en el abordaje de todas las patolog\u00edas del pie y tobillo. Tiene una dilatada experiencia en el manejo de las deformidades del antepi\u00e9, juanetes, lesiones tendinosas y ligamentosas, tendinopat\u00eda de Aquiles, lesiones deportivas, fracturas de pie y tobillo, artrosis y artritis, fascitis plantar, pie plano, en el tratamiento de secuelas de antiguas lesiones o la correcci\u00f3n de deformidades cong\u00e9nitas. Domina las t\u00e9cnicas de cirug\u00eda m\u00ednimamente invasiva, los procedimientos de nueva generaci\u00f3n y ofrece soluciones individualizadas para los pacientes.<\/p>\n\n\n\n<p>El Instituto de Traumatolog\u00eda cuenta adem\u00e1s otras subespecialidades como la Cirug\u00eda ortop\u00e9dica. Pr\u00f3tesis de rodilla, cadera y hombro (primaria o de recambio); Unidad de artroscopia avanzada, m\u00ednimamente invasiva; Tratamiento Integral de Lesiones Deportivas; Unidad de traumatolog\u00eda-fracturas; Unidad de miembro superior; Tratamiento Integral de Lesiones Laborales y la Cirug\u00eda espinal y patolog\u00eda vertebral (en conexi\u00f3n directa con los especialistas del Instituto Neuro Vertebral: neurocirujanos y traumat\u00f3logos especializados en patolog\u00eda vertebral). Todas ellas, en estrecha colaboraci\u00f3n con el servicio de Diagn\u00f3stico por la Imagen.<\/p>\n\n\n\n<p>\u201cSer un referente en Cirug\u00eda Ortop\u00e9dica y Traumatolog\u00eda en Burgos, nos obliga a seguir creciendo y a mejorar nuestros servicios. Por ello, un servicio integral en patolog\u00edas de pie y tobillo era necesario en Recoletas Burgos, porque tener un \u00e1rea quir\u00fargica de alta tecnolog\u00eda hace que nuestros especialistas realicen un trabajo quir\u00fargico de alta complejidad con una mayor precisi\u00f3n y seguridad para obtener unos resultados cl\u00ednicos \u00f3ptimos\u201d ha se\u00f1alado Pilar G\u00f3mez, directora gerente de Recoletas Salud Burgos.<\/p>\n","protected":false},"excerpt":{"rendered":"<p>El Hospital Recoletas Salud en Burgos sigue ampliando su oferta de servicios y ha incorporado al Instituto de Traumatolog\u00eda a los especialistas Dr. Carlos \u00c1lvarez G\u00f3mez y al Dr. Gustavo Guti\u00e9rrez Castanedo, que forman parte del equipo compuesto por 15 expertos traumat\u00f3logos y est\u00e1n al frente de las consultas especializadas en las patolog\u00edas que afectan [&hellip;]<\/p>\n","protected":false},"author":2,"featured_media":16576,"comment_status":"closed","ping_status":"closed","sticky":false,"template":"","format":"standard","meta":{"_acf_changed":false,"footnotes":""},"categories":[10,43,1,31,7,3095],"tags":[],"class_list":["post-16575","post","type-post","status-publish","format-standard","has-post-thumbnail","hentry","category-burgos","category-centros","category-grupo-recoletas","category-hrbu","category-institutos","category-traumatologia"],"acf":[],"yoast_head":"<!-- This site is optimized with the Yoast SEO Premium plugin v27.3 (Yoast SEO v27.3) - https:\/\/yoast.com\/product\/yoast-seo-premium-wordpress\/ -->\n<title>El Instituto de Traumatolog\u00eda Recoletas Salud Burgos ampl\u00eda el servicio con la Unidad del Pie - Noticias Grupo Recoletas<\/title>\n<meta name=\"description\" content=\"Recoletas Salud Burgos sigue ampliando su oferta de servicios con la incorporaci\u00f3n del Dr. \u00c1lvarez G\u00f3mez y el Dr. Guti\u00e9rrez Castanedo\u00a1\" \/>\n<meta name=\"robots\" content=\"index, follow, max-snippet:-1, max-image-preview:large, max-video-preview:-1\" \/>\n<link rel=\"canonical\" href=\"https:\/\/www.gruporecoletas.com\/noticias\/el-instituto-de-traumatologia-recoletas-salud-burgos-amplia-el-servicio-con-la-unidad-del-pie\/\" \/>\n<meta property=\"og:locale\" content=\"es_ES\" \/>\n<meta property=\"og:type\" content=\"article\" \/>\n<meta property=\"og:title\" content=\"El Instituto de Traumatolog\u00eda Recoletas Salud Burgos ampl\u00eda el servicio con la Unidad del Pie\" \/>\n<meta property=\"og:description\" content=\"Recoletas Salud Burgos sigue ampliando su oferta de servicios con la incorporaci\u00f3n del Dr. \u00c1lvarez G\u00f3mez y el Dr. Guti\u00e9rrez Castanedo\u00a1\" \/>\n<meta property=\"og:url\" content=\"https:\/\/www.gruporecoletas.com\/noticias\/el-instituto-de-traumatologia-recoletas-salud-burgos-amplia-el-servicio-con-la-unidad-del-pie\/\" \/>\n<meta property=\"og:site_name\" content=\"Noticias Grupo Recoletas\" \/>\n<meta property=\"article:publisher\" content=\"https:\/\/www.facebook.com\/GrupoRecoletas\/\" \/>\n<meta property=\"article:published_time\" content=\"2025-02-18T09:00:00+00:00\" \/>\n<meta property=\"article:modified_time\" content=\"2025-02-21T08:22:12+00:00\" \/>\n<meta property=\"og:image\" content=\"https:\/\/www.gruporecoletas.com\/noticias\/wp-content\/uploads\/2025\/02\/UNIDD\u00b4PIE-RECOLETAS-BURGOS.png\" \/>\n\t<meta property=\"og:image:width\" content=\"1366\" \/>\n\t<meta property=\"og:image:height\" content=\"768\" \/>\n\t<meta property=\"og:image:type\" content=\"image\/png\" \/>\n<meta name=\"author\" content=\"Recoletas Red Hospitalaria\" \/>\n<meta name=\"twitter:card\" content=\"summary_large_image\" \/>\n<meta name=\"twitter:creator\" content=\"@GrupoRecoletas\" \/>\n<meta name=\"twitter:site\" content=\"@GrupoRecoletas\" \/>\n<meta name=\"twitter:label1\" content=\"Escrito por\" \/>\n\t<meta name=\"twitter:data1\" content=\"Recoletas Red Hospitalaria\" \/>\n\t<meta name=\"twitter:label2\" content=\"Tiempo de lectura\" \/>\n\t<meta name=\"twitter:data2\" content=\"3 minutos\" \/>\n<script type=\"application\/ld+json\" class=\"yoast-schema-graph\">{\"@context\":\"https:\\\/\\\/schema.org\",\"@graph\":[{\"@type\":\"Article\",\"@id\":\"https:\\\/\\\/www.gruporecoletas.com\\\/noticias\\\/el-instituto-de-traumatologia-recoletas-salud-burgos-amplia-el-servicio-con-la-unidad-del-pie\\\/#article\",\"isPartOf\":{\"@id\":\"https:\\\/\\\/www.gruporecoletas.com\\\/noticias\\\/el-instituto-de-traumatologia-recoletas-salud-burgos-amplia-el-servicio-con-la-unidad-del-pie\\\/\"},\"author\":{\"name\":\"Recoletas Red Hospitalaria\",\"@id\":\"https:\\\/\\\/www.gruporecoletas.com\\\/noticias\\\/#\\\/schema\\\/person\\\/3c6ac429828d1f5e3d3bd99f4da9b02c\"},\"headline\":\"El Instituto de Traumatolog\u00eda Recoletas Salud Burgos ampl\u00eda el servicio con la Unidad del Pie\",\"datePublished\":\"2025-02-18T09:00:00+00:00\",\"dateModified\":\"2025-02-21T08:22:12+00:00\",\"mainEntityOfPage\":{\"@id\":\"https:\\\/\\\/www.gruporecoletas.com\\\/noticias\\\/el-instituto-de-traumatologia-recoletas-salud-burgos-amplia-el-servicio-con-la-unidad-del-pie\\\/\"},\"wordCount\":534,\"image\":{\"@id\":\"https:\\\/\\\/www.gruporecoletas.com\\\/noticias\\\/el-instituto-de-traumatologia-recoletas-salud-burgos-amplia-el-servicio-con-la-unidad-del-pie\\\/#primaryimage\"},\"thumbnailUrl\":\"https:\\\/\\\/www.gruporecoletas.com\\\/noticias\\\/wp-content\\\/uploads\\\/2025\\\/02\\\/UNIDD\u00b4PIE-RECOLETAS-BURGOS.png\",\"articleSection\":[\"Burgos\",\"Centros\",\"Grupo Recoletas\",\"HRBU\",\"Institutos\",\"Traumatolog\u00eda\"],\"inLanguage\":\"es\"},{\"@type\":\"WebPage\",\"@id\":\"https:\\\/\\\/www.gruporecoletas.com\\\/noticias\\\/el-instituto-de-traumatologia-recoletas-salud-burgos-amplia-el-servicio-con-la-unidad-del-pie\\\/\",\"url\":\"https:\\\/\\\/www.gruporecoletas.com\\\/noticias\\\/el-instituto-de-traumatologia-recoletas-salud-burgos-amplia-el-servicio-con-la-unidad-del-pie\\\/\",\"name\":\"El Instituto de Traumatolog\u00eda Recoletas Salud Burgos ampl\u00eda el servicio con la Unidad del Pie - Noticias Grupo Recoletas\",\"isPartOf\":{\"@id\":\"https:\\\/\\\/www.gruporecoletas.com\\\/noticias\\\/#website\"},\"primaryImageOfPage\":{\"@id\":\"https:\\\/\\\/www.gruporecoletas.com\\\/noticias\\\/el-instituto-de-traumatologia-recoletas-salud-burgos-amplia-el-servicio-con-la-unidad-del-pie\\\/#primaryimage\"},\"image\":{\"@id\":\"https:\\\/\\\/www.gruporecoletas.com\\\/noticias\\\/el-instituto-de-traumatologia-recoletas-salud-burgos-amplia-el-servicio-con-la-unidad-del-pie\\\/#primaryimage\"},\"thumbnailUrl\":\"https:\\\/\\\/www.gruporecoletas.com\\\/noticias\\\/wp-content\\\/uploads\\\/2025\\\/02\\\/UNIDD\u00b4PIE-RECOLETAS-BURGOS.png\",\"datePublished\":\"2025-02-18T09:00:00+00:00\",\"dateModified\":\"2025-02-21T08:22:12+00:00\",\"author\":{\"@id\":\"https:\\\/\\\/www.gruporecoletas.com\\\/noticias\\\/#\\\/schema\\\/person\\\/3c6ac429828d1f5e3d3bd99f4da9b02c\"},\"description\":\"Recoletas Salud Burgos sigue ampliando su oferta de servicios con la incorporaci\u00f3n del Dr. \u00c1lvarez G\u00f3mez y el Dr. Guti\u00e9rrez Castanedo\u00a1\",\"breadcrumb\":{\"@id\":\"https:\\\/\\\/www.gruporecoletas.com\\\/noticias\\\/el-instituto-de-traumatologia-recoletas-salud-burgos-amplia-el-servicio-con-la-unidad-del-pie\\\/#breadcrumb\"},\"inLanguage\":\"es\",\"potentialAction\":[{\"@type\":\"ReadAction\",\"target\":[\"https:\\\/\\\/www.gruporecoletas.com\\\/noticias\\\/el-instituto-de-traumatologia-recoletas-salud-burgos-amplia-el-servicio-con-la-unidad-del-pie\\\/\"]}]},{\"@type\":\"ImageObject\",\"inLanguage\":\"es\",\"@id\":\"https:\\\/\\\/www.gruporecoletas.com\\\/noticias\\\/el-instituto-de-traumatologia-recoletas-salud-burgos-amplia-el-servicio-con-la-unidad-del-pie\\\/#primaryimage\",\"url\":\"https:\\\/\\\/www.gruporecoletas.com\\\/noticias\\\/wp-content\\\/uploads\\\/2025\\\/02\\\/UNIDD\u00b4PIE-RECOLETAS-BURGOS.png\",\"contentUrl\":\"https:\\\/\\\/www.gruporecoletas.com\\\/noticias\\\/wp-content\\\/uploads\\\/2025\\\/02\\\/UNIDD\u00b4PIE-RECOLETAS-BURGOS.png\",\"width\":1366,\"height\":768},{\"@type\":\"BreadcrumbList\",\"@id\":\"https:\\\/\\\/www.gruporecoletas.com\\\/noticias\\\/el-instituto-de-traumatologia-recoletas-salud-burgos-amplia-el-servicio-con-la-unidad-del-pie\\\/#breadcrumb\",\"itemListElement\":[{\"@type\":\"ListItem\",\"position\":1,\"name\":\"Portada\",\"item\":\"https:\\\/\\\/www.gruporecoletas.com\\\/noticias\\\/\"},{\"@type\":\"ListItem\",\"position\":2,\"name\":\"El Instituto de Traumatolog\u00eda Recoletas Salud Burgos ampl\u00eda el servicio con la Unidad del Pie\"}]},{\"@type\":\"WebSite\",\"@id\":\"https:\\\/\\\/www.gruporecoletas.com\\\/noticias\\\/#website\",\"url\":\"https:\\\/\\\/www.gruporecoletas.com\\\/noticias\\\/\",\"name\":\"Noticias Grupo Recoletas\",\"description\":\"Grupo Recoletas\",\"potentialAction\":[{\"@type\":\"SearchAction\",\"target\":{\"@type\":\"EntryPoint\",\"urlTemplate\":\"https:\\\/\\\/www.gruporecoletas.com\\\/noticias\\\/?s={search_term_string}\"},\"query-input\":{\"@type\":\"PropertyValueSpecification\",\"valueRequired\":true,\"valueName\":\"search_term_string\"}}],\"inLanguage\":\"es\"},{\"@type\":\"Person\",\"@id\":\"https:\\\/\\\/www.gruporecoletas.com\\\/noticias\\\/#\\\/schema\\\/person\\\/3c6ac429828d1f5e3d3bd99f4da9b02c\",\"name\":\"Recoletas Red Hospitalaria\",\"url\":\"https:\\\/\\\/www.gruporecoletas.com\\\/noticias\\\/author\\\/comunicacion\\\/\"}]}<\/script>\n<!-- \/ Yoast SEO Premium plugin. -->","yoast_head_json":{"title":"El Instituto de Traumatolog\u00eda Recoletas Salud Burgos ampl\u00eda el servicio con la Unidad del Pie - Noticias Grupo Recoletas","description":"Recoletas Salud Burgos sigue ampliando su oferta de servicios con la incorporaci\u00f3n del Dr. \u00c1lvarez G\u00f3mez y el Dr. Guti\u00e9rrez Castanedo\u00a1","robots":{"index":"index","follow":"follow","max-snippet":"max-snippet:-1","max-image-preview":"max-image-preview:large","max-video-preview":"max-video-preview:-1"},"canonical":"https:\/\/www.gruporecoletas.com\/noticias\/el-instituto-de-traumatologia-recoletas-salud-burgos-amplia-el-servicio-con-la-unidad-del-pie\/","og_locale":"es_ES","og_type":"article","og_title":"El Instituto de Traumatolog\u00eda Recoletas Salud Burgos ampl\u00eda el servicio con la Unidad del Pie","og_description":"Recoletas Salud Burgos sigue ampliando su oferta de servicios con la incorporaci\u00f3n del Dr. \u00c1lvarez G\u00f3mez y el Dr. Guti\u00e9rrez Castanedo\u00a1","og_url":"https:\/\/www.gruporecoletas.com\/noticias\/el-instituto-de-traumatologia-recoletas-salud-burgos-amplia-el-servicio-con-la-unidad-del-pie\/","og_site_name":"Noticias Grupo Recoletas","article_publisher":"https:\/\/www.facebook.com\/GrupoRecoletas\/","article_published_time":"2025-02-18T09:00:00+00:00","article_modified_time":"2025-02-21T08:22:12+00:00","og_image":[{"width":1366,"height":768,"url":"https:\/\/www.gruporecoletas.com\/noticias\/wp-content\/uploads\/2025\/02\/UNIDD\u00b4PIE-RECOLETAS-BURGOS.png","type":"image\/png"}],"author":"Recoletas Red Hospitalaria","twitter_card":"summary_large_image","twitter_creator":"@GrupoRecoletas","twitter_site":"@GrupoRecoletas","twitter_misc":{"Escrito por":"Recoletas Red Hospitalaria","Tiempo de lectura":"3 minutos"},"schema":{"@context":"https:\/\/schema.org","@graph":[{"@type":"Article","@id":"https:\/\/www.gruporecoletas.com\/noticias\/el-instituto-de-traumatologia-recoletas-salud-burgos-amplia-el-servicio-con-la-unidad-del-pie\/#article","isPartOf":{"@id":"https:\/\/www.gruporecoletas.com\/noticias\/el-instituto-de-traumatologia-recoletas-salud-burgos-amplia-el-servicio-con-la-unidad-del-pie\/"},"author":{"name":"Recoletas Red Hospitalaria","@id":"https:\/\/www.gruporecoletas.com\/noticias\/#\/schema\/person\/3c6ac429828d1f5e3d3bd99f4da9b02c"},"headline":"El Instituto de Traumatolog\u00eda Recoletas Salud Burgos ampl\u00eda el servicio con la Unidad del Pie","datePublished":"2025-02-18T09:00:00+00:00","dateModified":"2025-02-21T08:22:12+00:00","mainEntityOfPage":{"@id":"https:\/\/www.gruporecoletas.com\/noticias\/el-instituto-de-traumatologia-recoletas-salud-burgos-amplia-el-servicio-con-la-unidad-del-pie\/"},"wordCount":534,"image":{"@id":"https:\/\/www.gruporecoletas.com\/noticias\/el-instituto-de-traumatologia-recoletas-salud-burgos-amplia-el-servicio-con-la-unidad-del-pie\/#primaryimage"},"thumbnailUrl":"https:\/\/www.gruporecoletas.com\/noticias\/wp-content\/uploads\/2025\/02\/UNIDD\u00b4PIE-RECOLETAS-BURGOS.png","articleSection":["Burgos","Centros","Grupo Recoletas","HRBU","Institutos","Traumatolog\u00eda"],"inLanguage":"es"},{"@type":"WebPage","@id":"https:\/\/www.gruporecoletas.com\/noticias\/el-instituto-de-traumatologia-recoletas-salud-burgos-amplia-el-servicio-con-la-unidad-del-pie\/","url":"https:\/\/www.gruporecoletas.com\/noticias\/el-instituto-de-traumatologia-recoletas-salud-burgos-amplia-el-servicio-con-la-unidad-del-pie\/","name":"El Instituto de Traumatolog\u00eda Recoletas Salud Burgos ampl\u00eda el servicio con la Unidad del Pie - Noticias Grupo Recoletas","isPartOf":{"@id":"https:\/\/www.gruporecoletas.com\/noticias\/#website"},"primaryImageOfPage":{"@id":"https:\/\/www.gruporecoletas.com\/noticias\/el-instituto-de-traumatologia-recoletas-salud-burgos-amplia-el-servicio-con-la-unidad-del-pie\/#primaryimage"},"image":{"@id":"https:\/\/www.gruporecoletas.com\/noticias\/el-instituto-de-traumatologia-recoletas-salud-burgos-amplia-el-servicio-con-la-unidad-del-pie\/#primaryimage"},"thumbnailUrl":"https:\/\/www.gruporecoletas.com\/noticias\/wp-content\/uploads\/2025\/02\/UNIDD\u00b4PIE-RECOLETAS-BURGOS.png","datePublished":"2025-02-18T09:00:00+00:00","dateModified":"2025-02-21T08:22:12+00:00","author":{"@id":"https:\/\/www.gruporecoletas.com\/noticias\/#\/schema\/person\/3c6ac429828d1f5e3d3bd99f4da9b02c"},"description":"Recoletas Salud Burgos sigue ampliando su oferta de servicios con la incorporaci\u00f3n del Dr. \u00c1lvarez G\u00f3mez y el Dr. Guti\u00e9rrez Castanedo\u00a1","breadcrumb":{"@id":"https:\/\/www.gruporecoletas.com\/noticias\/el-instituto-de-traumatologia-recoletas-salud-burgos-amplia-el-servicio-con-la-unidad-del-pie\/#breadcrumb"},"inLanguage":"es","potentialAction":[{"@type":"ReadAction","target":["https:\/\/www.gruporecoletas.com\/noticias\/el-instituto-de-traumatologia-recoletas-salud-burgos-amplia-el-servicio-con-la-unidad-del-pie\/"]}]},{"@type":"ImageObject","inLanguage":"es","@id":"https:\/\/www.gruporecoletas.com\/noticias\/el-instituto-de-traumatologia-recoletas-salud-burgos-amplia-el-servicio-con-la-unidad-del-pie\/#primaryimage","url":"https:\/\/www.gruporecoletas.com\/noticias\/wp-content\/uploads\/2025\/02\/UNIDD\u00b4PIE-RECOLETAS-BURGOS.png","contentUrl":"https:\/\/www.gruporecoletas.com\/noticias\/wp-content\/uploads\/2025\/02\/UNIDD\u00b4PIE-RECOLETAS-BURGOS.png","width":1366,"height":768},{"@type":"BreadcrumbList","@id":"https:\/\/www.gruporecoletas.com\/noticias\/el-instituto-de-traumatologia-recoletas-salud-burgos-amplia-el-servicio-con-la-unidad-del-pie\/#breadcrumb","itemListElement":[{"@type":"ListItem","position":1,"name":"Portada","item":"https:\/\/www.gruporecoletas.com\/noticias\/"},{"@type":"ListItem","position":2,"name":"El Instituto de Traumatolog\u00eda Recoletas Salud Burgos ampl\u00eda el servicio con la Unidad del Pie"}]},{"@type":"WebSite","@id":"https:\/\/www.gruporecoletas.com\/noticias\/#website","url":"https:\/\/www.gruporecoletas.com\/noticias\/","name":"Noticias Grupo Recoletas","description":"Grupo Recoletas","potentialAction":[{"@type":"SearchAction","target":{"@type":"EntryPoint","urlTemplate":"https:\/\/www.gruporecoletas.com\/noticias\/?s={search_term_string}"},"query-input":{"@type":"PropertyValueSpecification","valueRequired":true,"valueName":"search_term_string"}}],"inLanguage":"es"},{"@type":"Person","@id":"https:\/\/www.gruporecoletas.com\/noticias\/#\/schema\/person\/3c6ac429828d1f5e3d3bd99f4da9b02c","name":"Recoletas Red Hospitalaria","url":"https:\/\/www.gruporecoletas.com\/noticias\/author\/comunicacion\/"}]}},"_links":{"self":[{"href":"https:\/\/www.gruporecoletas.com\/noticias\/wp-json\/wp\/v2\/posts\/16575","targetHints":{"allow":["GET"]}}],"collection":[{"href":"https:\/\/www.gruporecoletas.com\/noticias\/wp-json\/wp\/v2\/posts"}],"about":[{"href":"https:\/\/www.gruporecoletas.com\/noticias\/wp-json\/wp\/v2\/types\/post"}],"author":[{"embeddable":true,"href":"https:\/\/www.gruporecoletas.com\/noticias\/wp-json\/wp\/v2\/users\/2"}],"replies":[{"embeddable":true,"href":"https:\/\/www.gruporecoletas.com\/noticias\/wp-json\/wp\/v2\/comments?post=16575"}],"version-history":[{"count":1,"href":"https:\/\/www.gruporecoletas.com\/noticias\/wp-json\/wp\/v2\/posts\/16575\/revisions"}],"predecessor-version":[{"id":16577,"href":"https:\/\/www.gruporecoletas.com\/noticias\/wp-json\/wp\/v2\/posts\/16575\/revisions\/16577"}],"wp:featuredmedia":[{"embeddable":true,"href":"https:\/\/www.gruporecoletas.com\/noticias\/wp-json\/wp\/v2\/media\/16576"}],"wp:attachment":[{"href":"https:\/\/www.gruporecoletas.com\/noticias\/wp-json\/wp\/v2\/media?parent=16575"}],"wp:term":[{"taxonomy":"category","embeddable":true,"href":"https:\/\/www.gruporecoletas.com\/noticias\/wp-json\/wp\/v2\/categories?post=16575"},{"taxonomy":"post_tag","embeddable":true,"href":"https:\/\/www.gruporecoletas.com\/noticias\/wp-json\/wp\/v2\/tags?post=16575"}],"curies":[{"name":"wp","href":"https:\/\/api.w.org\/{rel}","templated":true}]}}