{"id":16585,"date":"2025-02-17T09:40:09","date_gmt":"2025-02-17T08:40:09","guid":{"rendered":"https:\/\/www.gruporecoletas.com\/noticias\/?p=16585"},"modified":"2025-03-04T09:26:26","modified_gmt":"2025-03-04T08:26:26","slug":"recoletas-salud-ourense-promueve-una-jornada-clinica-quirurgica-con-el-doctor-manuel-leyes-y-las-doctoras-fernandez-cortinas-y-bergara-nieto","status":"publish","type":"post","link":"https:\/\/www.gruporecoletas.com\/noticias\/recoletas-salud-ourense-promueve-una-jornada-clinica-quirurgica-con-el-doctor-manuel-leyes-y-las-doctoras-fernandez-cortinas-y-bergara-nieto\/","title":{"rendered":"Recoletas Salud Ourense promueve una jornada cl\u00ednica quir\u00fargica con el doctor Manuel Leyes y las doctoras Fern\u00e1ndez Corti\u00f1as y Bergara Nieto"},"content":{"rendered":"\n<p>El pasado s\u00e1bado 15 de febrero las doctoras de Recoletas Salud Ourense Ana Bel\u00e9n Fern\u00e1ndez Corti\u00f1as y Larraitz Bergara Nieto, cirujanas ortop\u00e9dicas con amplia experiencia en el tratamiento de lesiones deportivas, realizaron, en colaboraci\u00f3n con el Dr. Manuel Leyes, una osteotom\u00eda valguizante de tibia en una paciente joven con artrosis medial de rodilla, la cual ya ha sido dado alta y se est\u00e1 recuperando con normalidad.<\/p>\n\n\n\n<p>El Dr. Manuel Leyes es un referente internacional en Traumatolog\u00eda del Deporte que ha intervenido a numerosos deportistas de elite como Courtois, Sergio Ramos, Zidane, Carbajal y Carolina Mar\u00edn.&nbsp;<\/p>\n\n\n\n<p>Para las doctoras Fern\u00e1ndez Corti\u00f1as y Bergara Nieto, que son tambi\u00e9n las actuales responsables de la mutualidad de futbolistas de Ourense y colaboradoras de la Real Federaci\u00f3n Espa\u00f1ola de Rugby y la Real Federaci\u00f3n Espa\u00f1ola de Atletismo, poder contar en el quir\u00f3fano con un experto como el Dr. Leyes es una oportunidad \u00fanica para seguir mejorando y perfeccionando sus conocimientos y t\u00e9cnicas.<\/p>\n\n\n\n<p>En este sentido, ambas doctoras concluyeron manifestando su voluntad de poder realizar en los hospitales de Recoletas Salud de Ourense nuevas y similares sesiones cl\u00ednico-quir\u00fargicas que repercutan en una mejora atenci\u00f3n al conjunto de los pacientes y los deportistas de la ciudad.<\/p>\n","protected":false},"excerpt":{"rendered":"<p>El pasado s\u00e1bado 15 de febrero las doctoras de Recoletas Salud Ourense Ana Bel\u00e9n Fern\u00e1ndez Corti\u00f1as y Larraitz Bergara Nieto, cirujanas ortop\u00e9dicas con amplia experiencia en el tratamiento de lesiones deportivas, realizaron, en colaboraci\u00f3n con el Dr. Manuel Leyes, una osteotom\u00eda valguizante de tibia en una paciente joven con artrosis medial de rodilla, la cual [&hellip;]<\/p>\n","protected":false},"author":2,"featured_media":0,"comment_status":"closed","ping_status":"closed","sticky":false,"template":"","format":"standard","meta":{"_acf_changed":false,"footnotes":""},"categories":[43,1,3282,42],"tags":[3379,3422,3234],"class_list":["post-16585","post","type-post","status-publish","format-standard","hentry","category-centros","category-grupo-recoletas","category-id","category-recoletas-salud","tag-cirugia-ortopedica","tag-ourense","tag-traumatologia"],"acf":[],"yoast_head":"<!-- This site is optimized with the Yoast SEO Premium plugin v27.3 (Yoast SEO v27.3) - https:\/\/yoast.com\/product\/yoast-seo-premium-wordpress\/ -->\n<title>Recoletas Salud Ourense promueve una jornada cl\u00ednica quir\u00fargica con el doctor Manuel Leyes y las doctoras Fern\u00e1ndez Corti\u00f1as y Bergara Nieto - Noticias Grupo Recoletas<\/title>\n<meta name=\"description\" content=\"Nuestras especialistas realizaron una osteotom\u00eda valguizante de tibia en una paciente joven con artrosis medial de rodilla\" \/>\n<meta name=\"robots\" content=\"index, follow, max-snippet:-1, max-image-preview:large, max-video-preview:-1\" \/>\n<link rel=\"canonical\" href=\"https:\/\/www.gruporecoletas.com\/noticias\/recoletas-salud-ourense-promueve-una-jornada-clinica-quirurgica-con-el-doctor-manuel-leyes-y-las-doctoras-fernandez-cortinas-y-bergara-nieto\/\" \/>\n<meta property=\"og:locale\" content=\"es_ES\" \/>\n<meta property=\"og:type\" content=\"article\" \/>\n<meta property=\"og:title\" content=\"Recoletas Salud Ourense promueve una jornada cl\u00ednica quir\u00fargica con el doctor Manuel Leyes y las doctoras Fern\u00e1ndez Corti\u00f1as y Bergara Nieto\" \/>\n<meta property=\"og:description\" content=\"Nuestras especialistas realizaron una osteotom\u00eda valguizante de tibia en una paciente joven con artrosis medial de rodilla\" \/>\n<meta property=\"og:url\" content=\"https:\/\/www.gruporecoletas.com\/noticias\/recoletas-salud-ourense-promueve-una-jornada-clinica-quirurgica-con-el-doctor-manuel-leyes-y-las-doctoras-fernandez-cortinas-y-bergara-nieto\/\" \/>\n<meta property=\"og:site_name\" content=\"Noticias Grupo Recoletas\" \/>\n<meta property=\"article:publisher\" content=\"https:\/\/www.facebook.com\/GrupoRecoletas\/\" \/>\n<meta property=\"article:published_time\" content=\"2025-02-17T08:40:09+00:00\" \/>\n<meta property=\"article:modified_time\" content=\"2025-03-04T08:26:26+00:00\" \/>\n<meta name=\"author\" content=\"Recoletas Red Hospitalaria\" \/>\n<meta name=\"twitter:card\" content=\"summary_large_image\" \/>\n<meta name=\"twitter:creator\" content=\"@GrupoRecoletas\" \/>\n<meta name=\"twitter:site\" content=\"@GrupoRecoletas\" \/>\n<meta name=\"twitter:label1\" content=\"Escrito por\" \/>\n\t<meta name=\"twitter:data1\" content=\"Recoletas Red Hospitalaria\" \/>\n\t<meta name=\"twitter:label2\" content=\"Tiempo de lectura\" \/>\n\t<meta name=\"twitter:data2\" content=\"1 minuto\" \/>\n<script type=\"application\/ld+json\" class=\"yoast-schema-graph\">{\"@context\":\"https:\\\/\\\/schema.org\",\"@graph\":[{\"@type\":\"Article\",\"@id\":\"https:\\\/\\\/www.gruporecoletas.com\\\/noticias\\\/recoletas-salud-ourense-promueve-una-jornada-clinica-quirurgica-con-el-doctor-manuel-leyes-y-las-doctoras-fernandez-cortinas-y-bergara-nieto\\\/#article\",\"isPartOf\":{\"@id\":\"https:\\\/\\\/www.gruporecoletas.com\\\/noticias\\\/recoletas-salud-ourense-promueve-una-jornada-clinica-quirurgica-con-el-doctor-manuel-leyes-y-las-doctoras-fernandez-cortinas-y-bergara-nieto\\\/\"},\"author\":{\"name\":\"Recoletas Red Hospitalaria\",\"@id\":\"https:\\\/\\\/www.gruporecoletas.com\\\/noticias\\\/#\\\/schema\\\/person\\\/3c6ac429828d1f5e3d3bd99f4da9b02c\"},\"headline\":\"Recoletas Salud Ourense promueve una jornada cl\u00ednica quir\u00fargica con el doctor Manuel Leyes y las doctoras Fern\u00e1ndez Corti\u00f1as y Bergara Nieto\",\"datePublished\":\"2025-02-17T08:40:09+00:00\",\"dateModified\":\"2025-03-04T08:26:26+00:00\",\"mainEntityOfPage\":{\"@id\":\"https:\\\/\\\/www.gruporecoletas.com\\\/noticias\\\/recoletas-salud-ourense-promueve-una-jornada-clinica-quirurgica-con-el-doctor-manuel-leyes-y-las-doctoras-fernandez-cortinas-y-bergara-nieto\\\/\"},\"wordCount\":245,\"keywords\":[\"Cirug\u00eda ortop\u00e9dica\",\"Ourense\",\"Traumatolog\u00eda\"],\"articleSection\":[\"Centros\",\"Grupo Recoletas\",\"I+D\",\"Recoletas Salud\"],\"inLanguage\":\"es\"},{\"@type\":\"WebPage\",\"@id\":\"https:\\\/\\\/www.gruporecoletas.com\\\/noticias\\\/recoletas-salud-ourense-promueve-una-jornada-clinica-quirurgica-con-el-doctor-manuel-leyes-y-las-doctoras-fernandez-cortinas-y-bergara-nieto\\\/\",\"url\":\"https:\\\/\\\/www.gruporecoletas.com\\\/noticias\\\/recoletas-salud-ourense-promueve-una-jornada-clinica-quirurgica-con-el-doctor-manuel-leyes-y-las-doctoras-fernandez-cortinas-y-bergara-nieto\\\/\",\"name\":\"Recoletas Salud Ourense promueve una jornada cl\u00ednica quir\u00fargica con el doctor Manuel Leyes y las doctoras Fern\u00e1ndez Corti\u00f1as y Bergara Nieto - Noticias Grupo Recoletas\",\"isPartOf\":{\"@id\":\"https:\\\/\\\/www.gruporecoletas.com\\\/noticias\\\/#website\"},\"datePublished\":\"2025-02-17T08:40:09+00:00\",\"dateModified\":\"2025-03-04T08:26:26+00:00\",\"author\":{\"@id\":\"https:\\\/\\\/www.gruporecoletas.com\\\/noticias\\\/#\\\/schema\\\/person\\\/3c6ac429828d1f5e3d3bd99f4da9b02c\"},\"description\":\"Nuestras especialistas realizaron una osteotom\u00eda valguizante de tibia en una paciente joven con artrosis medial de rodilla\",\"breadcrumb\":{\"@id\":\"https:\\\/\\\/www.gruporecoletas.com\\\/noticias\\\/recoletas-salud-ourense-promueve-una-jornada-clinica-quirurgica-con-el-doctor-manuel-leyes-y-las-doctoras-fernandez-cortinas-y-bergara-nieto\\\/#breadcrumb\"},\"inLanguage\":\"es\",\"potentialAction\":[{\"@type\":\"ReadAction\",\"target\":[\"https:\\\/\\\/www.gruporecoletas.com\\\/noticias\\\/recoletas-salud-ourense-promueve-una-jornada-clinica-quirurgica-con-el-doctor-manuel-leyes-y-las-doctoras-fernandez-cortinas-y-bergara-nieto\\\/\"]}]},{\"@type\":\"BreadcrumbList\",\"@id\":\"https:\\\/\\\/www.gruporecoletas.com\\\/noticias\\\/recoletas-salud-ourense-promueve-una-jornada-clinica-quirurgica-con-el-doctor-manuel-leyes-y-las-doctoras-fernandez-cortinas-y-bergara-nieto\\\/#breadcrumb\",\"itemListElement\":[{\"@type\":\"ListItem\",\"position\":1,\"name\":\"Portada\",\"item\":\"https:\\\/\\\/www.gruporecoletas.com\\\/noticias\\\/\"},{\"@type\":\"ListItem\",\"position\":2,\"name\":\"Recoletas Salud Ourense promueve una jornada cl\u00ednica quir\u00fargica con el doctor Manuel Leyes y las doctoras Fern\u00e1ndez Corti\u00f1as y Bergara Nieto\"}]},{\"@type\":\"WebSite\",\"@id\":\"https:\\\/\\\/www.gruporecoletas.com\\\/noticias\\\/#website\",\"url\":\"https:\\\/\\\/www.gruporecoletas.com\\\/noticias\\\/\",\"name\":\"Noticias Grupo Recoletas\",\"description\":\"Grupo Recoletas\",\"potentialAction\":[{\"@type\":\"SearchAction\",\"target\":{\"@type\":\"EntryPoint\",\"urlTemplate\":\"https:\\\/\\\/www.gruporecoletas.com\\\/noticias\\\/?s={search_term_string}\"},\"query-input\":{\"@type\":\"PropertyValueSpecification\",\"valueRequired\":true,\"valueName\":\"search_term_string\"}}],\"inLanguage\":\"es\"},{\"@type\":\"Person\",\"@id\":\"https:\\\/\\\/www.gruporecoletas.com\\\/noticias\\\/#\\\/schema\\\/person\\\/3c6ac429828d1f5e3d3bd99f4da9b02c\",\"name\":\"Recoletas Red Hospitalaria\",\"url\":\"https:\\\/\\\/www.gruporecoletas.com\\\/noticias\\\/author\\\/comunicacion\\\/\"}]}<\/script>\n<!-- \/ Yoast SEO Premium plugin. -->","yoast_head_json":{"title":"Recoletas Salud Ourense promueve una jornada cl\u00ednica quir\u00fargica con el doctor Manuel Leyes y las doctoras Fern\u00e1ndez Corti\u00f1as y Bergara Nieto - Noticias Grupo Recoletas","description":"Nuestras especialistas realizaron una osteotom\u00eda valguizante de tibia en una paciente joven con artrosis medial de rodilla","robots":{"index":"index","follow":"follow","max-snippet":"max-snippet:-1","max-image-preview":"max-image-preview:large","max-video-preview":"max-video-preview:-1"},"canonical":"https:\/\/www.gruporecoletas.com\/noticias\/recoletas-salud-ourense-promueve-una-jornada-clinica-quirurgica-con-el-doctor-manuel-leyes-y-las-doctoras-fernandez-cortinas-y-bergara-nieto\/","og_locale":"es_ES","og_type":"article","og_title":"Recoletas Salud Ourense promueve una jornada cl\u00ednica quir\u00fargica con el doctor Manuel Leyes y las doctoras Fern\u00e1ndez Corti\u00f1as y Bergara Nieto","og_description":"Nuestras especialistas realizaron una osteotom\u00eda valguizante de tibia en una paciente joven con artrosis medial de rodilla","og_url":"https:\/\/www.gruporecoletas.com\/noticias\/recoletas-salud-ourense-promueve-una-jornada-clinica-quirurgica-con-el-doctor-manuel-leyes-y-las-doctoras-fernandez-cortinas-y-bergara-nieto\/","og_site_name":"Noticias Grupo Recoletas","article_publisher":"https:\/\/www.facebook.com\/GrupoRecoletas\/","article_published_time":"2025-02-17T08:40:09+00:00","article_modified_time":"2025-03-04T08:26:26+00:00","author":"Recoletas Red Hospitalaria","twitter_card":"summary_large_image","twitter_creator":"@GrupoRecoletas","twitter_site":"@GrupoRecoletas","twitter_misc":{"Escrito por":"Recoletas Red Hospitalaria","Tiempo de lectura":"1 minuto"},"schema":{"@context":"https:\/\/schema.org","@graph":[{"@type":"Article","@id":"https:\/\/www.gruporecoletas.com\/noticias\/recoletas-salud-ourense-promueve-una-jornada-clinica-quirurgica-con-el-doctor-manuel-leyes-y-las-doctoras-fernandez-cortinas-y-bergara-nieto\/#article","isPartOf":{"@id":"https:\/\/www.gruporecoletas.com\/noticias\/recoletas-salud-ourense-promueve-una-jornada-clinica-quirurgica-con-el-doctor-manuel-leyes-y-las-doctoras-fernandez-cortinas-y-bergara-nieto\/"},"author":{"name":"Recoletas Red Hospitalaria","@id":"https:\/\/www.gruporecoletas.com\/noticias\/#\/schema\/person\/3c6ac429828d1f5e3d3bd99f4da9b02c"},"headline":"Recoletas Salud Ourense promueve una jornada cl\u00ednica quir\u00fargica con el doctor Manuel Leyes y las doctoras Fern\u00e1ndez Corti\u00f1as y Bergara Nieto","datePublished":"2025-02-17T08:40:09+00:00","dateModified":"2025-03-04T08:26:26+00:00","mainEntityOfPage":{"@id":"https:\/\/www.gruporecoletas.com\/noticias\/recoletas-salud-ourense-promueve-una-jornada-clinica-quirurgica-con-el-doctor-manuel-leyes-y-las-doctoras-fernandez-cortinas-y-bergara-nieto\/"},"wordCount":245,"keywords":["Cirug\u00eda ortop\u00e9dica","Ourense","Traumatolog\u00eda"],"articleSection":["Centros","Grupo Recoletas","I+D","Recoletas Salud"],"inLanguage":"es"},{"@type":"WebPage","@id":"https:\/\/www.gruporecoletas.com\/noticias\/recoletas-salud-ourense-promueve-una-jornada-clinica-quirurgica-con-el-doctor-manuel-leyes-y-las-doctoras-fernandez-cortinas-y-bergara-nieto\/","url":"https:\/\/www.gruporecoletas.com\/noticias\/recoletas-salud-ourense-promueve-una-jornada-clinica-quirurgica-con-el-doctor-manuel-leyes-y-las-doctoras-fernandez-cortinas-y-bergara-nieto\/","name":"Recoletas Salud Ourense promueve una jornada cl\u00ednica quir\u00fargica con el doctor Manuel Leyes y las doctoras Fern\u00e1ndez Corti\u00f1as y Bergara Nieto - Noticias Grupo Recoletas","isPartOf":{"@id":"https:\/\/www.gruporecoletas.com\/noticias\/#website"},"datePublished":"2025-02-17T08:40:09+00:00","dateModified":"2025-03-04T08:26:26+00:00","author":{"@id":"https:\/\/www.gruporecoletas.com\/noticias\/#\/schema\/person\/3c6ac429828d1f5e3d3bd99f4da9b02c"},"description":"Nuestras especialistas realizaron una osteotom\u00eda valguizante de tibia en una paciente joven con artrosis medial de rodilla","breadcrumb":{"@id":"https:\/\/www.gruporecoletas.com\/noticias\/recoletas-salud-ourense-promueve-una-jornada-clinica-quirurgica-con-el-doctor-manuel-leyes-y-las-doctoras-fernandez-cortinas-y-bergara-nieto\/#breadcrumb"},"inLanguage":"es","potentialAction":[{"@type":"ReadAction","target":["https:\/\/www.gruporecoletas.com\/noticias\/recoletas-salud-ourense-promueve-una-jornada-clinica-quirurgica-con-el-doctor-manuel-leyes-y-las-doctoras-fernandez-cortinas-y-bergara-nieto\/"]}]},{"@type":"BreadcrumbList","@id":"https:\/\/www.gruporecoletas.com\/noticias\/recoletas-salud-ourense-promueve-una-jornada-clinica-quirurgica-con-el-doctor-manuel-leyes-y-las-doctoras-fernandez-cortinas-y-bergara-nieto\/#breadcrumb","itemListElement":[{"@type":"ListItem","position":1,"name":"Portada","item":"https:\/\/www.gruporecoletas.com\/noticias\/"},{"@type":"ListItem","position":2,"name":"Recoletas Salud Ourense promueve una jornada cl\u00ednica quir\u00fargica con el doctor Manuel Leyes y las doctoras Fern\u00e1ndez Corti\u00f1as y Bergara Nieto"}]},{"@type":"WebSite","@id":"https:\/\/www.gruporecoletas.com\/noticias\/#website","url":"https:\/\/www.gruporecoletas.com\/noticias\/","name":"Noticias Grupo Recoletas","description":"Grupo Recoletas","potentialAction":[{"@type":"SearchAction","target":{"@type":"EntryPoint","urlTemplate":"https:\/\/www.gruporecoletas.com\/noticias\/?s={search_term_string}"},"query-input":{"@type":"PropertyValueSpecification","valueRequired":true,"valueName":"search_term_string"}}],"inLanguage":"es"},{"@type":"Person","@id":"https:\/\/www.gruporecoletas.com\/noticias\/#\/schema\/person\/3c6ac429828d1f5e3d3bd99f4da9b02c","name":"Recoletas Red Hospitalaria","url":"https:\/\/www.gruporecoletas.com\/noticias\/author\/comunicacion\/"}]}},"_links":{"self":[{"href":"https:\/\/www.gruporecoletas.com\/noticias\/wp-json\/wp\/v2\/posts\/16585","targetHints":{"allow":["GET"]}}],"collection":[{"href":"https:\/\/www.gruporecoletas.com\/noticias\/wp-json\/wp\/v2\/posts"}],"about":[{"href":"https:\/\/www.gruporecoletas.com\/noticias\/wp-json\/wp\/v2\/types\/post"}],"author":[{"embeddable":true,"href":"https:\/\/www.gruporecoletas.com\/noticias\/wp-json\/wp\/v2\/users\/2"}],"replies":[{"embeddable":true,"href":"https:\/\/www.gruporecoletas.com\/noticias\/wp-json\/wp\/v2\/comments?post=16585"}],"version-history":[{"count":1,"href":"https:\/\/www.gruporecoletas.com\/noticias\/wp-json\/wp\/v2\/posts\/16585\/revisions"}],"predecessor-version":[{"id":16587,"href":"https:\/\/www.gruporecoletas.com\/noticias\/wp-json\/wp\/v2\/posts\/16585\/revisions\/16587"}],"wp:attachment":[{"href":"https:\/\/www.gruporecoletas.com\/noticias\/wp-json\/wp\/v2\/media?parent=16585"}],"wp:term":[{"taxonomy":"category","embeddable":true,"href":"https:\/\/www.gruporecoletas.com\/noticias\/wp-json\/wp\/v2\/categories?post=16585"},{"taxonomy":"post_tag","embeddable":true,"href":"https:\/\/www.gruporecoletas.com\/noticias\/wp-json\/wp\/v2\/tags?post=16585"}],"curies":[{"name":"wp","href":"https:\/\/api.w.org\/{rel}","templated":true}]}}