{"id":16589,"date":"2025-03-11T00:30:00","date_gmt":"2025-03-10T23:30:00","guid":{"rendered":"https:\/\/www.gruporecoletas.com\/noticias\/?p=16589"},"modified":"2025-03-12T09:32:29","modified_gmt":"2025-03-12T08:32:29","slug":"el-hospital-recoletas-salud-zamora-incorpora-la-especialidad-de-cirugia-oral-y-maxilofacial","status":"publish","type":"post","link":"https:\/\/www.gruporecoletas.com\/noticias\/el-hospital-recoletas-salud-zamora-incorpora-la-especialidad-de-cirugia-oral-y-maxilofacial\/","title":{"rendered":"El Hospital Recoletas Salud Zamora incorpora la especialidad de cirug\u00eda oral y maxilofacial"},"content":{"rendered":"\n<ul class=\"wp-block-list\">\n<li><strong><em>Se trata del primer servicio hospitalario para esta especialidad en la provincia de Zamora<\/em><\/strong><\/li>\n\n\n\n<li><strong><em>Est\u00e1 dirigido por el Dr. Ra\u00fal Ant\u00fanez-Conde Hidalgo<\/em><\/strong><\/li>\n\n\n\n<li><strong><em>Los pacientes tienen acceso a un diagn\u00f3stico precoz y tratamientos personalizados que evitan el desplazamiento a otras provincias para tratar patolog\u00edas de esta especialidad<\/em><\/strong><\/li>\n<\/ul>\n\n\n\n<p>El Hospital Recoletas Salud Zamora ha incorporado a su cartera de servicios la especialidad de Cirug\u00eda Oral y Maxilofacial. Se trata del primer servicio hospitalario para esta especialidad en la provincia de Zamora y est\u00e1 dirigido por el Dr. Ra\u00fal Ant\u00fanez-Conde Hidalgo.<\/p>\n\n\n\n<p>Se trata de una especialidad muy amplia que afecta a la cabeza y el cuello en general por lo que el abordaje es integral, incluyendo diferentes tratamientos y estudios espec\u00edficos desde el punto de vista quir\u00fargico con cirug\u00eda oral compleja, deformidades dentofaciales, as\u00ed como patolog\u00edas de gl\u00e1ndulas salivales y ofreciendo tambi\u00e9n tratamientos de cirug\u00eda est\u00e9tica de la cara.<\/p>\n\n\n\n<p>El servicio de Cirug\u00eda Oral y Maxilofacial est\u00e1 integrado dentro del hospital Recoletas Salud, contando as\u00ed con la garant\u00eda y el soporte de los especialistas, equipamiento y servicios generales que ofrece el centro hospitalario.<\/p>\n\n\n\n<p>Adem\u00e1s, se han incorporado los \u00faltimos avances m\u00e9dicos, contando con planificaci\u00f3n quir\u00fargica virtual que se utiliza por ejemplo en la colocaci\u00f3n de implantes de titanio que se fabrican de forma personalizada para cada paciente, con una cirug\u00eda sin posteriores cicatrices en la cara y con una r\u00e1pida recuperaci\u00f3n.<\/p>\n\n\n\n<p>En el servicio de Cirug\u00eda Oral y Maxilofacial, los pacientes pueden tener acceso a un diagn\u00f3stico precoz con tratamientos personalizados sin la necesidad de desplazarse a otras provincias.<\/p>\n\n\n\n<p>Adem\u00e1s, se realiza cirug\u00eda est\u00e9tica de la cara con el objetivo de mejorar la percepci\u00f3n de uno mismo, solucionando problemas derivados tanto de malformaciones como de complejos personales como pueden ser la blefaroplastia (exceso de piel o grasa en los p\u00e1rpados), la rinoplastia o la otoplastia (las conocidas orejas de soplillo), por poner algunos ejemplos.<\/p>\n\n\n\n<p>Para \u00d3scar Iglesias, director gerente de Recoletas Salud Zamora \u201ces un orgullo contar con el Dr. Ra\u00fal Ant\u00fanez-Conde, cuyo trabajo le avala profesionalmente y es una gran satisfacci\u00f3n poner en marcha un servicio inexistente en Zamora. La cirug\u00eda oral y maxilofacial nos demuestra que puede mejorar la calidad de vida de pacientes con problemas dentales comunes e incluso con malformaciones faciales graves\u201d.&nbsp;<\/p>\n\n\n\n<p><strong>Dr. Ra\u00fal Ant\u00fanez- Conde<\/strong><\/p>\n\n\n\n<p>El Dr. Ant\u00fanez- Conde, m\u00e9dico especialista en Cirug\u00eda Oral y Maxilofacial, cuenta con una dilatada experiencia y una formaci\u00f3n a nivel nacional e internacional, lo que le ha hecho obtener el premio nacional de la Sociedad Espa\u00f1ola de Cirug\u00eda Oral y Maxilofacial y de Cabeza y Cuello. Adem\u00e1s, ha sido autor de numerosas ponencias y comunicaciones en congresos y de diversos art\u00edculos en relaci\u00f3n con la especialidad en revistas de prestigio internacional. Es presidente honor\u00edfico de la Academia de Alumnos Internos de Medicina de Salamanca y miembro de sociedades m\u00e9dicas relacionadas con la especialidad.<\/p>\n","protected":false},"excerpt":{"rendered":"<p>El Hospital Recoletas Salud Zamora ha incorporado a su cartera de servicios la especialidad de Cirug\u00eda Oral y Maxilofacial. Se trata del primer servicio hospitalario para esta especialidad en la provincia de Zamora y est\u00e1 dirigido por el Dr. Ra\u00fal Ant\u00fanez-Conde Hidalgo. Se trata de una especialidad muy amplia que afecta a la cabeza y [&hellip;]<\/p>\n","protected":false},"author":2,"featured_media":16592,"comment_status":"closed","ping_status":"closed","sticky":false,"template":"","format":"standard","meta":{"_acf_changed":false,"footnotes":""},"categories":[43,1,16,9,42,21],"tags":[],"class_list":["post-16589","post","type-post","status-publish","format-standard","has-post-thumbnail","hentry","category-centros","category-grupo-recoletas","category-hrza","category-publicaciones","category-recoletas-salud","category-zamora"],"acf":[],"yoast_head":"<!-- This site is optimized with the Yoast SEO Premium plugin v27.3 (Yoast SEO v27.3) - https:\/\/yoast.com\/product\/yoast-seo-premium-wordpress\/ -->\n<title>El Hospital Recoletas Salud Zamora incorpora la especialidad de cirug\u00eda oral y maxilofacial - Noticias Grupo Recoletas<\/title>\n<meta name=\"description\" content=\"Bajo la direcci\u00f3n del Dr. Ra\u00fal Ant\u00fanez-Conde, se trata del primer servicio hospitalario para esta especialidad en la provincia de Zamora .\" \/>\n<meta name=\"robots\" content=\"index, follow, max-snippet:-1, max-image-preview:large, max-video-preview:-1\" \/>\n<link rel=\"canonical\" href=\"https:\/\/www.gruporecoletas.com\/noticias\/el-hospital-recoletas-salud-zamora-incorpora-la-especialidad-de-cirugia-oral-y-maxilofacial\/\" \/>\n<meta property=\"og:locale\" content=\"es_ES\" \/>\n<meta property=\"og:type\" content=\"article\" \/>\n<meta property=\"og:title\" content=\"El Hospital Recoletas Salud Zamora incorpora la especialidad de cirug\u00eda oral y maxilofacial\" \/>\n<meta property=\"og:description\" content=\"Bajo la direcci\u00f3n del Dr. Ra\u00fal Ant\u00fanez-Conde, se trata del primer servicio hospitalario para esta especialidad en la provincia de Zamora .\" \/>\n<meta property=\"og:url\" content=\"https:\/\/www.gruporecoletas.com\/noticias\/el-hospital-recoletas-salud-zamora-incorpora-la-especialidad-de-cirugia-oral-y-maxilofacial\/\" \/>\n<meta property=\"og:site_name\" content=\"Noticias Grupo Recoletas\" \/>\n<meta property=\"article:publisher\" content=\"https:\/\/www.facebook.com\/GrupoRecoletas\/\" \/>\n<meta property=\"article:published_time\" content=\"2025-03-10T23:30:00+00:00\" \/>\n<meta property=\"article:modified_time\" content=\"2025-03-12T08:32:29+00:00\" \/>\n<meta property=\"og:image\" content=\"https:\/\/www.gruporecoletas.com\/noticias\/wp-content\/uploads\/2025\/03\/DR-ANTUNEZ-MAXILOFACIAL-RECOLETAS-ZAMORA.png\" \/>\n\t<meta property=\"og:image:width\" content=\"1200\" \/>\n\t<meta property=\"og:image:height\" content=\"628\" \/>\n\t<meta property=\"og:image:type\" content=\"image\/png\" \/>\n<meta name=\"author\" content=\"Recoletas Red Hospitalaria\" \/>\n<meta name=\"twitter:card\" content=\"summary_large_image\" \/>\n<meta name=\"twitter:creator\" content=\"@GrupoRecoletas\" \/>\n<meta name=\"twitter:site\" content=\"@GrupoRecoletas\" \/>\n<meta name=\"twitter:label1\" content=\"Escrito por\" \/>\n\t<meta name=\"twitter:data1\" content=\"Recoletas Red Hospitalaria\" \/>\n\t<meta name=\"twitter:label2\" content=\"Tiempo de lectura\" \/>\n\t<meta name=\"twitter:data2\" content=\"3 minutos\" \/>\n<script type=\"application\/ld+json\" class=\"yoast-schema-graph\">{\"@context\":\"https:\\\/\\\/schema.org\",\"@graph\":[{\"@type\":\"Article\",\"@id\":\"https:\\\/\\\/www.gruporecoletas.com\\\/noticias\\\/el-hospital-recoletas-salud-zamora-incorpora-la-especialidad-de-cirugia-oral-y-maxilofacial\\\/#article\",\"isPartOf\":{\"@id\":\"https:\\\/\\\/www.gruporecoletas.com\\\/noticias\\\/el-hospital-recoletas-salud-zamora-incorpora-la-especialidad-de-cirugia-oral-y-maxilofacial\\\/\"},\"author\":{\"name\":\"Recoletas Red Hospitalaria\",\"@id\":\"https:\\\/\\\/www.gruporecoletas.com\\\/noticias\\\/#\\\/schema\\\/person\\\/3c6ac429828d1f5e3d3bd99f4da9b02c\"},\"headline\":\"El Hospital Recoletas Salud Zamora incorpora la especialidad de cirug\u00eda oral y maxilofacial\",\"datePublished\":\"2025-03-10T23:30:00+00:00\",\"dateModified\":\"2025-03-12T08:32:29+00:00\",\"mainEntityOfPage\":{\"@id\":\"https:\\\/\\\/www.gruporecoletas.com\\\/noticias\\\/el-hospital-recoletas-salud-zamora-incorpora-la-especialidad-de-cirugia-oral-y-maxilofacial\\\/\"},\"wordCount\":535,\"image\":{\"@id\":\"https:\\\/\\\/www.gruporecoletas.com\\\/noticias\\\/el-hospital-recoletas-salud-zamora-incorpora-la-especialidad-de-cirugia-oral-y-maxilofacial\\\/#primaryimage\"},\"thumbnailUrl\":\"https:\\\/\\\/www.gruporecoletas.com\\\/noticias\\\/wp-content\\\/uploads\\\/2025\\\/03\\\/DR-ANTUNEZ-MAXILOFACIAL-RECOLETAS-ZAMORA.png\",\"articleSection\":[\"Centros\",\"Grupo Recoletas\",\"HRZA\",\"Publicaciones\",\"Recoletas Salud\",\"Zamora\"],\"inLanguage\":\"es\"},{\"@type\":\"WebPage\",\"@id\":\"https:\\\/\\\/www.gruporecoletas.com\\\/noticias\\\/el-hospital-recoletas-salud-zamora-incorpora-la-especialidad-de-cirugia-oral-y-maxilofacial\\\/\",\"url\":\"https:\\\/\\\/www.gruporecoletas.com\\\/noticias\\\/el-hospital-recoletas-salud-zamora-incorpora-la-especialidad-de-cirugia-oral-y-maxilofacial\\\/\",\"name\":\"El Hospital Recoletas Salud Zamora incorpora la especialidad de cirug\u00eda oral y maxilofacial - Noticias Grupo Recoletas\",\"isPartOf\":{\"@id\":\"https:\\\/\\\/www.gruporecoletas.com\\\/noticias\\\/#website\"},\"primaryImageOfPage\":{\"@id\":\"https:\\\/\\\/www.gruporecoletas.com\\\/noticias\\\/el-hospital-recoletas-salud-zamora-incorpora-la-especialidad-de-cirugia-oral-y-maxilofacial\\\/#primaryimage\"},\"image\":{\"@id\":\"https:\\\/\\\/www.gruporecoletas.com\\\/noticias\\\/el-hospital-recoletas-salud-zamora-incorpora-la-especialidad-de-cirugia-oral-y-maxilofacial\\\/#primaryimage\"},\"thumbnailUrl\":\"https:\\\/\\\/www.gruporecoletas.com\\\/noticias\\\/wp-content\\\/uploads\\\/2025\\\/03\\\/DR-ANTUNEZ-MAXILOFACIAL-RECOLETAS-ZAMORA.png\",\"datePublished\":\"2025-03-10T23:30:00+00:00\",\"dateModified\":\"2025-03-12T08:32:29+00:00\",\"author\":{\"@id\":\"https:\\\/\\\/www.gruporecoletas.com\\\/noticias\\\/#\\\/schema\\\/person\\\/3c6ac429828d1f5e3d3bd99f4da9b02c\"},\"description\":\"Bajo la direcci\u00f3n del Dr. Ra\u00fal Ant\u00fanez-Conde, se trata del primer servicio hospitalario para esta especialidad en la provincia de Zamora .\",\"breadcrumb\":{\"@id\":\"https:\\\/\\\/www.gruporecoletas.com\\\/noticias\\\/el-hospital-recoletas-salud-zamora-incorpora-la-especialidad-de-cirugia-oral-y-maxilofacial\\\/#breadcrumb\"},\"inLanguage\":\"es\",\"potentialAction\":[{\"@type\":\"ReadAction\",\"target\":[\"https:\\\/\\\/www.gruporecoletas.com\\\/noticias\\\/el-hospital-recoletas-salud-zamora-incorpora-la-especialidad-de-cirugia-oral-y-maxilofacial\\\/\"]}]},{\"@type\":\"ImageObject\",\"inLanguage\":\"es\",\"@id\":\"https:\\\/\\\/www.gruporecoletas.com\\\/noticias\\\/el-hospital-recoletas-salud-zamora-incorpora-la-especialidad-de-cirugia-oral-y-maxilofacial\\\/#primaryimage\",\"url\":\"https:\\\/\\\/www.gruporecoletas.com\\\/noticias\\\/wp-content\\\/uploads\\\/2025\\\/03\\\/DR-ANTUNEZ-MAXILOFACIAL-RECOLETAS-ZAMORA.png\",\"contentUrl\":\"https:\\\/\\\/www.gruporecoletas.com\\\/noticias\\\/wp-content\\\/uploads\\\/2025\\\/03\\\/DR-ANTUNEZ-MAXILOFACIAL-RECOLETAS-ZAMORA.png\",\"width\":1200,\"height\":628},{\"@type\":\"BreadcrumbList\",\"@id\":\"https:\\\/\\\/www.gruporecoletas.com\\\/noticias\\\/el-hospital-recoletas-salud-zamora-incorpora-la-especialidad-de-cirugia-oral-y-maxilofacial\\\/#breadcrumb\",\"itemListElement\":[{\"@type\":\"ListItem\",\"position\":1,\"name\":\"Portada\",\"item\":\"https:\\\/\\\/www.gruporecoletas.com\\\/noticias\\\/\"},{\"@type\":\"ListItem\",\"position\":2,\"name\":\"El Hospital Recoletas Salud Zamora incorpora la especialidad de cirug\u00eda oral y maxilofacial\"}]},{\"@type\":\"WebSite\",\"@id\":\"https:\\\/\\\/www.gruporecoletas.com\\\/noticias\\\/#website\",\"url\":\"https:\\\/\\\/www.gruporecoletas.com\\\/noticias\\\/\",\"name\":\"Noticias Grupo Recoletas\",\"description\":\"Grupo Recoletas\",\"potentialAction\":[{\"@type\":\"SearchAction\",\"target\":{\"@type\":\"EntryPoint\",\"urlTemplate\":\"https:\\\/\\\/www.gruporecoletas.com\\\/noticias\\\/?s={search_term_string}\"},\"query-input\":{\"@type\":\"PropertyValueSpecification\",\"valueRequired\":true,\"valueName\":\"search_term_string\"}}],\"inLanguage\":\"es\"},{\"@type\":\"Person\",\"@id\":\"https:\\\/\\\/www.gruporecoletas.com\\\/noticias\\\/#\\\/schema\\\/person\\\/3c6ac429828d1f5e3d3bd99f4da9b02c\",\"name\":\"Recoletas Red Hospitalaria\",\"url\":\"https:\\\/\\\/www.gruporecoletas.com\\\/noticias\\\/author\\\/comunicacion\\\/\"}]}<\/script>\n<!-- \/ Yoast SEO Premium plugin. -->","yoast_head_json":{"title":"El Hospital Recoletas Salud Zamora incorpora la especialidad de cirug\u00eda oral y maxilofacial - Noticias Grupo Recoletas","description":"Bajo la direcci\u00f3n del Dr. Ra\u00fal Ant\u00fanez-Conde, se trata del primer servicio hospitalario para esta especialidad en la provincia de Zamora .","robots":{"index":"index","follow":"follow","max-snippet":"max-snippet:-1","max-image-preview":"max-image-preview:large","max-video-preview":"max-video-preview:-1"},"canonical":"https:\/\/www.gruporecoletas.com\/noticias\/el-hospital-recoletas-salud-zamora-incorpora-la-especialidad-de-cirugia-oral-y-maxilofacial\/","og_locale":"es_ES","og_type":"article","og_title":"El Hospital Recoletas Salud Zamora incorpora la especialidad de cirug\u00eda oral y maxilofacial","og_description":"Bajo la direcci\u00f3n del Dr. Ra\u00fal Ant\u00fanez-Conde, se trata del primer servicio hospitalario para esta especialidad en la provincia de Zamora .","og_url":"https:\/\/www.gruporecoletas.com\/noticias\/el-hospital-recoletas-salud-zamora-incorpora-la-especialidad-de-cirugia-oral-y-maxilofacial\/","og_site_name":"Noticias Grupo Recoletas","article_publisher":"https:\/\/www.facebook.com\/GrupoRecoletas\/","article_published_time":"2025-03-10T23:30:00+00:00","article_modified_time":"2025-03-12T08:32:29+00:00","og_image":[{"width":1200,"height":628,"url":"https:\/\/www.gruporecoletas.com\/noticias\/wp-content\/uploads\/2025\/03\/DR-ANTUNEZ-MAXILOFACIAL-RECOLETAS-ZAMORA.png","type":"image\/png"}],"author":"Recoletas Red Hospitalaria","twitter_card":"summary_large_image","twitter_creator":"@GrupoRecoletas","twitter_site":"@GrupoRecoletas","twitter_misc":{"Escrito por":"Recoletas Red Hospitalaria","Tiempo de lectura":"3 minutos"},"schema":{"@context":"https:\/\/schema.org","@graph":[{"@type":"Article","@id":"https:\/\/www.gruporecoletas.com\/noticias\/el-hospital-recoletas-salud-zamora-incorpora-la-especialidad-de-cirugia-oral-y-maxilofacial\/#article","isPartOf":{"@id":"https:\/\/www.gruporecoletas.com\/noticias\/el-hospital-recoletas-salud-zamora-incorpora-la-especialidad-de-cirugia-oral-y-maxilofacial\/"},"author":{"name":"Recoletas Red Hospitalaria","@id":"https:\/\/www.gruporecoletas.com\/noticias\/#\/schema\/person\/3c6ac429828d1f5e3d3bd99f4da9b02c"},"headline":"El Hospital Recoletas Salud Zamora incorpora la especialidad de cirug\u00eda oral y maxilofacial","datePublished":"2025-03-10T23:30:00+00:00","dateModified":"2025-03-12T08:32:29+00:00","mainEntityOfPage":{"@id":"https:\/\/www.gruporecoletas.com\/noticias\/el-hospital-recoletas-salud-zamora-incorpora-la-especialidad-de-cirugia-oral-y-maxilofacial\/"},"wordCount":535,"image":{"@id":"https:\/\/www.gruporecoletas.com\/noticias\/el-hospital-recoletas-salud-zamora-incorpora-la-especialidad-de-cirugia-oral-y-maxilofacial\/#primaryimage"},"thumbnailUrl":"https:\/\/www.gruporecoletas.com\/noticias\/wp-content\/uploads\/2025\/03\/DR-ANTUNEZ-MAXILOFACIAL-RECOLETAS-ZAMORA.png","articleSection":["Centros","Grupo Recoletas","HRZA","Publicaciones","Recoletas Salud","Zamora"],"inLanguage":"es"},{"@type":"WebPage","@id":"https:\/\/www.gruporecoletas.com\/noticias\/el-hospital-recoletas-salud-zamora-incorpora-la-especialidad-de-cirugia-oral-y-maxilofacial\/","url":"https:\/\/www.gruporecoletas.com\/noticias\/el-hospital-recoletas-salud-zamora-incorpora-la-especialidad-de-cirugia-oral-y-maxilofacial\/","name":"El Hospital Recoletas Salud Zamora incorpora la especialidad de cirug\u00eda oral y maxilofacial - Noticias Grupo Recoletas","isPartOf":{"@id":"https:\/\/www.gruporecoletas.com\/noticias\/#website"},"primaryImageOfPage":{"@id":"https:\/\/www.gruporecoletas.com\/noticias\/el-hospital-recoletas-salud-zamora-incorpora-la-especialidad-de-cirugia-oral-y-maxilofacial\/#primaryimage"},"image":{"@id":"https:\/\/www.gruporecoletas.com\/noticias\/el-hospital-recoletas-salud-zamora-incorpora-la-especialidad-de-cirugia-oral-y-maxilofacial\/#primaryimage"},"thumbnailUrl":"https:\/\/www.gruporecoletas.com\/noticias\/wp-content\/uploads\/2025\/03\/DR-ANTUNEZ-MAXILOFACIAL-RECOLETAS-ZAMORA.png","datePublished":"2025-03-10T23:30:00+00:00","dateModified":"2025-03-12T08:32:29+00:00","author":{"@id":"https:\/\/www.gruporecoletas.com\/noticias\/#\/schema\/person\/3c6ac429828d1f5e3d3bd99f4da9b02c"},"description":"Bajo la direcci\u00f3n del Dr. Ra\u00fal Ant\u00fanez-Conde, se trata del primer servicio hospitalario para esta especialidad en la provincia de Zamora .","breadcrumb":{"@id":"https:\/\/www.gruporecoletas.com\/noticias\/el-hospital-recoletas-salud-zamora-incorpora-la-especialidad-de-cirugia-oral-y-maxilofacial\/#breadcrumb"},"inLanguage":"es","potentialAction":[{"@type":"ReadAction","target":["https:\/\/www.gruporecoletas.com\/noticias\/el-hospital-recoletas-salud-zamora-incorpora-la-especialidad-de-cirugia-oral-y-maxilofacial\/"]}]},{"@type":"ImageObject","inLanguage":"es","@id":"https:\/\/www.gruporecoletas.com\/noticias\/el-hospital-recoletas-salud-zamora-incorpora-la-especialidad-de-cirugia-oral-y-maxilofacial\/#primaryimage","url":"https:\/\/www.gruporecoletas.com\/noticias\/wp-content\/uploads\/2025\/03\/DR-ANTUNEZ-MAXILOFACIAL-RECOLETAS-ZAMORA.png","contentUrl":"https:\/\/www.gruporecoletas.com\/noticias\/wp-content\/uploads\/2025\/03\/DR-ANTUNEZ-MAXILOFACIAL-RECOLETAS-ZAMORA.png","width":1200,"height":628},{"@type":"BreadcrumbList","@id":"https:\/\/www.gruporecoletas.com\/noticias\/el-hospital-recoletas-salud-zamora-incorpora-la-especialidad-de-cirugia-oral-y-maxilofacial\/#breadcrumb","itemListElement":[{"@type":"ListItem","position":1,"name":"Portada","item":"https:\/\/www.gruporecoletas.com\/noticias\/"},{"@type":"ListItem","position":2,"name":"El Hospital Recoletas Salud Zamora incorpora la especialidad de cirug\u00eda oral y maxilofacial"}]},{"@type":"WebSite","@id":"https:\/\/www.gruporecoletas.com\/noticias\/#website","url":"https:\/\/www.gruporecoletas.com\/noticias\/","name":"Noticias Grupo Recoletas","description":"Grupo Recoletas","potentialAction":[{"@type":"SearchAction","target":{"@type":"EntryPoint","urlTemplate":"https:\/\/www.gruporecoletas.com\/noticias\/?s={search_term_string}"},"query-input":{"@type":"PropertyValueSpecification","valueRequired":true,"valueName":"search_term_string"}}],"inLanguage":"es"},{"@type":"Person","@id":"https:\/\/www.gruporecoletas.com\/noticias\/#\/schema\/person\/3c6ac429828d1f5e3d3bd99f4da9b02c","name":"Recoletas Red Hospitalaria","url":"https:\/\/www.gruporecoletas.com\/noticias\/author\/comunicacion\/"}]}},"_links":{"self":[{"href":"https:\/\/www.gruporecoletas.com\/noticias\/wp-json\/wp\/v2\/posts\/16589","targetHints":{"allow":["GET"]}}],"collection":[{"href":"https:\/\/www.gruporecoletas.com\/noticias\/wp-json\/wp\/v2\/posts"}],"about":[{"href":"https:\/\/www.gruporecoletas.com\/noticias\/wp-json\/wp\/v2\/types\/post"}],"author":[{"embeddable":true,"href":"https:\/\/www.gruporecoletas.com\/noticias\/wp-json\/wp\/v2\/users\/2"}],"replies":[{"embeddable":true,"href":"https:\/\/www.gruporecoletas.com\/noticias\/wp-json\/wp\/v2\/comments?post=16589"}],"version-history":[{"count":2,"href":"https:\/\/www.gruporecoletas.com\/noticias\/wp-json\/wp\/v2\/posts\/16589\/revisions"}],"predecessor-version":[{"id":16593,"href":"https:\/\/www.gruporecoletas.com\/noticias\/wp-json\/wp\/v2\/posts\/16589\/revisions\/16593"}],"wp:featuredmedia":[{"embeddable":true,"href":"https:\/\/www.gruporecoletas.com\/noticias\/wp-json\/wp\/v2\/media\/16592"}],"wp:attachment":[{"href":"https:\/\/www.gruporecoletas.com\/noticias\/wp-json\/wp\/v2\/media?parent=16589"}],"wp:term":[{"taxonomy":"category","embeddable":true,"href":"https:\/\/www.gruporecoletas.com\/noticias\/wp-json\/wp\/v2\/categories?post=16589"},{"taxonomy":"post_tag","embeddable":true,"href":"https:\/\/www.gruporecoletas.com\/noticias\/wp-json\/wp\/v2\/tags?post=16589"}],"curies":[{"name":"wp","href":"https:\/\/api.w.org\/{rel}","templated":true}]}}