{"id":16615,"date":"2025-04-02T21:30:00","date_gmt":"2025-04-02T19:30:00","guid":{"rendered":"https:\/\/www.gruporecoletas.com\/noticias\/?p=16615"},"modified":"2025-04-02T17:01:44","modified_gmt":"2025-04-02T15:01:44","slug":"recoletas-salud-luce-azul-por-el-dia-mundial-de-concienciacion-sobre-el-autismo","status":"publish","type":"post","link":"https:\/\/www.gruporecoletas.com\/noticias\/recoletas-salud-luce-azul-por-el-dia-mundial-de-concienciacion-sobre-el-autismo\/","title":{"rendered":"Recoletas Salud luce azul por el D\u00eda Mundial de Concienciaci\u00f3n sobre el Autismo"},"content":{"rendered":"\n<ul class=\"wp-block-list\">\n<li><strong><em>Las fachadas de los centros hospitalarios se iluminar\u00e1n del color que simboliza el apoyo a esta causa.<\/em><\/strong><\/li>\n\n\n\n<li><strong><em>Recoletas Salud colabora con la campa\u00f1a de Autismo Espa\u00f1a<\/em><\/strong><\/li>\n<\/ul>\n\n\n\n<p>Los hospitales y Centros m\u00e9dicos de Recoletas Salud lucen azul durante todo el d\u00eda con motivo de la celebraci\u00f3n, hoy, 2 de abril, del D\u00eda Mundial de Concienciaci\u00f3n sobre el Autismo.&nbsp;<\/p>\n\n\n\n<p>De esta forma, Recoletas Salud se suma a la campa\u00f1a de Autismo Espa\u00f1a que solicita conseguir un a\u00f1o m\u00e1s el mayor n\u00famero de edificios y monumentos iluminados de azul por el autismo y compartir en redes sociales y medios de comunicaci\u00f3n las fotograf\u00edas, utilizando los <strong>hashtag #Iluminadeazul #LIUB #DiaMundialAutismo.<\/strong><\/p>\n\n\n\n<p>Los luminosos externos de las fachadas de nuestros hospitales y los internos de diferentes admisiones, se iluminan por la noche de azul, color que simboliza el apoyo a esta causa. Con este gesto, Recoletas Salud tambi\u00e9n se adhiere a esta jornada mundial que busca sensibilizar y concienciar a las personas de todo el mundo sobre el compromiso y sensibilizaci\u00f3n sobre las condiciones del espectro autista.<\/p>\n","protected":false},"excerpt":{"rendered":"<p>Los hospitales y Centros m\u00e9dicos de Recoletas Salud lucen azul durante todo el d\u00eda con motivo de la celebraci\u00f3n, hoy, 2 de abril, del D\u00eda Mundial de Concienciaci\u00f3n sobre el Autismo.&nbsp; De esta forma, Recoletas Salud se suma a la campa\u00f1a de Autismo Espa\u00f1a que solicita conseguir un a\u00f1o m\u00e1s el mayor n\u00famero de edificios [&hellip;]<\/p>\n","protected":false},"author":2,"featured_media":16617,"comment_status":"closed","ping_status":"closed","sticky":false,"template":"","format":"standard","meta":{"_acf_changed":false,"footnotes":""},"categories":[10,43,1,11,9,42,4,21],"tags":[3436,3437,3157],"class_list":["post-16615","post","type-post","status-publish","format-standard","has-post-thumbnail","hentry","category-burgos","category-centros","category-grupo-recoletas","category-palencia","category-publicaciones","category-recoletas-salud","category-valladolid","category-zamora","tag-autismo","tag-dia-mundial","tag-salud"],"acf":[],"yoast_head":"<!-- This site is optimized with the Yoast SEO Premium plugin v27.3 (Yoast SEO v27.3) - https:\/\/yoast.com\/product\/yoast-seo-premium-wordpress\/ -->\n<title>Recoletas Salud luce azul por el D\u00eda Mundial de Concienciaci\u00f3n sobre el Autismo - Noticias Grupo Recoletas<\/title>\n<meta name=\"description\" content=\"Las fachadas de nuestros centros hospitalarios se iluminar\u00e1n del color que simboliza el apoyo a esta causa.\" \/>\n<meta name=\"robots\" content=\"index, follow, max-snippet:-1, max-image-preview:large, max-video-preview:-1\" \/>\n<link rel=\"canonical\" href=\"https:\/\/www.gruporecoletas.com\/noticias\/recoletas-salud-luce-azul-por-el-dia-mundial-de-concienciacion-sobre-el-autismo\/\" \/>\n<meta property=\"og:locale\" content=\"es_ES\" \/>\n<meta property=\"og:type\" content=\"article\" \/>\n<meta property=\"og:title\" content=\"Recoletas Salud luce azul por el D\u00eda Mundial de Concienciaci\u00f3n sobre el Autismo\" \/>\n<meta property=\"og:description\" content=\"Las fachadas de nuestros centros hospitalarios se iluminar\u00e1n del color que simboliza el apoyo a esta causa.\" \/>\n<meta property=\"og:url\" content=\"https:\/\/www.gruporecoletas.com\/noticias\/recoletas-salud-luce-azul-por-el-dia-mundial-de-concienciacion-sobre-el-autismo\/\" \/>\n<meta property=\"og:site_name\" content=\"Noticias Grupo Recoletas\" \/>\n<meta property=\"article:publisher\" content=\"https:\/\/www.facebook.com\/GrupoRecoletas\/\" \/>\n<meta property=\"article:published_time\" content=\"2025-04-02T19:30:00+00:00\" \/>\n<meta property=\"og:image\" content=\"https:\/\/www.gruporecoletas.com\/noticias\/wp-content\/uploads\/2025\/04\/1743577926317.jpg\" \/>\n\t<meta property=\"og:image:width\" content=\"1600\" \/>\n\t<meta property=\"og:image:height\" content=\"900\" \/>\n\t<meta property=\"og:image:type\" content=\"image\/jpeg\" \/>\n<meta name=\"author\" content=\"Recoletas Red Hospitalaria\" \/>\n<meta name=\"twitter:card\" content=\"summary_large_image\" \/>\n<meta name=\"twitter:creator\" content=\"@GrupoRecoletas\" \/>\n<meta name=\"twitter:site\" content=\"@GrupoRecoletas\" \/>\n<meta name=\"twitter:label1\" content=\"Escrito por\" \/>\n\t<meta name=\"twitter:data1\" content=\"Recoletas Red Hospitalaria\" \/>\n\t<meta name=\"twitter:label2\" content=\"Tiempo de lectura\" \/>\n\t<meta name=\"twitter:data2\" content=\"1 minuto\" \/>\n<script type=\"application\/ld+json\" class=\"yoast-schema-graph\">{\"@context\":\"https:\\\/\\\/schema.org\",\"@graph\":[{\"@type\":\"Article\",\"@id\":\"https:\\\/\\\/www.gruporecoletas.com\\\/noticias\\\/recoletas-salud-luce-azul-por-el-dia-mundial-de-concienciacion-sobre-el-autismo\\\/#article\",\"isPartOf\":{\"@id\":\"https:\\\/\\\/www.gruporecoletas.com\\\/noticias\\\/recoletas-salud-luce-azul-por-el-dia-mundial-de-concienciacion-sobre-el-autismo\\\/\"},\"author\":{\"name\":\"Recoletas Red Hospitalaria\",\"@id\":\"https:\\\/\\\/www.gruporecoletas.com\\\/noticias\\\/#\\\/schema\\\/person\\\/3c6ac429828d1f5e3d3bd99f4da9b02c\"},\"headline\":\"Recoletas Salud luce azul por el D\u00eda Mundial de Concienciaci\u00f3n sobre el Autismo\",\"datePublished\":\"2025-04-02T19:30:00+00:00\",\"mainEntityOfPage\":{\"@id\":\"https:\\\/\\\/www.gruporecoletas.com\\\/noticias\\\/recoletas-salud-luce-azul-por-el-dia-mundial-de-concienciacion-sobre-el-autismo\\\/\"},\"wordCount\":203,\"image\":{\"@id\":\"https:\\\/\\\/www.gruporecoletas.com\\\/noticias\\\/recoletas-salud-luce-azul-por-el-dia-mundial-de-concienciacion-sobre-el-autismo\\\/#primaryimage\"},\"thumbnailUrl\":\"https:\\\/\\\/www.gruporecoletas.com\\\/noticias\\\/wp-content\\\/uploads\\\/2025\\\/04\\\/1743577926317.jpg\",\"keywords\":[\"Autismo\",\"D\u00eda mundial\",\"salud\"],\"articleSection\":[\"Burgos\",\"Centros\",\"Grupo Recoletas\",\"Palencia\",\"Publicaciones\",\"Recoletas Salud\",\"Valladolid\",\"Zamora\"],\"inLanguage\":\"es\"},{\"@type\":\"WebPage\",\"@id\":\"https:\\\/\\\/www.gruporecoletas.com\\\/noticias\\\/recoletas-salud-luce-azul-por-el-dia-mundial-de-concienciacion-sobre-el-autismo\\\/\",\"url\":\"https:\\\/\\\/www.gruporecoletas.com\\\/noticias\\\/recoletas-salud-luce-azul-por-el-dia-mundial-de-concienciacion-sobre-el-autismo\\\/\",\"name\":\"Recoletas Salud luce azul por el D\u00eda Mundial de Concienciaci\u00f3n sobre el Autismo - Noticias Grupo Recoletas\",\"isPartOf\":{\"@id\":\"https:\\\/\\\/www.gruporecoletas.com\\\/noticias\\\/#website\"},\"primaryImageOfPage\":{\"@id\":\"https:\\\/\\\/www.gruporecoletas.com\\\/noticias\\\/recoletas-salud-luce-azul-por-el-dia-mundial-de-concienciacion-sobre-el-autismo\\\/#primaryimage\"},\"image\":{\"@id\":\"https:\\\/\\\/www.gruporecoletas.com\\\/noticias\\\/recoletas-salud-luce-azul-por-el-dia-mundial-de-concienciacion-sobre-el-autismo\\\/#primaryimage\"},\"thumbnailUrl\":\"https:\\\/\\\/www.gruporecoletas.com\\\/noticias\\\/wp-content\\\/uploads\\\/2025\\\/04\\\/1743577926317.jpg\",\"datePublished\":\"2025-04-02T19:30:00+00:00\",\"author\":{\"@id\":\"https:\\\/\\\/www.gruporecoletas.com\\\/noticias\\\/#\\\/schema\\\/person\\\/3c6ac429828d1f5e3d3bd99f4da9b02c\"},\"description\":\"Las fachadas de nuestros centros hospitalarios se iluminar\u00e1n del color que simboliza el apoyo a esta causa.\",\"breadcrumb\":{\"@id\":\"https:\\\/\\\/www.gruporecoletas.com\\\/noticias\\\/recoletas-salud-luce-azul-por-el-dia-mundial-de-concienciacion-sobre-el-autismo\\\/#breadcrumb\"},\"inLanguage\":\"es\",\"potentialAction\":[{\"@type\":\"ReadAction\",\"target\":[\"https:\\\/\\\/www.gruporecoletas.com\\\/noticias\\\/recoletas-salud-luce-azul-por-el-dia-mundial-de-concienciacion-sobre-el-autismo\\\/\"]}]},{\"@type\":\"ImageObject\",\"inLanguage\":\"es\",\"@id\":\"https:\\\/\\\/www.gruporecoletas.com\\\/noticias\\\/recoletas-salud-luce-azul-por-el-dia-mundial-de-concienciacion-sobre-el-autismo\\\/#primaryimage\",\"url\":\"https:\\\/\\\/www.gruporecoletas.com\\\/noticias\\\/wp-content\\\/uploads\\\/2025\\\/04\\\/1743577926317.jpg\",\"contentUrl\":\"https:\\\/\\\/www.gruporecoletas.com\\\/noticias\\\/wp-content\\\/uploads\\\/2025\\\/04\\\/1743577926317.jpg\",\"width\":1600,\"height\":900,\"caption\":\"Recoletas Salud luce azul por el D\u00eda Mundial de Concienciaci\u00f3n sobre el Autismo\"},{\"@type\":\"BreadcrumbList\",\"@id\":\"https:\\\/\\\/www.gruporecoletas.com\\\/noticias\\\/recoletas-salud-luce-azul-por-el-dia-mundial-de-concienciacion-sobre-el-autismo\\\/#breadcrumb\",\"itemListElement\":[{\"@type\":\"ListItem\",\"position\":1,\"name\":\"Portada\",\"item\":\"https:\\\/\\\/www.gruporecoletas.com\\\/noticias\\\/\"},{\"@type\":\"ListItem\",\"position\":2,\"name\":\"Recoletas Salud luce azul por el D\u00eda Mundial de Concienciaci\u00f3n sobre el Autismo\"}]},{\"@type\":\"WebSite\",\"@id\":\"https:\\\/\\\/www.gruporecoletas.com\\\/noticias\\\/#website\",\"url\":\"https:\\\/\\\/www.gruporecoletas.com\\\/noticias\\\/\",\"name\":\"Noticias Grupo Recoletas\",\"description\":\"Grupo Recoletas\",\"potentialAction\":[{\"@type\":\"SearchAction\",\"target\":{\"@type\":\"EntryPoint\",\"urlTemplate\":\"https:\\\/\\\/www.gruporecoletas.com\\\/noticias\\\/?s={search_term_string}\"},\"query-input\":{\"@type\":\"PropertyValueSpecification\",\"valueRequired\":true,\"valueName\":\"search_term_string\"}}],\"inLanguage\":\"es\"},{\"@type\":\"Person\",\"@id\":\"https:\\\/\\\/www.gruporecoletas.com\\\/noticias\\\/#\\\/schema\\\/person\\\/3c6ac429828d1f5e3d3bd99f4da9b02c\",\"name\":\"Recoletas Red Hospitalaria\",\"url\":\"https:\\\/\\\/www.gruporecoletas.com\\\/noticias\\\/author\\\/comunicacion\\\/\"}]}<\/script>\n<!-- \/ Yoast SEO Premium plugin. -->","yoast_head_json":{"title":"Recoletas Salud luce azul por el D\u00eda Mundial de Concienciaci\u00f3n sobre el Autismo - Noticias Grupo Recoletas","description":"Las fachadas de nuestros centros hospitalarios se iluminar\u00e1n del color que simboliza el apoyo a esta causa.","robots":{"index":"index","follow":"follow","max-snippet":"max-snippet:-1","max-image-preview":"max-image-preview:large","max-video-preview":"max-video-preview:-1"},"canonical":"https:\/\/www.gruporecoletas.com\/noticias\/recoletas-salud-luce-azul-por-el-dia-mundial-de-concienciacion-sobre-el-autismo\/","og_locale":"es_ES","og_type":"article","og_title":"Recoletas Salud luce azul por el D\u00eda Mundial de Concienciaci\u00f3n sobre el Autismo","og_description":"Las fachadas de nuestros centros hospitalarios se iluminar\u00e1n del color que simboliza el apoyo a esta causa.","og_url":"https:\/\/www.gruporecoletas.com\/noticias\/recoletas-salud-luce-azul-por-el-dia-mundial-de-concienciacion-sobre-el-autismo\/","og_site_name":"Noticias Grupo Recoletas","article_publisher":"https:\/\/www.facebook.com\/GrupoRecoletas\/","article_published_time":"2025-04-02T19:30:00+00:00","og_image":[{"width":1600,"height":900,"url":"https:\/\/www.gruporecoletas.com\/noticias\/wp-content\/uploads\/2025\/04\/1743577926317.jpg","type":"image\/jpeg"}],"author":"Recoletas Red Hospitalaria","twitter_card":"summary_large_image","twitter_creator":"@GrupoRecoletas","twitter_site":"@GrupoRecoletas","twitter_misc":{"Escrito por":"Recoletas Red Hospitalaria","Tiempo de lectura":"1 minuto"},"schema":{"@context":"https:\/\/schema.org","@graph":[{"@type":"Article","@id":"https:\/\/www.gruporecoletas.com\/noticias\/recoletas-salud-luce-azul-por-el-dia-mundial-de-concienciacion-sobre-el-autismo\/#article","isPartOf":{"@id":"https:\/\/www.gruporecoletas.com\/noticias\/recoletas-salud-luce-azul-por-el-dia-mundial-de-concienciacion-sobre-el-autismo\/"},"author":{"name":"Recoletas Red Hospitalaria","@id":"https:\/\/www.gruporecoletas.com\/noticias\/#\/schema\/person\/3c6ac429828d1f5e3d3bd99f4da9b02c"},"headline":"Recoletas Salud luce azul por el D\u00eda Mundial de Concienciaci\u00f3n sobre el Autismo","datePublished":"2025-04-02T19:30:00+00:00","mainEntityOfPage":{"@id":"https:\/\/www.gruporecoletas.com\/noticias\/recoletas-salud-luce-azul-por-el-dia-mundial-de-concienciacion-sobre-el-autismo\/"},"wordCount":203,"image":{"@id":"https:\/\/www.gruporecoletas.com\/noticias\/recoletas-salud-luce-azul-por-el-dia-mundial-de-concienciacion-sobre-el-autismo\/#primaryimage"},"thumbnailUrl":"https:\/\/www.gruporecoletas.com\/noticias\/wp-content\/uploads\/2025\/04\/1743577926317.jpg","keywords":["Autismo","D\u00eda mundial","salud"],"articleSection":["Burgos","Centros","Grupo Recoletas","Palencia","Publicaciones","Recoletas Salud","Valladolid","Zamora"],"inLanguage":"es"},{"@type":"WebPage","@id":"https:\/\/www.gruporecoletas.com\/noticias\/recoletas-salud-luce-azul-por-el-dia-mundial-de-concienciacion-sobre-el-autismo\/","url":"https:\/\/www.gruporecoletas.com\/noticias\/recoletas-salud-luce-azul-por-el-dia-mundial-de-concienciacion-sobre-el-autismo\/","name":"Recoletas Salud luce azul por el D\u00eda Mundial de Concienciaci\u00f3n sobre el Autismo - Noticias Grupo Recoletas","isPartOf":{"@id":"https:\/\/www.gruporecoletas.com\/noticias\/#website"},"primaryImageOfPage":{"@id":"https:\/\/www.gruporecoletas.com\/noticias\/recoletas-salud-luce-azul-por-el-dia-mundial-de-concienciacion-sobre-el-autismo\/#primaryimage"},"image":{"@id":"https:\/\/www.gruporecoletas.com\/noticias\/recoletas-salud-luce-azul-por-el-dia-mundial-de-concienciacion-sobre-el-autismo\/#primaryimage"},"thumbnailUrl":"https:\/\/www.gruporecoletas.com\/noticias\/wp-content\/uploads\/2025\/04\/1743577926317.jpg","datePublished":"2025-04-02T19:30:00+00:00","author":{"@id":"https:\/\/www.gruporecoletas.com\/noticias\/#\/schema\/person\/3c6ac429828d1f5e3d3bd99f4da9b02c"},"description":"Las fachadas de nuestros centros hospitalarios se iluminar\u00e1n del color que simboliza el apoyo a esta causa.","breadcrumb":{"@id":"https:\/\/www.gruporecoletas.com\/noticias\/recoletas-salud-luce-azul-por-el-dia-mundial-de-concienciacion-sobre-el-autismo\/#breadcrumb"},"inLanguage":"es","potentialAction":[{"@type":"ReadAction","target":["https:\/\/www.gruporecoletas.com\/noticias\/recoletas-salud-luce-azul-por-el-dia-mundial-de-concienciacion-sobre-el-autismo\/"]}]},{"@type":"ImageObject","inLanguage":"es","@id":"https:\/\/www.gruporecoletas.com\/noticias\/recoletas-salud-luce-azul-por-el-dia-mundial-de-concienciacion-sobre-el-autismo\/#primaryimage","url":"https:\/\/www.gruporecoletas.com\/noticias\/wp-content\/uploads\/2025\/04\/1743577926317.jpg","contentUrl":"https:\/\/www.gruporecoletas.com\/noticias\/wp-content\/uploads\/2025\/04\/1743577926317.jpg","width":1600,"height":900,"caption":"Recoletas Salud luce azul por el D\u00eda Mundial de Concienciaci\u00f3n sobre el Autismo"},{"@type":"BreadcrumbList","@id":"https:\/\/www.gruporecoletas.com\/noticias\/recoletas-salud-luce-azul-por-el-dia-mundial-de-concienciacion-sobre-el-autismo\/#breadcrumb","itemListElement":[{"@type":"ListItem","position":1,"name":"Portada","item":"https:\/\/www.gruporecoletas.com\/noticias\/"},{"@type":"ListItem","position":2,"name":"Recoletas Salud luce azul por el D\u00eda Mundial de Concienciaci\u00f3n sobre el Autismo"}]},{"@type":"WebSite","@id":"https:\/\/www.gruporecoletas.com\/noticias\/#website","url":"https:\/\/www.gruporecoletas.com\/noticias\/","name":"Noticias Grupo Recoletas","description":"Grupo Recoletas","potentialAction":[{"@type":"SearchAction","target":{"@type":"EntryPoint","urlTemplate":"https:\/\/www.gruporecoletas.com\/noticias\/?s={search_term_string}"},"query-input":{"@type":"PropertyValueSpecification","valueRequired":true,"valueName":"search_term_string"}}],"inLanguage":"es"},{"@type":"Person","@id":"https:\/\/www.gruporecoletas.com\/noticias\/#\/schema\/person\/3c6ac429828d1f5e3d3bd99f4da9b02c","name":"Recoletas Red Hospitalaria","url":"https:\/\/www.gruporecoletas.com\/noticias\/author\/comunicacion\/"}]}},"_links":{"self":[{"href":"https:\/\/www.gruporecoletas.com\/noticias\/wp-json\/wp\/v2\/posts\/16615","targetHints":{"allow":["GET"]}}],"collection":[{"href":"https:\/\/www.gruporecoletas.com\/noticias\/wp-json\/wp\/v2\/posts"}],"about":[{"href":"https:\/\/www.gruporecoletas.com\/noticias\/wp-json\/wp\/v2\/types\/post"}],"author":[{"embeddable":true,"href":"https:\/\/www.gruporecoletas.com\/noticias\/wp-json\/wp\/v2\/users\/2"}],"replies":[{"embeddable":true,"href":"https:\/\/www.gruporecoletas.com\/noticias\/wp-json\/wp\/v2\/comments?post=16615"}],"version-history":[{"count":1,"href":"https:\/\/www.gruporecoletas.com\/noticias\/wp-json\/wp\/v2\/posts\/16615\/revisions"}],"predecessor-version":[{"id":16616,"href":"https:\/\/www.gruporecoletas.com\/noticias\/wp-json\/wp\/v2\/posts\/16615\/revisions\/16616"}],"wp:featuredmedia":[{"embeddable":true,"href":"https:\/\/www.gruporecoletas.com\/noticias\/wp-json\/wp\/v2\/media\/16617"}],"wp:attachment":[{"href":"https:\/\/www.gruporecoletas.com\/noticias\/wp-json\/wp\/v2\/media?parent=16615"}],"wp:term":[{"taxonomy":"category","embeddable":true,"href":"https:\/\/www.gruporecoletas.com\/noticias\/wp-json\/wp\/v2\/categories?post=16615"},{"taxonomy":"post_tag","embeddable":true,"href":"https:\/\/www.gruporecoletas.com\/noticias\/wp-json\/wp\/v2\/tags?post=16615"}],"curies":[{"name":"wp","href":"https:\/\/api.w.org\/{rel}","templated":true}]}}