{"id":16649,"date":"2025-05-30T10:46:07","date_gmt":"2025-05-30T08:46:07","guid":{"rendered":"https:\/\/www.gruporecoletas.com\/noticias\/?p=16649"},"modified":"2025-05-30T10:46:09","modified_gmt":"2025-05-30T08:46:09","slug":"el-hospital-recoletas-salud-cuenca-incorpora-una-especialista-en-el-tratamiento-del-dolor","status":"publish","type":"post","link":"https:\/\/www.gruporecoletas.com\/noticias\/el-hospital-recoletas-salud-cuenca-incorpora-una-especialista-en-el-tratamiento-del-dolor\/","title":{"rendered":"El Hospital Recoletas Salud Cuenca incorpora una especialista en el tratamiento del dolor"},"content":{"rendered":"\n<ul class=\"wp-block-list\">\n<li><strong>Dra. Elisa Belinch\u00f3n: \u201cEl dolor cr\u00f3nico no deber\u00eda asumirse nunca como parte de la vida\u201d<\/strong><\/li>\n<\/ul>\n\n\n\n<p>La Dra. Elisa Belinch\u00f3n, anestesi\u00f3loga y con una s\u00f3lida trayectoria en el tratamiento del dolor complejo mediante t\u00e9cnicas intervencionistas, seguras y m\u00ednimamente invasivas, es quien dirige a partir de ahora la Unidad del Dolor del Hospital Recoletas Salud Cuenca, un servicio desde el que procurar soluciones eficaces a quienes sufren dolor persistente y buscan alternativas m\u00e1s all\u00e1 de la medicaci\u00f3n convencional.<\/p>\n\n\n\n<p>Para la Dra. Belinch\u00f3n, el dolor cr\u00f3nico no deber\u00eda asumirse nunca como parte de la vida. \u201cEn esta unidad escuchamos a cada paciente, valoramos su caso y aplicamos un tratamiento individualizado para que pueda volver a vivir con plenitud\u201d, se\u00f1al\u00f3 la nueva responsable.<\/p>\n\n\n\n<p>La Unidad del Dolor est\u00e1 especialmente dise\u00f1ada para tratar casos como: dolor lumbar; ci\u00e1tica, estenosis de canal, s\u00edndrome facetario; dolor cervical, cefaleas cr\u00f3nicas, migra\u00f1as resistentes; neuralgias como la del trig\u00e9mino u occipital; rizartrosis, artrosis y otras formas de dolor articular; dolor por lesiones deportivas cr\u00f3nicas o mal curadas; dolor oncol\u00f3gico o dolor postquir\u00fargico persistente y s\u00edndrome de dolor regional complejo y fibromialgia.<\/p>\n\n\n\n<p>La Dra. Belinch\u00f3n destac\u00f3 que el Hospital Recoletas Salud Cuenca realiza tratamientos modernos y personalizados, en r\u00e9gimen ambulatorio. Se realizan t\u00e9cnicas avanzadas con un enfoque multidisciplinar, utilizando procedimientos m\u00ednimamente invasivos que permiten al paciente continuar con su vida diaria sin ingreso hospitalario.<\/p>\n\n\n\n<p>Entre esas t\u00e9cnicas, la doctora destac\u00f3 los bloqueos nerviosos, radiofrecuencia pulsada y t\u00e9rmica, neuromodulaci\u00f3n perif\u00e9ric, infiltraciones con plasma rico en plaquetas (PRP), infiltraciones con \u00e1cido hialur\u00f3nico y tratamientos espec\u00edficos para neuralgia facial, cefaleas y dolor miofascial.<\/p>\n\n\n\n<p>\u201cUn servicio de referencia en el tratamiento del dolor, sin tener que esperar, ni desplazarse a otras ciudades con una atenci\u00f3n directa, humana y accesible, pensada para quienes llevan demasiado tiempo conviviendo con el dolor\u201d, concluy\u00f3 se\u00f1alando la especialista<\/p>\n","protected":false},"excerpt":{"rendered":"<p>La Dra. Elisa Belinch\u00f3n, anestesi\u00f3loga y con una s\u00f3lida trayectoria en el tratamiento del dolor complejo mediante t\u00e9cnicas intervencionistas, seguras y m\u00ednimamente invasivas, es quien dirige a partir de ahora la Unidad del Dolor del Hospital Recoletas Salud Cuenca, un servicio desde el que procurar soluciones eficaces a quienes sufren dolor persistente y buscan alternativas [&hellip;]<\/p>\n","protected":false},"author":2,"featured_media":16650,"comment_status":"closed","ping_status":"closed","sticky":false,"template":"","format":"standard","meta":{"_acf_changed":false,"footnotes":""},"categories":[43,6,1,42],"tags":[1349,3435],"class_list":["post-16649","post","type-post","status-publish","format-standard","has-post-thumbnail","hentry","category-centros","category-cuenca","category-grupo-recoletas","category-recoletas-salud","tag-hospital-recoletas-cuenca","tag-unidad-del-dolor"],"acf":[],"yoast_head":"<!-- This site is optimized with the Yoast SEO Premium plugin v27.3 (Yoast SEO v27.3) - https:\/\/yoast.com\/product\/yoast-seo-premium-wordpress\/ -->\n<title>El Hospital Recoletas Salud Cuenca incorpora una especialista en el tratamiento del dolor - Noticias Grupo Recoletas<\/title>\n<meta name=\"description\" content=\"La Dra. Elisa Belinch\u00f3n, anestesi\u00f3loga con una s\u00f3lida trayectoria en el tratamiento del dolor, es quien dirige la Unidad del Dolor\" \/>\n<meta name=\"robots\" content=\"index, follow, max-snippet:-1, max-image-preview:large, max-video-preview:-1\" \/>\n<link rel=\"canonical\" href=\"https:\/\/www.gruporecoletas.com\/noticias\/el-hospital-recoletas-salud-cuenca-incorpora-una-especialista-en-el-tratamiento-del-dolor\/\" \/>\n<meta property=\"og:locale\" content=\"es_ES\" \/>\n<meta property=\"og:type\" content=\"article\" \/>\n<meta property=\"og:title\" content=\"El Hospital Recoletas Salud Cuenca incorpora una especialista en el tratamiento del dolor\" \/>\n<meta property=\"og:description\" content=\"La Dra. Elisa Belinch\u00f3n, anestesi\u00f3loga con una s\u00f3lida trayectoria en el tratamiento del dolor, es quien dirige la Unidad del Dolor\" \/>\n<meta property=\"og:url\" content=\"https:\/\/www.gruporecoletas.com\/noticias\/el-hospital-recoletas-salud-cuenca-incorpora-una-especialista-en-el-tratamiento-del-dolor\/\" \/>\n<meta property=\"og:site_name\" content=\"Noticias Grupo Recoletas\" \/>\n<meta property=\"article:publisher\" content=\"https:\/\/www.facebook.com\/GrupoRecoletas\/\" \/>\n<meta property=\"article:published_time\" content=\"2025-05-30T08:46:07+00:00\" \/>\n<meta property=\"article:modified_time\" content=\"2025-05-30T08:46:09+00:00\" \/>\n<meta property=\"og:image\" content=\"https:\/\/www.gruporecoletas.com\/noticias\/wp-content\/uploads\/2025\/05\/UNIDAD-DOLOR-RECOLETAS-CUENCA.png\" \/>\n\t<meta property=\"og:image:width\" content=\"1366\" \/>\n\t<meta property=\"og:image:height\" content=\"768\" \/>\n\t<meta property=\"og:image:type\" content=\"image\/png\" \/>\n<meta name=\"author\" content=\"Recoletas Red Hospitalaria\" \/>\n<meta name=\"twitter:card\" content=\"summary_large_image\" \/>\n<meta name=\"twitter:creator\" content=\"@GrupoRecoletas\" \/>\n<meta name=\"twitter:site\" content=\"@GrupoRecoletas\" \/>\n<meta name=\"twitter:label1\" content=\"Escrito por\" \/>\n\t<meta name=\"twitter:data1\" content=\"Recoletas Red Hospitalaria\" \/>\n\t<meta name=\"twitter:label2\" content=\"Tiempo de lectura\" \/>\n\t<meta name=\"twitter:data2\" content=\"2 minutos\" \/>\n<script type=\"application\/ld+json\" class=\"yoast-schema-graph\">{\"@context\":\"https:\\\/\\\/schema.org\",\"@graph\":[{\"@type\":\"Article\",\"@id\":\"https:\\\/\\\/www.gruporecoletas.com\\\/noticias\\\/el-hospital-recoletas-salud-cuenca-incorpora-una-especialista-en-el-tratamiento-del-dolor\\\/#article\",\"isPartOf\":{\"@id\":\"https:\\\/\\\/www.gruporecoletas.com\\\/noticias\\\/el-hospital-recoletas-salud-cuenca-incorpora-una-especialista-en-el-tratamiento-del-dolor\\\/\"},\"author\":{\"name\":\"Recoletas Red Hospitalaria\",\"@id\":\"https:\\\/\\\/www.gruporecoletas.com\\\/noticias\\\/#\\\/schema\\\/person\\\/3c6ac429828d1f5e3d3bd99f4da9b02c\"},\"headline\":\"El Hospital Recoletas Salud Cuenca incorpora una especialista en el tratamiento del dolor\",\"datePublished\":\"2025-05-30T08:46:07+00:00\",\"dateModified\":\"2025-05-30T08:46:09+00:00\",\"mainEntityOfPage\":{\"@id\":\"https:\\\/\\\/www.gruporecoletas.com\\\/noticias\\\/el-hospital-recoletas-salud-cuenca-incorpora-una-especialista-en-el-tratamiento-del-dolor\\\/\"},\"wordCount\":347,\"image\":{\"@id\":\"https:\\\/\\\/www.gruporecoletas.com\\\/noticias\\\/el-hospital-recoletas-salud-cuenca-incorpora-una-especialista-en-el-tratamiento-del-dolor\\\/#primaryimage\"},\"thumbnailUrl\":\"https:\\\/\\\/www.gruporecoletas.com\\\/noticias\\\/wp-content\\\/uploads\\\/2025\\\/05\\\/UNIDAD-DOLOR-RECOLETAS-CUENCA.png\",\"keywords\":[\"hospital recoletas cuenca\",\"Unidad del Dolor\"],\"articleSection\":[\"Centros\",\"Cuenca\",\"Grupo Recoletas\",\"Recoletas Salud\"],\"inLanguage\":\"es\"},{\"@type\":\"WebPage\",\"@id\":\"https:\\\/\\\/www.gruporecoletas.com\\\/noticias\\\/el-hospital-recoletas-salud-cuenca-incorpora-una-especialista-en-el-tratamiento-del-dolor\\\/\",\"url\":\"https:\\\/\\\/www.gruporecoletas.com\\\/noticias\\\/el-hospital-recoletas-salud-cuenca-incorpora-una-especialista-en-el-tratamiento-del-dolor\\\/\",\"name\":\"El Hospital Recoletas Salud Cuenca incorpora una especialista en el tratamiento del dolor - Noticias Grupo Recoletas\",\"isPartOf\":{\"@id\":\"https:\\\/\\\/www.gruporecoletas.com\\\/noticias\\\/#website\"},\"primaryImageOfPage\":{\"@id\":\"https:\\\/\\\/www.gruporecoletas.com\\\/noticias\\\/el-hospital-recoletas-salud-cuenca-incorpora-una-especialista-en-el-tratamiento-del-dolor\\\/#primaryimage\"},\"image\":{\"@id\":\"https:\\\/\\\/www.gruporecoletas.com\\\/noticias\\\/el-hospital-recoletas-salud-cuenca-incorpora-una-especialista-en-el-tratamiento-del-dolor\\\/#primaryimage\"},\"thumbnailUrl\":\"https:\\\/\\\/www.gruporecoletas.com\\\/noticias\\\/wp-content\\\/uploads\\\/2025\\\/05\\\/UNIDAD-DOLOR-RECOLETAS-CUENCA.png\",\"datePublished\":\"2025-05-30T08:46:07+00:00\",\"dateModified\":\"2025-05-30T08:46:09+00:00\",\"author\":{\"@id\":\"https:\\\/\\\/www.gruporecoletas.com\\\/noticias\\\/#\\\/schema\\\/person\\\/3c6ac429828d1f5e3d3bd99f4da9b02c\"},\"description\":\"La Dra. Elisa Belinch\u00f3n, anestesi\u00f3loga con una s\u00f3lida trayectoria en el tratamiento del dolor, es quien dirige la Unidad del Dolor\",\"breadcrumb\":{\"@id\":\"https:\\\/\\\/www.gruporecoletas.com\\\/noticias\\\/el-hospital-recoletas-salud-cuenca-incorpora-una-especialista-en-el-tratamiento-del-dolor\\\/#breadcrumb\"},\"inLanguage\":\"es\",\"potentialAction\":[{\"@type\":\"ReadAction\",\"target\":[\"https:\\\/\\\/www.gruporecoletas.com\\\/noticias\\\/el-hospital-recoletas-salud-cuenca-incorpora-una-especialista-en-el-tratamiento-del-dolor\\\/\"]}]},{\"@type\":\"ImageObject\",\"inLanguage\":\"es\",\"@id\":\"https:\\\/\\\/www.gruporecoletas.com\\\/noticias\\\/el-hospital-recoletas-salud-cuenca-incorpora-una-especialista-en-el-tratamiento-del-dolor\\\/#primaryimage\",\"url\":\"https:\\\/\\\/www.gruporecoletas.com\\\/noticias\\\/wp-content\\\/uploads\\\/2025\\\/05\\\/UNIDAD-DOLOR-RECOLETAS-CUENCA.png\",\"contentUrl\":\"https:\\\/\\\/www.gruporecoletas.com\\\/noticias\\\/wp-content\\\/uploads\\\/2025\\\/05\\\/UNIDAD-DOLOR-RECOLETAS-CUENCA.png\",\"width\":1366,\"height\":768,\"caption\":\"El Hospital Recoletas Salud Cuenca incorpora una especialista en el tratamiento del dolor\"},{\"@type\":\"BreadcrumbList\",\"@id\":\"https:\\\/\\\/www.gruporecoletas.com\\\/noticias\\\/el-hospital-recoletas-salud-cuenca-incorpora-una-especialista-en-el-tratamiento-del-dolor\\\/#breadcrumb\",\"itemListElement\":[{\"@type\":\"ListItem\",\"position\":1,\"name\":\"Portada\",\"item\":\"https:\\\/\\\/www.gruporecoletas.com\\\/noticias\\\/\"},{\"@type\":\"ListItem\",\"position\":2,\"name\":\"El Hospital Recoletas Salud Cuenca incorpora una especialista en el tratamiento del dolor\"}]},{\"@type\":\"WebSite\",\"@id\":\"https:\\\/\\\/www.gruporecoletas.com\\\/noticias\\\/#website\",\"url\":\"https:\\\/\\\/www.gruporecoletas.com\\\/noticias\\\/\",\"name\":\"Noticias Grupo Recoletas\",\"description\":\"Grupo Recoletas\",\"potentialAction\":[{\"@type\":\"SearchAction\",\"target\":{\"@type\":\"EntryPoint\",\"urlTemplate\":\"https:\\\/\\\/www.gruporecoletas.com\\\/noticias\\\/?s={search_term_string}\"},\"query-input\":{\"@type\":\"PropertyValueSpecification\",\"valueRequired\":true,\"valueName\":\"search_term_string\"}}],\"inLanguage\":\"es\"},{\"@type\":\"Person\",\"@id\":\"https:\\\/\\\/www.gruporecoletas.com\\\/noticias\\\/#\\\/schema\\\/person\\\/3c6ac429828d1f5e3d3bd99f4da9b02c\",\"name\":\"Recoletas Red Hospitalaria\",\"url\":\"https:\\\/\\\/www.gruporecoletas.com\\\/noticias\\\/author\\\/comunicacion\\\/\"}]}<\/script>\n<!-- \/ Yoast SEO Premium plugin. -->","yoast_head_json":{"title":"El Hospital Recoletas Salud Cuenca incorpora una especialista en el tratamiento del dolor - Noticias Grupo Recoletas","description":"La Dra. Elisa Belinch\u00f3n, anestesi\u00f3loga con una s\u00f3lida trayectoria en el tratamiento del dolor, es quien dirige la Unidad del Dolor","robots":{"index":"index","follow":"follow","max-snippet":"max-snippet:-1","max-image-preview":"max-image-preview:large","max-video-preview":"max-video-preview:-1"},"canonical":"https:\/\/www.gruporecoletas.com\/noticias\/el-hospital-recoletas-salud-cuenca-incorpora-una-especialista-en-el-tratamiento-del-dolor\/","og_locale":"es_ES","og_type":"article","og_title":"El Hospital Recoletas Salud Cuenca incorpora una especialista en el tratamiento del dolor","og_description":"La Dra. Elisa Belinch\u00f3n, anestesi\u00f3loga con una s\u00f3lida trayectoria en el tratamiento del dolor, es quien dirige la Unidad del Dolor","og_url":"https:\/\/www.gruporecoletas.com\/noticias\/el-hospital-recoletas-salud-cuenca-incorpora-una-especialista-en-el-tratamiento-del-dolor\/","og_site_name":"Noticias Grupo Recoletas","article_publisher":"https:\/\/www.facebook.com\/GrupoRecoletas\/","article_published_time":"2025-05-30T08:46:07+00:00","article_modified_time":"2025-05-30T08:46:09+00:00","og_image":[{"width":1366,"height":768,"url":"https:\/\/www.gruporecoletas.com\/noticias\/wp-content\/uploads\/2025\/05\/UNIDAD-DOLOR-RECOLETAS-CUENCA.png","type":"image\/png"}],"author":"Recoletas Red Hospitalaria","twitter_card":"summary_large_image","twitter_creator":"@GrupoRecoletas","twitter_site":"@GrupoRecoletas","twitter_misc":{"Escrito por":"Recoletas Red Hospitalaria","Tiempo de lectura":"2 minutos"},"schema":{"@context":"https:\/\/schema.org","@graph":[{"@type":"Article","@id":"https:\/\/www.gruporecoletas.com\/noticias\/el-hospital-recoletas-salud-cuenca-incorpora-una-especialista-en-el-tratamiento-del-dolor\/#article","isPartOf":{"@id":"https:\/\/www.gruporecoletas.com\/noticias\/el-hospital-recoletas-salud-cuenca-incorpora-una-especialista-en-el-tratamiento-del-dolor\/"},"author":{"name":"Recoletas Red Hospitalaria","@id":"https:\/\/www.gruporecoletas.com\/noticias\/#\/schema\/person\/3c6ac429828d1f5e3d3bd99f4da9b02c"},"headline":"El Hospital Recoletas Salud Cuenca incorpora una especialista en el tratamiento del dolor","datePublished":"2025-05-30T08:46:07+00:00","dateModified":"2025-05-30T08:46:09+00:00","mainEntityOfPage":{"@id":"https:\/\/www.gruporecoletas.com\/noticias\/el-hospital-recoletas-salud-cuenca-incorpora-una-especialista-en-el-tratamiento-del-dolor\/"},"wordCount":347,"image":{"@id":"https:\/\/www.gruporecoletas.com\/noticias\/el-hospital-recoletas-salud-cuenca-incorpora-una-especialista-en-el-tratamiento-del-dolor\/#primaryimage"},"thumbnailUrl":"https:\/\/www.gruporecoletas.com\/noticias\/wp-content\/uploads\/2025\/05\/UNIDAD-DOLOR-RECOLETAS-CUENCA.png","keywords":["hospital recoletas cuenca","Unidad del Dolor"],"articleSection":["Centros","Cuenca","Grupo Recoletas","Recoletas Salud"],"inLanguage":"es"},{"@type":"WebPage","@id":"https:\/\/www.gruporecoletas.com\/noticias\/el-hospital-recoletas-salud-cuenca-incorpora-una-especialista-en-el-tratamiento-del-dolor\/","url":"https:\/\/www.gruporecoletas.com\/noticias\/el-hospital-recoletas-salud-cuenca-incorpora-una-especialista-en-el-tratamiento-del-dolor\/","name":"El Hospital Recoletas Salud Cuenca incorpora una especialista en el tratamiento del dolor - Noticias Grupo Recoletas","isPartOf":{"@id":"https:\/\/www.gruporecoletas.com\/noticias\/#website"},"primaryImageOfPage":{"@id":"https:\/\/www.gruporecoletas.com\/noticias\/el-hospital-recoletas-salud-cuenca-incorpora-una-especialista-en-el-tratamiento-del-dolor\/#primaryimage"},"image":{"@id":"https:\/\/www.gruporecoletas.com\/noticias\/el-hospital-recoletas-salud-cuenca-incorpora-una-especialista-en-el-tratamiento-del-dolor\/#primaryimage"},"thumbnailUrl":"https:\/\/www.gruporecoletas.com\/noticias\/wp-content\/uploads\/2025\/05\/UNIDAD-DOLOR-RECOLETAS-CUENCA.png","datePublished":"2025-05-30T08:46:07+00:00","dateModified":"2025-05-30T08:46:09+00:00","author":{"@id":"https:\/\/www.gruporecoletas.com\/noticias\/#\/schema\/person\/3c6ac429828d1f5e3d3bd99f4da9b02c"},"description":"La Dra. Elisa Belinch\u00f3n, anestesi\u00f3loga con una s\u00f3lida trayectoria en el tratamiento del dolor, es quien dirige la Unidad del Dolor","breadcrumb":{"@id":"https:\/\/www.gruporecoletas.com\/noticias\/el-hospital-recoletas-salud-cuenca-incorpora-una-especialista-en-el-tratamiento-del-dolor\/#breadcrumb"},"inLanguage":"es","potentialAction":[{"@type":"ReadAction","target":["https:\/\/www.gruporecoletas.com\/noticias\/el-hospital-recoletas-salud-cuenca-incorpora-una-especialista-en-el-tratamiento-del-dolor\/"]}]},{"@type":"ImageObject","inLanguage":"es","@id":"https:\/\/www.gruporecoletas.com\/noticias\/el-hospital-recoletas-salud-cuenca-incorpora-una-especialista-en-el-tratamiento-del-dolor\/#primaryimage","url":"https:\/\/www.gruporecoletas.com\/noticias\/wp-content\/uploads\/2025\/05\/UNIDAD-DOLOR-RECOLETAS-CUENCA.png","contentUrl":"https:\/\/www.gruporecoletas.com\/noticias\/wp-content\/uploads\/2025\/05\/UNIDAD-DOLOR-RECOLETAS-CUENCA.png","width":1366,"height":768,"caption":"El Hospital Recoletas Salud Cuenca incorpora una especialista en el tratamiento del dolor"},{"@type":"BreadcrumbList","@id":"https:\/\/www.gruporecoletas.com\/noticias\/el-hospital-recoletas-salud-cuenca-incorpora-una-especialista-en-el-tratamiento-del-dolor\/#breadcrumb","itemListElement":[{"@type":"ListItem","position":1,"name":"Portada","item":"https:\/\/www.gruporecoletas.com\/noticias\/"},{"@type":"ListItem","position":2,"name":"El Hospital Recoletas Salud Cuenca incorpora una especialista en el tratamiento del dolor"}]},{"@type":"WebSite","@id":"https:\/\/www.gruporecoletas.com\/noticias\/#website","url":"https:\/\/www.gruporecoletas.com\/noticias\/","name":"Noticias Grupo Recoletas","description":"Grupo Recoletas","potentialAction":[{"@type":"SearchAction","target":{"@type":"EntryPoint","urlTemplate":"https:\/\/www.gruporecoletas.com\/noticias\/?s={search_term_string}"},"query-input":{"@type":"PropertyValueSpecification","valueRequired":true,"valueName":"search_term_string"}}],"inLanguage":"es"},{"@type":"Person","@id":"https:\/\/www.gruporecoletas.com\/noticias\/#\/schema\/person\/3c6ac429828d1f5e3d3bd99f4da9b02c","name":"Recoletas Red Hospitalaria","url":"https:\/\/www.gruporecoletas.com\/noticias\/author\/comunicacion\/"}]}},"_links":{"self":[{"href":"https:\/\/www.gruporecoletas.com\/noticias\/wp-json\/wp\/v2\/posts\/16649","targetHints":{"allow":["GET"]}}],"collection":[{"href":"https:\/\/www.gruporecoletas.com\/noticias\/wp-json\/wp\/v2\/posts"}],"about":[{"href":"https:\/\/www.gruporecoletas.com\/noticias\/wp-json\/wp\/v2\/types\/post"}],"author":[{"embeddable":true,"href":"https:\/\/www.gruporecoletas.com\/noticias\/wp-json\/wp\/v2\/users\/2"}],"replies":[{"embeddable":true,"href":"https:\/\/www.gruporecoletas.com\/noticias\/wp-json\/wp\/v2\/comments?post=16649"}],"version-history":[{"count":1,"href":"https:\/\/www.gruporecoletas.com\/noticias\/wp-json\/wp\/v2\/posts\/16649\/revisions"}],"predecessor-version":[{"id":16651,"href":"https:\/\/www.gruporecoletas.com\/noticias\/wp-json\/wp\/v2\/posts\/16649\/revisions\/16651"}],"wp:featuredmedia":[{"embeddable":true,"href":"https:\/\/www.gruporecoletas.com\/noticias\/wp-json\/wp\/v2\/media\/16650"}],"wp:attachment":[{"href":"https:\/\/www.gruporecoletas.com\/noticias\/wp-json\/wp\/v2\/media?parent=16649"}],"wp:term":[{"taxonomy":"category","embeddable":true,"href":"https:\/\/www.gruporecoletas.com\/noticias\/wp-json\/wp\/v2\/categories?post=16649"},{"taxonomy":"post_tag","embeddable":true,"href":"https:\/\/www.gruporecoletas.com\/noticias\/wp-json\/wp\/v2\/tags?post=16649"}],"curies":[{"name":"wp","href":"https:\/\/api.w.org\/{rel}","templated":true}]}}