{"id":16652,"date":"2025-05-28T12:00:00","date_gmt":"2025-05-28T10:00:00","guid":{"rendered":"https:\/\/www.gruporecoletas.com\/noticias\/?p=16652"},"modified":"2025-05-30T11:29:26","modified_gmt":"2025-05-30T09:29:26","slug":"segovia-respira-la-fundacion-recoletas-salud-celebra-el-dia-mundial-sin-tabaco","status":"publish","type":"post","link":"https:\/\/www.gruporecoletas.com\/noticias\/segovia-respira-la-fundacion-recoletas-salud-celebra-el-dia-mundial-sin-tabaco\/","title":{"rendered":"\u00abSegovia Respira\u00bb, la Fundaci\u00f3n Recoletas Salud celebra el D\u00eda Mundial Sin Tabaco"},"content":{"rendered":"\n<ul class=\"wp-block-list\">\n<li><strong>Ma\u00f1ana 29 de mayo por la tarde, en la Avda. del Acueducto<\/strong><\/li>\n\n\n\n<li><strong>Declaraciones a la prensa del alcalde de Segovia y el gerente de Recoletas Segovia a las 16:30 horas<\/strong><\/li>\n<\/ul>\n\n\n\n<p>Coincidiendo con la celebraci\u00f3n este s\u00e1bado 31 de mayo del D\u00eda Mundial Sin Tabaco, Segovia acoger\u00e1 ma\u00f1ana jueves la campa\u00f1a \u201cSegovia Respira\u201d organizada desde la Fundaci\u00f3n Recoletas Salud.<\/p>\n\n\n\n<p>Se trata de una campa\u00f1a de concienciaci\u00f3n ciudadana sobre la importancia de la salud respiratoria y especialmente sobre el riesgo del tabaquismo, responsable directo de la muerte en Espa\u00f1a de 55.000 personas al a\u00f1o y de muchas de las enfermedades respiratorias cr\u00f3nicas.<\/p>\n\n\n\n<p>La campa\u00f1a, en la que tambi\u00e9n colabora el Ayuntamiento de Segovia, se llevar\u00e1 a cabo durante la tarde de ma\u00f1ana jueves 29 de mayo en la Avenida del Acueducto. En la campa\u00f1a participaran especialistas del servicio de Neumolog\u00eda del Hospital Recoletas Salud de Segovia y fisioterapeutas del nuevo centro de Recoletas de Rehabilitaci\u00f3n y Fisioterapia.<\/p>\n\n\n\n<p>\u201cSegovia Respira\u201d se desarrollar\u00e1 en tres carpas que se han ubicado en el paseo central de la Avenida del Acueducto. Bajo la direcci\u00f3n de uno de los neum\u00f3logos del hospital, el Dr. Norman Villamagua, en la primera carpa se realizar\u00e1n espirometrias para la detecci\u00f3n de enfermedades como el asma, epoc y otras. En la segunda carpa se informar\u00e1 sobre el programa de detecci\u00f3n precoz del c\u00e1ncer de pulm\u00f3n gracias al cual la supervivencia aumenta hasta un 70%. Y en la tercera carpa se ense\u00f1ar\u00e1n ejercicios de fisioterapia para enfermos pulmonares.<\/p>\n\n\n\n<p>En todas las carpas dar\u00e1 informaci\u00f3n sobre salud respiratoria y h\u00e1bitos de vida saludable. Adem\u00e1s, los participantes en la campa\u00f1a podr\u00e1n concursar en un sorteo de 5 chequeos m\u00e9dicos con pruebas funcionales respiratorias completas.<\/p>\n\n\n\n<p>Para el gerente del hospital Recoletas Salud de Segovia, es fundamental que las personas de todas las edades conozcan en detalle las nefastas consecuencias que supone para la salud el consumo tabaco , \u201cadem\u00e1s del c\u00e1ncer de pulm\u00f3n, el tabaco es responsable del infarto de miocardio, del infarto cerebral o de la EPOC (Enfermedad Pulmonar Obstructiva Cr\u00f3nica), una enfermedad con mayor mortalidad, incluso que el c\u00e1ncer de pulm\u00f3n\u201d, concluy\u00f3 destacando el especialista en neumolog\u00eda para quien este tipo de iniciativas ciudadanas son determinantes para vivir m\u00e1s y vivir mejor<\/p>\n","protected":false},"excerpt":{"rendered":"<p>Coincidiendo con la celebraci\u00f3n este s\u00e1bado 31 de mayo del D\u00eda Mundial Sin Tabaco, Segovia acoger\u00e1 ma\u00f1ana jueves la campa\u00f1a \u201cSegovia Respira\u201d organizada desde la Fundaci\u00f3n Recoletas Salud. Se trata de una campa\u00f1a de concienciaci\u00f3n ciudadana sobre la importancia de la salud respiratoria y especialmente sobre el riesgo del tabaquismo, responsable directo de la muerte [&hellip;]<\/p>\n","protected":false},"author":2,"featured_media":16654,"comment_status":"closed","ping_status":"closed","sticky":false,"template":"","format":"standard","meta":{"_acf_changed":false,"footnotes":""},"categories":[43,1,23,42,5],"tags":[3443,2620,3214,3427,25,3442],"class_list":["post-16652","post","type-post","status-publish","format-standard","has-post-thumbnail","hentry","category-centros","category-grupo-recoletas","category-hrsg","category-recoletas-salud","category-segovia","tag-dia-mundial-sin-tabaco","tag-hospital-recoletas-segovia","tag-neumologia","tag-salud-respiratoria","tag-segovia","tag-segovia-respira"],"acf":[],"yoast_head":"<!-- This site is optimized with the Yoast SEO Premium plugin v27.3 (Yoast SEO v27.3) - https:\/\/yoast.com\/product\/yoast-seo-premium-wordpress\/ -->\n<title>&quot;Segovia Respira&quot;, la Fundaci\u00f3n Recoletas Salud celebra el D\u00eda Mundial Sin Tabaco - Noticias Grupo Recoletas<\/title>\n<meta name=\"description\" content=\"Visita las tres carpas instaladas en la Avenida del Acueducto para cuidar tu salud respiratoria y realizar una espirometr\u00eda gratis\" \/>\n<meta name=\"robots\" content=\"index, follow, max-snippet:-1, max-image-preview:large, max-video-preview:-1\" \/>\n<link rel=\"canonical\" href=\"https:\/\/www.gruporecoletas.com\/noticias\/segovia-respira-la-fundacion-recoletas-salud-celebra-el-dia-mundial-sin-tabaco\/\" \/>\n<meta property=\"og:locale\" content=\"es_ES\" \/>\n<meta property=\"og:type\" content=\"article\" \/>\n<meta property=\"og:title\" content=\"&quot;Segovia Respira&quot;, la Fundaci\u00f3n Recoletas Salud celebra el D\u00eda Mundial Sin Tabaco\" \/>\n<meta property=\"og:description\" content=\"Visita las tres carpas instaladas en la Avenida del Acueducto para cuidar tu salud respiratoria y realizar una espirometr\u00eda gratis\" \/>\n<meta property=\"og:url\" content=\"https:\/\/www.gruporecoletas.com\/noticias\/segovia-respira-la-fundacion-recoletas-salud-celebra-el-dia-mundial-sin-tabaco\/\" \/>\n<meta property=\"og:site_name\" content=\"Noticias Grupo Recoletas\" \/>\n<meta property=\"article:publisher\" content=\"https:\/\/www.facebook.com\/GrupoRecoletas\/\" \/>\n<meta property=\"article:published_time\" content=\"2025-05-28T10:00:00+00:00\" \/>\n<meta property=\"article:modified_time\" content=\"2025-05-30T09:29:26+00:00\" \/>\n<meta property=\"og:image\" content=\"https:\/\/www.gruporecoletas.com\/noticias\/wp-content\/uploads\/2025\/05\/SEGOVIA-RESPIRA.png\" \/>\n\t<meta property=\"og:image:width\" content=\"1366\" \/>\n\t<meta property=\"og:image:height\" content=\"768\" \/>\n\t<meta property=\"og:image:type\" content=\"image\/png\" \/>\n<meta name=\"author\" content=\"Recoletas Red Hospitalaria\" \/>\n<meta name=\"twitter:card\" content=\"summary_large_image\" \/>\n<meta name=\"twitter:creator\" content=\"@GrupoRecoletas\" \/>\n<meta name=\"twitter:site\" content=\"@GrupoRecoletas\" \/>\n<meta name=\"twitter:label1\" content=\"Escrito por\" \/>\n\t<meta name=\"twitter:data1\" content=\"Recoletas Red Hospitalaria\" \/>\n\t<meta name=\"twitter:label2\" content=\"Tiempo de lectura\" \/>\n\t<meta name=\"twitter:data2\" content=\"2 minutos\" \/>\n<script type=\"application\/ld+json\" class=\"yoast-schema-graph\">{\"@context\":\"https:\\\/\\\/schema.org\",\"@graph\":[{\"@type\":\"Article\",\"@id\":\"https:\\\/\\\/www.gruporecoletas.com\\\/noticias\\\/segovia-respira-la-fundacion-recoletas-salud-celebra-el-dia-mundial-sin-tabaco\\\/#article\",\"isPartOf\":{\"@id\":\"https:\\\/\\\/www.gruporecoletas.com\\\/noticias\\\/segovia-respira-la-fundacion-recoletas-salud-celebra-el-dia-mundial-sin-tabaco\\\/\"},\"author\":{\"name\":\"Recoletas Red Hospitalaria\",\"@id\":\"https:\\\/\\\/www.gruporecoletas.com\\\/noticias\\\/#\\\/schema\\\/person\\\/3c6ac429828d1f5e3d3bd99f4da9b02c\"},\"headline\":\"\u00abSegovia Respira\u00bb, la Fundaci\u00f3n Recoletas Salud celebra el D\u00eda Mundial Sin Tabaco\",\"datePublished\":\"2025-05-28T10:00:00+00:00\",\"dateModified\":\"2025-05-30T09:29:26+00:00\",\"mainEntityOfPage\":{\"@id\":\"https:\\\/\\\/www.gruporecoletas.com\\\/noticias\\\/segovia-respira-la-fundacion-recoletas-salud-celebra-el-dia-mundial-sin-tabaco\\\/\"},\"wordCount\":415,\"image\":{\"@id\":\"https:\\\/\\\/www.gruporecoletas.com\\\/noticias\\\/segovia-respira-la-fundacion-recoletas-salud-celebra-el-dia-mundial-sin-tabaco\\\/#primaryimage\"},\"thumbnailUrl\":\"https:\\\/\\\/www.gruporecoletas.com\\\/noticias\\\/wp-content\\\/uploads\\\/2025\\\/05\\\/SEGOVIA-RESPIRA.png\",\"keywords\":[\"D\u00eda Mundial Sin Tabaco\",\"hospital recoletas segovia\",\"Neumolog\u00eda\",\"Salud respiratoria\",\"Segovia\",\"Segovia Respira\"],\"articleSection\":[\"Centros\",\"Grupo Recoletas\",\"HRSG\",\"Recoletas Salud\",\"Segovia\"],\"inLanguage\":\"es\"},{\"@type\":\"WebPage\",\"@id\":\"https:\\\/\\\/www.gruporecoletas.com\\\/noticias\\\/segovia-respira-la-fundacion-recoletas-salud-celebra-el-dia-mundial-sin-tabaco\\\/\",\"url\":\"https:\\\/\\\/www.gruporecoletas.com\\\/noticias\\\/segovia-respira-la-fundacion-recoletas-salud-celebra-el-dia-mundial-sin-tabaco\\\/\",\"name\":\"\\\"Segovia Respira\\\", la Fundaci\u00f3n Recoletas Salud celebra el D\u00eda Mundial Sin Tabaco - Noticias Grupo Recoletas\",\"isPartOf\":{\"@id\":\"https:\\\/\\\/www.gruporecoletas.com\\\/noticias\\\/#website\"},\"primaryImageOfPage\":{\"@id\":\"https:\\\/\\\/www.gruporecoletas.com\\\/noticias\\\/segovia-respira-la-fundacion-recoletas-salud-celebra-el-dia-mundial-sin-tabaco\\\/#primaryimage\"},\"image\":{\"@id\":\"https:\\\/\\\/www.gruporecoletas.com\\\/noticias\\\/segovia-respira-la-fundacion-recoletas-salud-celebra-el-dia-mundial-sin-tabaco\\\/#primaryimage\"},\"thumbnailUrl\":\"https:\\\/\\\/www.gruporecoletas.com\\\/noticias\\\/wp-content\\\/uploads\\\/2025\\\/05\\\/SEGOVIA-RESPIRA.png\",\"datePublished\":\"2025-05-28T10:00:00+00:00\",\"dateModified\":\"2025-05-30T09:29:26+00:00\",\"author\":{\"@id\":\"https:\\\/\\\/www.gruporecoletas.com\\\/noticias\\\/#\\\/schema\\\/person\\\/3c6ac429828d1f5e3d3bd99f4da9b02c\"},\"description\":\"Visita las tres carpas instaladas en la Avenida del Acueducto para cuidar tu salud respiratoria y realizar una espirometr\u00eda gratis\",\"breadcrumb\":{\"@id\":\"https:\\\/\\\/www.gruporecoletas.com\\\/noticias\\\/segovia-respira-la-fundacion-recoletas-salud-celebra-el-dia-mundial-sin-tabaco\\\/#breadcrumb\"},\"inLanguage\":\"es\",\"potentialAction\":[{\"@type\":\"ReadAction\",\"target\":[\"https:\\\/\\\/www.gruporecoletas.com\\\/noticias\\\/segovia-respira-la-fundacion-recoletas-salud-celebra-el-dia-mundial-sin-tabaco\\\/\"]}]},{\"@type\":\"ImageObject\",\"inLanguage\":\"es\",\"@id\":\"https:\\\/\\\/www.gruporecoletas.com\\\/noticias\\\/segovia-respira-la-fundacion-recoletas-salud-celebra-el-dia-mundial-sin-tabaco\\\/#primaryimage\",\"url\":\"https:\\\/\\\/www.gruporecoletas.com\\\/noticias\\\/wp-content\\\/uploads\\\/2025\\\/05\\\/SEGOVIA-RESPIRA.png\",\"contentUrl\":\"https:\\\/\\\/www.gruporecoletas.com\\\/noticias\\\/wp-content\\\/uploads\\\/2025\\\/05\\\/SEGOVIA-RESPIRA.png\",\"width\":1366,\"height\":768,\"caption\":\"\\\"Segovia Respira\\\", la Fundaci\u00f3n Recoletas Salud celebra el D\u00eda Mundial Sin Tabaco\"},{\"@type\":\"BreadcrumbList\",\"@id\":\"https:\\\/\\\/www.gruporecoletas.com\\\/noticias\\\/segovia-respira-la-fundacion-recoletas-salud-celebra-el-dia-mundial-sin-tabaco\\\/#breadcrumb\",\"itemListElement\":[{\"@type\":\"ListItem\",\"position\":1,\"name\":\"Portada\",\"item\":\"https:\\\/\\\/www.gruporecoletas.com\\\/noticias\\\/\"},{\"@type\":\"ListItem\",\"position\":2,\"name\":\"\u00abSegovia Respira\u00bb, la Fundaci\u00f3n Recoletas Salud celebra el D\u00eda Mundial Sin Tabaco\"}]},{\"@type\":\"WebSite\",\"@id\":\"https:\\\/\\\/www.gruporecoletas.com\\\/noticias\\\/#website\",\"url\":\"https:\\\/\\\/www.gruporecoletas.com\\\/noticias\\\/\",\"name\":\"Noticias Grupo Recoletas\",\"description\":\"Grupo Recoletas\",\"potentialAction\":[{\"@type\":\"SearchAction\",\"target\":{\"@type\":\"EntryPoint\",\"urlTemplate\":\"https:\\\/\\\/www.gruporecoletas.com\\\/noticias\\\/?s={search_term_string}\"},\"query-input\":{\"@type\":\"PropertyValueSpecification\",\"valueRequired\":true,\"valueName\":\"search_term_string\"}}],\"inLanguage\":\"es\"},{\"@type\":\"Person\",\"@id\":\"https:\\\/\\\/www.gruporecoletas.com\\\/noticias\\\/#\\\/schema\\\/person\\\/3c6ac429828d1f5e3d3bd99f4da9b02c\",\"name\":\"Recoletas Red Hospitalaria\",\"url\":\"https:\\\/\\\/www.gruporecoletas.com\\\/noticias\\\/author\\\/comunicacion\\\/\"}]}<\/script>\n<!-- \/ Yoast SEO Premium plugin. -->","yoast_head_json":{"title":"\"Segovia Respira\", la Fundaci\u00f3n Recoletas Salud celebra el D\u00eda Mundial Sin Tabaco - Noticias Grupo Recoletas","description":"Visita las tres carpas instaladas en la Avenida del Acueducto para cuidar tu salud respiratoria y realizar una espirometr\u00eda gratis","robots":{"index":"index","follow":"follow","max-snippet":"max-snippet:-1","max-image-preview":"max-image-preview:large","max-video-preview":"max-video-preview:-1"},"canonical":"https:\/\/www.gruporecoletas.com\/noticias\/segovia-respira-la-fundacion-recoletas-salud-celebra-el-dia-mundial-sin-tabaco\/","og_locale":"es_ES","og_type":"article","og_title":"\"Segovia Respira\", la Fundaci\u00f3n Recoletas Salud celebra el D\u00eda Mundial Sin Tabaco","og_description":"Visita las tres carpas instaladas en la Avenida del Acueducto para cuidar tu salud respiratoria y realizar una espirometr\u00eda gratis","og_url":"https:\/\/www.gruporecoletas.com\/noticias\/segovia-respira-la-fundacion-recoletas-salud-celebra-el-dia-mundial-sin-tabaco\/","og_site_name":"Noticias Grupo Recoletas","article_publisher":"https:\/\/www.facebook.com\/GrupoRecoletas\/","article_published_time":"2025-05-28T10:00:00+00:00","article_modified_time":"2025-05-30T09:29:26+00:00","og_image":[{"width":1366,"height":768,"url":"https:\/\/www.gruporecoletas.com\/noticias\/wp-content\/uploads\/2025\/05\/SEGOVIA-RESPIRA.png","type":"image\/png"}],"author":"Recoletas Red Hospitalaria","twitter_card":"summary_large_image","twitter_creator":"@GrupoRecoletas","twitter_site":"@GrupoRecoletas","twitter_misc":{"Escrito por":"Recoletas Red Hospitalaria","Tiempo de lectura":"2 minutos"},"schema":{"@context":"https:\/\/schema.org","@graph":[{"@type":"Article","@id":"https:\/\/www.gruporecoletas.com\/noticias\/segovia-respira-la-fundacion-recoletas-salud-celebra-el-dia-mundial-sin-tabaco\/#article","isPartOf":{"@id":"https:\/\/www.gruporecoletas.com\/noticias\/segovia-respira-la-fundacion-recoletas-salud-celebra-el-dia-mundial-sin-tabaco\/"},"author":{"name":"Recoletas Red Hospitalaria","@id":"https:\/\/www.gruporecoletas.com\/noticias\/#\/schema\/person\/3c6ac429828d1f5e3d3bd99f4da9b02c"},"headline":"\u00abSegovia Respira\u00bb, la Fundaci\u00f3n Recoletas Salud celebra el D\u00eda Mundial Sin Tabaco","datePublished":"2025-05-28T10:00:00+00:00","dateModified":"2025-05-30T09:29:26+00:00","mainEntityOfPage":{"@id":"https:\/\/www.gruporecoletas.com\/noticias\/segovia-respira-la-fundacion-recoletas-salud-celebra-el-dia-mundial-sin-tabaco\/"},"wordCount":415,"image":{"@id":"https:\/\/www.gruporecoletas.com\/noticias\/segovia-respira-la-fundacion-recoletas-salud-celebra-el-dia-mundial-sin-tabaco\/#primaryimage"},"thumbnailUrl":"https:\/\/www.gruporecoletas.com\/noticias\/wp-content\/uploads\/2025\/05\/SEGOVIA-RESPIRA.png","keywords":["D\u00eda Mundial Sin Tabaco","hospital recoletas segovia","Neumolog\u00eda","Salud respiratoria","Segovia","Segovia Respira"],"articleSection":["Centros","Grupo Recoletas","HRSG","Recoletas Salud","Segovia"],"inLanguage":"es"},{"@type":"WebPage","@id":"https:\/\/www.gruporecoletas.com\/noticias\/segovia-respira-la-fundacion-recoletas-salud-celebra-el-dia-mundial-sin-tabaco\/","url":"https:\/\/www.gruporecoletas.com\/noticias\/segovia-respira-la-fundacion-recoletas-salud-celebra-el-dia-mundial-sin-tabaco\/","name":"\"Segovia Respira\", la Fundaci\u00f3n Recoletas Salud celebra el D\u00eda Mundial Sin Tabaco - Noticias Grupo Recoletas","isPartOf":{"@id":"https:\/\/www.gruporecoletas.com\/noticias\/#website"},"primaryImageOfPage":{"@id":"https:\/\/www.gruporecoletas.com\/noticias\/segovia-respira-la-fundacion-recoletas-salud-celebra-el-dia-mundial-sin-tabaco\/#primaryimage"},"image":{"@id":"https:\/\/www.gruporecoletas.com\/noticias\/segovia-respira-la-fundacion-recoletas-salud-celebra-el-dia-mundial-sin-tabaco\/#primaryimage"},"thumbnailUrl":"https:\/\/www.gruporecoletas.com\/noticias\/wp-content\/uploads\/2025\/05\/SEGOVIA-RESPIRA.png","datePublished":"2025-05-28T10:00:00+00:00","dateModified":"2025-05-30T09:29:26+00:00","author":{"@id":"https:\/\/www.gruporecoletas.com\/noticias\/#\/schema\/person\/3c6ac429828d1f5e3d3bd99f4da9b02c"},"description":"Visita las tres carpas instaladas en la Avenida del Acueducto para cuidar tu salud respiratoria y realizar una espirometr\u00eda gratis","breadcrumb":{"@id":"https:\/\/www.gruporecoletas.com\/noticias\/segovia-respira-la-fundacion-recoletas-salud-celebra-el-dia-mundial-sin-tabaco\/#breadcrumb"},"inLanguage":"es","potentialAction":[{"@type":"ReadAction","target":["https:\/\/www.gruporecoletas.com\/noticias\/segovia-respira-la-fundacion-recoletas-salud-celebra-el-dia-mundial-sin-tabaco\/"]}]},{"@type":"ImageObject","inLanguage":"es","@id":"https:\/\/www.gruporecoletas.com\/noticias\/segovia-respira-la-fundacion-recoletas-salud-celebra-el-dia-mundial-sin-tabaco\/#primaryimage","url":"https:\/\/www.gruporecoletas.com\/noticias\/wp-content\/uploads\/2025\/05\/SEGOVIA-RESPIRA.png","contentUrl":"https:\/\/www.gruporecoletas.com\/noticias\/wp-content\/uploads\/2025\/05\/SEGOVIA-RESPIRA.png","width":1366,"height":768,"caption":"\"Segovia Respira\", la Fundaci\u00f3n Recoletas Salud celebra el D\u00eda Mundial Sin Tabaco"},{"@type":"BreadcrumbList","@id":"https:\/\/www.gruporecoletas.com\/noticias\/segovia-respira-la-fundacion-recoletas-salud-celebra-el-dia-mundial-sin-tabaco\/#breadcrumb","itemListElement":[{"@type":"ListItem","position":1,"name":"Portada","item":"https:\/\/www.gruporecoletas.com\/noticias\/"},{"@type":"ListItem","position":2,"name":"\u00abSegovia Respira\u00bb, la Fundaci\u00f3n Recoletas Salud celebra el D\u00eda Mundial Sin Tabaco"}]},{"@type":"WebSite","@id":"https:\/\/www.gruporecoletas.com\/noticias\/#website","url":"https:\/\/www.gruporecoletas.com\/noticias\/","name":"Noticias Grupo Recoletas","description":"Grupo Recoletas","potentialAction":[{"@type":"SearchAction","target":{"@type":"EntryPoint","urlTemplate":"https:\/\/www.gruporecoletas.com\/noticias\/?s={search_term_string}"},"query-input":{"@type":"PropertyValueSpecification","valueRequired":true,"valueName":"search_term_string"}}],"inLanguage":"es"},{"@type":"Person","@id":"https:\/\/www.gruporecoletas.com\/noticias\/#\/schema\/person\/3c6ac429828d1f5e3d3bd99f4da9b02c","name":"Recoletas Red Hospitalaria","url":"https:\/\/www.gruporecoletas.com\/noticias\/author\/comunicacion\/"}]}},"_links":{"self":[{"href":"https:\/\/www.gruporecoletas.com\/noticias\/wp-json\/wp\/v2\/posts\/16652","targetHints":{"allow":["GET"]}}],"collection":[{"href":"https:\/\/www.gruporecoletas.com\/noticias\/wp-json\/wp\/v2\/posts"}],"about":[{"href":"https:\/\/www.gruporecoletas.com\/noticias\/wp-json\/wp\/v2\/types\/post"}],"author":[{"embeddable":true,"href":"https:\/\/www.gruporecoletas.com\/noticias\/wp-json\/wp\/v2\/users\/2"}],"replies":[{"embeddable":true,"href":"https:\/\/www.gruporecoletas.com\/noticias\/wp-json\/wp\/v2\/comments?post=16652"}],"version-history":[{"count":1,"href":"https:\/\/www.gruporecoletas.com\/noticias\/wp-json\/wp\/v2\/posts\/16652\/revisions"}],"predecessor-version":[{"id":16653,"href":"https:\/\/www.gruporecoletas.com\/noticias\/wp-json\/wp\/v2\/posts\/16652\/revisions\/16653"}],"wp:featuredmedia":[{"embeddable":true,"href":"https:\/\/www.gruporecoletas.com\/noticias\/wp-json\/wp\/v2\/media\/16654"}],"wp:attachment":[{"href":"https:\/\/www.gruporecoletas.com\/noticias\/wp-json\/wp\/v2\/media?parent=16652"}],"wp:term":[{"taxonomy":"category","embeddable":true,"href":"https:\/\/www.gruporecoletas.com\/noticias\/wp-json\/wp\/v2\/categories?post=16652"},{"taxonomy":"post_tag","embeddable":true,"href":"https:\/\/www.gruporecoletas.com\/noticias\/wp-json\/wp\/v2\/tags?post=16652"}],"curies":[{"name":"wp","href":"https:\/\/api.w.org\/{rel}","templated":true}]}}