{"id":16656,"date":"2025-06-02T16:12:02","date_gmt":"2025-06-02T14:12:02","guid":{"rendered":"https:\/\/www.gruporecoletas.com\/noticias\/?p=16656"},"modified":"2025-06-03T16:21:23","modified_gmt":"2025-06-03T14:21:23","slug":"exito-de-participacion-en-la-ii-jornada-de-salud-de-la-mujer-recoletas","status":"publish","type":"post","link":"https:\/\/www.gruporecoletas.com\/noticias\/exito-de-participacion-en-la-ii-jornada-de-salud-de-la-mujer-recoletas\/","title":{"rendered":"\u00c9xito de participaci\u00f3n en la II Jornada de Salud de la Mujer Recoletas"},"content":{"rendered":"\n<ul class=\"wp-block-list\">\n<li><strong><em>Organizada desde la Unidad de la Mujer del Hospital Recoletas Salud Campo Grande<\/em><\/strong> <\/li>\n\n\n\n<li><strong><em>La jornada se consolida como escenario de actualizaci\u00f3n para profesionales de todo el territorio nacional<\/em><\/strong><\/li>\n<\/ul>\n\n\n\n<p>M\u00e1s de 180 profesionales sanitarios de diferentes puntos del pa\u00eds, vinculados a la ginecolog\u00eda y obstetricia, participaron en las distintas charlas y mesas de trabajo que se celebraron a lo largo del pasado viernes con motivo de la II Jornada de Salud de la Mujer organizada por Recoletas Salud.<\/p>\n\n\n\n<p>La directora del curso, la Dra. Isabel Gippini, directora m\u00e9dica de la Unidad de la Mujer de Recoletas Salud en Valladolid destac\u00f3 la importancia de esta jornada de actualizaci\u00f3n m\u00e9dica durante la cual se abordaron asuntos de suma importancia para las mujeres como la menopausia, las patolog\u00edas dermatol\u00f3gicas de la vulva, la patolog\u00eda mamaria, los miomas, el suelo p\u00e9lvico o el uso de la Inteligencia Artificial en la medicina.<\/p>\n\n\n\n<p>En concreto y entre otros temas, Gippini destac\u00f3 la presentaci\u00f3n por parte del Dr. Ignacio Cristobal, Jefe de Servicio de Ginecolog\u00eda y Obstetricia del Hospital Cl\u00ednico San Carlos, del nuevo protocolo para el diagn\u00f3stico y tratamiento de los miomas; la charla de la Dra. Mar\u00eda Fasero, experta reconocida internacionalmente en menopausia sobre las novedades en salud cardiovascular y las conferencias del actual presidente de la Asociaci\u00f3n Espa\u00f1ola de Patolog\u00eda Cervical y Colposcopia, el Dr. Jes\u00fas de la Fuente Valero, sobre vacunaci\u00f3n frente al virus del papiloma humano y de la Dra. Beatriz Corral experta en obstetricia respecto de las novedades en el diagn\u00f3stico y manejo de la infecci\u00f3n por citomegalovirus en el embarazo.<\/p>\n\n\n\n<p><em>\u201cJornadas como \u00e9sta son una suerte para los profesionales de la salud, ya que nos ofrecen la oportunidad de poder poner en com\u00fan con otros especialistas procedentes de prestigiosos centros y hospitales de Espa\u00f1a temas que nos preocupan e interesan. Son tambi\u00e9n una ocasi\u00f3n \u00fanica para compartir conocimientos y prepararnos para los retos de la medicina del futuro\u201d, <\/em>destac\u00f3 la doctora Gippini quien record\u00f3 que, de todos los participantes, 25 han sido ponentes procedentes de 12 hospitales de referencia del pa\u00eds y han tenido lugar 7 mesas cient\u00edficas.<\/p>\n\n\n\n<h4 class=\"wp-block-heading\" id=\"h-espacio-de-formacion-y-actualizacion-de-la-salud-en-femenino\"><strong><u>Espacio de formaci\u00f3n y actualizaci\u00f3n de la salud en femenino<\/u><\/strong><\/h4>\n\n\n\n<p>Por su parte la directora del Hospital Recoletas Salud Campo Grande de Valladolid y responsable de la Unidad de la Mujer, Bel\u00e9n Gallegos, se\u00f1al\u00f3 la importancia de este evento tambi\u00e9n para las mujeres pacientes. De hecho, para Gallegos estas jornadas de formaci\u00f3n, que se celebran cada dos a\u00f1os y que pretenden consolidarse como una referencia a nivel nacional contribuyen de forma clara en la mejora de la atenci\u00f3n a nuestras pacientes que son el principal objetivo.<\/p>\n\n\n\n<p>\u201c<em>En Recoletas nos preocupa la salud de nuestras pacientes y poder atenderlas de la mejor manera posible.&nbsp; Prueba de nuestro compromiso con todas ellas son las nuevas instalaciones de la Unidad de la Mujer en Valladolid que entraron en funcionamiento hace un par de meses y cuyo objetivo es convertirse en un espacio de referencia en el cuidado y la promoci\u00f3n de la salud de las mujeres<\/em>\u201d<\/p>\n\n\n\n<p>La Unidad de la Mujer Recoletas Salud en Valladolid cuenta con un equipo m\u00e9dico multidisciplinar formado por m\u00e1s de 30 profesionales especialistas con dilatada experiencia y la tecnolog\u00eda m\u00e9dica m\u00e1s avanzada.<\/p>\n\n\n\n<h4 class=\"wp-block-heading\" id=\"h-comprometidos-con-la-salud-de-la-mujer\"><strong><u>Comprometidos con la salud de la mujer<\/u><\/strong><\/h4>\n\n\n\n<p>Con el prop\u00f3sito de garantizar una atenci\u00f3n personalizada a todas sus pacientes durante todas las etapas de su vida, la Unidad de la Mujer ofrece atenci\u00f3n ginecol\u00f3gica completa. Cuenta con unidades especializadas en: suelo p\u00e9lvico; patolog\u00eda del tracto genital inferior; paciente joven; salud sexual; menopausia; osteoporosis; diagn\u00f3stico prenatal y alto riesgo obst\u00e9trico; ginecolog\u00eda oncol\u00f3gica; ginecolog\u00eda regenerativa y funcional; histeroscopias y cirug\u00eda m\u00ednimamente invasiva (incluyendo rob\u00f3tica).<\/p>\n\n\n\n<p>Cuenta adem\u00e1s con una Unidad de Mama, referente en la comunidad dirigida por la Dra. Zandra Soto: diagn\u00f3stico por la imagen; oncolog\u00eda m\u00e9dica y radioter\u00e1pica, cirug\u00eda mamaria reconstructiva y consulta de imagen corporal.<\/p>\n\n\n\n<p>Por otra parte, en lo referido a salud reproductiva, la Unidad trabaja de forma coordinada con VIDA, cl\u00ednicas especializadas en Medicina Reproductiva de Recoletas Salud dirigidas por el Dr. Luis Rodr\u00edguez Tabernero que se extienden ya a lo largo de todo el pa\u00eds.<\/p>\n\n\n\n<p>Por \u00faltimo, destacar que, el Hospital Recoletas Salud Campo Grande ofrece un servicio de urgencias ginecol\u00f3gicas de presencia los 365 d\u00edas del a\u00f1o.<\/p>\n","protected":false},"excerpt":{"rendered":"<p>M\u00e1s de 180 profesionales sanitarios de diferentes puntos del pa\u00eds, vinculados a la ginecolog\u00eda y obstetricia, participaron en las distintas charlas y mesas de trabajo que se celebraron a lo largo del pasado viernes con motivo de la II Jornada de Salud de la Mujer organizada por Recoletas Salud. La directora del curso, la Dra. [&hellip;]<\/p>\n","protected":false},"author":2,"featured_media":16657,"comment_status":"closed","ping_status":"closed","sticky":false,"template":"","format":"standard","meta":{"_acf_changed":false,"footnotes":""},"categories":[43,1,2,3282,42,4],"tags":[3289,813,2688,3259,1525],"class_list":["post-16656","post","type-post","status-publish","format-standard","has-post-thumbnail","hentry","category-centros","category-grupo-recoletas","category-hrcg","category-id","category-recoletas-salud","category-valladolid","tag-formacion","tag-ginecologia","tag-ginecologia-y-obstetricia","tag-salud-de-la-mujer","tag-unidad-de-la-mujer-recoletas"],"acf":[],"yoast_head":"<!-- This site is optimized with the Yoast SEO Premium plugin v27.3 (Yoast SEO v27.3) - https:\/\/yoast.com\/product\/yoast-seo-premium-wordpress\/ -->\n<title>\u00c9xito de participaci\u00f3n en la II Jornada de Salud de la Mujer Recoletas - Noticias Grupo Recoletas<\/title>\n<meta name=\"description\" content=\"Esta jornada de formaci\u00f3n se consolida como escenario de actualizaci\u00f3n para profesionales de todo el territorio nacional\" \/>\n<meta name=\"robots\" content=\"index, follow, max-snippet:-1, max-image-preview:large, max-video-preview:-1\" \/>\n<link rel=\"canonical\" href=\"https:\/\/www.gruporecoletas.com\/noticias\/exito-de-participacion-en-la-ii-jornada-de-salud-de-la-mujer-recoletas\/\" \/>\n<meta property=\"og:locale\" content=\"es_ES\" \/>\n<meta property=\"og:type\" content=\"article\" \/>\n<meta property=\"og:title\" content=\"\u00c9xito de participaci\u00f3n en la II Jornada de Salud de la Mujer Recoletas\" \/>\n<meta property=\"og:description\" content=\"Esta jornada de formaci\u00f3n se consolida como escenario de actualizaci\u00f3n para profesionales de todo el territorio nacional\" \/>\n<meta property=\"og:url\" content=\"https:\/\/www.gruporecoletas.com\/noticias\/exito-de-participacion-en-la-ii-jornada-de-salud-de-la-mujer-recoletas\/\" \/>\n<meta property=\"og:site_name\" content=\"Noticias Grupo Recoletas\" \/>\n<meta property=\"article:publisher\" content=\"https:\/\/www.facebook.com\/GrupoRecoletas\/\" \/>\n<meta property=\"article:published_time\" content=\"2025-06-02T14:12:02+00:00\" \/>\n<meta property=\"article:modified_time\" content=\"2025-06-03T14:21:23+00:00\" \/>\n<meta property=\"og:image\" content=\"https:\/\/www.gruporecoletas.com\/noticias\/wp-content\/uploads\/2025\/06\/JORNADA-SALUD-MUJER-RECOLETAS.png\" \/>\n\t<meta property=\"og:image:width\" content=\"1366\" \/>\n\t<meta property=\"og:image:height\" content=\"768\" \/>\n\t<meta property=\"og:image:type\" content=\"image\/png\" \/>\n<meta name=\"author\" content=\"Recoletas Red Hospitalaria\" \/>\n<meta name=\"twitter:card\" content=\"summary_large_image\" \/>\n<meta name=\"twitter:creator\" content=\"@GrupoRecoletas\" \/>\n<meta name=\"twitter:site\" content=\"@GrupoRecoletas\" \/>\n<meta name=\"twitter:label1\" content=\"Escrito por\" \/>\n\t<meta name=\"twitter:data1\" content=\"Recoletas Red Hospitalaria\" \/>\n\t<meta name=\"twitter:label2\" content=\"Tiempo de lectura\" \/>\n\t<meta name=\"twitter:data2\" content=\"4 minutos\" \/>\n<script type=\"application\/ld+json\" class=\"yoast-schema-graph\">{\"@context\":\"https:\\\/\\\/schema.org\",\"@graph\":[{\"@type\":\"Article\",\"@id\":\"https:\\\/\\\/www.gruporecoletas.com\\\/noticias\\\/exito-de-participacion-en-la-ii-jornada-de-salud-de-la-mujer-recoletas\\\/#article\",\"isPartOf\":{\"@id\":\"https:\\\/\\\/www.gruporecoletas.com\\\/noticias\\\/exito-de-participacion-en-la-ii-jornada-de-salud-de-la-mujer-recoletas\\\/\"},\"author\":{\"name\":\"Recoletas Red Hospitalaria\",\"@id\":\"https:\\\/\\\/www.gruporecoletas.com\\\/noticias\\\/#\\\/schema\\\/person\\\/3c6ac429828d1f5e3d3bd99f4da9b02c\"},\"headline\":\"\u00c9xito de participaci\u00f3n en la II Jornada de Salud de la Mujer Recoletas\",\"datePublished\":\"2025-06-02T14:12:02+00:00\",\"dateModified\":\"2025-06-03T14:21:23+00:00\",\"mainEntityOfPage\":{\"@id\":\"https:\\\/\\\/www.gruporecoletas.com\\\/noticias\\\/exito-de-participacion-en-la-ii-jornada-de-salud-de-la-mujer-recoletas\\\/\"},\"wordCount\":780,\"image\":{\"@id\":\"https:\\\/\\\/www.gruporecoletas.com\\\/noticias\\\/exito-de-participacion-en-la-ii-jornada-de-salud-de-la-mujer-recoletas\\\/#primaryimage\"},\"thumbnailUrl\":\"https:\\\/\\\/www.gruporecoletas.com\\\/noticias\\\/wp-content\\\/uploads\\\/2025\\\/06\\\/JORNADA-SALUD-MUJER-RECOLETAS.png\",\"keywords\":[\"formaci\u00f3n\",\"Ginecolog\u00eda\",\"ginecolog\u00eda y obstetricia\",\"salud de la mujer\",\"Unidad de la Mujer Recoletas\"],\"articleSection\":[\"Centros\",\"Grupo Recoletas\",\"HRCG\",\"I+D\",\"Recoletas Salud\",\"Valladolid\"],\"inLanguage\":\"es\"},{\"@type\":\"WebPage\",\"@id\":\"https:\\\/\\\/www.gruporecoletas.com\\\/noticias\\\/exito-de-participacion-en-la-ii-jornada-de-salud-de-la-mujer-recoletas\\\/\",\"url\":\"https:\\\/\\\/www.gruporecoletas.com\\\/noticias\\\/exito-de-participacion-en-la-ii-jornada-de-salud-de-la-mujer-recoletas\\\/\",\"name\":\"\u00c9xito de participaci\u00f3n en la II Jornada de Salud de la Mujer Recoletas - Noticias Grupo Recoletas\",\"isPartOf\":{\"@id\":\"https:\\\/\\\/www.gruporecoletas.com\\\/noticias\\\/#website\"},\"primaryImageOfPage\":{\"@id\":\"https:\\\/\\\/www.gruporecoletas.com\\\/noticias\\\/exito-de-participacion-en-la-ii-jornada-de-salud-de-la-mujer-recoletas\\\/#primaryimage\"},\"image\":{\"@id\":\"https:\\\/\\\/www.gruporecoletas.com\\\/noticias\\\/exito-de-participacion-en-la-ii-jornada-de-salud-de-la-mujer-recoletas\\\/#primaryimage\"},\"thumbnailUrl\":\"https:\\\/\\\/www.gruporecoletas.com\\\/noticias\\\/wp-content\\\/uploads\\\/2025\\\/06\\\/JORNADA-SALUD-MUJER-RECOLETAS.png\",\"datePublished\":\"2025-06-02T14:12:02+00:00\",\"dateModified\":\"2025-06-03T14:21:23+00:00\",\"author\":{\"@id\":\"https:\\\/\\\/www.gruporecoletas.com\\\/noticias\\\/#\\\/schema\\\/person\\\/3c6ac429828d1f5e3d3bd99f4da9b02c\"},\"description\":\"Esta jornada de formaci\u00f3n se consolida como escenario de actualizaci\u00f3n para profesionales de todo el territorio nacional\",\"breadcrumb\":{\"@id\":\"https:\\\/\\\/www.gruporecoletas.com\\\/noticias\\\/exito-de-participacion-en-la-ii-jornada-de-salud-de-la-mujer-recoletas\\\/#breadcrumb\"},\"inLanguage\":\"es\",\"potentialAction\":[{\"@type\":\"ReadAction\",\"target\":[\"https:\\\/\\\/www.gruporecoletas.com\\\/noticias\\\/exito-de-participacion-en-la-ii-jornada-de-salud-de-la-mujer-recoletas\\\/\"]}]},{\"@type\":\"ImageObject\",\"inLanguage\":\"es\",\"@id\":\"https:\\\/\\\/www.gruporecoletas.com\\\/noticias\\\/exito-de-participacion-en-la-ii-jornada-de-salud-de-la-mujer-recoletas\\\/#primaryimage\",\"url\":\"https:\\\/\\\/www.gruporecoletas.com\\\/noticias\\\/wp-content\\\/uploads\\\/2025\\\/06\\\/JORNADA-SALUD-MUJER-RECOLETAS.png\",\"contentUrl\":\"https:\\\/\\\/www.gruporecoletas.com\\\/noticias\\\/wp-content\\\/uploads\\\/2025\\\/06\\\/JORNADA-SALUD-MUJER-RECOLETAS.png\",\"width\":1366,\"height\":768,\"caption\":\"\u00c9xito de participaci\u00f3n en la II Jornada de Salud de la Mujer Recoletas\"},{\"@type\":\"BreadcrumbList\",\"@id\":\"https:\\\/\\\/www.gruporecoletas.com\\\/noticias\\\/exito-de-participacion-en-la-ii-jornada-de-salud-de-la-mujer-recoletas\\\/#breadcrumb\",\"itemListElement\":[{\"@type\":\"ListItem\",\"position\":1,\"name\":\"Portada\",\"item\":\"https:\\\/\\\/www.gruporecoletas.com\\\/noticias\\\/\"},{\"@type\":\"ListItem\",\"position\":2,\"name\":\"\u00c9xito de participaci\u00f3n en la II Jornada de Salud de la Mujer Recoletas\"}]},{\"@type\":\"WebSite\",\"@id\":\"https:\\\/\\\/www.gruporecoletas.com\\\/noticias\\\/#website\",\"url\":\"https:\\\/\\\/www.gruporecoletas.com\\\/noticias\\\/\",\"name\":\"Noticias Grupo Recoletas\",\"description\":\"Grupo Recoletas\",\"potentialAction\":[{\"@type\":\"SearchAction\",\"target\":{\"@type\":\"EntryPoint\",\"urlTemplate\":\"https:\\\/\\\/www.gruporecoletas.com\\\/noticias\\\/?s={search_term_string}\"},\"query-input\":{\"@type\":\"PropertyValueSpecification\",\"valueRequired\":true,\"valueName\":\"search_term_string\"}}],\"inLanguage\":\"es\"},{\"@type\":\"Person\",\"@id\":\"https:\\\/\\\/www.gruporecoletas.com\\\/noticias\\\/#\\\/schema\\\/person\\\/3c6ac429828d1f5e3d3bd99f4da9b02c\",\"name\":\"Recoletas Red Hospitalaria\",\"url\":\"https:\\\/\\\/www.gruporecoletas.com\\\/noticias\\\/author\\\/comunicacion\\\/\"}]}<\/script>\n<!-- \/ Yoast SEO Premium plugin. -->","yoast_head_json":{"title":"\u00c9xito de participaci\u00f3n en la II Jornada de Salud de la Mujer Recoletas - Noticias Grupo Recoletas","description":"Esta jornada de formaci\u00f3n se consolida como escenario de actualizaci\u00f3n para profesionales de todo el territorio nacional","robots":{"index":"index","follow":"follow","max-snippet":"max-snippet:-1","max-image-preview":"max-image-preview:large","max-video-preview":"max-video-preview:-1"},"canonical":"https:\/\/www.gruporecoletas.com\/noticias\/exito-de-participacion-en-la-ii-jornada-de-salud-de-la-mujer-recoletas\/","og_locale":"es_ES","og_type":"article","og_title":"\u00c9xito de participaci\u00f3n en la II Jornada de Salud de la Mujer Recoletas","og_description":"Esta jornada de formaci\u00f3n se consolida como escenario de actualizaci\u00f3n para profesionales de todo el territorio nacional","og_url":"https:\/\/www.gruporecoletas.com\/noticias\/exito-de-participacion-en-la-ii-jornada-de-salud-de-la-mujer-recoletas\/","og_site_name":"Noticias Grupo Recoletas","article_publisher":"https:\/\/www.facebook.com\/GrupoRecoletas\/","article_published_time":"2025-06-02T14:12:02+00:00","article_modified_time":"2025-06-03T14:21:23+00:00","og_image":[{"width":1366,"height":768,"url":"https:\/\/www.gruporecoletas.com\/noticias\/wp-content\/uploads\/2025\/06\/JORNADA-SALUD-MUJER-RECOLETAS.png","type":"image\/png"}],"author":"Recoletas Red Hospitalaria","twitter_card":"summary_large_image","twitter_creator":"@GrupoRecoletas","twitter_site":"@GrupoRecoletas","twitter_misc":{"Escrito por":"Recoletas Red Hospitalaria","Tiempo de lectura":"4 minutos"},"schema":{"@context":"https:\/\/schema.org","@graph":[{"@type":"Article","@id":"https:\/\/www.gruporecoletas.com\/noticias\/exito-de-participacion-en-la-ii-jornada-de-salud-de-la-mujer-recoletas\/#article","isPartOf":{"@id":"https:\/\/www.gruporecoletas.com\/noticias\/exito-de-participacion-en-la-ii-jornada-de-salud-de-la-mujer-recoletas\/"},"author":{"name":"Recoletas Red Hospitalaria","@id":"https:\/\/www.gruporecoletas.com\/noticias\/#\/schema\/person\/3c6ac429828d1f5e3d3bd99f4da9b02c"},"headline":"\u00c9xito de participaci\u00f3n en la II Jornada de Salud de la Mujer Recoletas","datePublished":"2025-06-02T14:12:02+00:00","dateModified":"2025-06-03T14:21:23+00:00","mainEntityOfPage":{"@id":"https:\/\/www.gruporecoletas.com\/noticias\/exito-de-participacion-en-la-ii-jornada-de-salud-de-la-mujer-recoletas\/"},"wordCount":780,"image":{"@id":"https:\/\/www.gruporecoletas.com\/noticias\/exito-de-participacion-en-la-ii-jornada-de-salud-de-la-mujer-recoletas\/#primaryimage"},"thumbnailUrl":"https:\/\/www.gruporecoletas.com\/noticias\/wp-content\/uploads\/2025\/06\/JORNADA-SALUD-MUJER-RECOLETAS.png","keywords":["formaci\u00f3n","Ginecolog\u00eda","ginecolog\u00eda y obstetricia","salud de la mujer","Unidad de la Mujer Recoletas"],"articleSection":["Centros","Grupo Recoletas","HRCG","I+D","Recoletas Salud","Valladolid"],"inLanguage":"es"},{"@type":"WebPage","@id":"https:\/\/www.gruporecoletas.com\/noticias\/exito-de-participacion-en-la-ii-jornada-de-salud-de-la-mujer-recoletas\/","url":"https:\/\/www.gruporecoletas.com\/noticias\/exito-de-participacion-en-la-ii-jornada-de-salud-de-la-mujer-recoletas\/","name":"\u00c9xito de participaci\u00f3n en la II Jornada de Salud de la Mujer Recoletas - Noticias Grupo Recoletas","isPartOf":{"@id":"https:\/\/www.gruporecoletas.com\/noticias\/#website"},"primaryImageOfPage":{"@id":"https:\/\/www.gruporecoletas.com\/noticias\/exito-de-participacion-en-la-ii-jornada-de-salud-de-la-mujer-recoletas\/#primaryimage"},"image":{"@id":"https:\/\/www.gruporecoletas.com\/noticias\/exito-de-participacion-en-la-ii-jornada-de-salud-de-la-mujer-recoletas\/#primaryimage"},"thumbnailUrl":"https:\/\/www.gruporecoletas.com\/noticias\/wp-content\/uploads\/2025\/06\/JORNADA-SALUD-MUJER-RECOLETAS.png","datePublished":"2025-06-02T14:12:02+00:00","dateModified":"2025-06-03T14:21:23+00:00","author":{"@id":"https:\/\/www.gruporecoletas.com\/noticias\/#\/schema\/person\/3c6ac429828d1f5e3d3bd99f4da9b02c"},"description":"Esta jornada de formaci\u00f3n se consolida como escenario de actualizaci\u00f3n para profesionales de todo el territorio nacional","breadcrumb":{"@id":"https:\/\/www.gruporecoletas.com\/noticias\/exito-de-participacion-en-la-ii-jornada-de-salud-de-la-mujer-recoletas\/#breadcrumb"},"inLanguage":"es","potentialAction":[{"@type":"ReadAction","target":["https:\/\/www.gruporecoletas.com\/noticias\/exito-de-participacion-en-la-ii-jornada-de-salud-de-la-mujer-recoletas\/"]}]},{"@type":"ImageObject","inLanguage":"es","@id":"https:\/\/www.gruporecoletas.com\/noticias\/exito-de-participacion-en-la-ii-jornada-de-salud-de-la-mujer-recoletas\/#primaryimage","url":"https:\/\/www.gruporecoletas.com\/noticias\/wp-content\/uploads\/2025\/06\/JORNADA-SALUD-MUJER-RECOLETAS.png","contentUrl":"https:\/\/www.gruporecoletas.com\/noticias\/wp-content\/uploads\/2025\/06\/JORNADA-SALUD-MUJER-RECOLETAS.png","width":1366,"height":768,"caption":"\u00c9xito de participaci\u00f3n en la II Jornada de Salud de la Mujer Recoletas"},{"@type":"BreadcrumbList","@id":"https:\/\/www.gruporecoletas.com\/noticias\/exito-de-participacion-en-la-ii-jornada-de-salud-de-la-mujer-recoletas\/#breadcrumb","itemListElement":[{"@type":"ListItem","position":1,"name":"Portada","item":"https:\/\/www.gruporecoletas.com\/noticias\/"},{"@type":"ListItem","position":2,"name":"\u00c9xito de participaci\u00f3n en la II Jornada de Salud de la Mujer Recoletas"}]},{"@type":"WebSite","@id":"https:\/\/www.gruporecoletas.com\/noticias\/#website","url":"https:\/\/www.gruporecoletas.com\/noticias\/","name":"Noticias Grupo Recoletas","description":"Grupo Recoletas","potentialAction":[{"@type":"SearchAction","target":{"@type":"EntryPoint","urlTemplate":"https:\/\/www.gruporecoletas.com\/noticias\/?s={search_term_string}"},"query-input":{"@type":"PropertyValueSpecification","valueRequired":true,"valueName":"search_term_string"}}],"inLanguage":"es"},{"@type":"Person","@id":"https:\/\/www.gruporecoletas.com\/noticias\/#\/schema\/person\/3c6ac429828d1f5e3d3bd99f4da9b02c","name":"Recoletas Red Hospitalaria","url":"https:\/\/www.gruporecoletas.com\/noticias\/author\/comunicacion\/"}]}},"_links":{"self":[{"href":"https:\/\/www.gruporecoletas.com\/noticias\/wp-json\/wp\/v2\/posts\/16656","targetHints":{"allow":["GET"]}}],"collection":[{"href":"https:\/\/www.gruporecoletas.com\/noticias\/wp-json\/wp\/v2\/posts"}],"about":[{"href":"https:\/\/www.gruporecoletas.com\/noticias\/wp-json\/wp\/v2\/types\/post"}],"author":[{"embeddable":true,"href":"https:\/\/www.gruporecoletas.com\/noticias\/wp-json\/wp\/v2\/users\/2"}],"replies":[{"embeddable":true,"href":"https:\/\/www.gruporecoletas.com\/noticias\/wp-json\/wp\/v2\/comments?post=16656"}],"version-history":[{"count":1,"href":"https:\/\/www.gruporecoletas.com\/noticias\/wp-json\/wp\/v2\/posts\/16656\/revisions"}],"predecessor-version":[{"id":16658,"href":"https:\/\/www.gruporecoletas.com\/noticias\/wp-json\/wp\/v2\/posts\/16656\/revisions\/16658"}],"wp:featuredmedia":[{"embeddable":true,"href":"https:\/\/www.gruporecoletas.com\/noticias\/wp-json\/wp\/v2\/media\/16657"}],"wp:attachment":[{"href":"https:\/\/www.gruporecoletas.com\/noticias\/wp-json\/wp\/v2\/media?parent=16656"}],"wp:term":[{"taxonomy":"category","embeddable":true,"href":"https:\/\/www.gruporecoletas.com\/noticias\/wp-json\/wp\/v2\/categories?post=16656"},{"taxonomy":"post_tag","embeddable":true,"href":"https:\/\/www.gruporecoletas.com\/noticias\/wp-json\/wp\/v2\/tags?post=16656"}],"curies":[{"name":"wp","href":"https:\/\/api.w.org\/{rel}","templated":true}]}}