{"id":16663,"date":"2025-06-05T17:42:52","date_gmt":"2025-06-05T15:42:52","guid":{"rendered":"https:\/\/www.gruporecoletas.com\/noticias\/?p=16663"},"modified":"2025-06-05T17:42:53","modified_gmt":"2025-06-05T15:42:53","slug":"oscar-iglesias-participa-en-el-encuentro-el-futuro-de-la-sanidad-tecnologia-seguridad-y-cumplimiento-normativo-celebrado-en-madrid","status":"publish","type":"post","link":"https:\/\/www.gruporecoletas.com\/noticias\/oscar-iglesias-participa-en-el-encuentro-el-futuro-de-la-sanidad-tecnologia-seguridad-y-cumplimiento-normativo-celebrado-en-madrid\/","title":{"rendered":"\u00d3scar Iglesias participa en el encuentro &#8216;El Futuro de la Sanidad: Tecnolog\u00eda, Seguridad y Cumplimiento Normativo&#8217; celebrado en Madrid"},"content":{"rendered":"\n<ul class=\"wp-block-list\">\n<li><em>Se han intercambiado conocimientos, establecido conexiones estrat\u00e9gicas y se han expuesto algunas soluciones para seguir impulsando el futuro de la atenci\u00f3n m\u00e9dica, tanto a nivel p\u00fablico como privado<\/em><\/li>\n<\/ul>\n\n\n\n<p>El director territorial de Recoletas Salud, \u00d3scar Iglesias, ha participado en el<strong> <\/strong>encuentro \u201cEl Futuro de la Sanidad: Tecnolog\u00eda, Seguridad y Cumplimiento Normativo\u201d que se ha celebrado en Madrid.<\/p>\n\n\n\n<p>\u00d3scar Iglesias ha formado parte de la mesa redonda <strong>\u201cCloud, IA y anal\u00edtica de datos para transformar la sanidad\u201d compartiendo experiencias con <\/strong>Hellmer Rahms, ejecutiva de Cuentas Clave de Google Cloud (Suiza); Mar\u00eda Gonz\u00e1lez Guti\u00e9rrez, directora de Transformaci\u00f3n Comercial y Empresarial en Bristol Myers Squibb (Espa\u00f1a); Elisa de Lapuerta, directora de transformaci\u00f3n de Viamed Salud (Espa\u00f1a), Jos\u00e9 Pereira, director de Medios y Sistemas de Asisa (Espa\u00f1a), \u00a0Jorge Pou, director de Innovaci\u00f3n &amp; Operaciones Comerciales de GSK (Espa\u00f1a) y Antonio Velasco, director de Transformaci\u00f3n de Astrazeneca (Espa\u00f1a) .<\/p>\n\n\n\n<p>Una interesante disertaci\u00f3n sobre la transformaci\u00f3n digital en salud, tanto en el uso de la nube, la inteligencia artificial y el an\u00e1lisis de datos, con el fin de modernizar la atenci\u00f3n m\u00e9dica y en la que se han expuesto casos pr\u00e1cticos del uso de la IA en hospitales, en cl\u00ednicas y en redes sanitarias.<\/p>\n\n\n\n<p>Un encuentro que ha reunido a l\u00edderes clave del ecosistema sanitario para explorar el entorno actual donde los avances tecnol\u00f3gicos est\u00e1n redefiniendo todos los aspectos del sector salud.<\/p>\n\n\n\n<p>Organizado por Bamberg Health, con la colaboraci\u00f3n de Google Cloud y el apoyo institucional de la Fundaci\u00f3n Bamberg, en esta jornada se han intercambiado conocimientos, se han establecido conexiones estrat\u00e9gicas y se han expuesto algunas soluciones para seguir impulsando el futuro de la vigilancia m\u00e9dica, tanto a nivel p\u00fablico como privado con un mismo objetivo: construir una atenci\u00f3n sanitaria m\u00e1s segura, m\u00e1s eficaz y m\u00e1s innovadora.<\/p>\n","protected":false},"excerpt":{"rendered":"<p>El director territorial de Recoletas Salud, \u00d3scar Iglesias, ha participado en el encuentro \u201cEl Futuro de la Sanidad: Tecnolog\u00eda, Seguridad y Cumplimiento Normativo\u201d que se ha celebrado en Madrid. \u00d3scar Iglesias ha formado parte de la mesa redonda \u201cCloud, IA y anal\u00edtica de datos para transformar la sanidad\u201d compartiendo experiencias con Hellmer Rahms, ejecutiva de [&hellip;]<\/p>\n","protected":false},"author":2,"featured_media":16664,"comment_status":"closed","ping_status":"closed","sticky":false,"template":"","format":"standard","meta":{"_acf_changed":false,"footnotes":""},"categories":[43,1,3282],"tags":[],"class_list":["post-16663","post","type-post","status-publish","format-standard","has-post-thumbnail","hentry","category-centros","category-grupo-recoletas","category-id"],"acf":[],"yoast_head":"<!-- This site is optimized with the Yoast SEO Premium plugin v27.3 (Yoast SEO v27.3) - https:\/\/yoast.com\/product\/yoast-seo-premium-wordpress\/ -->\n<title>\u00d3scar Iglesias participa en el encuentro &#039;El Futuro de la Sanidad: Tecnolog\u00eda, Seguridad y Cumplimiento Normativo&#039; celebrado en Madrid - Noticias Grupo Recoletas<\/title>\n<meta name=\"description\" content=\"Se han expuesto algunas soluciones para seguir impulsando el futuro de la atenci\u00f3n m\u00e9dica, tanto a nivel p\u00fablico como privado\" \/>\n<meta name=\"robots\" content=\"index, follow, max-snippet:-1, max-image-preview:large, max-video-preview:-1\" \/>\n<link rel=\"canonical\" href=\"https:\/\/www.gruporecoletas.com\/noticias\/oscar-iglesias-participa-en-el-encuentro-el-futuro-de-la-sanidad-tecnologia-seguridad-y-cumplimiento-normativo-celebrado-en-madrid\/\" \/>\n<meta property=\"og:locale\" content=\"es_ES\" \/>\n<meta property=\"og:type\" content=\"article\" \/>\n<meta property=\"og:title\" content=\"\u00d3scar Iglesias participa en el encuentro &#039;El Futuro de la Sanidad: Tecnolog\u00eda, Seguridad y Cumplimiento Normativo&#039; celebrado en Madrid\" \/>\n<meta property=\"og:description\" content=\"Se han expuesto algunas soluciones para seguir impulsando el futuro de la atenci\u00f3n m\u00e9dica, tanto a nivel p\u00fablico como privado\" \/>\n<meta property=\"og:url\" content=\"https:\/\/www.gruporecoletas.com\/noticias\/oscar-iglesias-participa-en-el-encuentro-el-futuro-de-la-sanidad-tecnologia-seguridad-y-cumplimiento-normativo-celebrado-en-madrid\/\" \/>\n<meta property=\"og:site_name\" content=\"Noticias Grupo Recoletas\" \/>\n<meta property=\"article:publisher\" content=\"https:\/\/www.facebook.com\/GrupoRecoletas\/\" \/>\n<meta property=\"article:published_time\" content=\"2025-06-05T15:42:52+00:00\" \/>\n<meta property=\"article:modified_time\" content=\"2025-06-05T15:42:53+00:00\" \/>\n<meta property=\"og:image\" content=\"https:\/\/www.gruporecoletas.com\/noticias\/wp-content\/uploads\/2025\/06\/PONENCIA-OSCAR-IGLESIAS-RECOLETAS.png\" \/>\n\t<meta property=\"og:image:width\" content=\"1200\" \/>\n\t<meta property=\"og:image:height\" content=\"628\" \/>\n\t<meta property=\"og:image:type\" content=\"image\/png\" \/>\n<meta name=\"author\" content=\"Recoletas Red Hospitalaria\" \/>\n<meta name=\"twitter:card\" content=\"summary_large_image\" \/>\n<meta name=\"twitter:creator\" content=\"@GrupoRecoletas\" \/>\n<meta name=\"twitter:site\" content=\"@GrupoRecoletas\" \/>\n<meta name=\"twitter:label1\" content=\"Escrito por\" \/>\n\t<meta name=\"twitter:data1\" content=\"Recoletas Red Hospitalaria\" \/>\n\t<meta name=\"twitter:label2\" content=\"Tiempo de lectura\" \/>\n\t<meta name=\"twitter:data2\" content=\"2 minutos\" \/>\n<script type=\"application\/ld+json\" class=\"yoast-schema-graph\">{\"@context\":\"https:\\\/\\\/schema.org\",\"@graph\":[{\"@type\":\"Article\",\"@id\":\"https:\\\/\\\/www.gruporecoletas.com\\\/noticias\\\/oscar-iglesias-participa-en-el-encuentro-el-futuro-de-la-sanidad-tecnologia-seguridad-y-cumplimiento-normativo-celebrado-en-madrid\\\/#article\",\"isPartOf\":{\"@id\":\"https:\\\/\\\/www.gruporecoletas.com\\\/noticias\\\/oscar-iglesias-participa-en-el-encuentro-el-futuro-de-la-sanidad-tecnologia-seguridad-y-cumplimiento-normativo-celebrado-en-madrid\\\/\"},\"author\":{\"name\":\"Recoletas Red Hospitalaria\",\"@id\":\"https:\\\/\\\/www.gruporecoletas.com\\\/noticias\\\/#\\\/schema\\\/person\\\/3c6ac429828d1f5e3d3bd99f4da9b02c\"},\"headline\":\"\u00d3scar Iglesias participa en el encuentro &#8216;El Futuro de la Sanidad: Tecnolog\u00eda, Seguridad y Cumplimiento Normativo&#8217; celebrado en Madrid\",\"datePublished\":\"2025-06-05T15:42:52+00:00\",\"dateModified\":\"2025-06-05T15:42:53+00:00\",\"mainEntityOfPage\":{\"@id\":\"https:\\\/\\\/www.gruporecoletas.com\\\/noticias\\\/oscar-iglesias-participa-en-el-encuentro-el-futuro-de-la-sanidad-tecnologia-seguridad-y-cumplimiento-normativo-celebrado-en-madrid\\\/\"},\"wordCount\":348,\"image\":{\"@id\":\"https:\\\/\\\/www.gruporecoletas.com\\\/noticias\\\/oscar-iglesias-participa-en-el-encuentro-el-futuro-de-la-sanidad-tecnologia-seguridad-y-cumplimiento-normativo-celebrado-en-madrid\\\/#primaryimage\"},\"thumbnailUrl\":\"https:\\\/\\\/www.gruporecoletas.com\\\/noticias\\\/wp-content\\\/uploads\\\/2025\\\/06\\\/PONENCIA-OSCAR-IGLESIAS-RECOLETAS.png\",\"articleSection\":[\"Centros\",\"Grupo Recoletas\",\"I+D\"],\"inLanguage\":\"es\"},{\"@type\":\"WebPage\",\"@id\":\"https:\\\/\\\/www.gruporecoletas.com\\\/noticias\\\/oscar-iglesias-participa-en-el-encuentro-el-futuro-de-la-sanidad-tecnologia-seguridad-y-cumplimiento-normativo-celebrado-en-madrid\\\/\",\"url\":\"https:\\\/\\\/www.gruporecoletas.com\\\/noticias\\\/oscar-iglesias-participa-en-el-encuentro-el-futuro-de-la-sanidad-tecnologia-seguridad-y-cumplimiento-normativo-celebrado-en-madrid\\\/\",\"name\":\"\u00d3scar Iglesias participa en el encuentro 'El Futuro de la Sanidad: Tecnolog\u00eda, Seguridad y Cumplimiento Normativo' celebrado en Madrid - Noticias Grupo Recoletas\",\"isPartOf\":{\"@id\":\"https:\\\/\\\/www.gruporecoletas.com\\\/noticias\\\/#website\"},\"primaryImageOfPage\":{\"@id\":\"https:\\\/\\\/www.gruporecoletas.com\\\/noticias\\\/oscar-iglesias-participa-en-el-encuentro-el-futuro-de-la-sanidad-tecnologia-seguridad-y-cumplimiento-normativo-celebrado-en-madrid\\\/#primaryimage\"},\"image\":{\"@id\":\"https:\\\/\\\/www.gruporecoletas.com\\\/noticias\\\/oscar-iglesias-participa-en-el-encuentro-el-futuro-de-la-sanidad-tecnologia-seguridad-y-cumplimiento-normativo-celebrado-en-madrid\\\/#primaryimage\"},\"thumbnailUrl\":\"https:\\\/\\\/www.gruporecoletas.com\\\/noticias\\\/wp-content\\\/uploads\\\/2025\\\/06\\\/PONENCIA-OSCAR-IGLESIAS-RECOLETAS.png\",\"datePublished\":\"2025-06-05T15:42:52+00:00\",\"dateModified\":\"2025-06-05T15:42:53+00:00\",\"author\":{\"@id\":\"https:\\\/\\\/www.gruporecoletas.com\\\/noticias\\\/#\\\/schema\\\/person\\\/3c6ac429828d1f5e3d3bd99f4da9b02c\"},\"description\":\"Se han expuesto algunas soluciones para seguir impulsando el futuro de la atenci\u00f3n m\u00e9dica, tanto a nivel p\u00fablico como privado\",\"breadcrumb\":{\"@id\":\"https:\\\/\\\/www.gruporecoletas.com\\\/noticias\\\/oscar-iglesias-participa-en-el-encuentro-el-futuro-de-la-sanidad-tecnologia-seguridad-y-cumplimiento-normativo-celebrado-en-madrid\\\/#breadcrumb\"},\"inLanguage\":\"es\",\"potentialAction\":[{\"@type\":\"ReadAction\",\"target\":[\"https:\\\/\\\/www.gruporecoletas.com\\\/noticias\\\/oscar-iglesias-participa-en-el-encuentro-el-futuro-de-la-sanidad-tecnologia-seguridad-y-cumplimiento-normativo-celebrado-en-madrid\\\/\"]}]},{\"@type\":\"ImageObject\",\"inLanguage\":\"es\",\"@id\":\"https:\\\/\\\/www.gruporecoletas.com\\\/noticias\\\/oscar-iglesias-participa-en-el-encuentro-el-futuro-de-la-sanidad-tecnologia-seguridad-y-cumplimiento-normativo-celebrado-en-madrid\\\/#primaryimage\",\"url\":\"https:\\\/\\\/www.gruporecoletas.com\\\/noticias\\\/wp-content\\\/uploads\\\/2025\\\/06\\\/PONENCIA-OSCAR-IGLESIAS-RECOLETAS.png\",\"contentUrl\":\"https:\\\/\\\/www.gruporecoletas.com\\\/noticias\\\/wp-content\\\/uploads\\\/2025\\\/06\\\/PONENCIA-OSCAR-IGLESIAS-RECOLETAS.png\",\"width\":1200,\"height\":628,\"caption\":\"Se han intercambiado conocimientos, establecido conexiones estrat\u00e9gicas y se han expuesto algunas soluciones para seguir impulsando el futuro de la atenci\u00f3n m\u00e9dica, tanto a nivel p\u00fablico como privado\"},{\"@type\":\"BreadcrumbList\",\"@id\":\"https:\\\/\\\/www.gruporecoletas.com\\\/noticias\\\/oscar-iglesias-participa-en-el-encuentro-el-futuro-de-la-sanidad-tecnologia-seguridad-y-cumplimiento-normativo-celebrado-en-madrid\\\/#breadcrumb\",\"itemListElement\":[{\"@type\":\"ListItem\",\"position\":1,\"name\":\"Portada\",\"item\":\"https:\\\/\\\/www.gruporecoletas.com\\\/noticias\\\/\"},{\"@type\":\"ListItem\",\"position\":2,\"name\":\"\u00d3scar Iglesias participa en el encuentro &#8216;El Futuro de la Sanidad: Tecnolog\u00eda, Seguridad y Cumplimiento Normativo&#8217; celebrado en Madrid\"}]},{\"@type\":\"WebSite\",\"@id\":\"https:\\\/\\\/www.gruporecoletas.com\\\/noticias\\\/#website\",\"url\":\"https:\\\/\\\/www.gruporecoletas.com\\\/noticias\\\/\",\"name\":\"Noticias Grupo Recoletas\",\"description\":\"Grupo Recoletas\",\"potentialAction\":[{\"@type\":\"SearchAction\",\"target\":{\"@type\":\"EntryPoint\",\"urlTemplate\":\"https:\\\/\\\/www.gruporecoletas.com\\\/noticias\\\/?s={search_term_string}\"},\"query-input\":{\"@type\":\"PropertyValueSpecification\",\"valueRequired\":true,\"valueName\":\"search_term_string\"}}],\"inLanguage\":\"es\"},{\"@type\":\"Person\",\"@id\":\"https:\\\/\\\/www.gruporecoletas.com\\\/noticias\\\/#\\\/schema\\\/person\\\/3c6ac429828d1f5e3d3bd99f4da9b02c\",\"name\":\"Recoletas Red Hospitalaria\",\"url\":\"https:\\\/\\\/www.gruporecoletas.com\\\/noticias\\\/author\\\/comunicacion\\\/\"}]}<\/script>\n<!-- \/ Yoast SEO Premium plugin. -->","yoast_head_json":{"title":"\u00d3scar Iglesias participa en el encuentro 'El Futuro de la Sanidad: Tecnolog\u00eda, Seguridad y Cumplimiento Normativo' celebrado en Madrid - Noticias Grupo Recoletas","description":"Se han expuesto algunas soluciones para seguir impulsando el futuro de la atenci\u00f3n m\u00e9dica, tanto a nivel p\u00fablico como privado","robots":{"index":"index","follow":"follow","max-snippet":"max-snippet:-1","max-image-preview":"max-image-preview:large","max-video-preview":"max-video-preview:-1"},"canonical":"https:\/\/www.gruporecoletas.com\/noticias\/oscar-iglesias-participa-en-el-encuentro-el-futuro-de-la-sanidad-tecnologia-seguridad-y-cumplimiento-normativo-celebrado-en-madrid\/","og_locale":"es_ES","og_type":"article","og_title":"\u00d3scar Iglesias participa en el encuentro 'El Futuro de la Sanidad: Tecnolog\u00eda, Seguridad y Cumplimiento Normativo' celebrado en Madrid","og_description":"Se han expuesto algunas soluciones para seguir impulsando el futuro de la atenci\u00f3n m\u00e9dica, tanto a nivel p\u00fablico como privado","og_url":"https:\/\/www.gruporecoletas.com\/noticias\/oscar-iglesias-participa-en-el-encuentro-el-futuro-de-la-sanidad-tecnologia-seguridad-y-cumplimiento-normativo-celebrado-en-madrid\/","og_site_name":"Noticias Grupo Recoletas","article_publisher":"https:\/\/www.facebook.com\/GrupoRecoletas\/","article_published_time":"2025-06-05T15:42:52+00:00","article_modified_time":"2025-06-05T15:42:53+00:00","og_image":[{"width":1200,"height":628,"url":"https:\/\/www.gruporecoletas.com\/noticias\/wp-content\/uploads\/2025\/06\/PONENCIA-OSCAR-IGLESIAS-RECOLETAS.png","type":"image\/png"}],"author":"Recoletas Red Hospitalaria","twitter_card":"summary_large_image","twitter_creator":"@GrupoRecoletas","twitter_site":"@GrupoRecoletas","twitter_misc":{"Escrito por":"Recoletas Red Hospitalaria","Tiempo de lectura":"2 minutos"},"schema":{"@context":"https:\/\/schema.org","@graph":[{"@type":"Article","@id":"https:\/\/www.gruporecoletas.com\/noticias\/oscar-iglesias-participa-en-el-encuentro-el-futuro-de-la-sanidad-tecnologia-seguridad-y-cumplimiento-normativo-celebrado-en-madrid\/#article","isPartOf":{"@id":"https:\/\/www.gruporecoletas.com\/noticias\/oscar-iglesias-participa-en-el-encuentro-el-futuro-de-la-sanidad-tecnologia-seguridad-y-cumplimiento-normativo-celebrado-en-madrid\/"},"author":{"name":"Recoletas Red Hospitalaria","@id":"https:\/\/www.gruporecoletas.com\/noticias\/#\/schema\/person\/3c6ac429828d1f5e3d3bd99f4da9b02c"},"headline":"\u00d3scar Iglesias participa en el encuentro &#8216;El Futuro de la Sanidad: Tecnolog\u00eda, Seguridad y Cumplimiento Normativo&#8217; celebrado en Madrid","datePublished":"2025-06-05T15:42:52+00:00","dateModified":"2025-06-05T15:42:53+00:00","mainEntityOfPage":{"@id":"https:\/\/www.gruporecoletas.com\/noticias\/oscar-iglesias-participa-en-el-encuentro-el-futuro-de-la-sanidad-tecnologia-seguridad-y-cumplimiento-normativo-celebrado-en-madrid\/"},"wordCount":348,"image":{"@id":"https:\/\/www.gruporecoletas.com\/noticias\/oscar-iglesias-participa-en-el-encuentro-el-futuro-de-la-sanidad-tecnologia-seguridad-y-cumplimiento-normativo-celebrado-en-madrid\/#primaryimage"},"thumbnailUrl":"https:\/\/www.gruporecoletas.com\/noticias\/wp-content\/uploads\/2025\/06\/PONENCIA-OSCAR-IGLESIAS-RECOLETAS.png","articleSection":["Centros","Grupo Recoletas","I+D"],"inLanguage":"es"},{"@type":"WebPage","@id":"https:\/\/www.gruporecoletas.com\/noticias\/oscar-iglesias-participa-en-el-encuentro-el-futuro-de-la-sanidad-tecnologia-seguridad-y-cumplimiento-normativo-celebrado-en-madrid\/","url":"https:\/\/www.gruporecoletas.com\/noticias\/oscar-iglesias-participa-en-el-encuentro-el-futuro-de-la-sanidad-tecnologia-seguridad-y-cumplimiento-normativo-celebrado-en-madrid\/","name":"\u00d3scar Iglesias participa en el encuentro 'El Futuro de la Sanidad: Tecnolog\u00eda, Seguridad y Cumplimiento Normativo' celebrado en Madrid - Noticias Grupo Recoletas","isPartOf":{"@id":"https:\/\/www.gruporecoletas.com\/noticias\/#website"},"primaryImageOfPage":{"@id":"https:\/\/www.gruporecoletas.com\/noticias\/oscar-iglesias-participa-en-el-encuentro-el-futuro-de-la-sanidad-tecnologia-seguridad-y-cumplimiento-normativo-celebrado-en-madrid\/#primaryimage"},"image":{"@id":"https:\/\/www.gruporecoletas.com\/noticias\/oscar-iglesias-participa-en-el-encuentro-el-futuro-de-la-sanidad-tecnologia-seguridad-y-cumplimiento-normativo-celebrado-en-madrid\/#primaryimage"},"thumbnailUrl":"https:\/\/www.gruporecoletas.com\/noticias\/wp-content\/uploads\/2025\/06\/PONENCIA-OSCAR-IGLESIAS-RECOLETAS.png","datePublished":"2025-06-05T15:42:52+00:00","dateModified":"2025-06-05T15:42:53+00:00","author":{"@id":"https:\/\/www.gruporecoletas.com\/noticias\/#\/schema\/person\/3c6ac429828d1f5e3d3bd99f4da9b02c"},"description":"Se han expuesto algunas soluciones para seguir impulsando el futuro de la atenci\u00f3n m\u00e9dica, tanto a nivel p\u00fablico como privado","breadcrumb":{"@id":"https:\/\/www.gruporecoletas.com\/noticias\/oscar-iglesias-participa-en-el-encuentro-el-futuro-de-la-sanidad-tecnologia-seguridad-y-cumplimiento-normativo-celebrado-en-madrid\/#breadcrumb"},"inLanguage":"es","potentialAction":[{"@type":"ReadAction","target":["https:\/\/www.gruporecoletas.com\/noticias\/oscar-iglesias-participa-en-el-encuentro-el-futuro-de-la-sanidad-tecnologia-seguridad-y-cumplimiento-normativo-celebrado-en-madrid\/"]}]},{"@type":"ImageObject","inLanguage":"es","@id":"https:\/\/www.gruporecoletas.com\/noticias\/oscar-iglesias-participa-en-el-encuentro-el-futuro-de-la-sanidad-tecnologia-seguridad-y-cumplimiento-normativo-celebrado-en-madrid\/#primaryimage","url":"https:\/\/www.gruporecoletas.com\/noticias\/wp-content\/uploads\/2025\/06\/PONENCIA-OSCAR-IGLESIAS-RECOLETAS.png","contentUrl":"https:\/\/www.gruporecoletas.com\/noticias\/wp-content\/uploads\/2025\/06\/PONENCIA-OSCAR-IGLESIAS-RECOLETAS.png","width":1200,"height":628,"caption":"Se han intercambiado conocimientos, establecido conexiones estrat\u00e9gicas y se han expuesto algunas soluciones para seguir impulsando el futuro de la atenci\u00f3n m\u00e9dica, tanto a nivel p\u00fablico como privado"},{"@type":"BreadcrumbList","@id":"https:\/\/www.gruporecoletas.com\/noticias\/oscar-iglesias-participa-en-el-encuentro-el-futuro-de-la-sanidad-tecnologia-seguridad-y-cumplimiento-normativo-celebrado-en-madrid\/#breadcrumb","itemListElement":[{"@type":"ListItem","position":1,"name":"Portada","item":"https:\/\/www.gruporecoletas.com\/noticias\/"},{"@type":"ListItem","position":2,"name":"\u00d3scar Iglesias participa en el encuentro &#8216;El Futuro de la Sanidad: Tecnolog\u00eda, Seguridad y Cumplimiento Normativo&#8217; celebrado en Madrid"}]},{"@type":"WebSite","@id":"https:\/\/www.gruporecoletas.com\/noticias\/#website","url":"https:\/\/www.gruporecoletas.com\/noticias\/","name":"Noticias Grupo Recoletas","description":"Grupo Recoletas","potentialAction":[{"@type":"SearchAction","target":{"@type":"EntryPoint","urlTemplate":"https:\/\/www.gruporecoletas.com\/noticias\/?s={search_term_string}"},"query-input":{"@type":"PropertyValueSpecification","valueRequired":true,"valueName":"search_term_string"}}],"inLanguage":"es"},{"@type":"Person","@id":"https:\/\/www.gruporecoletas.com\/noticias\/#\/schema\/person\/3c6ac429828d1f5e3d3bd99f4da9b02c","name":"Recoletas Red Hospitalaria","url":"https:\/\/www.gruporecoletas.com\/noticias\/author\/comunicacion\/"}]}},"_links":{"self":[{"href":"https:\/\/www.gruporecoletas.com\/noticias\/wp-json\/wp\/v2\/posts\/16663","targetHints":{"allow":["GET"]}}],"collection":[{"href":"https:\/\/www.gruporecoletas.com\/noticias\/wp-json\/wp\/v2\/posts"}],"about":[{"href":"https:\/\/www.gruporecoletas.com\/noticias\/wp-json\/wp\/v2\/types\/post"}],"author":[{"embeddable":true,"href":"https:\/\/www.gruporecoletas.com\/noticias\/wp-json\/wp\/v2\/users\/2"}],"replies":[{"embeddable":true,"href":"https:\/\/www.gruporecoletas.com\/noticias\/wp-json\/wp\/v2\/comments?post=16663"}],"version-history":[{"count":1,"href":"https:\/\/www.gruporecoletas.com\/noticias\/wp-json\/wp\/v2\/posts\/16663\/revisions"}],"predecessor-version":[{"id":16665,"href":"https:\/\/www.gruporecoletas.com\/noticias\/wp-json\/wp\/v2\/posts\/16663\/revisions\/16665"}],"wp:featuredmedia":[{"embeddable":true,"href":"https:\/\/www.gruporecoletas.com\/noticias\/wp-json\/wp\/v2\/media\/16664"}],"wp:attachment":[{"href":"https:\/\/www.gruporecoletas.com\/noticias\/wp-json\/wp\/v2\/media?parent=16663"}],"wp:term":[{"taxonomy":"category","embeddable":true,"href":"https:\/\/www.gruporecoletas.com\/noticias\/wp-json\/wp\/v2\/categories?post=16663"},{"taxonomy":"post_tag","embeddable":true,"href":"https:\/\/www.gruporecoletas.com\/noticias\/wp-json\/wp\/v2\/tags?post=16663"}],"curies":[{"name":"wp","href":"https:\/\/api.w.org\/{rel}","templated":true}]}}