{"id":16711,"date":"2025-09-10T17:00:00","date_gmt":"2025-09-10T15:00:00","guid":{"rendered":"https:\/\/www.gruporecoletas.com\/noticias\/?p=16711"},"modified":"2025-09-11T14:00:01","modified_gmt":"2025-09-11T12:00:01","slug":"el-hospital-recoletas-salud-campo-grande-organiza-unas-jornadas-sobre-cancer-de-pulmon-y-tabaquismo","status":"publish","type":"post","link":"https:\/\/www.gruporecoletas.com\/noticias\/el-hospital-recoletas-salud-campo-grande-organiza-unas-jornadas-sobre-cancer-de-pulmon-y-tabaquismo\/","title":{"rendered":"El Hospital Recoletas Salud Campo Grande organiza unas jornadas sobre c\u00e1ncer de pulm\u00f3n y tabaquismo"},"content":{"rendered":"\n<ul class=\"wp-block-list\">\n<li><strong>En la Semana Europea del C\u00e1ncer de Pulm\u00f3n, se han programado charlas y talleres para ayudar a dejar de fumar<\/strong><\/li>\n\n\n\n<li><strong>Desde esta misma tarde y hasta el d\u00eda 17<\/strong><\/li>\n<\/ul>\n\n\n\n<p>Esta semana se celebra la Semana Europea del Pulm\u00f3n y por ello precisamente, desde el Hospital Recoletas Salud Campo Grande se ha organizado una serie de actividades para concienciar a la poblaci\u00f3n de los riesgos del tabaquismo, responsable directo de la muerte de 55.000 personas al a\u00f1o y de muchas de las enfermedades respiratorias cr\u00f3nicas.<\/p>\n\n\n\n<p>Para el servicio de Neumolog\u00eda resulta fundamental difundir informaci\u00f3n que ayude a personas de todas las edades a comprender las graves consecuencias que el consumo de tabaco tiene para la salud. Este h\u00e1bito no solo es el principal responsable del c\u00e1ncer de pulm\u00f3n, sino que tambi\u00e9n est\u00e1 directamente relacionado con el infarto de miocardio, el accidente cerebrovascular y la EPOC (Enfermedad Pulmonar Obstructiva Cr\u00f3nica), una enfermedad cuya mortalidad puede llegar a superar incluso a la del propio c\u00e1ncer de pulm\u00f3n.<\/p>\n\n\n\n<p>Esta misma tarde a las 17:00 horas, el jefe del Servicio de Neumolog\u00eda, el Dr. Francisco Mu\u00f1iz Gonz\u00e1lez hablar\u00e1 sobre el programa de detecci\u00f3n precoz del c\u00e1ncer del pulm\u00f3n. A continuaci\u00f3n, el Dr. Francisco Le\u00f3n, neum\u00f3logo, lo har\u00e1 sobre programa de deshabituaci\u00f3n tab\u00e1quica.<\/p>\n\n\n\n<p>Precisamente, ma\u00f1ana jueves 11 de septiembre a las 11:00 horas, la enfermera supervisora Sara Rebollo ofrecer\u00e1 consejos para dejar de fumar. A continuaci\u00f3n, se realizar\u00e1 a los asistentes que as\u00ed lo deseen una prueba de cooximetria para medir la cantidad de mon\u00f3xido de carbono en aire espirado y valorar el grado de dependencia del fumador.<\/p>\n\n\n\n<p>Por \u00faltimo, el d\u00eda 17 de septiembre, tambi\u00e9n a las 11:00 horas en el hospital, habr\u00e1 un segundo taller, en esta ocasi\u00f3n de fisioterapia respiratoria. La fisioterapeuta Yaiza Mart\u00ednez ense\u00f1ar\u00e1 ejercicios a pacientes con enfermedades respiratorias cr\u00f3nicas como el EPOC, Asma Bronquial y Fibrosis Pulmonar, entre otras.<\/p>\n\n\n\n<p>Adem\u00e1s de las actividades se\u00f1aladas, que todas ellas se llevar\u00e1n a cabo en las propias instalaciones del centro, durante toda esta semana el hospital acoger\u00e1 en su zona de acceso un stand informativo dirigido por enfermer\u00eda especializada en neumolog\u00eda.<\/p>\n\n\n\n<p>Con estas jornadas el Hospital Recoletas Salud Campo Grande evidencia su compromiso con la prevenci\u00f3n y la promoci\u00f3n de la salud para que las personas puedan vivir m\u00e1s, mejor y m\u00e1s felices.<\/p>\n","protected":false},"excerpt":{"rendered":"<p>Esta semana se celebra la Semana Europea del Pulm\u00f3n y por ello precisamente, desde el Hospital Recoletas Salud Campo Grande se ha organizado una serie de actividades para concienciar a la poblaci\u00f3n de los riesgos del tabaquismo, responsable directo de la muerte de 55.000 personas al a\u00f1o y de muchas de las enfermedades respiratorias cr\u00f3nicas. [&hellip;]<\/p>\n","protected":false},"author":2,"featured_media":16712,"comment_status":"closed","ping_status":"closed","sticky":false,"template":"","format":"standard","meta":{"_acf_changed":false,"footnotes":""},"categories":[43,1,2,9,42,3244,4],"tags":[3306,3257,3214,3256],"class_list":["post-16711","post","type-post","status-publish","format-standard","has-post-thumbnail","hentry","category-centros","category-grupo-recoletas","category-hrcg","category-publicaciones","category-recoletas-salud","category-unidad-de-neumologia","category-valladolid","tag-cancer-de-pulmon","tag-dejar-de-fumar","tag-neumologia","tag-tabaquismo"],"acf":[],"yoast_head":"<!-- This site is optimized with the Yoast SEO Premium plugin v27.3 (Yoast SEO v27.3) - https:\/\/yoast.com\/product\/yoast-seo-premium-wordpress\/ -->\n<title>El Hospital Recoletas Salud Campo Grande organiza unas jornadas sobre c\u00e1ncer de pulm\u00f3n y tabaquismo - Noticias Grupo Recoletas<\/title>\n<meta name=\"description\" content=\"Desde el 10 hasta el 17 de septiembre, se han programado charlas y talleres para cuidar la salud de tus pulmones y ayudar a dejar de fumar\" \/>\n<meta name=\"robots\" content=\"index, follow, max-snippet:-1, max-image-preview:large, max-video-preview:-1\" \/>\n<link rel=\"canonical\" href=\"https:\/\/www.gruporecoletas.com\/noticias\/el-hospital-recoletas-salud-campo-grande-organiza-unas-jornadas-sobre-cancer-de-pulmon-y-tabaquismo\/\" \/>\n<meta property=\"og:locale\" content=\"es_ES\" \/>\n<meta property=\"og:type\" content=\"article\" \/>\n<meta property=\"og:title\" content=\"El Hospital Recoletas Salud Campo Grande organiza unas jornadas sobre c\u00e1ncer de pulm\u00f3n y tabaquismo\" \/>\n<meta property=\"og:description\" content=\"Desde el 10 hasta el 17 de septiembre, se han programado charlas y talleres para cuidar la salud de tus pulmones y ayudar a dejar de fumar\" \/>\n<meta property=\"og:url\" content=\"https:\/\/www.gruporecoletas.com\/noticias\/el-hospital-recoletas-salud-campo-grande-organiza-unas-jornadas-sobre-cancer-de-pulmon-y-tabaquismo\/\" \/>\n<meta property=\"og:site_name\" content=\"Noticias Grupo Recoletas\" \/>\n<meta property=\"article:publisher\" content=\"https:\/\/www.facebook.com\/GrupoRecoletas\/\" \/>\n<meta property=\"article:published_time\" content=\"2025-09-10T15:00:00+00:00\" \/>\n<meta property=\"article:modified_time\" content=\"2025-09-11T12:00:01+00:00\" \/>\n<meta property=\"og:image\" content=\"https:\/\/www.gruporecoletas.com\/noticias\/wp-content\/uploads\/2025\/09\/JORNADAS-CANCER-PULMON.png\" \/>\n\t<meta property=\"og:image:width\" content=\"1366\" \/>\n\t<meta property=\"og:image:height\" content=\"768\" \/>\n\t<meta property=\"og:image:type\" content=\"image\/png\" \/>\n<meta name=\"author\" content=\"Recoletas Red Hospitalaria\" \/>\n<meta name=\"twitter:card\" content=\"summary_large_image\" \/>\n<meta name=\"twitter:creator\" content=\"@GrupoRecoletas\" \/>\n<meta name=\"twitter:site\" content=\"@GrupoRecoletas\" \/>\n<meta name=\"twitter:label1\" content=\"Escrito por\" \/>\n\t<meta name=\"twitter:data1\" content=\"Recoletas Red Hospitalaria\" \/>\n\t<meta name=\"twitter:label2\" content=\"Tiempo de lectura\" \/>\n\t<meta name=\"twitter:data2\" content=\"2 minutos\" \/>\n<script type=\"application\/ld+json\" class=\"yoast-schema-graph\">{\"@context\":\"https:\\\/\\\/schema.org\",\"@graph\":[{\"@type\":\"Article\",\"@id\":\"https:\\\/\\\/www.gruporecoletas.com\\\/noticias\\\/el-hospital-recoletas-salud-campo-grande-organiza-unas-jornadas-sobre-cancer-de-pulmon-y-tabaquismo\\\/#article\",\"isPartOf\":{\"@id\":\"https:\\\/\\\/www.gruporecoletas.com\\\/noticias\\\/el-hospital-recoletas-salud-campo-grande-organiza-unas-jornadas-sobre-cancer-de-pulmon-y-tabaquismo\\\/\"},\"author\":{\"name\":\"Recoletas Red Hospitalaria\",\"@id\":\"https:\\\/\\\/www.gruporecoletas.com\\\/noticias\\\/#\\\/schema\\\/person\\\/3c6ac429828d1f5e3d3bd99f4da9b02c\"},\"headline\":\"El Hospital Recoletas Salud Campo Grande organiza unas jornadas sobre c\u00e1ncer de pulm\u00f3n y tabaquismo\",\"datePublished\":\"2025-09-10T15:00:00+00:00\",\"dateModified\":\"2025-09-11T12:00:01+00:00\",\"mainEntityOfPage\":{\"@id\":\"https:\\\/\\\/www.gruporecoletas.com\\\/noticias\\\/el-hospital-recoletas-salud-campo-grande-organiza-unas-jornadas-sobre-cancer-de-pulmon-y-tabaquismo\\\/\"},\"wordCount\":435,\"image\":{\"@id\":\"https:\\\/\\\/www.gruporecoletas.com\\\/noticias\\\/el-hospital-recoletas-salud-campo-grande-organiza-unas-jornadas-sobre-cancer-de-pulmon-y-tabaquismo\\\/#primaryimage\"},\"thumbnailUrl\":\"https:\\\/\\\/www.gruporecoletas.com\\\/noticias\\\/wp-content\\\/uploads\\\/2025\\\/09\\\/JORNADAS-CANCER-PULMON.png\",\"keywords\":[\"C\u00e1ncer de pulm\u00f3n\",\"Dejar de fumar\",\"Neumolog\u00eda\",\"Tabaquismo\"],\"articleSection\":[\"Centros\",\"Grupo Recoletas\",\"HRCG\",\"Publicaciones\",\"Recoletas Salud\",\"Unidad de Neumolog\u00eda\",\"Valladolid\"],\"inLanguage\":\"es\"},{\"@type\":\"WebPage\",\"@id\":\"https:\\\/\\\/www.gruporecoletas.com\\\/noticias\\\/el-hospital-recoletas-salud-campo-grande-organiza-unas-jornadas-sobre-cancer-de-pulmon-y-tabaquismo\\\/\",\"url\":\"https:\\\/\\\/www.gruporecoletas.com\\\/noticias\\\/el-hospital-recoletas-salud-campo-grande-organiza-unas-jornadas-sobre-cancer-de-pulmon-y-tabaquismo\\\/\",\"name\":\"El Hospital Recoletas Salud Campo Grande organiza unas jornadas sobre c\u00e1ncer de pulm\u00f3n y tabaquismo - Noticias Grupo Recoletas\",\"isPartOf\":{\"@id\":\"https:\\\/\\\/www.gruporecoletas.com\\\/noticias\\\/#website\"},\"primaryImageOfPage\":{\"@id\":\"https:\\\/\\\/www.gruporecoletas.com\\\/noticias\\\/el-hospital-recoletas-salud-campo-grande-organiza-unas-jornadas-sobre-cancer-de-pulmon-y-tabaquismo\\\/#primaryimage\"},\"image\":{\"@id\":\"https:\\\/\\\/www.gruporecoletas.com\\\/noticias\\\/el-hospital-recoletas-salud-campo-grande-organiza-unas-jornadas-sobre-cancer-de-pulmon-y-tabaquismo\\\/#primaryimage\"},\"thumbnailUrl\":\"https:\\\/\\\/www.gruporecoletas.com\\\/noticias\\\/wp-content\\\/uploads\\\/2025\\\/09\\\/JORNADAS-CANCER-PULMON.png\",\"datePublished\":\"2025-09-10T15:00:00+00:00\",\"dateModified\":\"2025-09-11T12:00:01+00:00\",\"author\":{\"@id\":\"https:\\\/\\\/www.gruporecoletas.com\\\/noticias\\\/#\\\/schema\\\/person\\\/3c6ac429828d1f5e3d3bd99f4da9b02c\"},\"description\":\"Desde el 10 hasta el 17 de septiembre, se han programado charlas y talleres para cuidar la salud de tus pulmones y ayudar a dejar de fumar\",\"breadcrumb\":{\"@id\":\"https:\\\/\\\/www.gruporecoletas.com\\\/noticias\\\/el-hospital-recoletas-salud-campo-grande-organiza-unas-jornadas-sobre-cancer-de-pulmon-y-tabaquismo\\\/#breadcrumb\"},\"inLanguage\":\"es\",\"potentialAction\":[{\"@type\":\"ReadAction\",\"target\":[\"https:\\\/\\\/www.gruporecoletas.com\\\/noticias\\\/el-hospital-recoletas-salud-campo-grande-organiza-unas-jornadas-sobre-cancer-de-pulmon-y-tabaquismo\\\/\"]}]},{\"@type\":\"ImageObject\",\"inLanguage\":\"es\",\"@id\":\"https:\\\/\\\/www.gruporecoletas.com\\\/noticias\\\/el-hospital-recoletas-salud-campo-grande-organiza-unas-jornadas-sobre-cancer-de-pulmon-y-tabaquismo\\\/#primaryimage\",\"url\":\"https:\\\/\\\/www.gruporecoletas.com\\\/noticias\\\/wp-content\\\/uploads\\\/2025\\\/09\\\/JORNADAS-CANCER-PULMON.png\",\"contentUrl\":\"https:\\\/\\\/www.gruporecoletas.com\\\/noticias\\\/wp-content\\\/uploads\\\/2025\\\/09\\\/JORNADAS-CANCER-PULMON.png\",\"width\":1366,\"height\":768,\"caption\":\"El Hospital Recoletas Salud Campo Grande organiza unas jornadas sobre c\u00e1ncer de pulm\u00f3n y tabaquismo\"},{\"@type\":\"BreadcrumbList\",\"@id\":\"https:\\\/\\\/www.gruporecoletas.com\\\/noticias\\\/el-hospital-recoletas-salud-campo-grande-organiza-unas-jornadas-sobre-cancer-de-pulmon-y-tabaquismo\\\/#breadcrumb\",\"itemListElement\":[{\"@type\":\"ListItem\",\"position\":1,\"name\":\"Portada\",\"item\":\"https:\\\/\\\/www.gruporecoletas.com\\\/noticias\\\/\"},{\"@type\":\"ListItem\",\"position\":2,\"name\":\"El Hospital Recoletas Salud Campo Grande organiza unas jornadas sobre c\u00e1ncer de pulm\u00f3n y tabaquismo\"}]},{\"@type\":\"WebSite\",\"@id\":\"https:\\\/\\\/www.gruporecoletas.com\\\/noticias\\\/#website\",\"url\":\"https:\\\/\\\/www.gruporecoletas.com\\\/noticias\\\/\",\"name\":\"Noticias Grupo Recoletas\",\"description\":\"Grupo Recoletas\",\"potentialAction\":[{\"@type\":\"SearchAction\",\"target\":{\"@type\":\"EntryPoint\",\"urlTemplate\":\"https:\\\/\\\/www.gruporecoletas.com\\\/noticias\\\/?s={search_term_string}\"},\"query-input\":{\"@type\":\"PropertyValueSpecification\",\"valueRequired\":true,\"valueName\":\"search_term_string\"}}],\"inLanguage\":\"es\"},{\"@type\":\"Person\",\"@id\":\"https:\\\/\\\/www.gruporecoletas.com\\\/noticias\\\/#\\\/schema\\\/person\\\/3c6ac429828d1f5e3d3bd99f4da9b02c\",\"name\":\"Recoletas Red Hospitalaria\",\"url\":\"https:\\\/\\\/www.gruporecoletas.com\\\/noticias\\\/author\\\/comunicacion\\\/\"}]}<\/script>\n<!-- \/ Yoast SEO Premium plugin. -->","yoast_head_json":{"title":"El Hospital Recoletas Salud Campo Grande organiza unas jornadas sobre c\u00e1ncer de pulm\u00f3n y tabaquismo - Noticias Grupo Recoletas","description":"Desde el 10 hasta el 17 de septiembre, se han programado charlas y talleres para cuidar la salud de tus pulmones y ayudar a dejar de fumar","robots":{"index":"index","follow":"follow","max-snippet":"max-snippet:-1","max-image-preview":"max-image-preview:large","max-video-preview":"max-video-preview:-1"},"canonical":"https:\/\/www.gruporecoletas.com\/noticias\/el-hospital-recoletas-salud-campo-grande-organiza-unas-jornadas-sobre-cancer-de-pulmon-y-tabaquismo\/","og_locale":"es_ES","og_type":"article","og_title":"El Hospital Recoletas Salud Campo Grande organiza unas jornadas sobre c\u00e1ncer de pulm\u00f3n y tabaquismo","og_description":"Desde el 10 hasta el 17 de septiembre, se han programado charlas y talleres para cuidar la salud de tus pulmones y ayudar a dejar de fumar","og_url":"https:\/\/www.gruporecoletas.com\/noticias\/el-hospital-recoletas-salud-campo-grande-organiza-unas-jornadas-sobre-cancer-de-pulmon-y-tabaquismo\/","og_site_name":"Noticias Grupo Recoletas","article_publisher":"https:\/\/www.facebook.com\/GrupoRecoletas\/","article_published_time":"2025-09-10T15:00:00+00:00","article_modified_time":"2025-09-11T12:00:01+00:00","og_image":[{"width":1366,"height":768,"url":"https:\/\/www.gruporecoletas.com\/noticias\/wp-content\/uploads\/2025\/09\/JORNADAS-CANCER-PULMON.png","type":"image\/png"}],"author":"Recoletas Red Hospitalaria","twitter_card":"summary_large_image","twitter_creator":"@GrupoRecoletas","twitter_site":"@GrupoRecoletas","twitter_misc":{"Escrito por":"Recoletas Red Hospitalaria","Tiempo de lectura":"2 minutos"},"schema":{"@context":"https:\/\/schema.org","@graph":[{"@type":"Article","@id":"https:\/\/www.gruporecoletas.com\/noticias\/el-hospital-recoletas-salud-campo-grande-organiza-unas-jornadas-sobre-cancer-de-pulmon-y-tabaquismo\/#article","isPartOf":{"@id":"https:\/\/www.gruporecoletas.com\/noticias\/el-hospital-recoletas-salud-campo-grande-organiza-unas-jornadas-sobre-cancer-de-pulmon-y-tabaquismo\/"},"author":{"name":"Recoletas Red Hospitalaria","@id":"https:\/\/www.gruporecoletas.com\/noticias\/#\/schema\/person\/3c6ac429828d1f5e3d3bd99f4da9b02c"},"headline":"El Hospital Recoletas Salud Campo Grande organiza unas jornadas sobre c\u00e1ncer de pulm\u00f3n y tabaquismo","datePublished":"2025-09-10T15:00:00+00:00","dateModified":"2025-09-11T12:00:01+00:00","mainEntityOfPage":{"@id":"https:\/\/www.gruporecoletas.com\/noticias\/el-hospital-recoletas-salud-campo-grande-organiza-unas-jornadas-sobre-cancer-de-pulmon-y-tabaquismo\/"},"wordCount":435,"image":{"@id":"https:\/\/www.gruporecoletas.com\/noticias\/el-hospital-recoletas-salud-campo-grande-organiza-unas-jornadas-sobre-cancer-de-pulmon-y-tabaquismo\/#primaryimage"},"thumbnailUrl":"https:\/\/www.gruporecoletas.com\/noticias\/wp-content\/uploads\/2025\/09\/JORNADAS-CANCER-PULMON.png","keywords":["C\u00e1ncer de pulm\u00f3n","Dejar de fumar","Neumolog\u00eda","Tabaquismo"],"articleSection":["Centros","Grupo Recoletas","HRCG","Publicaciones","Recoletas Salud","Unidad de Neumolog\u00eda","Valladolid"],"inLanguage":"es"},{"@type":"WebPage","@id":"https:\/\/www.gruporecoletas.com\/noticias\/el-hospital-recoletas-salud-campo-grande-organiza-unas-jornadas-sobre-cancer-de-pulmon-y-tabaquismo\/","url":"https:\/\/www.gruporecoletas.com\/noticias\/el-hospital-recoletas-salud-campo-grande-organiza-unas-jornadas-sobre-cancer-de-pulmon-y-tabaquismo\/","name":"El Hospital Recoletas Salud Campo Grande organiza unas jornadas sobre c\u00e1ncer de pulm\u00f3n y tabaquismo - Noticias Grupo Recoletas","isPartOf":{"@id":"https:\/\/www.gruporecoletas.com\/noticias\/#website"},"primaryImageOfPage":{"@id":"https:\/\/www.gruporecoletas.com\/noticias\/el-hospital-recoletas-salud-campo-grande-organiza-unas-jornadas-sobre-cancer-de-pulmon-y-tabaquismo\/#primaryimage"},"image":{"@id":"https:\/\/www.gruporecoletas.com\/noticias\/el-hospital-recoletas-salud-campo-grande-organiza-unas-jornadas-sobre-cancer-de-pulmon-y-tabaquismo\/#primaryimage"},"thumbnailUrl":"https:\/\/www.gruporecoletas.com\/noticias\/wp-content\/uploads\/2025\/09\/JORNADAS-CANCER-PULMON.png","datePublished":"2025-09-10T15:00:00+00:00","dateModified":"2025-09-11T12:00:01+00:00","author":{"@id":"https:\/\/www.gruporecoletas.com\/noticias\/#\/schema\/person\/3c6ac429828d1f5e3d3bd99f4da9b02c"},"description":"Desde el 10 hasta el 17 de septiembre, se han programado charlas y talleres para cuidar la salud de tus pulmones y ayudar a dejar de fumar","breadcrumb":{"@id":"https:\/\/www.gruporecoletas.com\/noticias\/el-hospital-recoletas-salud-campo-grande-organiza-unas-jornadas-sobre-cancer-de-pulmon-y-tabaquismo\/#breadcrumb"},"inLanguage":"es","potentialAction":[{"@type":"ReadAction","target":["https:\/\/www.gruporecoletas.com\/noticias\/el-hospital-recoletas-salud-campo-grande-organiza-unas-jornadas-sobre-cancer-de-pulmon-y-tabaquismo\/"]}]},{"@type":"ImageObject","inLanguage":"es","@id":"https:\/\/www.gruporecoletas.com\/noticias\/el-hospital-recoletas-salud-campo-grande-organiza-unas-jornadas-sobre-cancer-de-pulmon-y-tabaquismo\/#primaryimage","url":"https:\/\/www.gruporecoletas.com\/noticias\/wp-content\/uploads\/2025\/09\/JORNADAS-CANCER-PULMON.png","contentUrl":"https:\/\/www.gruporecoletas.com\/noticias\/wp-content\/uploads\/2025\/09\/JORNADAS-CANCER-PULMON.png","width":1366,"height":768,"caption":"El Hospital Recoletas Salud Campo Grande organiza unas jornadas sobre c\u00e1ncer de pulm\u00f3n y tabaquismo"},{"@type":"BreadcrumbList","@id":"https:\/\/www.gruporecoletas.com\/noticias\/el-hospital-recoletas-salud-campo-grande-organiza-unas-jornadas-sobre-cancer-de-pulmon-y-tabaquismo\/#breadcrumb","itemListElement":[{"@type":"ListItem","position":1,"name":"Portada","item":"https:\/\/www.gruporecoletas.com\/noticias\/"},{"@type":"ListItem","position":2,"name":"El Hospital Recoletas Salud Campo Grande organiza unas jornadas sobre c\u00e1ncer de pulm\u00f3n y tabaquismo"}]},{"@type":"WebSite","@id":"https:\/\/www.gruporecoletas.com\/noticias\/#website","url":"https:\/\/www.gruporecoletas.com\/noticias\/","name":"Noticias Grupo Recoletas","description":"Grupo Recoletas","potentialAction":[{"@type":"SearchAction","target":{"@type":"EntryPoint","urlTemplate":"https:\/\/www.gruporecoletas.com\/noticias\/?s={search_term_string}"},"query-input":{"@type":"PropertyValueSpecification","valueRequired":true,"valueName":"search_term_string"}}],"inLanguage":"es"},{"@type":"Person","@id":"https:\/\/www.gruporecoletas.com\/noticias\/#\/schema\/person\/3c6ac429828d1f5e3d3bd99f4da9b02c","name":"Recoletas Red Hospitalaria","url":"https:\/\/www.gruporecoletas.com\/noticias\/author\/comunicacion\/"}]}},"_links":{"self":[{"href":"https:\/\/www.gruporecoletas.com\/noticias\/wp-json\/wp\/v2\/posts\/16711","targetHints":{"allow":["GET"]}}],"collection":[{"href":"https:\/\/www.gruporecoletas.com\/noticias\/wp-json\/wp\/v2\/posts"}],"about":[{"href":"https:\/\/www.gruporecoletas.com\/noticias\/wp-json\/wp\/v2\/types\/post"}],"author":[{"embeddable":true,"href":"https:\/\/www.gruporecoletas.com\/noticias\/wp-json\/wp\/v2\/users\/2"}],"replies":[{"embeddable":true,"href":"https:\/\/www.gruporecoletas.com\/noticias\/wp-json\/wp\/v2\/comments?post=16711"}],"version-history":[{"count":1,"href":"https:\/\/www.gruporecoletas.com\/noticias\/wp-json\/wp\/v2\/posts\/16711\/revisions"}],"predecessor-version":[{"id":16713,"href":"https:\/\/www.gruporecoletas.com\/noticias\/wp-json\/wp\/v2\/posts\/16711\/revisions\/16713"}],"wp:featuredmedia":[{"embeddable":true,"href":"https:\/\/www.gruporecoletas.com\/noticias\/wp-json\/wp\/v2\/media\/16712"}],"wp:attachment":[{"href":"https:\/\/www.gruporecoletas.com\/noticias\/wp-json\/wp\/v2\/media?parent=16711"}],"wp:term":[{"taxonomy":"category","embeddable":true,"href":"https:\/\/www.gruporecoletas.com\/noticias\/wp-json\/wp\/v2\/categories?post=16711"},{"taxonomy":"post_tag","embeddable":true,"href":"https:\/\/www.gruporecoletas.com\/noticias\/wp-json\/wp\/v2\/tags?post=16711"}],"curies":[{"name":"wp","href":"https:\/\/api.w.org\/{rel}","templated":true}]}}