{"id":16757,"date":"2025-10-16T10:30:00","date_gmt":"2025-10-16T08:30:00","guid":{"rendered":"https:\/\/www.gruporecoletas.com\/noticias\/?p=16757"},"modified":"2025-10-20T12:14:03","modified_gmt":"2025-10-20T10:14:03","slug":"el-proyecto-pulso-vital-de-recoletas-salud-en-las-v-jornadas-de-enfermeria-de-urgencias-y-emergencias-de-castilla-y-leon","status":"publish","type":"post","link":"https:\/\/www.gruporecoletas.com\/noticias\/el-proyecto-pulso-vital-de-recoletas-salud-en-las-v-jornadas-de-enfermeria-de-urgencias-y-emergencias-de-castilla-y-leon\/","title":{"rendered":"El proyecto Pulso Vital de Recoletas Salud en las V Jornadas de Enfermer\u00eda de Urgencias y Emergencias de Castilla y Le\u00f3n"},"content":{"rendered":"\n<ul class=\"wp-block-list\">\n<li><strong><em>Pulso Vital es el t\u00edtulo de la Conferencia de apertura del Dr. Jos\u00e9 Luis Santos, jefe del servicio de cardiolog\u00eda del Hospital Recoletas Salud Zamora y director m\u00e9dico del proyecto.<\/em><\/strong><\/li>\n\n\n\n<li><strong><em>Desde la puesta en marcha de Pulso Vital se han realizado 58.400 electrocardiogramas y se ha detectado fibrilaci\u00f3n auricular a 1.315 personas que han podido seguir un sencillo tratamiento para reducir el riesgo de sufrir un ictus.<\/em><\/strong><\/li>\n<\/ul>\n\n\n\n<p>El doctor Jos\u00e9 Luis Santos, jefe del servicio de cardiolog\u00eda del Hospital Recoletas Salud Zamora y director m\u00e9dico de Pulso Vital, imparte la conferencia de apertura en las V Jornadas de Enfermer\u00eda de Urgencias y Emergencias de Castilla y Le\u00f3n que bajo el lema \u201cUnidos por un mismo latido\u201d, tienen lugar en el auditorio del Teatro Ramos Carri\u00f3n de la capital zamorana.<\/p>\n\n\n\n<p>Pulso Vital es el t\u00edtulo de esta conferencia en la cual, el Dr. Santos va a hacer una cronolog\u00eda y balance de este proyecto creado por Recoletas Salud que nace en Zamora en el a\u00f1o 2022. Su origen: una reuni\u00f3n del director gerente de Recoletas Salud Zamora, \u00d3scar Iglesias y el Dr. Jos\u00e9 Luis Santos, donde se plantearon una realidad: Cada a\u00f1o, hay m\u00e1s de 120.000 casos de ictus en Espa\u00f1a y la incidencia de esta patolog\u00eda es m\u00e1s alta en aquellas zonas con mayor porcentaje de poblaci\u00f3n mayor de 65 a\u00f1os. Y algo hab\u00eda que hacer para evitar que los datos siguieran creciendo paulatinamente. Una soluci\u00f3n, la prevenci\u00f3n. Una realidad: Pulso Vital.<\/p>\n\n\n\n<h4 class=\"wp-block-heading\" id=\"h-balance-muy-positivo-de-pulso-vital\"><strong><em>Balance muy positivo de Pulso Vital<\/em><\/strong><\/h4>\n\n\n\n<p>A lo largo de estos a\u00f1os, gracias al proyecto de Pulso Vital, se han realizado 58.400 electrocardiogramas. De esos registros, han resultado tener fibrilaci\u00f3n auricular 1.315 personas y todas ellas, han podido seguir un sencillo tratamiento con el que han reducido el riesgo de sufrir un ictus. Adem\u00e1s, se han llevado a cabo cerca de 400 consultas m\u00e9dicas, presenciales, completas y gratuitas en el hospital Recoletas Salud de Zamora y el Centro M\u00e9dico Recoletas salud de Benavente.<\/p>\n\n\n\n<h4 class=\"wp-block-heading\" id=\"h-pulso-vital-2-0\"><strong><em>Pulso Vital 2.0<\/em><\/strong><\/h4>\n\n\n\n<p>Recoletas Salud sigue avanzando con Pulso Vital y junto a un equipo de investigaci\u00f3n de la Universidad de Salamanca ha nacido la versi\u00f3n Pulso Vital 2.0 que permitir\u00e1 seguir investigando para la detecci\u00f3n temprana de arritmias card\u00edacas y la prevenci\u00f3n del ictus dise\u00f1ando una soluci\u00f3n integral basada en la inteligencia artificial.<\/p>\n\n\n\n<p>Se estima que en Espa\u00f1a hay entorno a un mill\u00f3n de casos de fibrilaci\u00f3n auricular (FA) y est\u00e1 relacionada con m\u00e1s del 30% de los casos de ictus, aumentado el riesgo de complicaciones cardiol\u00f3gicas. La detecci\u00f3n precoz es fundamental dado que en un gran n\u00famero de pacientes la FA cursa de manera asintom\u00e1tica.<\/p>\n\n\n\n<p>Para el director gerente de Recoletas Salud Zamora, \u00d3scar Iglesias \u201ces un orgullo estar presentes con Pulso Vital en unas jornadas que marcar\u00e1n un hito en Zamora al compartir experiencias enfermer\u00eda, profesionales de emergencias y de urgencias, m\u00e9dicos y estudiantes de todas estas disciplinas\u201d.<\/p>\n","protected":false},"excerpt":{"rendered":"<p>El doctor Jos\u00e9 Luis Santos, jefe del servicio de cardiolog\u00eda del Hospital Recoletas Salud Zamora y director m\u00e9dico de Pulso Vital, imparte la conferencia de apertura en las V Jornadas de Enfermer\u00eda de Urgencias y Emergencias de Castilla y Le\u00f3n que bajo el lema \u201cUnidos por un mismo latido\u201d, tienen lugar en el auditorio del [&hellip;]<\/p>\n","protected":false},"author":13,"featured_media":16758,"comment_status":"closed","ping_status":"closed","sticky":false,"template":"","format":"standard","meta":{"_acf_changed":false,"footnotes":""},"categories":[3291,1,16,3282,9,42],"tags":[3216,3277,22],"class_list":["post-16757","post","type-post","status-publish","format-standard","has-post-thumbnail","hentry","category-cardiologia","category-grupo-recoletas","category-hrza","category-id","category-publicaciones","category-recoletas-salud","tag-fibrilacion-auricular","tag-pulso-vital","tag-zamora"],"acf":[],"yoast_head":"<!-- This site is optimized with the Yoast SEO Premium plugin v27.3 (Yoast SEO v27.3) - https:\/\/yoast.com\/product\/yoast-seo-premium-wordpress\/ -->\n<title>El proyecto Pulso Vital de Recoletas Salud en las V Jornadas de Enfermer\u00eda de Urgencias y Emergencias de Castilla y Le\u00f3n - Noticias Grupo Recoletas<\/title>\n<meta name=\"description\" content=\"El Dr. Jos\u00e9 Luis Santos presenta Pulso Vital en las V Jornadas de Enfermer\u00eda, abordando la fibrilaci\u00f3n auricular y su prevenci\u00f3n.\" \/>\n<meta name=\"robots\" content=\"index, follow, max-snippet:-1, max-image-preview:large, max-video-preview:-1\" \/>\n<link rel=\"canonical\" href=\"https:\/\/www.gruporecoletas.com\/noticias\/el-proyecto-pulso-vital-de-recoletas-salud-en-las-v-jornadas-de-enfermeria-de-urgencias-y-emergencias-de-castilla-y-leon\/\" \/>\n<meta property=\"og:locale\" content=\"es_ES\" \/>\n<meta property=\"og:type\" content=\"article\" \/>\n<meta property=\"og:title\" content=\"El proyecto Pulso Vital de Recoletas Salud en las V Jornadas de Enfermer\u00eda de Urgencias y Emergencias de Castilla y Le\u00f3n\" \/>\n<meta property=\"og:description\" content=\"El Dr. Jos\u00e9 Luis Santos presenta Pulso Vital en las V Jornadas de Enfermer\u00eda, abordando la fibrilaci\u00f3n auricular y su prevenci\u00f3n.\" \/>\n<meta property=\"og:url\" content=\"https:\/\/www.gruporecoletas.com\/noticias\/el-proyecto-pulso-vital-de-recoletas-salud-en-las-v-jornadas-de-enfermeria-de-urgencias-y-emergencias-de-castilla-y-leon\/\" \/>\n<meta property=\"og:site_name\" content=\"Noticias Grupo Recoletas\" \/>\n<meta property=\"article:publisher\" content=\"https:\/\/www.facebook.com\/GrupoRecoletas\/\" \/>\n<meta property=\"article:published_time\" content=\"2025-10-16T08:30:00+00:00\" \/>\n<meta property=\"article:modified_time\" content=\"2025-10-20T10:14:03+00:00\" \/>\n<meta property=\"og:image\" content=\"https:\/\/www.gruporecoletas.com\/noticias\/wp-content\/uploads\/2025\/10\/Dr.-Jose-Luis-Santos.png\" \/>\n\t<meta property=\"og:image:width\" content=\"500\" \/>\n\t<meta property=\"og:image:height\" content=\"700\" \/>\n\t<meta property=\"og:image:type\" content=\"image\/png\" \/>\n<meta name=\"author\" content=\"Ruben\" \/>\n<meta name=\"twitter:card\" content=\"summary_large_image\" \/>\n<meta name=\"twitter:creator\" content=\"@GrupoRecoletas\" \/>\n<meta name=\"twitter:site\" content=\"@GrupoRecoletas\" \/>\n<meta name=\"twitter:label1\" content=\"Escrito por\" \/>\n\t<meta name=\"twitter:data1\" content=\"Ruben\" \/>\n\t<meta name=\"twitter:label2\" content=\"Tiempo de lectura\" \/>\n\t<meta name=\"twitter:data2\" content=\"3 minutos\" \/>\n<script type=\"application\/ld+json\" class=\"yoast-schema-graph\">{\"@context\":\"https:\\\/\\\/schema.org\",\"@graph\":[{\"@type\":\"Article\",\"@id\":\"https:\\\/\\\/www.gruporecoletas.com\\\/noticias\\\/el-proyecto-pulso-vital-de-recoletas-salud-en-las-v-jornadas-de-enfermeria-de-urgencias-y-emergencias-de-castilla-y-leon\\\/#article\",\"isPartOf\":{\"@id\":\"https:\\\/\\\/www.gruporecoletas.com\\\/noticias\\\/el-proyecto-pulso-vital-de-recoletas-salud-en-las-v-jornadas-de-enfermeria-de-urgencias-y-emergencias-de-castilla-y-leon\\\/\"},\"author\":{\"name\":\"Ruben\",\"@id\":\"https:\\\/\\\/www.gruporecoletas.com\\\/noticias\\\/#\\\/schema\\\/person\\\/525e7b25ffda48a35199a94c4aaf69ea\"},\"headline\":\"El proyecto Pulso Vital de Recoletas Salud en las V Jornadas de Enfermer\u00eda de Urgencias y Emergencias de Castilla y Le\u00f3n\",\"datePublished\":\"2025-10-16T08:30:00+00:00\",\"dateModified\":\"2025-10-20T10:14:03+00:00\",\"mainEntityOfPage\":{\"@id\":\"https:\\\/\\\/www.gruporecoletas.com\\\/noticias\\\/el-proyecto-pulso-vital-de-recoletas-salud-en-las-v-jornadas-de-enfermeria-de-urgencias-y-emergencias-de-castilla-y-leon\\\/\"},\"wordCount\":534,\"image\":{\"@id\":\"https:\\\/\\\/www.gruporecoletas.com\\\/noticias\\\/el-proyecto-pulso-vital-de-recoletas-salud-en-las-v-jornadas-de-enfermeria-de-urgencias-y-emergencias-de-castilla-y-leon\\\/#primaryimage\"},\"thumbnailUrl\":\"https:\\\/\\\/www.gruporecoletas.com\\\/noticias\\\/wp-content\\\/uploads\\\/2025\\\/10\\\/Dr.-Jose-Luis-Santos.png\",\"keywords\":[\"fibrilacion auricular\",\"pulso vital\",\"Zamora\"],\"articleSection\":[\"Cardiolog\u00eda\",\"Grupo Recoletas\",\"HRZA\",\"I+D\",\"Publicaciones\",\"Recoletas Salud\"],\"inLanguage\":\"es\"},{\"@type\":\"WebPage\",\"@id\":\"https:\\\/\\\/www.gruporecoletas.com\\\/noticias\\\/el-proyecto-pulso-vital-de-recoletas-salud-en-las-v-jornadas-de-enfermeria-de-urgencias-y-emergencias-de-castilla-y-leon\\\/\",\"url\":\"https:\\\/\\\/www.gruporecoletas.com\\\/noticias\\\/el-proyecto-pulso-vital-de-recoletas-salud-en-las-v-jornadas-de-enfermeria-de-urgencias-y-emergencias-de-castilla-y-leon\\\/\",\"name\":\"El proyecto Pulso Vital de Recoletas Salud en las V Jornadas de Enfermer\u00eda de Urgencias y Emergencias de Castilla y Le\u00f3n - Noticias Grupo Recoletas\",\"isPartOf\":{\"@id\":\"https:\\\/\\\/www.gruporecoletas.com\\\/noticias\\\/#website\"},\"primaryImageOfPage\":{\"@id\":\"https:\\\/\\\/www.gruporecoletas.com\\\/noticias\\\/el-proyecto-pulso-vital-de-recoletas-salud-en-las-v-jornadas-de-enfermeria-de-urgencias-y-emergencias-de-castilla-y-leon\\\/#primaryimage\"},\"image\":{\"@id\":\"https:\\\/\\\/www.gruporecoletas.com\\\/noticias\\\/el-proyecto-pulso-vital-de-recoletas-salud-en-las-v-jornadas-de-enfermeria-de-urgencias-y-emergencias-de-castilla-y-leon\\\/#primaryimage\"},\"thumbnailUrl\":\"https:\\\/\\\/www.gruporecoletas.com\\\/noticias\\\/wp-content\\\/uploads\\\/2025\\\/10\\\/Dr.-Jose-Luis-Santos.png\",\"datePublished\":\"2025-10-16T08:30:00+00:00\",\"dateModified\":\"2025-10-20T10:14:03+00:00\",\"author\":{\"@id\":\"https:\\\/\\\/www.gruporecoletas.com\\\/noticias\\\/#\\\/schema\\\/person\\\/525e7b25ffda48a35199a94c4aaf69ea\"},\"description\":\"El Dr. Jos\u00e9 Luis Santos presenta Pulso Vital en las V Jornadas de Enfermer\u00eda, abordando la fibrilaci\u00f3n auricular y su prevenci\u00f3n.\",\"breadcrumb\":{\"@id\":\"https:\\\/\\\/www.gruporecoletas.com\\\/noticias\\\/el-proyecto-pulso-vital-de-recoletas-salud-en-las-v-jornadas-de-enfermeria-de-urgencias-y-emergencias-de-castilla-y-leon\\\/#breadcrumb\"},\"inLanguage\":\"es\",\"potentialAction\":[{\"@type\":\"ReadAction\",\"target\":[\"https:\\\/\\\/www.gruporecoletas.com\\\/noticias\\\/el-proyecto-pulso-vital-de-recoletas-salud-en-las-v-jornadas-de-enfermeria-de-urgencias-y-emergencias-de-castilla-y-leon\\\/\"]}]},{\"@type\":\"ImageObject\",\"inLanguage\":\"es\",\"@id\":\"https:\\\/\\\/www.gruporecoletas.com\\\/noticias\\\/el-proyecto-pulso-vital-de-recoletas-salud-en-las-v-jornadas-de-enfermeria-de-urgencias-y-emergencias-de-castilla-y-leon\\\/#primaryimage\",\"url\":\"https:\\\/\\\/www.gruporecoletas.com\\\/noticias\\\/wp-content\\\/uploads\\\/2025\\\/10\\\/Dr.-Jose-Luis-Santos.png\",\"contentUrl\":\"https:\\\/\\\/www.gruporecoletas.com\\\/noticias\\\/wp-content\\\/uploads\\\/2025\\\/10\\\/Dr.-Jose-Luis-Santos.png\",\"width\":500,\"height\":700,\"caption\":\"El proyecto Pulso Vital de Recoletas Salud en las V Jornadas de Enfermer\u00eda de Urgencias y Emergencias de Castilla y Le\u00f3n\"},{\"@type\":\"BreadcrumbList\",\"@id\":\"https:\\\/\\\/www.gruporecoletas.com\\\/noticias\\\/el-proyecto-pulso-vital-de-recoletas-salud-en-las-v-jornadas-de-enfermeria-de-urgencias-y-emergencias-de-castilla-y-leon\\\/#breadcrumb\",\"itemListElement\":[{\"@type\":\"ListItem\",\"position\":1,\"name\":\"Portada\",\"item\":\"https:\\\/\\\/www.gruporecoletas.com\\\/noticias\\\/\"},{\"@type\":\"ListItem\",\"position\":2,\"name\":\"El proyecto Pulso Vital de Recoletas Salud en las V Jornadas de Enfermer\u00eda de Urgencias y Emergencias de Castilla y Le\u00f3n\"}]},{\"@type\":\"WebSite\",\"@id\":\"https:\\\/\\\/www.gruporecoletas.com\\\/noticias\\\/#website\",\"url\":\"https:\\\/\\\/www.gruporecoletas.com\\\/noticias\\\/\",\"name\":\"Noticias Grupo Recoletas\",\"description\":\"Grupo Recoletas\",\"potentialAction\":[{\"@type\":\"SearchAction\",\"target\":{\"@type\":\"EntryPoint\",\"urlTemplate\":\"https:\\\/\\\/www.gruporecoletas.com\\\/noticias\\\/?s={search_term_string}\"},\"query-input\":{\"@type\":\"PropertyValueSpecification\",\"valueRequired\":true,\"valueName\":\"search_term_string\"}}],\"inLanguage\":\"es\"},{\"@type\":\"Person\",\"@id\":\"https:\\\/\\\/www.gruporecoletas.com\\\/noticias\\\/#\\\/schema\\\/person\\\/525e7b25ffda48a35199a94c4aaf69ea\",\"name\":\"Ruben\",\"url\":\"https:\\\/\\\/www.gruporecoletas.com\\\/noticias\\\/author\\\/ruben\\\/\"}]}<\/script>\n<!-- \/ Yoast SEO Premium plugin. -->","yoast_head_json":{"title":"El proyecto Pulso Vital de Recoletas Salud en las V Jornadas de Enfermer\u00eda de Urgencias y Emergencias de Castilla y Le\u00f3n - Noticias Grupo Recoletas","description":"El Dr. Jos\u00e9 Luis Santos presenta Pulso Vital en las V Jornadas de Enfermer\u00eda, abordando la fibrilaci\u00f3n auricular y su prevenci\u00f3n.","robots":{"index":"index","follow":"follow","max-snippet":"max-snippet:-1","max-image-preview":"max-image-preview:large","max-video-preview":"max-video-preview:-1"},"canonical":"https:\/\/www.gruporecoletas.com\/noticias\/el-proyecto-pulso-vital-de-recoletas-salud-en-las-v-jornadas-de-enfermeria-de-urgencias-y-emergencias-de-castilla-y-leon\/","og_locale":"es_ES","og_type":"article","og_title":"El proyecto Pulso Vital de Recoletas Salud en las V Jornadas de Enfermer\u00eda de Urgencias y Emergencias de Castilla y Le\u00f3n","og_description":"El Dr. Jos\u00e9 Luis Santos presenta Pulso Vital en las V Jornadas de Enfermer\u00eda, abordando la fibrilaci\u00f3n auricular y su prevenci\u00f3n.","og_url":"https:\/\/www.gruporecoletas.com\/noticias\/el-proyecto-pulso-vital-de-recoletas-salud-en-las-v-jornadas-de-enfermeria-de-urgencias-y-emergencias-de-castilla-y-leon\/","og_site_name":"Noticias Grupo Recoletas","article_publisher":"https:\/\/www.facebook.com\/GrupoRecoletas\/","article_published_time":"2025-10-16T08:30:00+00:00","article_modified_time":"2025-10-20T10:14:03+00:00","og_image":[{"width":500,"height":700,"url":"https:\/\/www.gruporecoletas.com\/noticias\/wp-content\/uploads\/2025\/10\/Dr.-Jose-Luis-Santos.png","type":"image\/png"}],"author":"Ruben","twitter_card":"summary_large_image","twitter_creator":"@GrupoRecoletas","twitter_site":"@GrupoRecoletas","twitter_misc":{"Escrito por":"Ruben","Tiempo de lectura":"3 minutos"},"schema":{"@context":"https:\/\/schema.org","@graph":[{"@type":"Article","@id":"https:\/\/www.gruporecoletas.com\/noticias\/el-proyecto-pulso-vital-de-recoletas-salud-en-las-v-jornadas-de-enfermeria-de-urgencias-y-emergencias-de-castilla-y-leon\/#article","isPartOf":{"@id":"https:\/\/www.gruporecoletas.com\/noticias\/el-proyecto-pulso-vital-de-recoletas-salud-en-las-v-jornadas-de-enfermeria-de-urgencias-y-emergencias-de-castilla-y-leon\/"},"author":{"name":"Ruben","@id":"https:\/\/www.gruporecoletas.com\/noticias\/#\/schema\/person\/525e7b25ffda48a35199a94c4aaf69ea"},"headline":"El proyecto Pulso Vital de Recoletas Salud en las V Jornadas de Enfermer\u00eda de Urgencias y Emergencias de Castilla y Le\u00f3n","datePublished":"2025-10-16T08:30:00+00:00","dateModified":"2025-10-20T10:14:03+00:00","mainEntityOfPage":{"@id":"https:\/\/www.gruporecoletas.com\/noticias\/el-proyecto-pulso-vital-de-recoletas-salud-en-las-v-jornadas-de-enfermeria-de-urgencias-y-emergencias-de-castilla-y-leon\/"},"wordCount":534,"image":{"@id":"https:\/\/www.gruporecoletas.com\/noticias\/el-proyecto-pulso-vital-de-recoletas-salud-en-las-v-jornadas-de-enfermeria-de-urgencias-y-emergencias-de-castilla-y-leon\/#primaryimage"},"thumbnailUrl":"https:\/\/www.gruporecoletas.com\/noticias\/wp-content\/uploads\/2025\/10\/Dr.-Jose-Luis-Santos.png","keywords":["fibrilacion auricular","pulso vital","Zamora"],"articleSection":["Cardiolog\u00eda","Grupo Recoletas","HRZA","I+D","Publicaciones","Recoletas Salud"],"inLanguage":"es"},{"@type":"WebPage","@id":"https:\/\/www.gruporecoletas.com\/noticias\/el-proyecto-pulso-vital-de-recoletas-salud-en-las-v-jornadas-de-enfermeria-de-urgencias-y-emergencias-de-castilla-y-leon\/","url":"https:\/\/www.gruporecoletas.com\/noticias\/el-proyecto-pulso-vital-de-recoletas-salud-en-las-v-jornadas-de-enfermeria-de-urgencias-y-emergencias-de-castilla-y-leon\/","name":"El proyecto Pulso Vital de Recoletas Salud en las V Jornadas de Enfermer\u00eda de Urgencias y Emergencias de Castilla y Le\u00f3n - Noticias Grupo Recoletas","isPartOf":{"@id":"https:\/\/www.gruporecoletas.com\/noticias\/#website"},"primaryImageOfPage":{"@id":"https:\/\/www.gruporecoletas.com\/noticias\/el-proyecto-pulso-vital-de-recoletas-salud-en-las-v-jornadas-de-enfermeria-de-urgencias-y-emergencias-de-castilla-y-leon\/#primaryimage"},"image":{"@id":"https:\/\/www.gruporecoletas.com\/noticias\/el-proyecto-pulso-vital-de-recoletas-salud-en-las-v-jornadas-de-enfermeria-de-urgencias-y-emergencias-de-castilla-y-leon\/#primaryimage"},"thumbnailUrl":"https:\/\/www.gruporecoletas.com\/noticias\/wp-content\/uploads\/2025\/10\/Dr.-Jose-Luis-Santos.png","datePublished":"2025-10-16T08:30:00+00:00","dateModified":"2025-10-20T10:14:03+00:00","author":{"@id":"https:\/\/www.gruporecoletas.com\/noticias\/#\/schema\/person\/525e7b25ffda48a35199a94c4aaf69ea"},"description":"El Dr. Jos\u00e9 Luis Santos presenta Pulso Vital en las V Jornadas de Enfermer\u00eda, abordando la fibrilaci\u00f3n auricular y su prevenci\u00f3n.","breadcrumb":{"@id":"https:\/\/www.gruporecoletas.com\/noticias\/el-proyecto-pulso-vital-de-recoletas-salud-en-las-v-jornadas-de-enfermeria-de-urgencias-y-emergencias-de-castilla-y-leon\/#breadcrumb"},"inLanguage":"es","potentialAction":[{"@type":"ReadAction","target":["https:\/\/www.gruporecoletas.com\/noticias\/el-proyecto-pulso-vital-de-recoletas-salud-en-las-v-jornadas-de-enfermeria-de-urgencias-y-emergencias-de-castilla-y-leon\/"]}]},{"@type":"ImageObject","inLanguage":"es","@id":"https:\/\/www.gruporecoletas.com\/noticias\/el-proyecto-pulso-vital-de-recoletas-salud-en-las-v-jornadas-de-enfermeria-de-urgencias-y-emergencias-de-castilla-y-leon\/#primaryimage","url":"https:\/\/www.gruporecoletas.com\/noticias\/wp-content\/uploads\/2025\/10\/Dr.-Jose-Luis-Santos.png","contentUrl":"https:\/\/www.gruporecoletas.com\/noticias\/wp-content\/uploads\/2025\/10\/Dr.-Jose-Luis-Santos.png","width":500,"height":700,"caption":"El proyecto Pulso Vital de Recoletas Salud en las V Jornadas de Enfermer\u00eda de Urgencias y Emergencias de Castilla y Le\u00f3n"},{"@type":"BreadcrumbList","@id":"https:\/\/www.gruporecoletas.com\/noticias\/el-proyecto-pulso-vital-de-recoletas-salud-en-las-v-jornadas-de-enfermeria-de-urgencias-y-emergencias-de-castilla-y-leon\/#breadcrumb","itemListElement":[{"@type":"ListItem","position":1,"name":"Portada","item":"https:\/\/www.gruporecoletas.com\/noticias\/"},{"@type":"ListItem","position":2,"name":"El proyecto Pulso Vital de Recoletas Salud en las V Jornadas de Enfermer\u00eda de Urgencias y Emergencias de Castilla y Le\u00f3n"}]},{"@type":"WebSite","@id":"https:\/\/www.gruporecoletas.com\/noticias\/#website","url":"https:\/\/www.gruporecoletas.com\/noticias\/","name":"Noticias Grupo Recoletas","description":"Grupo Recoletas","potentialAction":[{"@type":"SearchAction","target":{"@type":"EntryPoint","urlTemplate":"https:\/\/www.gruporecoletas.com\/noticias\/?s={search_term_string}"},"query-input":{"@type":"PropertyValueSpecification","valueRequired":true,"valueName":"search_term_string"}}],"inLanguage":"es"},{"@type":"Person","@id":"https:\/\/www.gruporecoletas.com\/noticias\/#\/schema\/person\/525e7b25ffda48a35199a94c4aaf69ea","name":"Ruben","url":"https:\/\/www.gruporecoletas.com\/noticias\/author\/ruben\/"}]}},"_links":{"self":[{"href":"https:\/\/www.gruporecoletas.com\/noticias\/wp-json\/wp\/v2\/posts\/16757","targetHints":{"allow":["GET"]}}],"collection":[{"href":"https:\/\/www.gruporecoletas.com\/noticias\/wp-json\/wp\/v2\/posts"}],"about":[{"href":"https:\/\/www.gruporecoletas.com\/noticias\/wp-json\/wp\/v2\/types\/post"}],"author":[{"embeddable":true,"href":"https:\/\/www.gruporecoletas.com\/noticias\/wp-json\/wp\/v2\/users\/13"}],"replies":[{"embeddable":true,"href":"https:\/\/www.gruporecoletas.com\/noticias\/wp-json\/wp\/v2\/comments?post=16757"}],"version-history":[{"count":1,"href":"https:\/\/www.gruporecoletas.com\/noticias\/wp-json\/wp\/v2\/posts\/16757\/revisions"}],"predecessor-version":[{"id":16759,"href":"https:\/\/www.gruporecoletas.com\/noticias\/wp-json\/wp\/v2\/posts\/16757\/revisions\/16759"}],"wp:featuredmedia":[{"embeddable":true,"href":"https:\/\/www.gruporecoletas.com\/noticias\/wp-json\/wp\/v2\/media\/16758"}],"wp:attachment":[{"href":"https:\/\/www.gruporecoletas.com\/noticias\/wp-json\/wp\/v2\/media?parent=16757"}],"wp:term":[{"taxonomy":"category","embeddable":true,"href":"https:\/\/www.gruporecoletas.com\/noticias\/wp-json\/wp\/v2\/categories?post=16757"},{"taxonomy":"post_tag","embeddable":true,"href":"https:\/\/www.gruporecoletas.com\/noticias\/wp-json\/wp\/v2\/tags?post=16757"}],"curies":[{"name":"wp","href":"https:\/\/api.w.org\/{rel}","templated":true}]}}