{"id":16769,"date":"2025-10-30T15:14:39","date_gmt":"2025-10-30T14:14:39","guid":{"rendered":"https:\/\/www.gruporecoletas.com\/noticias\/?p=16769"},"modified":"2025-10-30T15:14:41","modified_gmt":"2025-10-30T14:14:41","slug":"recoletas-salud-marbella-salud-y-bienestar","status":"publish","type":"post","link":"https:\/\/www.gruporecoletas.com\/noticias\/recoletas-salud-marbella-salud-y-bienestar\/","title":{"rendered":"El Hospital Recoletas Salud Marbella concebido para ser referencia de salud y bienestar"},"content":{"rendered":"\n<h3 class=\"wp-block-heading\" id=\"h-gracias-a-sus-profesionales-la-tecnologia-medica-y-las-instalaciones\"><strong><em>Gracias a sus profesionales, la tecnolog\u00eda m\u00e9dica y las instalaciones<\/em><\/strong><\/h3>\n\n\n\n<p>El hospital Recoletas Salud Marbella est\u00e1 destinado a convertirse en un referente de la sanidad en Marbella gracias sus profesionales m\u00e9dicos, la tecnolog\u00eda y las instalaciones con las que cuenta, as\u00ed lo aseguraron esta ma\u00f1ana el presidente de Recoletas Salud, Amando Rodr\u00edguez, y la gerente del <a href=\"https:\/\/recoletasmarbella.com\/es\/\">hospital de Marbella<\/a>, Carmen Rodr\u00edguez.<\/p>\n\n\n\n<p>Para Recoletas Salud, que cuenta con una trayectoria de 36 a\u00f1os en el mundo de la Sanidad Privada y es l\u00edder en muchas de las ciudades en las que est\u00e1 presente, es un honor poder desarrollar su modelo en Marbella y contribuir a que las personas de la ciudad vivan m\u00e1s tiempo, mejor y m\u00e1s felices.<\/p>\n\n\n\n<h3 class=\"wp-block-heading\" id=\"h-sobre-el-hospital-recoletas-salud-marbella\"><strong><u>Sobre el Hospital Recoletas Salud Marbella<\/u><\/strong><\/h3>\n\n\n\n<p>El cuadro m\u00e9dico asciende ahora mismo a una treintena de especialistas en Ginecolog\u00eda y Obstetricia, Cirug\u00eda Neurovertebral, Traumatolog\u00eda, Cardiolog\u00eda, Radiolog\u00eda, Urolog\u00eda, Cirug\u00eda General, Cirug\u00eda Cardiovascular, Medicina Interna, Urgencias\u2026<\/p>\n\n\n\n<p>Respecto al equipamiento m\u00e9dico, el hospital dispone de una sala de hemodin\u00e1mica y cuatro quir\u00f3fanos, uno de los cuales est\u00e1 considerado como uno de los m\u00e1s avanzados de Europa. Se trata de un quir\u00f3fano polivalente de \u00faltima generaci\u00f3n para cirug\u00edas de elevada complejidad y equipado con la \u00faltima tecnolog\u00eda e innovaci\u00f3n: esc\u00e1ner O-ARM de \u00faltima generaci\u00f3n, navegador S8, robot Mazor y el microscopio 3d 4K, Exoscopio, Kinevo 900s, el microscopio quir\u00fargico m\u00e1s sofisticado del mercado, que ofrece la mejor visualizaci\u00f3n digital.<\/p>\n\n\n\n<p>Tambi\u00e9n el servicio de Diagn\u00f3stico por Imagen del hospital Recoletas Salud de Marbella, destac\u00f3 Amando Rodr\u00edguez, es un servicio exclusivo al contar con una Resonancia Magn\u00e9tica 3 Teslas Lumina, con t\u00fanel de 70 cm y con Inteligencia Artificial que facilita la adquisici\u00f3n de im\u00e1genes en un menor tiempo; un TAC de 128 cortes que dispone de tecnolog\u00eda espectral que hace posible reducir la dosis de radiaci\u00f3n al paciente y, adem\u00e1s, ayuda a la mayor detecci\u00f3n y caracterizaci\u00f3n de las lesiones tumorales; un equipo de rayos X digital y robotizado; dos ec\u00f3grafos; un mam\u00f3grafo para mamograf\u00eda con tomos\u00edntesis y mamograf\u00eda con contraste y biopsia 3D y un densit\u00f3metro que realiza estudios para valorar el diagn\u00f3stico de la osteoporosis y osteopenia, evaluando el riesgo de fractura.<\/p>\n\n\n\n<p>Otros servicios importantes del hospital son las urgencias 24 horas, la unidad de reanimaci\u00f3n y la unidad de cuidados intensivos con 7 puestos, las 20 habitaciones boutique para hospitalizaci\u00f3n, todas ellas dotadas de terraza, el Servicio de Atenci\u00f3n al Paciente internacional, el aparcamiento y la cafeter\u00eda.<\/p>\n\n\n\n<h3 class=\"wp-block-heading\" id=\"h-sobre-recoletas-salud\"><strong><u>Sobre Recoletas Salud<\/u><\/strong><\/h3>\n\n\n\n<p>Cuenta con una trayectoria de 36 a\u00f1os en el mundo de la Sanidad Privada y es l\u00edder en muchas de las ciudades en las que est\u00e1 presente: Valladolid, Burgos, Palencia, Zamora, Segovia, Ponferrada, Cuenca, Ourense, C\u00e1diz, Sevilla, C\u00f3rdoba, Marbella, Murcia, Zaragoza, Pamplona, Le\u00f3n y Santander.<\/p>\n","protected":false},"excerpt":{"rendered":"<p>Gracias a sus profesionales, la tecnolog\u00eda m\u00e9dica y las instalaciones El hospital Recoletas Salud Marbella est\u00e1 destinado a convertirse en un referente de la sanidad en Marbella gracias sus profesionales m\u00e9dicos, la tecnolog\u00eda y las instalaciones con las que cuenta, as\u00ed lo aseguraron esta ma\u00f1ana el presidente de Recoletas Salud, Amando Rodr\u00edguez, y la gerente [&hellip;]<\/p>\n","protected":false},"author":14,"featured_media":16770,"comment_status":"closed","ping_status":"closed","sticky":false,"template":"","format":"standard","meta":{"_acf_changed":false,"footnotes":""},"categories":[3461],"tags":[3268,3462],"class_list":["post-16769","post","type-post","status-publish","format-standard","has-post-thumbnail","hentry","category-marbella","tag-recoletas-salud","tag-recoletas-salud-marbella"],"acf":[],"yoast_head":"<!-- This site is optimized with the Yoast SEO Premium plugin v27.3 (Yoast SEO v27.3) - https:\/\/yoast.com\/product\/yoast-seo-premium-wordpress\/ -->\n<title>El Hospital Recoletas Salud Marbella concebido para ser referencia de salud y bienestar - Noticias Grupo Recoletas<\/title>\n<meta name=\"description\" content=\"El hospital Recoletas Salud Marbella est\u00e1 destinado a convertirse en un referente de la sanidad en Marbella gracias sus profesionales m\u00e9dicos, la tecnolog\u00eda y las instalaciones.\" \/>\n<meta name=\"robots\" content=\"index, follow, max-snippet:-1, max-image-preview:large, max-video-preview:-1\" \/>\n<link rel=\"canonical\" href=\"https:\/\/www.gruporecoletas.com\/noticias\/recoletas-salud-marbella-salud-y-bienestar\/\" \/>\n<meta property=\"og:locale\" content=\"es_ES\" \/>\n<meta property=\"og:type\" content=\"article\" \/>\n<meta property=\"og:title\" content=\"El Hospital Recoletas Salud Marbella concebido para ser referencia de salud y bienestar\" \/>\n<meta property=\"og:description\" content=\"El hospital Recoletas Salud Marbella est\u00e1 destinado a convertirse en un referente de la sanidad en Marbella gracias sus profesionales m\u00e9dicos, la tecnolog\u00eda y las instalaciones.\" \/>\n<meta property=\"og:url\" content=\"https:\/\/www.gruporecoletas.com\/noticias\/recoletas-salud-marbella-salud-y-bienestar\/\" \/>\n<meta property=\"og:site_name\" content=\"Noticias Grupo Recoletas\" \/>\n<meta property=\"article:publisher\" content=\"https:\/\/www.facebook.com\/GrupoRecoletas\/\" \/>\n<meta property=\"article:published_time\" content=\"2025-10-30T14:14:39+00:00\" \/>\n<meta property=\"article:modified_time\" content=\"2025-10-30T14:14:41+00:00\" \/>\n<meta property=\"og:image\" content=\"https:\/\/www.gruporecoletas.com\/noticias\/wp-content\/uploads\/2025\/10\/El-Hospital-Recoletas-Salud-Marbella-concebido-para-ser-referencia-de-salud-y-bienestar.png\" \/>\n\t<meta property=\"og:image:width\" content=\"1366\" \/>\n\t<meta property=\"og:image:height\" content=\"768\" \/>\n\t<meta property=\"og:image:type\" content=\"image\/png\" \/>\n<meta name=\"author\" content=\"Henar\" \/>\n<meta name=\"twitter:card\" content=\"summary_large_image\" \/>\n<meta name=\"twitter:creator\" content=\"@GrupoRecoletas\" \/>\n<meta name=\"twitter:site\" content=\"@GrupoRecoletas\" \/>\n<meta name=\"twitter:label1\" content=\"Escrito por\" \/>\n\t<meta name=\"twitter:data1\" content=\"Henar\" \/>\n\t<meta name=\"twitter:label2\" content=\"Tiempo de lectura\" \/>\n\t<meta name=\"twitter:data2\" content=\"3 minutos\" \/>\n<script type=\"application\/ld+json\" class=\"yoast-schema-graph\">{\"@context\":\"https:\\\/\\\/schema.org\",\"@graph\":[{\"@type\":\"Article\",\"@id\":\"https:\\\/\\\/www.gruporecoletas.com\\\/noticias\\\/recoletas-salud-marbella-salud-y-bienestar\\\/#article\",\"isPartOf\":{\"@id\":\"https:\\\/\\\/www.gruporecoletas.com\\\/noticias\\\/recoletas-salud-marbella-salud-y-bienestar\\\/\"},\"author\":{\"name\":\"Henar\",\"@id\":\"https:\\\/\\\/www.gruporecoletas.com\\\/noticias\\\/#\\\/schema\\\/person\\\/915ff4d0e9a3b0290a9d42af644e6054\"},\"headline\":\"El Hospital Recoletas Salud Marbella concebido para ser referencia de salud y bienestar\",\"datePublished\":\"2025-10-30T14:14:39+00:00\",\"dateModified\":\"2025-10-30T14:14:41+00:00\",\"mainEntityOfPage\":{\"@id\":\"https:\\\/\\\/www.gruporecoletas.com\\\/noticias\\\/recoletas-salud-marbella-salud-y-bienestar\\\/\"},\"wordCount\":517,\"image\":{\"@id\":\"https:\\\/\\\/www.gruporecoletas.com\\\/noticias\\\/recoletas-salud-marbella-salud-y-bienestar\\\/#primaryimage\"},\"thumbnailUrl\":\"https:\\\/\\\/www.gruporecoletas.com\\\/noticias\\\/wp-content\\\/uploads\\\/2025\\\/10\\\/El-Hospital-Recoletas-Salud-Marbella-concebido-para-ser-referencia-de-salud-y-bienestar.png\",\"keywords\":[\"Recoletas Salud\",\"Recoletas Salud Marbella\"],\"articleSection\":[\"Marbella\"],\"inLanguage\":\"es\"},{\"@type\":\"WebPage\",\"@id\":\"https:\\\/\\\/www.gruporecoletas.com\\\/noticias\\\/recoletas-salud-marbella-salud-y-bienestar\\\/\",\"url\":\"https:\\\/\\\/www.gruporecoletas.com\\\/noticias\\\/recoletas-salud-marbella-salud-y-bienestar\\\/\",\"name\":\"El Hospital Recoletas Salud Marbella concebido para ser referencia de salud y bienestar - Noticias Grupo Recoletas\",\"isPartOf\":{\"@id\":\"https:\\\/\\\/www.gruporecoletas.com\\\/noticias\\\/#website\"},\"primaryImageOfPage\":{\"@id\":\"https:\\\/\\\/www.gruporecoletas.com\\\/noticias\\\/recoletas-salud-marbella-salud-y-bienestar\\\/#primaryimage\"},\"image\":{\"@id\":\"https:\\\/\\\/www.gruporecoletas.com\\\/noticias\\\/recoletas-salud-marbella-salud-y-bienestar\\\/#primaryimage\"},\"thumbnailUrl\":\"https:\\\/\\\/www.gruporecoletas.com\\\/noticias\\\/wp-content\\\/uploads\\\/2025\\\/10\\\/El-Hospital-Recoletas-Salud-Marbella-concebido-para-ser-referencia-de-salud-y-bienestar.png\",\"datePublished\":\"2025-10-30T14:14:39+00:00\",\"dateModified\":\"2025-10-30T14:14:41+00:00\",\"author\":{\"@id\":\"https:\\\/\\\/www.gruporecoletas.com\\\/noticias\\\/#\\\/schema\\\/person\\\/915ff4d0e9a3b0290a9d42af644e6054\"},\"description\":\"El hospital Recoletas Salud Marbella est\u00e1 destinado a convertirse en un referente de la sanidad en Marbella gracias sus profesionales m\u00e9dicos, la tecnolog\u00eda y las instalaciones.\",\"breadcrumb\":{\"@id\":\"https:\\\/\\\/www.gruporecoletas.com\\\/noticias\\\/recoletas-salud-marbella-salud-y-bienestar\\\/#breadcrumb\"},\"inLanguage\":\"es\",\"potentialAction\":[{\"@type\":\"ReadAction\",\"target\":[\"https:\\\/\\\/www.gruporecoletas.com\\\/noticias\\\/recoletas-salud-marbella-salud-y-bienestar\\\/\"]}]},{\"@type\":\"ImageObject\",\"inLanguage\":\"es\",\"@id\":\"https:\\\/\\\/www.gruporecoletas.com\\\/noticias\\\/recoletas-salud-marbella-salud-y-bienestar\\\/#primaryimage\",\"url\":\"https:\\\/\\\/www.gruporecoletas.com\\\/noticias\\\/wp-content\\\/uploads\\\/2025\\\/10\\\/El-Hospital-Recoletas-Salud-Marbella-concebido-para-ser-referencia-de-salud-y-bienestar.png\",\"contentUrl\":\"https:\\\/\\\/www.gruporecoletas.com\\\/noticias\\\/wp-content\\\/uploads\\\/2025\\\/10\\\/El-Hospital-Recoletas-Salud-Marbella-concebido-para-ser-referencia-de-salud-y-bienestar.png\",\"width\":1366,\"height\":768,\"caption\":\"El Hospital Recoletas Salud Marbella concebido para ser referencia de salud y bienestar\"},{\"@type\":\"BreadcrumbList\",\"@id\":\"https:\\\/\\\/www.gruporecoletas.com\\\/noticias\\\/recoletas-salud-marbella-salud-y-bienestar\\\/#breadcrumb\",\"itemListElement\":[{\"@type\":\"ListItem\",\"position\":1,\"name\":\"Portada\",\"item\":\"https:\\\/\\\/www.gruporecoletas.com\\\/noticias\\\/\"},{\"@type\":\"ListItem\",\"position\":2,\"name\":\"El Hospital Recoletas Salud Marbella concebido para ser referencia de salud y bienestar\"}]},{\"@type\":\"WebSite\",\"@id\":\"https:\\\/\\\/www.gruporecoletas.com\\\/noticias\\\/#website\",\"url\":\"https:\\\/\\\/www.gruporecoletas.com\\\/noticias\\\/\",\"name\":\"Noticias Grupo Recoletas\",\"description\":\"Grupo Recoletas\",\"potentialAction\":[{\"@type\":\"SearchAction\",\"target\":{\"@type\":\"EntryPoint\",\"urlTemplate\":\"https:\\\/\\\/www.gruporecoletas.com\\\/noticias\\\/?s={search_term_string}\"},\"query-input\":{\"@type\":\"PropertyValueSpecification\",\"valueRequired\":true,\"valueName\":\"search_term_string\"}}],\"inLanguage\":\"es\"},{\"@type\":\"Person\",\"@id\":\"https:\\\/\\\/www.gruporecoletas.com\\\/noticias\\\/#\\\/schema\\\/person\\\/915ff4d0e9a3b0290a9d42af644e6054\",\"name\":\"Henar\",\"url\":\"https:\\\/\\\/www.gruporecoletas.com\\\/noticias\\\/author\\\/henar\\\/\"}]}<\/script>\n<!-- \/ Yoast SEO Premium plugin. -->","yoast_head_json":{"title":"El Hospital Recoletas Salud Marbella concebido para ser referencia de salud y bienestar - Noticias Grupo Recoletas","description":"El hospital Recoletas Salud Marbella est\u00e1 destinado a convertirse en un referente de la sanidad en Marbella gracias sus profesionales m\u00e9dicos, la tecnolog\u00eda y las instalaciones.","robots":{"index":"index","follow":"follow","max-snippet":"max-snippet:-1","max-image-preview":"max-image-preview:large","max-video-preview":"max-video-preview:-1"},"canonical":"https:\/\/www.gruporecoletas.com\/noticias\/recoletas-salud-marbella-salud-y-bienestar\/","og_locale":"es_ES","og_type":"article","og_title":"El Hospital Recoletas Salud Marbella concebido para ser referencia de salud y bienestar","og_description":"El hospital Recoletas Salud Marbella est\u00e1 destinado a convertirse en un referente de la sanidad en Marbella gracias sus profesionales m\u00e9dicos, la tecnolog\u00eda y las instalaciones.","og_url":"https:\/\/www.gruporecoletas.com\/noticias\/recoletas-salud-marbella-salud-y-bienestar\/","og_site_name":"Noticias Grupo Recoletas","article_publisher":"https:\/\/www.facebook.com\/GrupoRecoletas\/","article_published_time":"2025-10-30T14:14:39+00:00","article_modified_time":"2025-10-30T14:14:41+00:00","og_image":[{"width":1366,"height":768,"url":"https:\/\/www.gruporecoletas.com\/noticias\/wp-content\/uploads\/2025\/10\/El-Hospital-Recoletas-Salud-Marbella-concebido-para-ser-referencia-de-salud-y-bienestar.png","type":"image\/png"}],"author":"Henar","twitter_card":"summary_large_image","twitter_creator":"@GrupoRecoletas","twitter_site":"@GrupoRecoletas","twitter_misc":{"Escrito por":"Henar","Tiempo de lectura":"3 minutos"},"schema":{"@context":"https:\/\/schema.org","@graph":[{"@type":"Article","@id":"https:\/\/www.gruporecoletas.com\/noticias\/recoletas-salud-marbella-salud-y-bienestar\/#article","isPartOf":{"@id":"https:\/\/www.gruporecoletas.com\/noticias\/recoletas-salud-marbella-salud-y-bienestar\/"},"author":{"name":"Henar","@id":"https:\/\/www.gruporecoletas.com\/noticias\/#\/schema\/person\/915ff4d0e9a3b0290a9d42af644e6054"},"headline":"El Hospital Recoletas Salud Marbella concebido para ser referencia de salud y bienestar","datePublished":"2025-10-30T14:14:39+00:00","dateModified":"2025-10-30T14:14:41+00:00","mainEntityOfPage":{"@id":"https:\/\/www.gruporecoletas.com\/noticias\/recoletas-salud-marbella-salud-y-bienestar\/"},"wordCount":517,"image":{"@id":"https:\/\/www.gruporecoletas.com\/noticias\/recoletas-salud-marbella-salud-y-bienestar\/#primaryimage"},"thumbnailUrl":"https:\/\/www.gruporecoletas.com\/noticias\/wp-content\/uploads\/2025\/10\/El-Hospital-Recoletas-Salud-Marbella-concebido-para-ser-referencia-de-salud-y-bienestar.png","keywords":["Recoletas Salud","Recoletas Salud Marbella"],"articleSection":["Marbella"],"inLanguage":"es"},{"@type":"WebPage","@id":"https:\/\/www.gruporecoletas.com\/noticias\/recoletas-salud-marbella-salud-y-bienestar\/","url":"https:\/\/www.gruporecoletas.com\/noticias\/recoletas-salud-marbella-salud-y-bienestar\/","name":"El Hospital Recoletas Salud Marbella concebido para ser referencia de salud y bienestar - Noticias Grupo Recoletas","isPartOf":{"@id":"https:\/\/www.gruporecoletas.com\/noticias\/#website"},"primaryImageOfPage":{"@id":"https:\/\/www.gruporecoletas.com\/noticias\/recoletas-salud-marbella-salud-y-bienestar\/#primaryimage"},"image":{"@id":"https:\/\/www.gruporecoletas.com\/noticias\/recoletas-salud-marbella-salud-y-bienestar\/#primaryimage"},"thumbnailUrl":"https:\/\/www.gruporecoletas.com\/noticias\/wp-content\/uploads\/2025\/10\/El-Hospital-Recoletas-Salud-Marbella-concebido-para-ser-referencia-de-salud-y-bienestar.png","datePublished":"2025-10-30T14:14:39+00:00","dateModified":"2025-10-30T14:14:41+00:00","author":{"@id":"https:\/\/www.gruporecoletas.com\/noticias\/#\/schema\/person\/915ff4d0e9a3b0290a9d42af644e6054"},"description":"El hospital Recoletas Salud Marbella est\u00e1 destinado a convertirse en un referente de la sanidad en Marbella gracias sus profesionales m\u00e9dicos, la tecnolog\u00eda y las instalaciones.","breadcrumb":{"@id":"https:\/\/www.gruporecoletas.com\/noticias\/recoletas-salud-marbella-salud-y-bienestar\/#breadcrumb"},"inLanguage":"es","potentialAction":[{"@type":"ReadAction","target":["https:\/\/www.gruporecoletas.com\/noticias\/recoletas-salud-marbella-salud-y-bienestar\/"]}]},{"@type":"ImageObject","inLanguage":"es","@id":"https:\/\/www.gruporecoletas.com\/noticias\/recoletas-salud-marbella-salud-y-bienestar\/#primaryimage","url":"https:\/\/www.gruporecoletas.com\/noticias\/wp-content\/uploads\/2025\/10\/El-Hospital-Recoletas-Salud-Marbella-concebido-para-ser-referencia-de-salud-y-bienestar.png","contentUrl":"https:\/\/www.gruporecoletas.com\/noticias\/wp-content\/uploads\/2025\/10\/El-Hospital-Recoletas-Salud-Marbella-concebido-para-ser-referencia-de-salud-y-bienestar.png","width":1366,"height":768,"caption":"El Hospital Recoletas Salud Marbella concebido para ser referencia de salud y bienestar"},{"@type":"BreadcrumbList","@id":"https:\/\/www.gruporecoletas.com\/noticias\/recoletas-salud-marbella-salud-y-bienestar\/#breadcrumb","itemListElement":[{"@type":"ListItem","position":1,"name":"Portada","item":"https:\/\/www.gruporecoletas.com\/noticias\/"},{"@type":"ListItem","position":2,"name":"El Hospital Recoletas Salud Marbella concebido para ser referencia de salud y bienestar"}]},{"@type":"WebSite","@id":"https:\/\/www.gruporecoletas.com\/noticias\/#website","url":"https:\/\/www.gruporecoletas.com\/noticias\/","name":"Noticias Grupo Recoletas","description":"Grupo Recoletas","potentialAction":[{"@type":"SearchAction","target":{"@type":"EntryPoint","urlTemplate":"https:\/\/www.gruporecoletas.com\/noticias\/?s={search_term_string}"},"query-input":{"@type":"PropertyValueSpecification","valueRequired":true,"valueName":"search_term_string"}}],"inLanguage":"es"},{"@type":"Person","@id":"https:\/\/www.gruporecoletas.com\/noticias\/#\/schema\/person\/915ff4d0e9a3b0290a9d42af644e6054","name":"Henar","url":"https:\/\/www.gruporecoletas.com\/noticias\/author\/henar\/"}]}},"_links":{"self":[{"href":"https:\/\/www.gruporecoletas.com\/noticias\/wp-json\/wp\/v2\/posts\/16769","targetHints":{"allow":["GET"]}}],"collection":[{"href":"https:\/\/www.gruporecoletas.com\/noticias\/wp-json\/wp\/v2\/posts"}],"about":[{"href":"https:\/\/www.gruporecoletas.com\/noticias\/wp-json\/wp\/v2\/types\/post"}],"author":[{"embeddable":true,"href":"https:\/\/www.gruporecoletas.com\/noticias\/wp-json\/wp\/v2\/users\/14"}],"replies":[{"embeddable":true,"href":"https:\/\/www.gruporecoletas.com\/noticias\/wp-json\/wp\/v2\/comments?post=16769"}],"version-history":[{"count":1,"href":"https:\/\/www.gruporecoletas.com\/noticias\/wp-json\/wp\/v2\/posts\/16769\/revisions"}],"predecessor-version":[{"id":16771,"href":"https:\/\/www.gruporecoletas.com\/noticias\/wp-json\/wp\/v2\/posts\/16769\/revisions\/16771"}],"wp:featuredmedia":[{"embeddable":true,"href":"https:\/\/www.gruporecoletas.com\/noticias\/wp-json\/wp\/v2\/media\/16770"}],"wp:attachment":[{"href":"https:\/\/www.gruporecoletas.com\/noticias\/wp-json\/wp\/v2\/media?parent=16769"}],"wp:term":[{"taxonomy":"category","embeddable":true,"href":"https:\/\/www.gruporecoletas.com\/noticias\/wp-json\/wp\/v2\/categories?post=16769"},{"taxonomy":"post_tag","embeddable":true,"href":"https:\/\/www.gruporecoletas.com\/noticias\/wp-json\/wp\/v2\/tags?post=16769"}],"curies":[{"name":"wp","href":"https:\/\/api.w.org\/{rel}","templated":true}]}}