{"id":16824,"date":"2025-12-16T13:14:55","date_gmt":"2025-12-16T12:14:55","guid":{"rendered":"https:\/\/www.gruporecoletas.com\/noticias\/?p=16824"},"modified":"2025-12-16T13:14:56","modified_gmt":"2025-12-16T12:14:56","slug":"cristina-gutierrez-confia-en-recoletas-salud-para-su-preparacion-antes-del-rally-dakar","status":"publish","type":"post","link":"https:\/\/www.gruporecoletas.com\/noticias\/cristina-gutierrez-confia-en-recoletas-salud-para-su-preparacion-antes-del-rally-dakar\/","title":{"rendered":"Cristina Guti\u00e9rrez conf\u00eda en Recoletas Salud para su preparaci\u00f3n antes del Rally Dakar"},"content":{"rendered":"\n<p><strong>Cristina Guti\u00e9rrez visita el Hospital Recoletas Salud Burgos antes de afrontar un nuevo Rally Dakar<\/strong>. La <strong>campeona absoluta del Rally Dakar en la categor\u00eda Challenge<\/strong>, <strong>Cristina Guti\u00e9rrez<\/strong>, ha visitado recientemente el <strong>Hospital Recoletas Salud Burgos<\/strong> como parte de su preparaci\u00f3n previa a la pr\u00f3xima edici\u00f3n de la competici\u00f3n.<\/p>\n\n\n\n<p>La piloto burgalesa vuelve a hacer historia al convertirse en la <strong>segunda mujer de la competici\u00f3n<\/strong> que participar\u00e1 en esta edici\u00f3n como <strong>piloto oficial<\/strong> en la prueba de resistencia m\u00e1s exigente del mundo del motor. Del <strong>3 al 17 de enero<\/strong>, <strong>Arabia Saud\u00ed<\/strong> ser\u00e1 el escenario en el que se medir\u00e1 con los mejores pilotos internacionales.<\/p>\n\n\n\n<p>Antes de emprender este importante reto deportivo, Cristina Guti\u00e9rrez ha querido ponerse en manos del <strong>Dr. Jacobo Salvat<\/strong>, especialista en <strong>Traumatolog\u00eda y Cirug\u00eda Ortop\u00e9dica de Recoletas Salud<\/strong>, para realizar un <strong>chequeo m\u00e9dico preventivo<\/strong> y afrontar la competici\u00f3n en las mejores condiciones f\u00edsicas posibles. Una preparaci\u00f3n clave para una prueba que exige pasar <strong>entre 10 y 12 horas diarias al volante<\/strong>.<\/p>\n\n\n\n<p>Adem\u00e1s, en esta edici\u00f3n la deportista da un nuevo paso en su carrera al competir en la categor\u00eda <strong>Ultimate (T1+)<\/strong>, el m\u00e1ximo nivel del rally raid mundial, consolid\u00e1ndose entre la \u00e9lite del automovilismo internacional.<\/p>\n\n\n\n<p>Desde <strong>Recoletas Salud<\/strong> agradecemos a <strong>Cristina Guti\u00e9rrez<\/strong> la confianza depositada en nuestros profesionales y le deseamos el mayor de los \u00e9xitos en este nuevo desaf\u00edo deportivo<\/p>\n","protected":false},"excerpt":{"rendered":"<p>Cristina Guti\u00e9rrez visita el Hospital Recoletas Salud Burgos antes de afrontar un nuevo Rally Dakar. La campeona absoluta del Rally Dakar en la categor\u00eda Challenge, Cristina Guti\u00e9rrez, ha visitado recientemente el Hospital Recoletas Salud Burgos como parte de su preparaci\u00f3n previa a la pr\u00f3xima edici\u00f3n de la competici\u00f3n. La piloto burgalesa vuelve a hacer historia [&hellip;]<\/p>\n","protected":false},"author":2,"featured_media":16825,"comment_status":"closed","ping_status":"closed","sticky":false,"template":"","format":"standard","meta":{"_acf_changed":false,"footnotes":""},"categories":[10,43,45,1,31,9,42],"tags":[3104,3467,1442,3376,38,3468],"class_list":["post-16824","post","type-post","status-publish","format-standard","has-post-thumbnail","hentry","category-burgos","category-centros","category-deporte","category-grupo-recoletas","category-hrbu","category-publicaciones","category-recoletas-salud","tag-burgos","tag-dakar","tag-deporte","tag-deporte-femenino","tag-hospital-recoletas-burgos","tag-rally"],"acf":[],"yoast_head":"<!-- This site is optimized with the Yoast SEO Premium plugin v27.3 (Yoast SEO v27.3) - https:\/\/yoast.com\/product\/yoast-seo-premium-wordpress\/ -->\n<title>Cristina Guti\u00e9rrez se prepara para el Rally Dakar - Noticias Grupo Recoletas<\/title>\n<meta name=\"description\" content=\"Cristina Guti\u00e9rrez visita el Hospital Recoletas Salud Burgos antes de competir en el Rally Dakar. Lee m\u00e1s sobre su historia.\" \/>\n<meta name=\"robots\" content=\"index, follow, max-snippet:-1, max-image-preview:large, max-video-preview:-1\" \/>\n<link rel=\"canonical\" href=\"https:\/\/www.gruporecoletas.com\/noticias\/cristina-gutierrez-confia-en-recoletas-salud-para-su-preparacion-antes-del-rally-dakar\/\" \/>\n<meta property=\"og:locale\" content=\"es_ES\" \/>\n<meta property=\"og:type\" content=\"article\" \/>\n<meta property=\"og:title\" content=\"Cristina Guti\u00e9rrez conf\u00eda en Recoletas Salud para su preparaci\u00f3n antes del Rally Dakar\" \/>\n<meta property=\"og:description\" content=\"Cristina Guti\u00e9rrez visita el Hospital Recoletas Salud Burgos antes de competir en el Rally Dakar. Lee m\u00e1s sobre su historia.\" \/>\n<meta property=\"og:url\" content=\"https:\/\/www.gruporecoletas.com\/noticias\/cristina-gutierrez-confia-en-recoletas-salud-para-su-preparacion-antes-del-rally-dakar\/\" \/>\n<meta property=\"og:site_name\" content=\"Noticias Grupo Recoletas\" \/>\n<meta property=\"article:publisher\" content=\"https:\/\/www.facebook.com\/GrupoRecoletas\/\" \/>\n<meta property=\"article:published_time\" content=\"2025-12-16T12:14:55+00:00\" \/>\n<meta property=\"article:modified_time\" content=\"2025-12-16T12:14:56+00:00\" \/>\n<meta property=\"og:image\" content=\"https:\/\/www.gruporecoletas.com\/noticias\/wp-content\/uploads\/2025\/12\/CRISTINA-GUTIERREZ-CAMPEONA-DAKAR-RECOLETAS-SALUD-BURGOS.png\" \/>\n\t<meta property=\"og:image:width\" content=\"1366\" \/>\n\t<meta property=\"og:image:height\" content=\"768\" \/>\n\t<meta property=\"og:image:type\" content=\"image\/png\" \/>\n<meta name=\"author\" content=\"Recoletas Red Hospitalaria\" \/>\n<meta name=\"twitter:card\" content=\"summary_large_image\" \/>\n<meta name=\"twitter:creator\" content=\"@GrupoRecoletas\" \/>\n<meta name=\"twitter:site\" content=\"@GrupoRecoletas\" \/>\n<meta name=\"twitter:label1\" content=\"Escrito por\" \/>\n\t<meta name=\"twitter:data1\" content=\"Recoletas Red Hospitalaria\" \/>\n\t<meta name=\"twitter:label2\" content=\"Tiempo de lectura\" \/>\n\t<meta name=\"twitter:data2\" content=\"2 minutos\" \/>\n<script type=\"application\/ld+json\" class=\"yoast-schema-graph\">{\"@context\":\"https:\\\/\\\/schema.org\",\"@graph\":[{\"@type\":\"Article\",\"@id\":\"https:\\\/\\\/www.gruporecoletas.com\\\/noticias\\\/cristina-gutierrez-confia-en-recoletas-salud-para-su-preparacion-antes-del-rally-dakar\\\/#article\",\"isPartOf\":{\"@id\":\"https:\\\/\\\/www.gruporecoletas.com\\\/noticias\\\/cristina-gutierrez-confia-en-recoletas-salud-para-su-preparacion-antes-del-rally-dakar\\\/\"},\"author\":{\"name\":\"Recoletas Red Hospitalaria\",\"@id\":\"https:\\\/\\\/www.gruporecoletas.com\\\/noticias\\\/#\\\/schema\\\/person\\\/3c6ac429828d1f5e3d3bd99f4da9b02c\"},\"headline\":\"Cristina Guti\u00e9rrez conf\u00eda en Recoletas Salud para su preparaci\u00f3n antes del Rally Dakar\",\"datePublished\":\"2025-12-16T12:14:55+00:00\",\"dateModified\":\"2025-12-16T12:14:56+00:00\",\"mainEntityOfPage\":{\"@id\":\"https:\\\/\\\/www.gruporecoletas.com\\\/noticias\\\/cristina-gutierrez-confia-en-recoletas-salud-para-su-preparacion-antes-del-rally-dakar\\\/\"},\"wordCount\":261,\"image\":{\"@id\":\"https:\\\/\\\/www.gruporecoletas.com\\\/noticias\\\/cristina-gutierrez-confia-en-recoletas-salud-para-su-preparacion-antes-del-rally-dakar\\\/#primaryimage\"},\"thumbnailUrl\":\"https:\\\/\\\/www.gruporecoletas.com\\\/noticias\\\/wp-content\\\/uploads\\\/2025\\\/12\\\/CRISTINA-GUTIERREZ-CAMPEONA-DAKAR-RECOLETAS-SALUD-BURGOS.png\",\"keywords\":[\"Burgos\",\"Dakar\",\"Deporte\",\"deporte femenino\",\"Hospital Recoletas Burgos\",\"Rally\"],\"articleSection\":[\"Burgos\",\"Centros\",\"Deporte\",\"Grupo Recoletas\",\"HRBU\",\"Publicaciones\",\"Recoletas Salud\"],\"inLanguage\":\"es\"},{\"@type\":\"WebPage\",\"@id\":\"https:\\\/\\\/www.gruporecoletas.com\\\/noticias\\\/cristina-gutierrez-confia-en-recoletas-salud-para-su-preparacion-antes-del-rally-dakar\\\/\",\"url\":\"https:\\\/\\\/www.gruporecoletas.com\\\/noticias\\\/cristina-gutierrez-confia-en-recoletas-salud-para-su-preparacion-antes-del-rally-dakar\\\/\",\"name\":\"Cristina Guti\u00e9rrez se prepara para el Rally Dakar - Noticias Grupo Recoletas\",\"isPartOf\":{\"@id\":\"https:\\\/\\\/www.gruporecoletas.com\\\/noticias\\\/#website\"},\"primaryImageOfPage\":{\"@id\":\"https:\\\/\\\/www.gruporecoletas.com\\\/noticias\\\/cristina-gutierrez-confia-en-recoletas-salud-para-su-preparacion-antes-del-rally-dakar\\\/#primaryimage\"},\"image\":{\"@id\":\"https:\\\/\\\/www.gruporecoletas.com\\\/noticias\\\/cristina-gutierrez-confia-en-recoletas-salud-para-su-preparacion-antes-del-rally-dakar\\\/#primaryimage\"},\"thumbnailUrl\":\"https:\\\/\\\/www.gruporecoletas.com\\\/noticias\\\/wp-content\\\/uploads\\\/2025\\\/12\\\/CRISTINA-GUTIERREZ-CAMPEONA-DAKAR-RECOLETAS-SALUD-BURGOS.png\",\"datePublished\":\"2025-12-16T12:14:55+00:00\",\"dateModified\":\"2025-12-16T12:14:56+00:00\",\"author\":{\"@id\":\"https:\\\/\\\/www.gruporecoletas.com\\\/noticias\\\/#\\\/schema\\\/person\\\/3c6ac429828d1f5e3d3bd99f4da9b02c\"},\"description\":\"Cristina Guti\u00e9rrez visita el Hospital Recoletas Salud Burgos antes de competir en el Rally Dakar. Lee m\u00e1s sobre su historia.\",\"breadcrumb\":{\"@id\":\"https:\\\/\\\/www.gruporecoletas.com\\\/noticias\\\/cristina-gutierrez-confia-en-recoletas-salud-para-su-preparacion-antes-del-rally-dakar\\\/#breadcrumb\"},\"inLanguage\":\"es\",\"potentialAction\":[{\"@type\":\"ReadAction\",\"target\":[\"https:\\\/\\\/www.gruporecoletas.com\\\/noticias\\\/cristina-gutierrez-confia-en-recoletas-salud-para-su-preparacion-antes-del-rally-dakar\\\/\"]}]},{\"@type\":\"ImageObject\",\"inLanguage\":\"es\",\"@id\":\"https:\\\/\\\/www.gruporecoletas.com\\\/noticias\\\/cristina-gutierrez-confia-en-recoletas-salud-para-su-preparacion-antes-del-rally-dakar\\\/#primaryimage\",\"url\":\"https:\\\/\\\/www.gruporecoletas.com\\\/noticias\\\/wp-content\\\/uploads\\\/2025\\\/12\\\/CRISTINA-GUTIERREZ-CAMPEONA-DAKAR-RECOLETAS-SALUD-BURGOS.png\",\"contentUrl\":\"https:\\\/\\\/www.gruporecoletas.com\\\/noticias\\\/wp-content\\\/uploads\\\/2025\\\/12\\\/CRISTINA-GUTIERREZ-CAMPEONA-DAKAR-RECOLETAS-SALUD-BURGOS.png\",\"width\":1366,\"height\":768,\"caption\":\"Cristina Guti\u00e9rrez conf\u00eda en Recoletas Salud para su preparaci\u00f3n antes del Rally Dakar\"},{\"@type\":\"BreadcrumbList\",\"@id\":\"https:\\\/\\\/www.gruporecoletas.com\\\/noticias\\\/cristina-gutierrez-confia-en-recoletas-salud-para-su-preparacion-antes-del-rally-dakar\\\/#breadcrumb\",\"itemListElement\":[{\"@type\":\"ListItem\",\"position\":1,\"name\":\"Portada\",\"item\":\"https:\\\/\\\/www.gruporecoletas.com\\\/noticias\\\/\"},{\"@type\":\"ListItem\",\"position\":2,\"name\":\"Cristina Guti\u00e9rrez conf\u00eda en Recoletas Salud para su preparaci\u00f3n antes del Rally Dakar\"}]},{\"@type\":\"WebSite\",\"@id\":\"https:\\\/\\\/www.gruporecoletas.com\\\/noticias\\\/#website\",\"url\":\"https:\\\/\\\/www.gruporecoletas.com\\\/noticias\\\/\",\"name\":\"Noticias Grupo Recoletas\",\"description\":\"Grupo Recoletas\",\"potentialAction\":[{\"@type\":\"SearchAction\",\"target\":{\"@type\":\"EntryPoint\",\"urlTemplate\":\"https:\\\/\\\/www.gruporecoletas.com\\\/noticias\\\/?s={search_term_string}\"},\"query-input\":{\"@type\":\"PropertyValueSpecification\",\"valueRequired\":true,\"valueName\":\"search_term_string\"}}],\"inLanguage\":\"es\"},{\"@type\":\"Person\",\"@id\":\"https:\\\/\\\/www.gruporecoletas.com\\\/noticias\\\/#\\\/schema\\\/person\\\/3c6ac429828d1f5e3d3bd99f4da9b02c\",\"name\":\"Recoletas Red Hospitalaria\",\"url\":\"https:\\\/\\\/www.gruporecoletas.com\\\/noticias\\\/author\\\/comunicacion\\\/\"}]}<\/script>\n<!-- \/ Yoast SEO Premium plugin. -->","yoast_head_json":{"title":"Cristina Guti\u00e9rrez se prepara para el Rally Dakar - Noticias Grupo Recoletas","description":"Cristina Guti\u00e9rrez visita el Hospital Recoletas Salud Burgos antes de competir en el Rally Dakar. Lee m\u00e1s sobre su historia.","robots":{"index":"index","follow":"follow","max-snippet":"max-snippet:-1","max-image-preview":"max-image-preview:large","max-video-preview":"max-video-preview:-1"},"canonical":"https:\/\/www.gruporecoletas.com\/noticias\/cristina-gutierrez-confia-en-recoletas-salud-para-su-preparacion-antes-del-rally-dakar\/","og_locale":"es_ES","og_type":"article","og_title":"Cristina Guti\u00e9rrez conf\u00eda en Recoletas Salud para su preparaci\u00f3n antes del Rally Dakar","og_description":"Cristina Guti\u00e9rrez visita el Hospital Recoletas Salud Burgos antes de competir en el Rally Dakar. Lee m\u00e1s sobre su historia.","og_url":"https:\/\/www.gruporecoletas.com\/noticias\/cristina-gutierrez-confia-en-recoletas-salud-para-su-preparacion-antes-del-rally-dakar\/","og_site_name":"Noticias Grupo Recoletas","article_publisher":"https:\/\/www.facebook.com\/GrupoRecoletas\/","article_published_time":"2025-12-16T12:14:55+00:00","article_modified_time":"2025-12-16T12:14:56+00:00","og_image":[{"width":1366,"height":768,"url":"https:\/\/www.gruporecoletas.com\/noticias\/wp-content\/uploads\/2025\/12\/CRISTINA-GUTIERREZ-CAMPEONA-DAKAR-RECOLETAS-SALUD-BURGOS.png","type":"image\/png"}],"author":"Recoletas Red Hospitalaria","twitter_card":"summary_large_image","twitter_creator":"@GrupoRecoletas","twitter_site":"@GrupoRecoletas","twitter_misc":{"Escrito por":"Recoletas Red Hospitalaria","Tiempo de lectura":"2 minutos"},"schema":{"@context":"https:\/\/schema.org","@graph":[{"@type":"Article","@id":"https:\/\/www.gruporecoletas.com\/noticias\/cristina-gutierrez-confia-en-recoletas-salud-para-su-preparacion-antes-del-rally-dakar\/#article","isPartOf":{"@id":"https:\/\/www.gruporecoletas.com\/noticias\/cristina-gutierrez-confia-en-recoletas-salud-para-su-preparacion-antes-del-rally-dakar\/"},"author":{"name":"Recoletas Red Hospitalaria","@id":"https:\/\/www.gruporecoletas.com\/noticias\/#\/schema\/person\/3c6ac429828d1f5e3d3bd99f4da9b02c"},"headline":"Cristina Guti\u00e9rrez conf\u00eda en Recoletas Salud para su preparaci\u00f3n antes del Rally Dakar","datePublished":"2025-12-16T12:14:55+00:00","dateModified":"2025-12-16T12:14:56+00:00","mainEntityOfPage":{"@id":"https:\/\/www.gruporecoletas.com\/noticias\/cristina-gutierrez-confia-en-recoletas-salud-para-su-preparacion-antes-del-rally-dakar\/"},"wordCount":261,"image":{"@id":"https:\/\/www.gruporecoletas.com\/noticias\/cristina-gutierrez-confia-en-recoletas-salud-para-su-preparacion-antes-del-rally-dakar\/#primaryimage"},"thumbnailUrl":"https:\/\/www.gruporecoletas.com\/noticias\/wp-content\/uploads\/2025\/12\/CRISTINA-GUTIERREZ-CAMPEONA-DAKAR-RECOLETAS-SALUD-BURGOS.png","keywords":["Burgos","Dakar","Deporte","deporte femenino","Hospital Recoletas Burgos","Rally"],"articleSection":["Burgos","Centros","Deporte","Grupo Recoletas","HRBU","Publicaciones","Recoletas Salud"],"inLanguage":"es"},{"@type":"WebPage","@id":"https:\/\/www.gruporecoletas.com\/noticias\/cristina-gutierrez-confia-en-recoletas-salud-para-su-preparacion-antes-del-rally-dakar\/","url":"https:\/\/www.gruporecoletas.com\/noticias\/cristina-gutierrez-confia-en-recoletas-salud-para-su-preparacion-antes-del-rally-dakar\/","name":"Cristina Guti\u00e9rrez se prepara para el Rally Dakar - Noticias Grupo Recoletas","isPartOf":{"@id":"https:\/\/www.gruporecoletas.com\/noticias\/#website"},"primaryImageOfPage":{"@id":"https:\/\/www.gruporecoletas.com\/noticias\/cristina-gutierrez-confia-en-recoletas-salud-para-su-preparacion-antes-del-rally-dakar\/#primaryimage"},"image":{"@id":"https:\/\/www.gruporecoletas.com\/noticias\/cristina-gutierrez-confia-en-recoletas-salud-para-su-preparacion-antes-del-rally-dakar\/#primaryimage"},"thumbnailUrl":"https:\/\/www.gruporecoletas.com\/noticias\/wp-content\/uploads\/2025\/12\/CRISTINA-GUTIERREZ-CAMPEONA-DAKAR-RECOLETAS-SALUD-BURGOS.png","datePublished":"2025-12-16T12:14:55+00:00","dateModified":"2025-12-16T12:14:56+00:00","author":{"@id":"https:\/\/www.gruporecoletas.com\/noticias\/#\/schema\/person\/3c6ac429828d1f5e3d3bd99f4da9b02c"},"description":"Cristina Guti\u00e9rrez visita el Hospital Recoletas Salud Burgos antes de competir en el Rally Dakar. Lee m\u00e1s sobre su historia.","breadcrumb":{"@id":"https:\/\/www.gruporecoletas.com\/noticias\/cristina-gutierrez-confia-en-recoletas-salud-para-su-preparacion-antes-del-rally-dakar\/#breadcrumb"},"inLanguage":"es","potentialAction":[{"@type":"ReadAction","target":["https:\/\/www.gruporecoletas.com\/noticias\/cristina-gutierrez-confia-en-recoletas-salud-para-su-preparacion-antes-del-rally-dakar\/"]}]},{"@type":"ImageObject","inLanguage":"es","@id":"https:\/\/www.gruporecoletas.com\/noticias\/cristina-gutierrez-confia-en-recoletas-salud-para-su-preparacion-antes-del-rally-dakar\/#primaryimage","url":"https:\/\/www.gruporecoletas.com\/noticias\/wp-content\/uploads\/2025\/12\/CRISTINA-GUTIERREZ-CAMPEONA-DAKAR-RECOLETAS-SALUD-BURGOS.png","contentUrl":"https:\/\/www.gruporecoletas.com\/noticias\/wp-content\/uploads\/2025\/12\/CRISTINA-GUTIERREZ-CAMPEONA-DAKAR-RECOLETAS-SALUD-BURGOS.png","width":1366,"height":768,"caption":"Cristina Guti\u00e9rrez conf\u00eda en Recoletas Salud para su preparaci\u00f3n antes del Rally Dakar"},{"@type":"BreadcrumbList","@id":"https:\/\/www.gruporecoletas.com\/noticias\/cristina-gutierrez-confia-en-recoletas-salud-para-su-preparacion-antes-del-rally-dakar\/#breadcrumb","itemListElement":[{"@type":"ListItem","position":1,"name":"Portada","item":"https:\/\/www.gruporecoletas.com\/noticias\/"},{"@type":"ListItem","position":2,"name":"Cristina Guti\u00e9rrez conf\u00eda en Recoletas Salud para su preparaci\u00f3n antes del Rally Dakar"}]},{"@type":"WebSite","@id":"https:\/\/www.gruporecoletas.com\/noticias\/#website","url":"https:\/\/www.gruporecoletas.com\/noticias\/","name":"Noticias Grupo Recoletas","description":"Grupo Recoletas","potentialAction":[{"@type":"SearchAction","target":{"@type":"EntryPoint","urlTemplate":"https:\/\/www.gruporecoletas.com\/noticias\/?s={search_term_string}"},"query-input":{"@type":"PropertyValueSpecification","valueRequired":true,"valueName":"search_term_string"}}],"inLanguage":"es"},{"@type":"Person","@id":"https:\/\/www.gruporecoletas.com\/noticias\/#\/schema\/person\/3c6ac429828d1f5e3d3bd99f4da9b02c","name":"Recoletas Red Hospitalaria","url":"https:\/\/www.gruporecoletas.com\/noticias\/author\/comunicacion\/"}]}},"_links":{"self":[{"href":"https:\/\/www.gruporecoletas.com\/noticias\/wp-json\/wp\/v2\/posts\/16824","targetHints":{"allow":["GET"]}}],"collection":[{"href":"https:\/\/www.gruporecoletas.com\/noticias\/wp-json\/wp\/v2\/posts"}],"about":[{"href":"https:\/\/www.gruporecoletas.com\/noticias\/wp-json\/wp\/v2\/types\/post"}],"author":[{"embeddable":true,"href":"https:\/\/www.gruporecoletas.com\/noticias\/wp-json\/wp\/v2\/users\/2"}],"replies":[{"embeddable":true,"href":"https:\/\/www.gruporecoletas.com\/noticias\/wp-json\/wp\/v2\/comments?post=16824"}],"version-history":[{"count":1,"href":"https:\/\/www.gruporecoletas.com\/noticias\/wp-json\/wp\/v2\/posts\/16824\/revisions"}],"predecessor-version":[{"id":16826,"href":"https:\/\/www.gruporecoletas.com\/noticias\/wp-json\/wp\/v2\/posts\/16824\/revisions\/16826"}],"wp:featuredmedia":[{"embeddable":true,"href":"https:\/\/www.gruporecoletas.com\/noticias\/wp-json\/wp\/v2\/media\/16825"}],"wp:attachment":[{"href":"https:\/\/www.gruporecoletas.com\/noticias\/wp-json\/wp\/v2\/media?parent=16824"}],"wp:term":[{"taxonomy":"category","embeddable":true,"href":"https:\/\/www.gruporecoletas.com\/noticias\/wp-json\/wp\/v2\/categories?post=16824"},{"taxonomy":"post_tag","embeddable":true,"href":"https:\/\/www.gruporecoletas.com\/noticias\/wp-json\/wp\/v2\/tags?post=16824"}],"curies":[{"name":"wp","href":"https:\/\/api.w.org\/{rel}","templated":true}]}}