{"id":16842,"date":"2026-01-26T12:00:00","date_gmt":"2026-01-26T11:00:00","guid":{"rendered":"https:\/\/www.gruporecoletas.com\/noticias\/?p=16842"},"modified":"2026-01-27T10:27:02","modified_gmt":"2026-01-27T09:27:02","slug":"el-doctor-isidoro-gomez-villalvilla-nuevo-director-medico-del-hospital-recoletas-salud-cuenca","status":"publish","type":"post","link":"https:\/\/www.gruporecoletas.com\/noticias\/el-doctor-isidoro-gomez-villalvilla-nuevo-director-medico-del-hospital-recoletas-salud-cuenca\/","title":{"rendered":"El Doctor Isidoro G\u00f3mez Villalvilla, nuevo director m\u00e9dico del Hospital Recoletas Salud Cuenca"},"content":{"rendered":"\n<p>El doctor Isidoro G\u00f3mez Villavilla (Cuenca, 1989) es el nuevo Director M\u00e9dico del Hospital Recoletas Salud Cuenca, seg\u00fan ha anunciado gerente del centro, Jes\u00fas \u00c1ngel Cuevas, quien ha destacado la suerte de poder contar con el Dr. G\u00f3mez para dirigir todas las funciones relacionadas con la organizaci\u00f3n y supervisi\u00f3n de una correcta asistencia sanitaria en el hospital.<\/p>\n\n\n\n<p>El Dr. G\u00f3mez Villalvilla es m\u00e9dico general, adem\u00e1s de licenciado en Odontolog\u00eda. Comenz\u00f3 a trabajar en el Hospital Recoletas Salud Cuenca en el a\u00f1o 2024.<\/p>\n\n\n\n<p>Entre las funciones del nuevo director m\u00e9dico est\u00e1n la de garantizar la calidad, la seguridad asistencial y el bienestar de los pacientes; mejorar y coordinar el trabajo de los profesionales, as\u00ed como fomentar&nbsp;procesos de mejora continua&nbsp;en el hospital.<\/p>\n\n\n\n<p>El Dr. G\u00f3mez ha celebrado su nombramiento como Director M\u00e9dico. <em>\u201cPara m\u00ed es una gran oportunidad poder desempe\u00f1ar ahora esta nueva responsabilidad al frente de la Direcci\u00f3n M\u00e9dica, por ello mi agradecimiento a quienes lo han hecho posible y mi compromiso en trabajar por una atenci\u00f3n sanitaria moderna, personalizada y de m\u00e1xima calidad, que ponga a disposici\u00f3n de la sociedad de Cuenca los \u00faltimos avances tecnol\u00f3gicos y los mejores profesionales para mejorar su salud, su calidad de vida, y poder vivir m\u00e1s y mejor\u201d, concluy\u00f3 se\u00f1alando.<\/em><\/p>\n\n\n\n<p><strong><u>Sobre el Hospital Recoletas Salud de Cuenca<\/u><\/strong><\/p>\n\n\n\n<p>El Hospital Recoletas Salud Cuenca cuenta con un cuadro m\u00e9dico de 46 profesionales de una treintena de especialidades m\u00e9dicas diferentes. Junto a ellos trabaja un equipo de 60 personas entre personal socio sanitario, administraci\u00f3n, limpieza, etc.<\/p>\n\n\n\n<p>Entre otros servicios, el hospital tiene 3 quir\u00f3fanos, que recientemente han sido actualizados con nueva iluminaci\u00f3n y nuevo sistema de climatizaci\u00f3n, 4 box de urgencias, uno de ellos es una Sala de Reanimaci\u00f3n, Urgencias 24 horas y un \u00e1rea de hospitalizaci\u00f3n de 30 camas.<\/p>\n\n\n\n<p>En 2024 el Hospital Recoletas Salud Cuenca realiz\u00f3 cerca de 115.000 asistencias m\u00e9dicas. Se atendieron 7.500 urgencias y casi 63.000 consultas.<\/p>\n","protected":false},"excerpt":{"rendered":"<p>El doctor Isidoro G\u00f3mez Villavilla (Cuenca, 1989) es el nuevo Director M\u00e9dico del Hospital Recoletas Salud Cuenca, seg\u00fan ha anunciado gerente del centro, Jes\u00fas \u00c1ngel Cuevas, quien ha destacado la suerte de poder contar con el Dr. G\u00f3mez para dirigir todas las funciones relacionadas con la organizaci\u00f3n y supervisi\u00f3n de una correcta asistencia sanitaria en [&hellip;]<\/p>\n","protected":false},"author":2,"featured_media":16843,"comment_status":"closed","ping_status":"closed","sticky":false,"template":"","format":"standard","meta":{"_acf_changed":false,"footnotes":""},"categories":[43,6,1,9,42],"tags":[3221,3472,1349],"class_list":["post-16842","post","type-post","status-publish","format-standard","has-post-thumbnail","hentry","category-centros","category-cuenca","category-grupo-recoletas","category-publicaciones","category-recoletas-salud","tag-cuenca","tag-director-medico","tag-hospital-recoletas-cuenca"],"acf":[],"yoast_head":"<!-- This site is optimized with the Yoast SEO Premium plugin v27.3 (Yoast SEO v27.3) - https:\/\/yoast.com\/product\/yoast-seo-premium-wordpress\/ -->\n<title>El Doctor Isidoro G\u00f3mez Villalvilla, nuevo director m\u00e9dico del Hospital Recoletas Salud Cuenca - Noticias Grupo Recoletas<\/title>\n<meta name=\"description\" content=\"Conoce al nuevo director m\u00e9dico del Hospital Recoletas Salud Cuenca, el Dr. Isidoro G\u00f3mez, y su impacto en el bienestar de los pacientes.\" \/>\n<meta name=\"robots\" content=\"index, follow, max-snippet:-1, max-image-preview:large, max-video-preview:-1\" \/>\n<link rel=\"canonical\" href=\"https:\/\/www.gruporecoletas.com\/noticias\/el-doctor-isidoro-gomez-villalvilla-nuevo-director-medico-del-hospital-recoletas-salud-cuenca\/\" \/>\n<meta property=\"og:locale\" content=\"es_ES\" \/>\n<meta property=\"og:type\" content=\"article\" \/>\n<meta property=\"og:title\" content=\"El Doctor Isidoro G\u00f3mez Villalvilla, nuevo director m\u00e9dico del Hospital Recoletas Salud Cuenca\" \/>\n<meta property=\"og:description\" content=\"Conoce al nuevo director m\u00e9dico del Hospital Recoletas Salud Cuenca, el Dr. Isidoro G\u00f3mez, y su impacto en el bienestar de los pacientes.\" \/>\n<meta property=\"og:url\" content=\"https:\/\/www.gruporecoletas.com\/noticias\/el-doctor-isidoro-gomez-villalvilla-nuevo-director-medico-del-hospital-recoletas-salud-cuenca\/\" \/>\n<meta property=\"og:site_name\" content=\"Noticias Grupo Recoletas\" \/>\n<meta property=\"article:publisher\" content=\"https:\/\/www.facebook.com\/GrupoRecoletas\/\" \/>\n<meta property=\"article:published_time\" content=\"2026-01-26T11:00:00+00:00\" \/>\n<meta property=\"article:modified_time\" content=\"2026-01-27T09:27:02+00:00\" \/>\n<meta property=\"og:image\" content=\"https:\/\/www.gruporecoletas.com\/noticias\/wp-content\/uploads\/2026\/01\/DIRECTOR-MEDICO-RECOLETAS-SALUD-CUENCA.png\" \/>\n\t<meta property=\"og:image:width\" content=\"1200\" \/>\n\t<meta property=\"og:image:height\" content=\"628\" \/>\n\t<meta property=\"og:image:type\" content=\"image\/png\" \/>\n<meta name=\"author\" content=\"Recoletas Red Hospitalaria\" \/>\n<meta name=\"twitter:card\" content=\"summary_large_image\" \/>\n<meta name=\"twitter:creator\" content=\"@GrupoRecoletas\" \/>\n<meta name=\"twitter:site\" content=\"@GrupoRecoletas\" \/>\n<meta name=\"twitter:label1\" content=\"Escrito por\" \/>\n\t<meta name=\"twitter:data1\" content=\"Recoletas Red Hospitalaria\" \/>\n\t<meta name=\"twitter:label2\" content=\"Tiempo de lectura\" \/>\n\t<meta name=\"twitter:data2\" content=\"2 minutos\" \/>\n<script type=\"application\/ld+json\" class=\"yoast-schema-graph\">{\"@context\":\"https:\\\/\\\/schema.org\",\"@graph\":[{\"@type\":\"Article\",\"@id\":\"https:\\\/\\\/www.gruporecoletas.com\\\/noticias\\\/el-doctor-isidoro-gomez-villalvilla-nuevo-director-medico-del-hospital-recoletas-salud-cuenca\\\/#article\",\"isPartOf\":{\"@id\":\"https:\\\/\\\/www.gruporecoletas.com\\\/noticias\\\/el-doctor-isidoro-gomez-villalvilla-nuevo-director-medico-del-hospital-recoletas-salud-cuenca\\\/\"},\"author\":{\"name\":\"Recoletas Red Hospitalaria\",\"@id\":\"https:\\\/\\\/www.gruporecoletas.com\\\/noticias\\\/#\\\/schema\\\/person\\\/3c6ac429828d1f5e3d3bd99f4da9b02c\"},\"headline\":\"El Doctor Isidoro G\u00f3mez Villalvilla, nuevo director m\u00e9dico del Hospital Recoletas Salud Cuenca\",\"datePublished\":\"2026-01-26T11:00:00+00:00\",\"dateModified\":\"2026-01-27T09:27:02+00:00\",\"mainEntityOfPage\":{\"@id\":\"https:\\\/\\\/www.gruporecoletas.com\\\/noticias\\\/el-doctor-isidoro-gomez-villalvilla-nuevo-director-medico-del-hospital-recoletas-salud-cuenca\\\/\"},\"wordCount\":355,\"image\":{\"@id\":\"https:\\\/\\\/www.gruporecoletas.com\\\/noticias\\\/el-doctor-isidoro-gomez-villalvilla-nuevo-director-medico-del-hospital-recoletas-salud-cuenca\\\/#primaryimage\"},\"thumbnailUrl\":\"https:\\\/\\\/www.gruporecoletas.com\\\/noticias\\\/wp-content\\\/uploads\\\/2026\\\/01\\\/DIRECTOR-MEDICO-RECOLETAS-SALUD-CUENCA.png\",\"keywords\":[\"cuenca\",\"Director m\u00e9dico\",\"hospital recoletas cuenca\"],\"articleSection\":[\"Centros\",\"Cuenca\",\"Grupo Recoletas\",\"Publicaciones\",\"Recoletas Salud\"],\"inLanguage\":\"es\"},{\"@type\":\"WebPage\",\"@id\":\"https:\\\/\\\/www.gruporecoletas.com\\\/noticias\\\/el-doctor-isidoro-gomez-villalvilla-nuevo-director-medico-del-hospital-recoletas-salud-cuenca\\\/\",\"url\":\"https:\\\/\\\/www.gruporecoletas.com\\\/noticias\\\/el-doctor-isidoro-gomez-villalvilla-nuevo-director-medico-del-hospital-recoletas-salud-cuenca\\\/\",\"name\":\"El Doctor Isidoro G\u00f3mez Villalvilla, nuevo director m\u00e9dico del Hospital Recoletas Salud Cuenca - Noticias Grupo Recoletas\",\"isPartOf\":{\"@id\":\"https:\\\/\\\/www.gruporecoletas.com\\\/noticias\\\/#website\"},\"primaryImageOfPage\":{\"@id\":\"https:\\\/\\\/www.gruporecoletas.com\\\/noticias\\\/el-doctor-isidoro-gomez-villalvilla-nuevo-director-medico-del-hospital-recoletas-salud-cuenca\\\/#primaryimage\"},\"image\":{\"@id\":\"https:\\\/\\\/www.gruporecoletas.com\\\/noticias\\\/el-doctor-isidoro-gomez-villalvilla-nuevo-director-medico-del-hospital-recoletas-salud-cuenca\\\/#primaryimage\"},\"thumbnailUrl\":\"https:\\\/\\\/www.gruporecoletas.com\\\/noticias\\\/wp-content\\\/uploads\\\/2026\\\/01\\\/DIRECTOR-MEDICO-RECOLETAS-SALUD-CUENCA.png\",\"datePublished\":\"2026-01-26T11:00:00+00:00\",\"dateModified\":\"2026-01-27T09:27:02+00:00\",\"author\":{\"@id\":\"https:\\\/\\\/www.gruporecoletas.com\\\/noticias\\\/#\\\/schema\\\/person\\\/3c6ac429828d1f5e3d3bd99f4da9b02c\"},\"description\":\"Conoce al nuevo director m\u00e9dico del Hospital Recoletas Salud Cuenca, el Dr. Isidoro G\u00f3mez, y su impacto en el bienestar de los pacientes.\",\"breadcrumb\":{\"@id\":\"https:\\\/\\\/www.gruporecoletas.com\\\/noticias\\\/el-doctor-isidoro-gomez-villalvilla-nuevo-director-medico-del-hospital-recoletas-salud-cuenca\\\/#breadcrumb\"},\"inLanguage\":\"es\",\"potentialAction\":[{\"@type\":\"ReadAction\",\"target\":[\"https:\\\/\\\/www.gruporecoletas.com\\\/noticias\\\/el-doctor-isidoro-gomez-villalvilla-nuevo-director-medico-del-hospital-recoletas-salud-cuenca\\\/\"]}]},{\"@type\":\"ImageObject\",\"inLanguage\":\"es\",\"@id\":\"https:\\\/\\\/www.gruporecoletas.com\\\/noticias\\\/el-doctor-isidoro-gomez-villalvilla-nuevo-director-medico-del-hospital-recoletas-salud-cuenca\\\/#primaryimage\",\"url\":\"https:\\\/\\\/www.gruporecoletas.com\\\/noticias\\\/wp-content\\\/uploads\\\/2026\\\/01\\\/DIRECTOR-MEDICO-RECOLETAS-SALUD-CUENCA.png\",\"contentUrl\":\"https:\\\/\\\/www.gruporecoletas.com\\\/noticias\\\/wp-content\\\/uploads\\\/2026\\\/01\\\/DIRECTOR-MEDICO-RECOLETAS-SALUD-CUENCA.png\",\"width\":1200,\"height\":628,\"caption\":\"El Doctor Isidoro G\u00f3mez Villalvilla, nuevo director m\u00e9dico del Hospital Recoletas Salud Cuenca\"},{\"@type\":\"BreadcrumbList\",\"@id\":\"https:\\\/\\\/www.gruporecoletas.com\\\/noticias\\\/el-doctor-isidoro-gomez-villalvilla-nuevo-director-medico-del-hospital-recoletas-salud-cuenca\\\/#breadcrumb\",\"itemListElement\":[{\"@type\":\"ListItem\",\"position\":1,\"name\":\"Portada\",\"item\":\"https:\\\/\\\/www.gruporecoletas.com\\\/noticias\\\/\"},{\"@type\":\"ListItem\",\"position\":2,\"name\":\"El Doctor Isidoro G\u00f3mez Villalvilla, nuevo director m\u00e9dico del Hospital Recoletas Salud Cuenca\"}]},{\"@type\":\"WebSite\",\"@id\":\"https:\\\/\\\/www.gruporecoletas.com\\\/noticias\\\/#website\",\"url\":\"https:\\\/\\\/www.gruporecoletas.com\\\/noticias\\\/\",\"name\":\"Noticias Grupo Recoletas\",\"description\":\"Grupo Recoletas\",\"potentialAction\":[{\"@type\":\"SearchAction\",\"target\":{\"@type\":\"EntryPoint\",\"urlTemplate\":\"https:\\\/\\\/www.gruporecoletas.com\\\/noticias\\\/?s={search_term_string}\"},\"query-input\":{\"@type\":\"PropertyValueSpecification\",\"valueRequired\":true,\"valueName\":\"search_term_string\"}}],\"inLanguage\":\"es\"},{\"@type\":\"Person\",\"@id\":\"https:\\\/\\\/www.gruporecoletas.com\\\/noticias\\\/#\\\/schema\\\/person\\\/3c6ac429828d1f5e3d3bd99f4da9b02c\",\"name\":\"Recoletas Red Hospitalaria\",\"url\":\"https:\\\/\\\/www.gruporecoletas.com\\\/noticias\\\/author\\\/comunicacion\\\/\"}]}<\/script>\n<!-- \/ Yoast SEO Premium plugin. -->","yoast_head_json":{"title":"El Doctor Isidoro G\u00f3mez Villalvilla, nuevo director m\u00e9dico del Hospital Recoletas Salud Cuenca - Noticias Grupo Recoletas","description":"Conoce al nuevo director m\u00e9dico del Hospital Recoletas Salud Cuenca, el Dr. Isidoro G\u00f3mez, y su impacto en el bienestar de los pacientes.","robots":{"index":"index","follow":"follow","max-snippet":"max-snippet:-1","max-image-preview":"max-image-preview:large","max-video-preview":"max-video-preview:-1"},"canonical":"https:\/\/www.gruporecoletas.com\/noticias\/el-doctor-isidoro-gomez-villalvilla-nuevo-director-medico-del-hospital-recoletas-salud-cuenca\/","og_locale":"es_ES","og_type":"article","og_title":"El Doctor Isidoro G\u00f3mez Villalvilla, nuevo director m\u00e9dico del Hospital Recoletas Salud Cuenca","og_description":"Conoce al nuevo director m\u00e9dico del Hospital Recoletas Salud Cuenca, el Dr. Isidoro G\u00f3mez, y su impacto en el bienestar de los pacientes.","og_url":"https:\/\/www.gruporecoletas.com\/noticias\/el-doctor-isidoro-gomez-villalvilla-nuevo-director-medico-del-hospital-recoletas-salud-cuenca\/","og_site_name":"Noticias Grupo Recoletas","article_publisher":"https:\/\/www.facebook.com\/GrupoRecoletas\/","article_published_time":"2026-01-26T11:00:00+00:00","article_modified_time":"2026-01-27T09:27:02+00:00","og_image":[{"width":1200,"height":628,"url":"https:\/\/www.gruporecoletas.com\/noticias\/wp-content\/uploads\/2026\/01\/DIRECTOR-MEDICO-RECOLETAS-SALUD-CUENCA.png","type":"image\/png"}],"author":"Recoletas Red Hospitalaria","twitter_card":"summary_large_image","twitter_creator":"@GrupoRecoletas","twitter_site":"@GrupoRecoletas","twitter_misc":{"Escrito por":"Recoletas Red Hospitalaria","Tiempo de lectura":"2 minutos"},"schema":{"@context":"https:\/\/schema.org","@graph":[{"@type":"Article","@id":"https:\/\/www.gruporecoletas.com\/noticias\/el-doctor-isidoro-gomez-villalvilla-nuevo-director-medico-del-hospital-recoletas-salud-cuenca\/#article","isPartOf":{"@id":"https:\/\/www.gruporecoletas.com\/noticias\/el-doctor-isidoro-gomez-villalvilla-nuevo-director-medico-del-hospital-recoletas-salud-cuenca\/"},"author":{"name":"Recoletas Red Hospitalaria","@id":"https:\/\/www.gruporecoletas.com\/noticias\/#\/schema\/person\/3c6ac429828d1f5e3d3bd99f4da9b02c"},"headline":"El Doctor Isidoro G\u00f3mez Villalvilla, nuevo director m\u00e9dico del Hospital Recoletas Salud Cuenca","datePublished":"2026-01-26T11:00:00+00:00","dateModified":"2026-01-27T09:27:02+00:00","mainEntityOfPage":{"@id":"https:\/\/www.gruporecoletas.com\/noticias\/el-doctor-isidoro-gomez-villalvilla-nuevo-director-medico-del-hospital-recoletas-salud-cuenca\/"},"wordCount":355,"image":{"@id":"https:\/\/www.gruporecoletas.com\/noticias\/el-doctor-isidoro-gomez-villalvilla-nuevo-director-medico-del-hospital-recoletas-salud-cuenca\/#primaryimage"},"thumbnailUrl":"https:\/\/www.gruporecoletas.com\/noticias\/wp-content\/uploads\/2026\/01\/DIRECTOR-MEDICO-RECOLETAS-SALUD-CUENCA.png","keywords":["cuenca","Director m\u00e9dico","hospital recoletas cuenca"],"articleSection":["Centros","Cuenca","Grupo Recoletas","Publicaciones","Recoletas Salud"],"inLanguage":"es"},{"@type":"WebPage","@id":"https:\/\/www.gruporecoletas.com\/noticias\/el-doctor-isidoro-gomez-villalvilla-nuevo-director-medico-del-hospital-recoletas-salud-cuenca\/","url":"https:\/\/www.gruporecoletas.com\/noticias\/el-doctor-isidoro-gomez-villalvilla-nuevo-director-medico-del-hospital-recoletas-salud-cuenca\/","name":"El Doctor Isidoro G\u00f3mez Villalvilla, nuevo director m\u00e9dico del Hospital Recoletas Salud Cuenca - Noticias Grupo Recoletas","isPartOf":{"@id":"https:\/\/www.gruporecoletas.com\/noticias\/#website"},"primaryImageOfPage":{"@id":"https:\/\/www.gruporecoletas.com\/noticias\/el-doctor-isidoro-gomez-villalvilla-nuevo-director-medico-del-hospital-recoletas-salud-cuenca\/#primaryimage"},"image":{"@id":"https:\/\/www.gruporecoletas.com\/noticias\/el-doctor-isidoro-gomez-villalvilla-nuevo-director-medico-del-hospital-recoletas-salud-cuenca\/#primaryimage"},"thumbnailUrl":"https:\/\/www.gruporecoletas.com\/noticias\/wp-content\/uploads\/2026\/01\/DIRECTOR-MEDICO-RECOLETAS-SALUD-CUENCA.png","datePublished":"2026-01-26T11:00:00+00:00","dateModified":"2026-01-27T09:27:02+00:00","author":{"@id":"https:\/\/www.gruporecoletas.com\/noticias\/#\/schema\/person\/3c6ac429828d1f5e3d3bd99f4da9b02c"},"description":"Conoce al nuevo director m\u00e9dico del Hospital Recoletas Salud Cuenca, el Dr. Isidoro G\u00f3mez, y su impacto en el bienestar de los pacientes.","breadcrumb":{"@id":"https:\/\/www.gruporecoletas.com\/noticias\/el-doctor-isidoro-gomez-villalvilla-nuevo-director-medico-del-hospital-recoletas-salud-cuenca\/#breadcrumb"},"inLanguage":"es","potentialAction":[{"@type":"ReadAction","target":["https:\/\/www.gruporecoletas.com\/noticias\/el-doctor-isidoro-gomez-villalvilla-nuevo-director-medico-del-hospital-recoletas-salud-cuenca\/"]}]},{"@type":"ImageObject","inLanguage":"es","@id":"https:\/\/www.gruporecoletas.com\/noticias\/el-doctor-isidoro-gomez-villalvilla-nuevo-director-medico-del-hospital-recoletas-salud-cuenca\/#primaryimage","url":"https:\/\/www.gruporecoletas.com\/noticias\/wp-content\/uploads\/2026\/01\/DIRECTOR-MEDICO-RECOLETAS-SALUD-CUENCA.png","contentUrl":"https:\/\/www.gruporecoletas.com\/noticias\/wp-content\/uploads\/2026\/01\/DIRECTOR-MEDICO-RECOLETAS-SALUD-CUENCA.png","width":1200,"height":628,"caption":"El Doctor Isidoro G\u00f3mez Villalvilla, nuevo director m\u00e9dico del Hospital Recoletas Salud Cuenca"},{"@type":"BreadcrumbList","@id":"https:\/\/www.gruporecoletas.com\/noticias\/el-doctor-isidoro-gomez-villalvilla-nuevo-director-medico-del-hospital-recoletas-salud-cuenca\/#breadcrumb","itemListElement":[{"@type":"ListItem","position":1,"name":"Portada","item":"https:\/\/www.gruporecoletas.com\/noticias\/"},{"@type":"ListItem","position":2,"name":"El Doctor Isidoro G\u00f3mez Villalvilla, nuevo director m\u00e9dico del Hospital Recoletas Salud Cuenca"}]},{"@type":"WebSite","@id":"https:\/\/www.gruporecoletas.com\/noticias\/#website","url":"https:\/\/www.gruporecoletas.com\/noticias\/","name":"Noticias Grupo Recoletas","description":"Grupo Recoletas","potentialAction":[{"@type":"SearchAction","target":{"@type":"EntryPoint","urlTemplate":"https:\/\/www.gruporecoletas.com\/noticias\/?s={search_term_string}"},"query-input":{"@type":"PropertyValueSpecification","valueRequired":true,"valueName":"search_term_string"}}],"inLanguage":"es"},{"@type":"Person","@id":"https:\/\/www.gruporecoletas.com\/noticias\/#\/schema\/person\/3c6ac429828d1f5e3d3bd99f4da9b02c","name":"Recoletas Red Hospitalaria","url":"https:\/\/www.gruporecoletas.com\/noticias\/author\/comunicacion\/"}]}},"_links":{"self":[{"href":"https:\/\/www.gruporecoletas.com\/noticias\/wp-json\/wp\/v2\/posts\/16842","targetHints":{"allow":["GET"]}}],"collection":[{"href":"https:\/\/www.gruporecoletas.com\/noticias\/wp-json\/wp\/v2\/posts"}],"about":[{"href":"https:\/\/www.gruporecoletas.com\/noticias\/wp-json\/wp\/v2\/types\/post"}],"author":[{"embeddable":true,"href":"https:\/\/www.gruporecoletas.com\/noticias\/wp-json\/wp\/v2\/users\/2"}],"replies":[{"embeddable":true,"href":"https:\/\/www.gruporecoletas.com\/noticias\/wp-json\/wp\/v2\/comments?post=16842"}],"version-history":[{"count":1,"href":"https:\/\/www.gruporecoletas.com\/noticias\/wp-json\/wp\/v2\/posts\/16842\/revisions"}],"predecessor-version":[{"id":16844,"href":"https:\/\/www.gruporecoletas.com\/noticias\/wp-json\/wp\/v2\/posts\/16842\/revisions\/16844"}],"wp:featuredmedia":[{"embeddable":true,"href":"https:\/\/www.gruporecoletas.com\/noticias\/wp-json\/wp\/v2\/media\/16843"}],"wp:attachment":[{"href":"https:\/\/www.gruporecoletas.com\/noticias\/wp-json\/wp\/v2\/media?parent=16842"}],"wp:term":[{"taxonomy":"category","embeddable":true,"href":"https:\/\/www.gruporecoletas.com\/noticias\/wp-json\/wp\/v2\/categories?post=16842"},{"taxonomy":"post_tag","embeddable":true,"href":"https:\/\/www.gruporecoletas.com\/noticias\/wp-json\/wp\/v2\/tags?post=16842"}],"curies":[{"name":"wp","href":"https:\/\/api.w.org\/{rel}","templated":true}]}}