{"id":16871,"date":"2026-03-13T12:30:00","date_gmt":"2026-03-13T11:30:00","guid":{"rendered":"https:\/\/www.gruporecoletas.com\/noticias\/?p=16871"},"modified":"2026-03-16T16:34:01","modified_gmt":"2026-03-16T15:34:01","slug":"recoletas-salud-planta-un-arbol-por-cada-bebe-en-su-compromiso-con-la-natalidad-y-el-medioambiente","status":"publish","type":"post","link":"https:\/\/www.gruporecoletas.com\/noticias\/recoletas-salud-planta-un-arbol-por-cada-bebe-en-su-compromiso-con-la-natalidad-y-el-medioambiente\/","title":{"rendered":"Recoletas Salud planta &#8216;un \u00e1rbol por cada beb\u00e9&#8217; en su compromiso con la natalidad y el medioambiente"},"content":{"rendered":"\n<ul class=\"wp-block-list\">\n<li><em>Esta iniciativa re\u00fane a m\u00e1s de 50 familias en el Parque Forestal de Fuente El Sol<\/em> <em>y refuerza el compromiso con la salud, la sostenibilidad y el impulso<\/em> <em>de la natalidad en Castilla y Le\u00f3n<\/em><\/li>\n<\/ul>\n\n\n\n<p>Las cl\u00ednicas de medicina reproductiva <strong>Vida Recoletas Salud<\/strong> y el <strong>Hospital Recoletas Salud Campo Grande<\/strong> han celebrado este viernes una nueva edici\u00f3n de su iniciativa \u201cUn \u00e1rbol por cada beb\u00e9\u201d, una acci\u00f3n simb\u00f3lica que une el nacimiento de nuevas vidas con el cuidado del entorno natural.<\/p>\n\n\n\n<p>El acto ha tenido lugar en el <strong>Parque Forestal de Fuente El Sol de Valladolid<\/strong>, en colaboraci\u00f3n con la Concejal\u00eda de Medio Ambiente del Ayuntamiento de la ciudad, y ha contado con la participaci\u00f3n de <strong>55 familias<\/strong> <strong>y sus beb\u00e9s<\/strong>, nacidos de Vida Recoletas Salud o en el Hospital Recoletas Salud Campo Grande.<\/p>\n\n\n\n<p>Durante la jornada, las familias han participado en la plantaci\u00f3n de <strong>especies aut\u00f3ctonas de Castilla y Le\u00f3n<\/strong>, contribuyendo as\u00ed a la reforestaci\u00f3n de espacios verdes de la ciudad y creando un v\u00ednculo especial entre cada \u00e1rbol y el nacimiento de un nuevo beb\u00e9.<\/p>\n\n\n\n<p>Esta iniciativa se enmarca adem\u00e1s en un mes especialmente vinculado al cuidado del entorno natural, en el que se celebran el <strong>D\u00eda Internacional de los Bosques (21 de marzo)<\/strong> y el <strong>D\u00eda Mundial del Clima (26 de marzo)<\/strong>.<\/p>\n\n\n\n<p>Con acciones como esta, <strong>Recoletas Salud<\/strong> reafirma su compromiso con la <strong>mejora de la salud y la calidad de vida de las personas<\/strong>, entendiendo que el bienestar de la sociedad est\u00e1 estrechamente ligado al cuidado del medioambiente. Al mismo tiempo, la iniciativa pone el foco en el <strong>fomento de la natalidad<\/strong>, un reto especialmente relevante en Castilla y Le\u00f3n, una de las comunidades con menor \u00edndice de nacimientos en Espa\u00f1a.<\/p>\n\n\n\n<p>La plantaci\u00f3n tambi\u00e9n pretende sensibilizar sobre la importancia de contar con <strong>ciudades m\u00e1s verdes y sostenibles<\/strong>, ya que los entornos con mayor presencia de arbolado y zonas naturales aportan beneficios directos para la salud, como una mejor calidad del aire y del agua, menor contaminaci\u00f3n ac\u00fastica y espacios m\u00e1s saludables para la convivencia.<\/p>\n\n\n\n<p>Con \u201cUn \u00e1rbol por cada beb\u00e9\u201d, <strong>Vida Recoletas Salud<\/strong> y el <strong>Hospital Recoletas Salud Campo Grande<\/strong> consolidan una iniciativa que simboliza el crecimiento conjunto de las nuevas generaciones y del entorno natural, reforzando su apuesta por una <strong>sanidad comprometida con las personas, el futuro de las nuevas generaciones y el planeta<\/strong>.<\/p>\n","protected":false},"excerpt":{"rendered":"<p>Las cl\u00ednicas de medicina reproductiva Vida Recoletas Salud y el Hospital Recoletas Salud Campo Grande han celebrado este viernes una nueva edici\u00f3n de su iniciativa \u201cUn \u00e1rbol por cada beb\u00e9\u201d, una acci\u00f3n simb\u00f3lica que une el nacimiento de nuevas vidas con el cuidado del entorno natural. El acto ha tenido lugar en el Parque Forestal [&hellip;]<\/p>\n","protected":false},"author":2,"featured_media":16872,"comment_status":"closed","ping_status":"closed","sticky":false,"template":"","format":"standard","meta":{"_acf_changed":false,"footnotes":""},"categories":[43,1,2,32,9,42,4],"tags":[3479,3224,3201,3361,3478],"class_list":["post-16871","post","type-post","status-publish","format-standard","has-post-thumbnail","hentry","category-centros","category-grupo-recoletas","category-hrcg","category-nacer-en-recoletas","category-publicaciones","category-recoletas-salud","category-valladolid","tag-castilla-y-leon","tag-medicina-reproductiva","tag-medioambiente","tag-rsc","tag-vida-recoletas-salud"],"acf":[],"yoast_head":"<!-- This site is optimized with the Yoast SEO Premium plugin v27.3 (Yoast SEO v27.3) - https:\/\/yoast.com\/product\/yoast-seo-premium-wordpress\/ -->\n<title>Recoletas Salud planta &#039;un \u00e1rbol por cada beb\u00e9&#039; en su compromiso con la natalidad y el medioambiente - Noticias Grupo Recoletas<\/title>\n<meta name=\"description\" content=\"La Plantaci\u00f3n en Valladolid reuni\u00f3 a familias para celebrar la llegada de nuevos beb\u00e9s y la sostenibilidad en Castilla y Le\u00f3n.\" \/>\n<meta name=\"robots\" content=\"index, follow, max-snippet:-1, max-image-preview:large, max-video-preview:-1\" \/>\n<link rel=\"canonical\" href=\"https:\/\/www.gruporecoletas.com\/noticias\/recoletas-salud-planta-un-arbol-por-cada-bebe-en-su-compromiso-con-la-natalidad-y-el-medioambiente\/\" \/>\n<meta property=\"og:locale\" content=\"es_ES\" \/>\n<meta property=\"og:type\" content=\"article\" \/>\n<meta property=\"og:title\" content=\"Recoletas Salud planta &#039;un \u00e1rbol por cada beb\u00e9&#039; en su compromiso con la natalidad y el medioambiente\" \/>\n<meta property=\"og:description\" content=\"La Plantaci\u00f3n en Valladolid reuni\u00f3 a familias para celebrar la llegada de nuevos beb\u00e9s y la sostenibilidad en Castilla y Le\u00f3n.\" \/>\n<meta property=\"og:url\" content=\"https:\/\/www.gruporecoletas.com\/noticias\/recoletas-salud-planta-un-arbol-por-cada-bebe-en-su-compromiso-con-la-natalidad-y-el-medioambiente\/\" \/>\n<meta property=\"og:site_name\" content=\"Noticias Grupo Recoletas\" \/>\n<meta property=\"article:publisher\" content=\"https:\/\/www.facebook.com\/GrupoRecoletas\/\" \/>\n<meta property=\"article:published_time\" content=\"2026-03-13T11:30:00+00:00\" \/>\n<meta property=\"article:modified_time\" content=\"2026-03-16T15:34:01+00:00\" \/>\n<meta property=\"og:image\" content=\"https:\/\/www.gruporecoletas.com\/noticias\/wp-content\/uploads\/2026\/03\/ARBOL-POR-BEBE-RECOLETAS-SALUD.png\" \/>\n\t<meta property=\"og:image:width\" content=\"1200\" \/>\n\t<meta property=\"og:image:height\" content=\"628\" \/>\n\t<meta property=\"og:image:type\" content=\"image\/png\" \/>\n<meta name=\"author\" content=\"Recoletas Red Hospitalaria\" \/>\n<meta name=\"twitter:card\" content=\"summary_large_image\" \/>\n<meta name=\"twitter:creator\" content=\"@GrupoRecoletas\" \/>\n<meta name=\"twitter:site\" content=\"@GrupoRecoletas\" \/>\n<meta name=\"twitter:label1\" content=\"Escrito por\" \/>\n\t<meta name=\"twitter:data1\" content=\"Recoletas Red Hospitalaria\" \/>\n\t<meta name=\"twitter:label2\" content=\"Tiempo de lectura\" \/>\n\t<meta name=\"twitter:data2\" content=\"2 minutos\" \/>\n<script type=\"application\/ld+json\" class=\"yoast-schema-graph\">{\"@context\":\"https:\\\/\\\/schema.org\",\"@graph\":[{\"@type\":\"Article\",\"@id\":\"https:\\\/\\\/www.gruporecoletas.com\\\/noticias\\\/recoletas-salud-planta-un-arbol-por-cada-bebe-en-su-compromiso-con-la-natalidad-y-el-medioambiente\\\/#article\",\"isPartOf\":{\"@id\":\"https:\\\/\\\/www.gruporecoletas.com\\\/noticias\\\/recoletas-salud-planta-un-arbol-por-cada-bebe-en-su-compromiso-con-la-natalidad-y-el-medioambiente\\\/\"},\"author\":{\"name\":\"Recoletas Red Hospitalaria\",\"@id\":\"https:\\\/\\\/www.gruporecoletas.com\\\/noticias\\\/#\\\/schema\\\/person\\\/3c6ac429828d1f5e3d3bd99f4da9b02c\"},\"headline\":\"Recoletas Salud planta &#8216;un \u00e1rbol por cada beb\u00e9&#8217; en su compromiso con la natalidad y el medioambiente\",\"datePublished\":\"2026-03-13T11:30:00+00:00\",\"dateModified\":\"2026-03-16T15:34:01+00:00\",\"mainEntityOfPage\":{\"@id\":\"https:\\\/\\\/www.gruporecoletas.com\\\/noticias\\\/recoletas-salud-planta-un-arbol-por-cada-bebe-en-su-compromiso-con-la-natalidad-y-el-medioambiente\\\/\"},\"wordCount\":430,\"image\":{\"@id\":\"https:\\\/\\\/www.gruporecoletas.com\\\/noticias\\\/recoletas-salud-planta-un-arbol-por-cada-bebe-en-su-compromiso-con-la-natalidad-y-el-medioambiente\\\/#primaryimage\"},\"thumbnailUrl\":\"https:\\\/\\\/www.gruporecoletas.com\\\/noticias\\\/wp-content\\\/uploads\\\/2026\\\/03\\\/ARBOL-POR-BEBE-RECOLETAS-SALUD.png\",\"keywords\":[\"Castilla y Le\u00f3n\",\"Medicina Reproductiva\",\"medioambiente\",\"RSC\",\"Vida Recoletas Salud\"],\"articleSection\":[\"Centros\",\"Grupo Recoletas\",\"HRCG\",\"Nacer en Recoletas\",\"Publicaciones\",\"Recoletas Salud\",\"Valladolid\"],\"inLanguage\":\"es\"},{\"@type\":\"WebPage\",\"@id\":\"https:\\\/\\\/www.gruporecoletas.com\\\/noticias\\\/recoletas-salud-planta-un-arbol-por-cada-bebe-en-su-compromiso-con-la-natalidad-y-el-medioambiente\\\/\",\"url\":\"https:\\\/\\\/www.gruporecoletas.com\\\/noticias\\\/recoletas-salud-planta-un-arbol-por-cada-bebe-en-su-compromiso-con-la-natalidad-y-el-medioambiente\\\/\",\"name\":\"Recoletas Salud planta 'un \u00e1rbol por cada beb\u00e9' en su compromiso con la natalidad y el medioambiente - Noticias Grupo Recoletas\",\"isPartOf\":{\"@id\":\"https:\\\/\\\/www.gruporecoletas.com\\\/noticias\\\/#website\"},\"primaryImageOfPage\":{\"@id\":\"https:\\\/\\\/www.gruporecoletas.com\\\/noticias\\\/recoletas-salud-planta-un-arbol-por-cada-bebe-en-su-compromiso-con-la-natalidad-y-el-medioambiente\\\/#primaryimage\"},\"image\":{\"@id\":\"https:\\\/\\\/www.gruporecoletas.com\\\/noticias\\\/recoletas-salud-planta-un-arbol-por-cada-bebe-en-su-compromiso-con-la-natalidad-y-el-medioambiente\\\/#primaryimage\"},\"thumbnailUrl\":\"https:\\\/\\\/www.gruporecoletas.com\\\/noticias\\\/wp-content\\\/uploads\\\/2026\\\/03\\\/ARBOL-POR-BEBE-RECOLETAS-SALUD.png\",\"datePublished\":\"2026-03-13T11:30:00+00:00\",\"dateModified\":\"2026-03-16T15:34:01+00:00\",\"author\":{\"@id\":\"https:\\\/\\\/www.gruporecoletas.com\\\/noticias\\\/#\\\/schema\\\/person\\\/3c6ac429828d1f5e3d3bd99f4da9b02c\"},\"description\":\"La Plantaci\u00f3n en Valladolid reuni\u00f3 a familias para celebrar la llegada de nuevos beb\u00e9s y la sostenibilidad en Castilla y Le\u00f3n.\",\"breadcrumb\":{\"@id\":\"https:\\\/\\\/www.gruporecoletas.com\\\/noticias\\\/recoletas-salud-planta-un-arbol-por-cada-bebe-en-su-compromiso-con-la-natalidad-y-el-medioambiente\\\/#breadcrumb\"},\"inLanguage\":\"es\",\"potentialAction\":[{\"@type\":\"ReadAction\",\"target\":[\"https:\\\/\\\/www.gruporecoletas.com\\\/noticias\\\/recoletas-salud-planta-un-arbol-por-cada-bebe-en-su-compromiso-con-la-natalidad-y-el-medioambiente\\\/\"]}]},{\"@type\":\"ImageObject\",\"inLanguage\":\"es\",\"@id\":\"https:\\\/\\\/www.gruporecoletas.com\\\/noticias\\\/recoletas-salud-planta-un-arbol-por-cada-bebe-en-su-compromiso-con-la-natalidad-y-el-medioambiente\\\/#primaryimage\",\"url\":\"https:\\\/\\\/www.gruporecoletas.com\\\/noticias\\\/wp-content\\\/uploads\\\/2026\\\/03\\\/ARBOL-POR-BEBE-RECOLETAS-SALUD.png\",\"contentUrl\":\"https:\\\/\\\/www.gruporecoletas.com\\\/noticias\\\/wp-content\\\/uploads\\\/2026\\\/03\\\/ARBOL-POR-BEBE-RECOLETAS-SALUD.png\",\"width\":1200,\"height\":628,\"caption\":\"Recoletas Salud planta 'un \u00e1rbol por cada beb\u00e9' en su compromiso con la natalidad y el medioambiente\"},{\"@type\":\"BreadcrumbList\",\"@id\":\"https:\\\/\\\/www.gruporecoletas.com\\\/noticias\\\/recoletas-salud-planta-un-arbol-por-cada-bebe-en-su-compromiso-con-la-natalidad-y-el-medioambiente\\\/#breadcrumb\",\"itemListElement\":[{\"@type\":\"ListItem\",\"position\":1,\"name\":\"Portada\",\"item\":\"https:\\\/\\\/www.gruporecoletas.com\\\/noticias\\\/\"},{\"@type\":\"ListItem\",\"position\":2,\"name\":\"Recoletas Salud planta &#8216;un \u00e1rbol por cada beb\u00e9&#8217; en su compromiso con la natalidad y el medioambiente\"}]},{\"@type\":\"WebSite\",\"@id\":\"https:\\\/\\\/www.gruporecoletas.com\\\/noticias\\\/#website\",\"url\":\"https:\\\/\\\/www.gruporecoletas.com\\\/noticias\\\/\",\"name\":\"Noticias Grupo Recoletas\",\"description\":\"Grupo Recoletas\",\"potentialAction\":[{\"@type\":\"SearchAction\",\"target\":{\"@type\":\"EntryPoint\",\"urlTemplate\":\"https:\\\/\\\/www.gruporecoletas.com\\\/noticias\\\/?s={search_term_string}\"},\"query-input\":{\"@type\":\"PropertyValueSpecification\",\"valueRequired\":true,\"valueName\":\"search_term_string\"}}],\"inLanguage\":\"es\"},{\"@type\":\"Person\",\"@id\":\"https:\\\/\\\/www.gruporecoletas.com\\\/noticias\\\/#\\\/schema\\\/person\\\/3c6ac429828d1f5e3d3bd99f4da9b02c\",\"name\":\"Recoletas Red Hospitalaria\",\"url\":\"https:\\\/\\\/www.gruporecoletas.com\\\/noticias\\\/author\\\/comunicacion\\\/\"}]}<\/script>\n<!-- \/ Yoast SEO Premium plugin. -->","yoast_head_json":{"title":"Recoletas Salud planta 'un \u00e1rbol por cada beb\u00e9' en su compromiso con la natalidad y el medioambiente - Noticias Grupo Recoletas","description":"La Plantaci\u00f3n en Valladolid reuni\u00f3 a familias para celebrar la llegada de nuevos beb\u00e9s y la sostenibilidad en Castilla y Le\u00f3n.","robots":{"index":"index","follow":"follow","max-snippet":"max-snippet:-1","max-image-preview":"max-image-preview:large","max-video-preview":"max-video-preview:-1"},"canonical":"https:\/\/www.gruporecoletas.com\/noticias\/recoletas-salud-planta-un-arbol-por-cada-bebe-en-su-compromiso-con-la-natalidad-y-el-medioambiente\/","og_locale":"es_ES","og_type":"article","og_title":"Recoletas Salud planta 'un \u00e1rbol por cada beb\u00e9' en su compromiso con la natalidad y el medioambiente","og_description":"La Plantaci\u00f3n en Valladolid reuni\u00f3 a familias para celebrar la llegada de nuevos beb\u00e9s y la sostenibilidad en Castilla y Le\u00f3n.","og_url":"https:\/\/www.gruporecoletas.com\/noticias\/recoletas-salud-planta-un-arbol-por-cada-bebe-en-su-compromiso-con-la-natalidad-y-el-medioambiente\/","og_site_name":"Noticias Grupo Recoletas","article_publisher":"https:\/\/www.facebook.com\/GrupoRecoletas\/","article_published_time":"2026-03-13T11:30:00+00:00","article_modified_time":"2026-03-16T15:34:01+00:00","og_image":[{"width":1200,"height":628,"url":"https:\/\/www.gruporecoletas.com\/noticias\/wp-content\/uploads\/2026\/03\/ARBOL-POR-BEBE-RECOLETAS-SALUD.png","type":"image\/png"}],"author":"Recoletas Red Hospitalaria","twitter_card":"summary_large_image","twitter_creator":"@GrupoRecoletas","twitter_site":"@GrupoRecoletas","twitter_misc":{"Escrito por":"Recoletas Red Hospitalaria","Tiempo de lectura":"2 minutos"},"schema":{"@context":"https:\/\/schema.org","@graph":[{"@type":"Article","@id":"https:\/\/www.gruporecoletas.com\/noticias\/recoletas-salud-planta-un-arbol-por-cada-bebe-en-su-compromiso-con-la-natalidad-y-el-medioambiente\/#article","isPartOf":{"@id":"https:\/\/www.gruporecoletas.com\/noticias\/recoletas-salud-planta-un-arbol-por-cada-bebe-en-su-compromiso-con-la-natalidad-y-el-medioambiente\/"},"author":{"name":"Recoletas Red Hospitalaria","@id":"https:\/\/www.gruporecoletas.com\/noticias\/#\/schema\/person\/3c6ac429828d1f5e3d3bd99f4da9b02c"},"headline":"Recoletas Salud planta &#8216;un \u00e1rbol por cada beb\u00e9&#8217; en su compromiso con la natalidad y el medioambiente","datePublished":"2026-03-13T11:30:00+00:00","dateModified":"2026-03-16T15:34:01+00:00","mainEntityOfPage":{"@id":"https:\/\/www.gruporecoletas.com\/noticias\/recoletas-salud-planta-un-arbol-por-cada-bebe-en-su-compromiso-con-la-natalidad-y-el-medioambiente\/"},"wordCount":430,"image":{"@id":"https:\/\/www.gruporecoletas.com\/noticias\/recoletas-salud-planta-un-arbol-por-cada-bebe-en-su-compromiso-con-la-natalidad-y-el-medioambiente\/#primaryimage"},"thumbnailUrl":"https:\/\/www.gruporecoletas.com\/noticias\/wp-content\/uploads\/2026\/03\/ARBOL-POR-BEBE-RECOLETAS-SALUD.png","keywords":["Castilla y Le\u00f3n","Medicina Reproductiva","medioambiente","RSC","Vida Recoletas Salud"],"articleSection":["Centros","Grupo Recoletas","HRCG","Nacer en Recoletas","Publicaciones","Recoletas Salud","Valladolid"],"inLanguage":"es"},{"@type":"WebPage","@id":"https:\/\/www.gruporecoletas.com\/noticias\/recoletas-salud-planta-un-arbol-por-cada-bebe-en-su-compromiso-con-la-natalidad-y-el-medioambiente\/","url":"https:\/\/www.gruporecoletas.com\/noticias\/recoletas-salud-planta-un-arbol-por-cada-bebe-en-su-compromiso-con-la-natalidad-y-el-medioambiente\/","name":"Recoletas Salud planta 'un \u00e1rbol por cada beb\u00e9' en su compromiso con la natalidad y el medioambiente - Noticias Grupo Recoletas","isPartOf":{"@id":"https:\/\/www.gruporecoletas.com\/noticias\/#website"},"primaryImageOfPage":{"@id":"https:\/\/www.gruporecoletas.com\/noticias\/recoletas-salud-planta-un-arbol-por-cada-bebe-en-su-compromiso-con-la-natalidad-y-el-medioambiente\/#primaryimage"},"image":{"@id":"https:\/\/www.gruporecoletas.com\/noticias\/recoletas-salud-planta-un-arbol-por-cada-bebe-en-su-compromiso-con-la-natalidad-y-el-medioambiente\/#primaryimage"},"thumbnailUrl":"https:\/\/www.gruporecoletas.com\/noticias\/wp-content\/uploads\/2026\/03\/ARBOL-POR-BEBE-RECOLETAS-SALUD.png","datePublished":"2026-03-13T11:30:00+00:00","dateModified":"2026-03-16T15:34:01+00:00","author":{"@id":"https:\/\/www.gruporecoletas.com\/noticias\/#\/schema\/person\/3c6ac429828d1f5e3d3bd99f4da9b02c"},"description":"La Plantaci\u00f3n en Valladolid reuni\u00f3 a familias para celebrar la llegada de nuevos beb\u00e9s y la sostenibilidad en Castilla y Le\u00f3n.","breadcrumb":{"@id":"https:\/\/www.gruporecoletas.com\/noticias\/recoletas-salud-planta-un-arbol-por-cada-bebe-en-su-compromiso-con-la-natalidad-y-el-medioambiente\/#breadcrumb"},"inLanguage":"es","potentialAction":[{"@type":"ReadAction","target":["https:\/\/www.gruporecoletas.com\/noticias\/recoletas-salud-planta-un-arbol-por-cada-bebe-en-su-compromiso-con-la-natalidad-y-el-medioambiente\/"]}]},{"@type":"ImageObject","inLanguage":"es","@id":"https:\/\/www.gruporecoletas.com\/noticias\/recoletas-salud-planta-un-arbol-por-cada-bebe-en-su-compromiso-con-la-natalidad-y-el-medioambiente\/#primaryimage","url":"https:\/\/www.gruporecoletas.com\/noticias\/wp-content\/uploads\/2026\/03\/ARBOL-POR-BEBE-RECOLETAS-SALUD.png","contentUrl":"https:\/\/www.gruporecoletas.com\/noticias\/wp-content\/uploads\/2026\/03\/ARBOL-POR-BEBE-RECOLETAS-SALUD.png","width":1200,"height":628,"caption":"Recoletas Salud planta 'un \u00e1rbol por cada beb\u00e9' en su compromiso con la natalidad y el medioambiente"},{"@type":"BreadcrumbList","@id":"https:\/\/www.gruporecoletas.com\/noticias\/recoletas-salud-planta-un-arbol-por-cada-bebe-en-su-compromiso-con-la-natalidad-y-el-medioambiente\/#breadcrumb","itemListElement":[{"@type":"ListItem","position":1,"name":"Portada","item":"https:\/\/www.gruporecoletas.com\/noticias\/"},{"@type":"ListItem","position":2,"name":"Recoletas Salud planta &#8216;un \u00e1rbol por cada beb\u00e9&#8217; en su compromiso con la natalidad y el medioambiente"}]},{"@type":"WebSite","@id":"https:\/\/www.gruporecoletas.com\/noticias\/#website","url":"https:\/\/www.gruporecoletas.com\/noticias\/","name":"Noticias Grupo Recoletas","description":"Grupo Recoletas","potentialAction":[{"@type":"SearchAction","target":{"@type":"EntryPoint","urlTemplate":"https:\/\/www.gruporecoletas.com\/noticias\/?s={search_term_string}"},"query-input":{"@type":"PropertyValueSpecification","valueRequired":true,"valueName":"search_term_string"}}],"inLanguage":"es"},{"@type":"Person","@id":"https:\/\/www.gruporecoletas.com\/noticias\/#\/schema\/person\/3c6ac429828d1f5e3d3bd99f4da9b02c","name":"Recoletas Red Hospitalaria","url":"https:\/\/www.gruporecoletas.com\/noticias\/author\/comunicacion\/"}]}},"_links":{"self":[{"href":"https:\/\/www.gruporecoletas.com\/noticias\/wp-json\/wp\/v2\/posts\/16871","targetHints":{"allow":["GET"]}}],"collection":[{"href":"https:\/\/www.gruporecoletas.com\/noticias\/wp-json\/wp\/v2\/posts"}],"about":[{"href":"https:\/\/www.gruporecoletas.com\/noticias\/wp-json\/wp\/v2\/types\/post"}],"author":[{"embeddable":true,"href":"https:\/\/www.gruporecoletas.com\/noticias\/wp-json\/wp\/v2\/users\/2"}],"replies":[{"embeddable":true,"href":"https:\/\/www.gruporecoletas.com\/noticias\/wp-json\/wp\/v2\/comments?post=16871"}],"version-history":[{"count":1,"href":"https:\/\/www.gruporecoletas.com\/noticias\/wp-json\/wp\/v2\/posts\/16871\/revisions"}],"predecessor-version":[{"id":16873,"href":"https:\/\/www.gruporecoletas.com\/noticias\/wp-json\/wp\/v2\/posts\/16871\/revisions\/16873"}],"wp:featuredmedia":[{"embeddable":true,"href":"https:\/\/www.gruporecoletas.com\/noticias\/wp-json\/wp\/v2\/media\/16872"}],"wp:attachment":[{"href":"https:\/\/www.gruporecoletas.com\/noticias\/wp-json\/wp\/v2\/media?parent=16871"}],"wp:term":[{"taxonomy":"category","embeddable":true,"href":"https:\/\/www.gruporecoletas.com\/noticias\/wp-json\/wp\/v2\/categories?post=16871"},{"taxonomy":"post_tag","embeddable":true,"href":"https:\/\/www.gruporecoletas.com\/noticias\/wp-json\/wp\/v2\/tags?post=16871"}],"curies":[{"name":"wp","href":"https:\/\/api.w.org\/{rel}","templated":true}]}}