{"id":16874,"date":"2026-03-16T16:50:12","date_gmt":"2026-03-16T15:50:12","guid":{"rendered":"https:\/\/www.gruporecoletas.com\/noticias\/?p=16874"},"modified":"2026-03-16T16:50:14","modified_gmt":"2026-03-16T15:50:14","slug":"el-centro-de-rehabilitacion-y-fisioterapia-recoletas-salud-segovia-cumple-su-primer-ano","status":"publish","type":"post","link":"https:\/\/www.gruporecoletas.com\/noticias\/el-centro-de-rehabilitacion-y-fisioterapia-recoletas-salud-segovia-cumple-su-primer-ano\/","title":{"rendered":"El Centro de Rehabilitaci\u00f3n y Fisioterapia Recoletas Salud Segovia cumple su primer a\u00f1o"},"content":{"rendered":"\n<ul class=\"wp-block-list\">\n<li>El nuevo centro de Recoletas Salud en Segovia, en la calle Jard\u00edn Bot\u00e1nico, cumple hoy su primer a\u00f1o en funcionamiento y lo hace con la satisfacci\u00f3n de haber realizado cerca de 41.300 sesiones de rehabilitaci\u00f3n y fisioterapia.<\/li>\n<\/ul>\n\n\n\n<h4 class=\"wp-block-heading\" id=\"h-oferta-asistencial\"><strong><u>Oferta asistencial<\/u><\/strong><\/h4>\n\n\n\n<p>Entre los numerosos tratamientos que se pueden realizar en este centro de rehabilitaci\u00f3n y fisioterapia est\u00e1n la fisioterapia pedi\u00e1trica, fisioterapia respiratoria y fisioterapia deportiva,la rehabilitaci\u00f3n postquir\u00fargica y rehabilitaci\u00f3n neurol\u00f3gica, el drenaje linf\u00e1tico y la atenci\u00f3n post-parto.<\/p>\n\n\n\n<p>Tambi\u00e9n se realizan sesiones de <strong>Indiba<\/strong>, una tecnolog\u00eda no dolorosa que utiliza la radiofrecuencia como fuente de energ\u00eda para el tratamiento de numerosas y diversas lesiones: esguinces, roturas, tendinopat\u00edas, lumbalgias, dorsalgias, cervicalgias, hematomas, edemas, bursitis, artrosis, artritis, fibromialgias o dolor cr\u00f3nico y lesiones deportivas.<\/p>\n\n\n\n<p>Y sesiones de presoterapia: un&nbsp;tratamiento corporal que utiliza la presi\u00f3n de aire para activar el sistema linf\u00e1tico y mejorar la circulaci\u00f3n de todo el cuerpo.<\/p>\n\n\n\n<h4 class=\"wp-block-heading\" id=\"h-centro-de-rehabilitacion-y-fisioterapia-recoletas-salud-segovia\"><strong><u>Centro de Rehabilitaci\u00f3n y Fisioterapia Recoletas Salud Segovia<\/u><\/strong><strong><u><\/u><\/strong><\/h4>\n\n\n\n<p>Son 500 metros cuadrados distribuidos en zona de admisi\u00f3n y sala de espera, una consulta para los m\u00e9dicos rehabilitadores: los doctores Jos\u00e9 Manuel Ruiz Soldevilla, Noem\u00ed Hern\u00e1ndez y Angel Rabad\u00e1n, y dos grandes salas con boxes y zona de gimnasio para la mejora de la movilidad de los pacientes con cintas de correr, m\u00e1quinas el\u00edpticas, bicicletas est\u00e1ticas, espalderas, etc.<\/p>\n\n\n\n<p>La primera de las salas cuenta con 8 boxes, 4 de ellos totalmente individualizados y uno de ellos espec\u00edfico para suelo p\u00e9lvico. La otra sala tiene 9 boxes, 5 de ellos tambi\u00e9n individualizados, y uno de ellos exclusivo para suelo p\u00e9lvico.<\/p>\n\n\n\n<p>El centro se completa con vestuarios con taquillas para los usuarios, aseos y espacios de almac\u00e9n.<\/p>\n\n\n\n<p>Un total de 9 fisioterapeutas trabajar\u00e1n en el centro que tendr\u00e1 un horario de lunes a viernes de 08:00 a 21:30 horas.<\/p>\n","protected":false},"excerpt":{"rendered":"<p>Oferta asistencial Entre los numerosos tratamientos que se pueden realizar en este centro de rehabilitaci\u00f3n y fisioterapia est\u00e1n la fisioterapia pedi\u00e1trica, fisioterapia respiratoria y fisioterapia deportiva,la rehabilitaci\u00f3n postquir\u00fargica y rehabilitaci\u00f3n neurol\u00f3gica, el drenaje linf\u00e1tico y la atenci\u00f3n post-parto. Tambi\u00e9n se realizan sesiones de Indiba, una tecnolog\u00eda no dolorosa que utiliza la radiofrecuencia como fuente de [&hellip;]<\/p>\n","protected":false},"author":2,"featured_media":16875,"comment_status":"closed","ping_status":"closed","sticky":false,"template":"","format":"standard","meta":{"_acf_changed":false,"footnotes":""},"categories":[43,1,23,42,5],"tags":[3274,3405,25],"class_list":["post-16874","post","type-post","status-publish","format-standard","has-post-thumbnail","hentry","category-centros","category-grupo-recoletas","category-hrsg","category-recoletas-salud","category-segovia","tag-fisioterapia","tag-rehabilitacion","tag-segovia"],"acf":[],"yoast_head":"<!-- This site is optimized with the Yoast SEO Premium plugin v27.3 (Yoast SEO v27.3) - https:\/\/yoast.com\/product\/yoast-seo-premium-wordpress\/ -->\n<title>El Centro de Rehabilitaci\u00f3n y Fisioterapia Recoletas Salud Segovia cumple su primer a\u00f1o - Noticias Grupo Recoletas<\/title>\n<meta name=\"description\" content=\"Celebra el primer a\u00f1o del centro de Recoletas Salud y conoce los tratamientos de rehabilitaci\u00f3n y fisioterapia que ofrecemos.\" \/>\n<meta name=\"robots\" content=\"index, follow, max-snippet:-1, max-image-preview:large, max-video-preview:-1\" \/>\n<link rel=\"canonical\" href=\"https:\/\/www.gruporecoletas.com\/noticias\/el-centro-de-rehabilitacion-y-fisioterapia-recoletas-salud-segovia-cumple-su-primer-ano\/\" \/>\n<meta property=\"og:locale\" content=\"es_ES\" \/>\n<meta property=\"og:type\" content=\"article\" \/>\n<meta property=\"og:title\" content=\"El Centro de Rehabilitaci\u00f3n y Fisioterapia Recoletas Salud Segovia cumple su primer a\u00f1o\" \/>\n<meta property=\"og:description\" content=\"Celebra el primer a\u00f1o del centro de Recoletas Salud y conoce los tratamientos de rehabilitaci\u00f3n y fisioterapia que ofrecemos.\" \/>\n<meta property=\"og:url\" content=\"https:\/\/www.gruporecoletas.com\/noticias\/el-centro-de-rehabilitacion-y-fisioterapia-recoletas-salud-segovia-cumple-su-primer-ano\/\" \/>\n<meta property=\"og:site_name\" content=\"Noticias Grupo Recoletas\" \/>\n<meta property=\"article:publisher\" content=\"https:\/\/www.facebook.com\/GrupoRecoletas\/\" \/>\n<meta property=\"article:published_time\" content=\"2026-03-16T15:50:12+00:00\" \/>\n<meta property=\"article:modified_time\" content=\"2026-03-16T15:50:14+00:00\" \/>\n<meta property=\"og:image\" content=\"https:\/\/www.gruporecoletas.com\/noticias\/wp-content\/uploads\/2026\/03\/FISIOTERAPIA-REHABILITACION-RECOLETAS-SALUD-SEGOVIA.png\" \/>\n\t<meta property=\"og:image:width\" content=\"1200\" \/>\n\t<meta property=\"og:image:height\" content=\"628\" \/>\n\t<meta property=\"og:image:type\" content=\"image\/png\" \/>\n<meta name=\"author\" content=\"Recoletas Red Hospitalaria\" \/>\n<meta name=\"twitter:card\" content=\"summary_large_image\" \/>\n<meta name=\"twitter:creator\" content=\"@GrupoRecoletas\" \/>\n<meta name=\"twitter:site\" content=\"@GrupoRecoletas\" \/>\n<meta name=\"twitter:label1\" content=\"Escrito por\" \/>\n\t<meta name=\"twitter:data1\" content=\"Recoletas Red Hospitalaria\" \/>\n\t<meta name=\"twitter:label2\" content=\"Tiempo de lectura\" \/>\n\t<meta name=\"twitter:data2\" content=\"2 minutos\" \/>\n<script type=\"application\/ld+json\" class=\"yoast-schema-graph\">{\"@context\":\"https:\\\/\\\/schema.org\",\"@graph\":[{\"@type\":\"Article\",\"@id\":\"https:\\\/\\\/www.gruporecoletas.com\\\/noticias\\\/el-centro-de-rehabilitacion-y-fisioterapia-recoletas-salud-segovia-cumple-su-primer-ano\\\/#article\",\"isPartOf\":{\"@id\":\"https:\\\/\\\/www.gruporecoletas.com\\\/noticias\\\/el-centro-de-rehabilitacion-y-fisioterapia-recoletas-salud-segovia-cumple-su-primer-ano\\\/\"},\"author\":{\"name\":\"Recoletas Red Hospitalaria\",\"@id\":\"https:\\\/\\\/www.gruporecoletas.com\\\/noticias\\\/#\\\/schema\\\/person\\\/3c6ac429828d1f5e3d3bd99f4da9b02c\"},\"headline\":\"El Centro de Rehabilitaci\u00f3n y Fisioterapia Recoletas Salud Segovia cumple su primer a\u00f1o\",\"datePublished\":\"2026-03-16T15:50:12+00:00\",\"dateModified\":\"2026-03-16T15:50:14+00:00\",\"mainEntityOfPage\":{\"@id\":\"https:\\\/\\\/www.gruporecoletas.com\\\/noticias\\\/el-centro-de-rehabilitacion-y-fisioterapia-recoletas-salud-segovia-cumple-su-primer-ano\\\/\"},\"wordCount\":335,\"image\":{\"@id\":\"https:\\\/\\\/www.gruporecoletas.com\\\/noticias\\\/el-centro-de-rehabilitacion-y-fisioterapia-recoletas-salud-segovia-cumple-su-primer-ano\\\/#primaryimage\"},\"thumbnailUrl\":\"https:\\\/\\\/www.gruporecoletas.com\\\/noticias\\\/wp-content\\\/uploads\\\/2026\\\/03\\\/FISIOTERAPIA-REHABILITACION-RECOLETAS-SALUD-SEGOVIA.png\",\"keywords\":[\"Fisioterapia\",\"rehabilitaci\u00f3n\",\"Segovia\"],\"articleSection\":[\"Centros\",\"Grupo Recoletas\",\"HRSG\",\"Recoletas Salud\",\"Segovia\"],\"inLanguage\":\"es\"},{\"@type\":\"WebPage\",\"@id\":\"https:\\\/\\\/www.gruporecoletas.com\\\/noticias\\\/el-centro-de-rehabilitacion-y-fisioterapia-recoletas-salud-segovia-cumple-su-primer-ano\\\/\",\"url\":\"https:\\\/\\\/www.gruporecoletas.com\\\/noticias\\\/el-centro-de-rehabilitacion-y-fisioterapia-recoletas-salud-segovia-cumple-su-primer-ano\\\/\",\"name\":\"El Centro de Rehabilitaci\u00f3n y Fisioterapia Recoletas Salud Segovia cumple su primer a\u00f1o - Noticias Grupo Recoletas\",\"isPartOf\":{\"@id\":\"https:\\\/\\\/www.gruporecoletas.com\\\/noticias\\\/#website\"},\"primaryImageOfPage\":{\"@id\":\"https:\\\/\\\/www.gruporecoletas.com\\\/noticias\\\/el-centro-de-rehabilitacion-y-fisioterapia-recoletas-salud-segovia-cumple-su-primer-ano\\\/#primaryimage\"},\"image\":{\"@id\":\"https:\\\/\\\/www.gruporecoletas.com\\\/noticias\\\/el-centro-de-rehabilitacion-y-fisioterapia-recoletas-salud-segovia-cumple-su-primer-ano\\\/#primaryimage\"},\"thumbnailUrl\":\"https:\\\/\\\/www.gruporecoletas.com\\\/noticias\\\/wp-content\\\/uploads\\\/2026\\\/03\\\/FISIOTERAPIA-REHABILITACION-RECOLETAS-SALUD-SEGOVIA.png\",\"datePublished\":\"2026-03-16T15:50:12+00:00\",\"dateModified\":\"2026-03-16T15:50:14+00:00\",\"author\":{\"@id\":\"https:\\\/\\\/www.gruporecoletas.com\\\/noticias\\\/#\\\/schema\\\/person\\\/3c6ac429828d1f5e3d3bd99f4da9b02c\"},\"description\":\"Celebra el primer a\u00f1o del centro de Recoletas Salud y conoce los tratamientos de rehabilitaci\u00f3n y fisioterapia que ofrecemos.\",\"breadcrumb\":{\"@id\":\"https:\\\/\\\/www.gruporecoletas.com\\\/noticias\\\/el-centro-de-rehabilitacion-y-fisioterapia-recoletas-salud-segovia-cumple-su-primer-ano\\\/#breadcrumb\"},\"inLanguage\":\"es\",\"potentialAction\":[{\"@type\":\"ReadAction\",\"target\":[\"https:\\\/\\\/www.gruporecoletas.com\\\/noticias\\\/el-centro-de-rehabilitacion-y-fisioterapia-recoletas-salud-segovia-cumple-su-primer-ano\\\/\"]}]},{\"@type\":\"ImageObject\",\"inLanguage\":\"es\",\"@id\":\"https:\\\/\\\/www.gruporecoletas.com\\\/noticias\\\/el-centro-de-rehabilitacion-y-fisioterapia-recoletas-salud-segovia-cumple-su-primer-ano\\\/#primaryimage\",\"url\":\"https:\\\/\\\/www.gruporecoletas.com\\\/noticias\\\/wp-content\\\/uploads\\\/2026\\\/03\\\/FISIOTERAPIA-REHABILITACION-RECOLETAS-SALUD-SEGOVIA.png\",\"contentUrl\":\"https:\\\/\\\/www.gruporecoletas.com\\\/noticias\\\/wp-content\\\/uploads\\\/2026\\\/03\\\/FISIOTERAPIA-REHABILITACION-RECOLETAS-SALUD-SEGOVIA.png\",\"width\":1200,\"height\":628,\"caption\":\"El Centro de Rehabilitaci\u00f3n y Fisioterapia Recoletas Salud Segovia cumple su primer a\u00f1o\"},{\"@type\":\"BreadcrumbList\",\"@id\":\"https:\\\/\\\/www.gruporecoletas.com\\\/noticias\\\/el-centro-de-rehabilitacion-y-fisioterapia-recoletas-salud-segovia-cumple-su-primer-ano\\\/#breadcrumb\",\"itemListElement\":[{\"@type\":\"ListItem\",\"position\":1,\"name\":\"Portada\",\"item\":\"https:\\\/\\\/www.gruporecoletas.com\\\/noticias\\\/\"},{\"@type\":\"ListItem\",\"position\":2,\"name\":\"El Centro de Rehabilitaci\u00f3n y Fisioterapia Recoletas Salud Segovia cumple su primer a\u00f1o\"}]},{\"@type\":\"WebSite\",\"@id\":\"https:\\\/\\\/www.gruporecoletas.com\\\/noticias\\\/#website\",\"url\":\"https:\\\/\\\/www.gruporecoletas.com\\\/noticias\\\/\",\"name\":\"Noticias Grupo Recoletas\",\"description\":\"Grupo Recoletas\",\"potentialAction\":[{\"@type\":\"SearchAction\",\"target\":{\"@type\":\"EntryPoint\",\"urlTemplate\":\"https:\\\/\\\/www.gruporecoletas.com\\\/noticias\\\/?s={search_term_string}\"},\"query-input\":{\"@type\":\"PropertyValueSpecification\",\"valueRequired\":true,\"valueName\":\"search_term_string\"}}],\"inLanguage\":\"es\"},{\"@type\":\"Person\",\"@id\":\"https:\\\/\\\/www.gruporecoletas.com\\\/noticias\\\/#\\\/schema\\\/person\\\/3c6ac429828d1f5e3d3bd99f4da9b02c\",\"name\":\"Recoletas Red Hospitalaria\",\"url\":\"https:\\\/\\\/www.gruporecoletas.com\\\/noticias\\\/author\\\/comunicacion\\\/\"}]}<\/script>\n<!-- \/ Yoast SEO Premium plugin. -->","yoast_head_json":{"title":"El Centro de Rehabilitaci\u00f3n y Fisioterapia Recoletas Salud Segovia cumple su primer a\u00f1o - Noticias Grupo Recoletas","description":"Celebra el primer a\u00f1o del centro de Recoletas Salud y conoce los tratamientos de rehabilitaci\u00f3n y fisioterapia que ofrecemos.","robots":{"index":"index","follow":"follow","max-snippet":"max-snippet:-1","max-image-preview":"max-image-preview:large","max-video-preview":"max-video-preview:-1"},"canonical":"https:\/\/www.gruporecoletas.com\/noticias\/el-centro-de-rehabilitacion-y-fisioterapia-recoletas-salud-segovia-cumple-su-primer-ano\/","og_locale":"es_ES","og_type":"article","og_title":"El Centro de Rehabilitaci\u00f3n y Fisioterapia Recoletas Salud Segovia cumple su primer a\u00f1o","og_description":"Celebra el primer a\u00f1o del centro de Recoletas Salud y conoce los tratamientos de rehabilitaci\u00f3n y fisioterapia que ofrecemos.","og_url":"https:\/\/www.gruporecoletas.com\/noticias\/el-centro-de-rehabilitacion-y-fisioterapia-recoletas-salud-segovia-cumple-su-primer-ano\/","og_site_name":"Noticias Grupo Recoletas","article_publisher":"https:\/\/www.facebook.com\/GrupoRecoletas\/","article_published_time":"2026-03-16T15:50:12+00:00","article_modified_time":"2026-03-16T15:50:14+00:00","og_image":[{"width":1200,"height":628,"url":"https:\/\/www.gruporecoletas.com\/noticias\/wp-content\/uploads\/2026\/03\/FISIOTERAPIA-REHABILITACION-RECOLETAS-SALUD-SEGOVIA.png","type":"image\/png"}],"author":"Recoletas Red Hospitalaria","twitter_card":"summary_large_image","twitter_creator":"@GrupoRecoletas","twitter_site":"@GrupoRecoletas","twitter_misc":{"Escrito por":"Recoletas Red Hospitalaria","Tiempo de lectura":"2 minutos"},"schema":{"@context":"https:\/\/schema.org","@graph":[{"@type":"Article","@id":"https:\/\/www.gruporecoletas.com\/noticias\/el-centro-de-rehabilitacion-y-fisioterapia-recoletas-salud-segovia-cumple-su-primer-ano\/#article","isPartOf":{"@id":"https:\/\/www.gruporecoletas.com\/noticias\/el-centro-de-rehabilitacion-y-fisioterapia-recoletas-salud-segovia-cumple-su-primer-ano\/"},"author":{"name":"Recoletas Red Hospitalaria","@id":"https:\/\/www.gruporecoletas.com\/noticias\/#\/schema\/person\/3c6ac429828d1f5e3d3bd99f4da9b02c"},"headline":"El Centro de Rehabilitaci\u00f3n y Fisioterapia Recoletas Salud Segovia cumple su primer a\u00f1o","datePublished":"2026-03-16T15:50:12+00:00","dateModified":"2026-03-16T15:50:14+00:00","mainEntityOfPage":{"@id":"https:\/\/www.gruporecoletas.com\/noticias\/el-centro-de-rehabilitacion-y-fisioterapia-recoletas-salud-segovia-cumple-su-primer-ano\/"},"wordCount":335,"image":{"@id":"https:\/\/www.gruporecoletas.com\/noticias\/el-centro-de-rehabilitacion-y-fisioterapia-recoletas-salud-segovia-cumple-su-primer-ano\/#primaryimage"},"thumbnailUrl":"https:\/\/www.gruporecoletas.com\/noticias\/wp-content\/uploads\/2026\/03\/FISIOTERAPIA-REHABILITACION-RECOLETAS-SALUD-SEGOVIA.png","keywords":["Fisioterapia","rehabilitaci\u00f3n","Segovia"],"articleSection":["Centros","Grupo Recoletas","HRSG","Recoletas Salud","Segovia"],"inLanguage":"es"},{"@type":"WebPage","@id":"https:\/\/www.gruporecoletas.com\/noticias\/el-centro-de-rehabilitacion-y-fisioterapia-recoletas-salud-segovia-cumple-su-primer-ano\/","url":"https:\/\/www.gruporecoletas.com\/noticias\/el-centro-de-rehabilitacion-y-fisioterapia-recoletas-salud-segovia-cumple-su-primer-ano\/","name":"El Centro de Rehabilitaci\u00f3n y Fisioterapia Recoletas Salud Segovia cumple su primer a\u00f1o - Noticias Grupo Recoletas","isPartOf":{"@id":"https:\/\/www.gruporecoletas.com\/noticias\/#website"},"primaryImageOfPage":{"@id":"https:\/\/www.gruporecoletas.com\/noticias\/el-centro-de-rehabilitacion-y-fisioterapia-recoletas-salud-segovia-cumple-su-primer-ano\/#primaryimage"},"image":{"@id":"https:\/\/www.gruporecoletas.com\/noticias\/el-centro-de-rehabilitacion-y-fisioterapia-recoletas-salud-segovia-cumple-su-primer-ano\/#primaryimage"},"thumbnailUrl":"https:\/\/www.gruporecoletas.com\/noticias\/wp-content\/uploads\/2026\/03\/FISIOTERAPIA-REHABILITACION-RECOLETAS-SALUD-SEGOVIA.png","datePublished":"2026-03-16T15:50:12+00:00","dateModified":"2026-03-16T15:50:14+00:00","author":{"@id":"https:\/\/www.gruporecoletas.com\/noticias\/#\/schema\/person\/3c6ac429828d1f5e3d3bd99f4da9b02c"},"description":"Celebra el primer a\u00f1o del centro de Recoletas Salud y conoce los tratamientos de rehabilitaci\u00f3n y fisioterapia que ofrecemos.","breadcrumb":{"@id":"https:\/\/www.gruporecoletas.com\/noticias\/el-centro-de-rehabilitacion-y-fisioterapia-recoletas-salud-segovia-cumple-su-primer-ano\/#breadcrumb"},"inLanguage":"es","potentialAction":[{"@type":"ReadAction","target":["https:\/\/www.gruporecoletas.com\/noticias\/el-centro-de-rehabilitacion-y-fisioterapia-recoletas-salud-segovia-cumple-su-primer-ano\/"]}]},{"@type":"ImageObject","inLanguage":"es","@id":"https:\/\/www.gruporecoletas.com\/noticias\/el-centro-de-rehabilitacion-y-fisioterapia-recoletas-salud-segovia-cumple-su-primer-ano\/#primaryimage","url":"https:\/\/www.gruporecoletas.com\/noticias\/wp-content\/uploads\/2026\/03\/FISIOTERAPIA-REHABILITACION-RECOLETAS-SALUD-SEGOVIA.png","contentUrl":"https:\/\/www.gruporecoletas.com\/noticias\/wp-content\/uploads\/2026\/03\/FISIOTERAPIA-REHABILITACION-RECOLETAS-SALUD-SEGOVIA.png","width":1200,"height":628,"caption":"El Centro de Rehabilitaci\u00f3n y Fisioterapia Recoletas Salud Segovia cumple su primer a\u00f1o"},{"@type":"BreadcrumbList","@id":"https:\/\/www.gruporecoletas.com\/noticias\/el-centro-de-rehabilitacion-y-fisioterapia-recoletas-salud-segovia-cumple-su-primer-ano\/#breadcrumb","itemListElement":[{"@type":"ListItem","position":1,"name":"Portada","item":"https:\/\/www.gruporecoletas.com\/noticias\/"},{"@type":"ListItem","position":2,"name":"El Centro de Rehabilitaci\u00f3n y Fisioterapia Recoletas Salud Segovia cumple su primer a\u00f1o"}]},{"@type":"WebSite","@id":"https:\/\/www.gruporecoletas.com\/noticias\/#website","url":"https:\/\/www.gruporecoletas.com\/noticias\/","name":"Noticias Grupo Recoletas","description":"Grupo Recoletas","potentialAction":[{"@type":"SearchAction","target":{"@type":"EntryPoint","urlTemplate":"https:\/\/www.gruporecoletas.com\/noticias\/?s={search_term_string}"},"query-input":{"@type":"PropertyValueSpecification","valueRequired":true,"valueName":"search_term_string"}}],"inLanguage":"es"},{"@type":"Person","@id":"https:\/\/www.gruporecoletas.com\/noticias\/#\/schema\/person\/3c6ac429828d1f5e3d3bd99f4da9b02c","name":"Recoletas Red Hospitalaria","url":"https:\/\/www.gruporecoletas.com\/noticias\/author\/comunicacion\/"}]}},"_links":{"self":[{"href":"https:\/\/www.gruporecoletas.com\/noticias\/wp-json\/wp\/v2\/posts\/16874","targetHints":{"allow":["GET"]}}],"collection":[{"href":"https:\/\/www.gruporecoletas.com\/noticias\/wp-json\/wp\/v2\/posts"}],"about":[{"href":"https:\/\/www.gruporecoletas.com\/noticias\/wp-json\/wp\/v2\/types\/post"}],"author":[{"embeddable":true,"href":"https:\/\/www.gruporecoletas.com\/noticias\/wp-json\/wp\/v2\/users\/2"}],"replies":[{"embeddable":true,"href":"https:\/\/www.gruporecoletas.com\/noticias\/wp-json\/wp\/v2\/comments?post=16874"}],"version-history":[{"count":1,"href":"https:\/\/www.gruporecoletas.com\/noticias\/wp-json\/wp\/v2\/posts\/16874\/revisions"}],"predecessor-version":[{"id":16876,"href":"https:\/\/www.gruporecoletas.com\/noticias\/wp-json\/wp\/v2\/posts\/16874\/revisions\/16876"}],"wp:featuredmedia":[{"embeddable":true,"href":"https:\/\/www.gruporecoletas.com\/noticias\/wp-json\/wp\/v2\/media\/16875"}],"wp:attachment":[{"href":"https:\/\/www.gruporecoletas.com\/noticias\/wp-json\/wp\/v2\/media?parent=16874"}],"wp:term":[{"taxonomy":"category","embeddable":true,"href":"https:\/\/www.gruporecoletas.com\/noticias\/wp-json\/wp\/v2\/categories?post=16874"},{"taxonomy":"post_tag","embeddable":true,"href":"https:\/\/www.gruporecoletas.com\/noticias\/wp-json\/wp\/v2\/tags?post=16874"}],"curies":[{"name":"wp","href":"https:\/\/api.w.org\/{rel}","templated":true}]}}