{"id":4888,"date":"2016-04-05T17:37:31","date_gmt":"2016-04-05T16:37:31","guid":{"rendered":"http:\/\/192.168.28.122\/wordpress\/?p=4888"},"modified":"2019-01-21T11:48:48","modified_gmt":"2019-01-21T11:48:48","slug":"recoletas-cuenca-dos-marcapasos-en-un-mes","status":"publish","type":"post","link":"https:\/\/www.gruporecoletas.com\/noticias\/recoletas-cuenca-dos-marcapasos-en-un-mes\/","title":{"rendered":"Recoletas Cuenca, dos marcapasos en un mes"},"content":{"rendered":"<p>El Hospital Recoletas Cuenca ha realizado con \u00e9xito la implantaci\u00f3n de un marcapasos cardiaco, el segundo en un mes. La intervenci\u00f3n, llevada a cabo en uno de los quir\u00f3fanos del Hospital fue realizada por el Dr. Miguel \u00c1ngel Qui\u00f1ones, cardi\u00f3logo del Hospital, acompa\u00f1ado por el personal de enfermer\u00eda y auxiliares de quir\u00f3fano.<\/p>\n<p>Realizar una segunda implantaci\u00f3n de un marcapasos cardiaco en un mes supone un hito para el Hospital y los profesionales sanitarios que lo componen.<\/p>\n","protected":false},"excerpt":{"rendered":"<p>El Hospital Recoletas Cuenca ha realizado con \u00e9xito la implantaci\u00f3n de un marcapasos cardiaco, el segundo en un mes. La intervenci\u00f3n, llevada a cabo en uno de los quir\u00f3fanos del Hospital fue realizada por el Dr. Miguel \u00c1ngel Qui\u00f1ones, cardi\u00f3logo del Hospital, acompa\u00f1ado por el personal de enfermer\u00eda y auxiliares de quir\u00f3fano. Realizar una segunda [&hellip;]<\/p>\n","protected":false},"author":2,"featured_media":4728,"comment_status":"closed","ping_status":"closed","sticky":false,"template":"","format":"standard","meta":{"_acf_changed":false,"footnotes":""},"categories":[6],"tags":[],"class_list":["post-4888","post","type-post","status-publish","format-standard","has-post-thumbnail","hentry","category-cuenca"],"acf":[],"yoast_head":"<!-- This site is optimized with the Yoast SEO Premium plugin v27.3 (Yoast SEO v27.3) - https:\/\/yoast.com\/product\/yoast-seo-premium-wordpress\/ -->\n<title>Recoletas Cuenca, dos marcapasos en un mes - Noticias Grupo Recoletas<\/title>\n<meta name=\"robots\" content=\"index, follow, max-snippet:-1, max-image-preview:large, max-video-preview:-1\" \/>\n<link rel=\"canonical\" href=\"https:\/\/www.gruporecoletas.com\/noticias\/recoletas-cuenca-dos-marcapasos-en-un-mes\/\" \/>\n<meta property=\"og:locale\" content=\"es_ES\" \/>\n<meta property=\"og:type\" content=\"article\" \/>\n<meta property=\"og:title\" content=\"Recoletas Cuenca, dos marcapasos en un mes\" \/>\n<meta property=\"og:description\" content=\"El Hospital Recoletas Cuenca ha realizado con \u00e9xito la implantaci\u00f3n de un marcapasos cardiaco, el segundo en un mes. La intervenci\u00f3n, llevada a cabo en uno de los quir\u00f3fanos del Hospital fue realizada por el Dr. Miguel \u00c1ngel Qui\u00f1ones, cardi\u00f3logo del Hospital, acompa\u00f1ado por el personal de enfermer\u00eda y auxiliares de quir\u00f3fano. Realizar una segunda [&hellip;]\" \/>\n<meta property=\"og:url\" content=\"https:\/\/www.gruporecoletas.com\/noticias\/recoletas-cuenca-dos-marcapasos-en-un-mes\/\" \/>\n<meta property=\"og:site_name\" content=\"Noticias Grupo Recoletas\" \/>\n<meta property=\"article:publisher\" content=\"https:\/\/www.facebook.com\/GrupoRecoletas\/\" \/>\n<meta property=\"article:published_time\" content=\"2016-04-05T16:37:31+00:00\" \/>\n<meta property=\"article:modified_time\" content=\"2019-01-21T11:48:48+00:00\" \/>\n<meta property=\"og:image\" content=\"https:\/\/www.gruporecoletas.com\/noticias\/wp-content\/uploads\/2016\/04\/cardiolog\u00eda.jpg\" \/>\n\t<meta property=\"og:image:width\" content=\"532\" \/>\n\t<meta property=\"og:image:height\" content=\"462\" \/>\n\t<meta property=\"og:image:type\" content=\"image\/jpeg\" \/>\n<meta name=\"author\" content=\"Recoletas Red Hospitalaria\" \/>\n<meta name=\"twitter:card\" content=\"summary_large_image\" \/>\n<meta name=\"twitter:creator\" content=\"@GrupoRecoletas\" \/>\n<meta name=\"twitter:site\" content=\"@GrupoRecoletas\" \/>\n<meta name=\"twitter:label1\" content=\"Escrito por\" \/>\n\t<meta name=\"twitter:data1\" content=\"Recoletas Red Hospitalaria\" \/>\n<script type=\"application\/ld+json\" class=\"yoast-schema-graph\">{\"@context\":\"https:\\\/\\\/schema.org\",\"@graph\":[{\"@type\":\"Article\",\"@id\":\"https:\\\/\\\/www.gruporecoletas.com\\\/noticias\\\/recoletas-cuenca-dos-marcapasos-en-un-mes\\\/#article\",\"isPartOf\":{\"@id\":\"https:\\\/\\\/www.gruporecoletas.com\\\/noticias\\\/recoletas-cuenca-dos-marcapasos-en-un-mes\\\/\"},\"author\":{\"name\":\"Recoletas Red Hospitalaria\",\"@id\":\"https:\\\/\\\/www.gruporecoletas.com\\\/noticias\\\/#\\\/schema\\\/person\\\/3c6ac429828d1f5e3d3bd99f4da9b02c\"},\"headline\":\"Recoletas Cuenca, dos marcapasos en un mes\",\"datePublished\":\"2016-04-05T16:37:31+00:00\",\"dateModified\":\"2019-01-21T11:48:48+00:00\",\"mainEntityOfPage\":{\"@id\":\"https:\\\/\\\/www.gruporecoletas.com\\\/noticias\\\/recoletas-cuenca-dos-marcapasos-en-un-mes\\\/\"},\"wordCount\":92,\"image\":{\"@id\":\"https:\\\/\\\/www.gruporecoletas.com\\\/noticias\\\/recoletas-cuenca-dos-marcapasos-en-un-mes\\\/#primaryimage\"},\"thumbnailUrl\":\"https:\\\/\\\/www.gruporecoletas.com\\\/noticias\\\/wp-content\\\/uploads\\\/2016\\\/04\\\/cardiolog\u00eda.jpg\",\"articleSection\":[\"Cuenca\"],\"inLanguage\":\"es\"},{\"@type\":\"WebPage\",\"@id\":\"https:\\\/\\\/www.gruporecoletas.com\\\/noticias\\\/recoletas-cuenca-dos-marcapasos-en-un-mes\\\/\",\"url\":\"https:\\\/\\\/www.gruporecoletas.com\\\/noticias\\\/recoletas-cuenca-dos-marcapasos-en-un-mes\\\/\",\"name\":\"Recoletas Cuenca, dos marcapasos en un mes - Noticias Grupo Recoletas\",\"isPartOf\":{\"@id\":\"https:\\\/\\\/www.gruporecoletas.com\\\/noticias\\\/#website\"},\"primaryImageOfPage\":{\"@id\":\"https:\\\/\\\/www.gruporecoletas.com\\\/noticias\\\/recoletas-cuenca-dos-marcapasos-en-un-mes\\\/#primaryimage\"},\"image\":{\"@id\":\"https:\\\/\\\/www.gruporecoletas.com\\\/noticias\\\/recoletas-cuenca-dos-marcapasos-en-un-mes\\\/#primaryimage\"},\"thumbnailUrl\":\"https:\\\/\\\/www.gruporecoletas.com\\\/noticias\\\/wp-content\\\/uploads\\\/2016\\\/04\\\/cardiolog\u00eda.jpg\",\"datePublished\":\"2016-04-05T16:37:31+00:00\",\"dateModified\":\"2019-01-21T11:48:48+00:00\",\"author\":{\"@id\":\"https:\\\/\\\/www.gruporecoletas.com\\\/noticias\\\/#\\\/schema\\\/person\\\/3c6ac429828d1f5e3d3bd99f4da9b02c\"},\"breadcrumb\":{\"@id\":\"https:\\\/\\\/www.gruporecoletas.com\\\/noticias\\\/recoletas-cuenca-dos-marcapasos-en-un-mes\\\/#breadcrumb\"},\"inLanguage\":\"es\",\"potentialAction\":[{\"@type\":\"ReadAction\",\"target\":[\"https:\\\/\\\/www.gruporecoletas.com\\\/noticias\\\/recoletas-cuenca-dos-marcapasos-en-un-mes\\\/\"]}]},{\"@type\":\"ImageObject\",\"inLanguage\":\"es\",\"@id\":\"https:\\\/\\\/www.gruporecoletas.com\\\/noticias\\\/recoletas-cuenca-dos-marcapasos-en-un-mes\\\/#primaryimage\",\"url\":\"https:\\\/\\\/www.gruporecoletas.com\\\/noticias\\\/wp-content\\\/uploads\\\/2016\\\/04\\\/cardiolog\u00eda.jpg\",\"contentUrl\":\"https:\\\/\\\/www.gruporecoletas.com\\\/noticias\\\/wp-content\\\/uploads\\\/2016\\\/04\\\/cardiolog\u00eda.jpg\",\"width\":532,\"height\":462},{\"@type\":\"BreadcrumbList\",\"@id\":\"https:\\\/\\\/www.gruporecoletas.com\\\/noticias\\\/recoletas-cuenca-dos-marcapasos-en-un-mes\\\/#breadcrumb\",\"itemListElement\":[{\"@type\":\"ListItem\",\"position\":1,\"name\":\"Portada\",\"item\":\"https:\\\/\\\/www.gruporecoletas.com\\\/noticias\\\/\"},{\"@type\":\"ListItem\",\"position\":2,\"name\":\"Recoletas Cuenca, dos marcapasos en un mes\"}]},{\"@type\":\"WebSite\",\"@id\":\"https:\\\/\\\/www.gruporecoletas.com\\\/noticias\\\/#website\",\"url\":\"https:\\\/\\\/www.gruporecoletas.com\\\/noticias\\\/\",\"name\":\"Noticias Grupo Recoletas\",\"description\":\"Grupo Recoletas\",\"potentialAction\":[{\"@type\":\"SearchAction\",\"target\":{\"@type\":\"EntryPoint\",\"urlTemplate\":\"https:\\\/\\\/www.gruporecoletas.com\\\/noticias\\\/?s={search_term_string}\"},\"query-input\":{\"@type\":\"PropertyValueSpecification\",\"valueRequired\":true,\"valueName\":\"search_term_string\"}}],\"inLanguage\":\"es\"},{\"@type\":\"Person\",\"@id\":\"https:\\\/\\\/www.gruporecoletas.com\\\/noticias\\\/#\\\/schema\\\/person\\\/3c6ac429828d1f5e3d3bd99f4da9b02c\",\"name\":\"Recoletas Red Hospitalaria\",\"url\":\"https:\\\/\\\/www.gruporecoletas.com\\\/noticias\\\/author\\\/comunicacion\\\/\"}]}<\/script>\n<!-- \/ Yoast SEO Premium plugin. -->","yoast_head_json":{"title":"Recoletas Cuenca, dos marcapasos en un mes - Noticias Grupo Recoletas","robots":{"index":"index","follow":"follow","max-snippet":"max-snippet:-1","max-image-preview":"max-image-preview:large","max-video-preview":"max-video-preview:-1"},"canonical":"https:\/\/www.gruporecoletas.com\/noticias\/recoletas-cuenca-dos-marcapasos-en-un-mes\/","og_locale":"es_ES","og_type":"article","og_title":"Recoletas Cuenca, dos marcapasos en un mes","og_description":"El Hospital Recoletas Cuenca ha realizado con \u00e9xito la implantaci\u00f3n de un marcapasos cardiaco, el segundo en un mes. La intervenci\u00f3n, llevada a cabo en uno de los quir\u00f3fanos del Hospital fue realizada por el Dr. Miguel \u00c1ngel Qui\u00f1ones, cardi\u00f3logo del Hospital, acompa\u00f1ado por el personal de enfermer\u00eda y auxiliares de quir\u00f3fano. Realizar una segunda [&hellip;]","og_url":"https:\/\/www.gruporecoletas.com\/noticias\/recoletas-cuenca-dos-marcapasos-en-un-mes\/","og_site_name":"Noticias Grupo Recoletas","article_publisher":"https:\/\/www.facebook.com\/GrupoRecoletas\/","article_published_time":"2016-04-05T16:37:31+00:00","article_modified_time":"2019-01-21T11:48:48+00:00","og_image":[{"width":532,"height":462,"url":"https:\/\/www.gruporecoletas.com\/noticias\/wp-content\/uploads\/2016\/04\/cardiolog\u00eda.jpg","type":"image\/jpeg"}],"author":"Recoletas Red Hospitalaria","twitter_card":"summary_large_image","twitter_creator":"@GrupoRecoletas","twitter_site":"@GrupoRecoletas","twitter_misc":{"Escrito por":"Recoletas Red Hospitalaria"},"schema":{"@context":"https:\/\/schema.org","@graph":[{"@type":"Article","@id":"https:\/\/www.gruporecoletas.com\/noticias\/recoletas-cuenca-dos-marcapasos-en-un-mes\/#article","isPartOf":{"@id":"https:\/\/www.gruporecoletas.com\/noticias\/recoletas-cuenca-dos-marcapasos-en-un-mes\/"},"author":{"name":"Recoletas Red Hospitalaria","@id":"https:\/\/www.gruporecoletas.com\/noticias\/#\/schema\/person\/3c6ac429828d1f5e3d3bd99f4da9b02c"},"headline":"Recoletas Cuenca, dos marcapasos en un mes","datePublished":"2016-04-05T16:37:31+00:00","dateModified":"2019-01-21T11:48:48+00:00","mainEntityOfPage":{"@id":"https:\/\/www.gruporecoletas.com\/noticias\/recoletas-cuenca-dos-marcapasos-en-un-mes\/"},"wordCount":92,"image":{"@id":"https:\/\/www.gruporecoletas.com\/noticias\/recoletas-cuenca-dos-marcapasos-en-un-mes\/#primaryimage"},"thumbnailUrl":"https:\/\/www.gruporecoletas.com\/noticias\/wp-content\/uploads\/2016\/04\/cardiolog\u00eda.jpg","articleSection":["Cuenca"],"inLanguage":"es"},{"@type":"WebPage","@id":"https:\/\/www.gruporecoletas.com\/noticias\/recoletas-cuenca-dos-marcapasos-en-un-mes\/","url":"https:\/\/www.gruporecoletas.com\/noticias\/recoletas-cuenca-dos-marcapasos-en-un-mes\/","name":"Recoletas Cuenca, dos marcapasos en un mes - Noticias Grupo Recoletas","isPartOf":{"@id":"https:\/\/www.gruporecoletas.com\/noticias\/#website"},"primaryImageOfPage":{"@id":"https:\/\/www.gruporecoletas.com\/noticias\/recoletas-cuenca-dos-marcapasos-en-un-mes\/#primaryimage"},"image":{"@id":"https:\/\/www.gruporecoletas.com\/noticias\/recoletas-cuenca-dos-marcapasos-en-un-mes\/#primaryimage"},"thumbnailUrl":"https:\/\/www.gruporecoletas.com\/noticias\/wp-content\/uploads\/2016\/04\/cardiolog\u00eda.jpg","datePublished":"2016-04-05T16:37:31+00:00","dateModified":"2019-01-21T11:48:48+00:00","author":{"@id":"https:\/\/www.gruporecoletas.com\/noticias\/#\/schema\/person\/3c6ac429828d1f5e3d3bd99f4da9b02c"},"breadcrumb":{"@id":"https:\/\/www.gruporecoletas.com\/noticias\/recoletas-cuenca-dos-marcapasos-en-un-mes\/#breadcrumb"},"inLanguage":"es","potentialAction":[{"@type":"ReadAction","target":["https:\/\/www.gruporecoletas.com\/noticias\/recoletas-cuenca-dos-marcapasos-en-un-mes\/"]}]},{"@type":"ImageObject","inLanguage":"es","@id":"https:\/\/www.gruporecoletas.com\/noticias\/recoletas-cuenca-dos-marcapasos-en-un-mes\/#primaryimage","url":"https:\/\/www.gruporecoletas.com\/noticias\/wp-content\/uploads\/2016\/04\/cardiolog\u00eda.jpg","contentUrl":"https:\/\/www.gruporecoletas.com\/noticias\/wp-content\/uploads\/2016\/04\/cardiolog\u00eda.jpg","width":532,"height":462},{"@type":"BreadcrumbList","@id":"https:\/\/www.gruporecoletas.com\/noticias\/recoletas-cuenca-dos-marcapasos-en-un-mes\/#breadcrumb","itemListElement":[{"@type":"ListItem","position":1,"name":"Portada","item":"https:\/\/www.gruporecoletas.com\/noticias\/"},{"@type":"ListItem","position":2,"name":"Recoletas Cuenca, dos marcapasos en un mes"}]},{"@type":"WebSite","@id":"https:\/\/www.gruporecoletas.com\/noticias\/#website","url":"https:\/\/www.gruporecoletas.com\/noticias\/","name":"Noticias Grupo Recoletas","description":"Grupo Recoletas","potentialAction":[{"@type":"SearchAction","target":{"@type":"EntryPoint","urlTemplate":"https:\/\/www.gruporecoletas.com\/noticias\/?s={search_term_string}"},"query-input":{"@type":"PropertyValueSpecification","valueRequired":true,"valueName":"search_term_string"}}],"inLanguage":"es"},{"@type":"Person","@id":"https:\/\/www.gruporecoletas.com\/noticias\/#\/schema\/person\/3c6ac429828d1f5e3d3bd99f4da9b02c","name":"Recoletas Red Hospitalaria","url":"https:\/\/www.gruporecoletas.com\/noticias\/author\/comunicacion\/"}]}},"_links":{"self":[{"href":"https:\/\/www.gruporecoletas.com\/noticias\/wp-json\/wp\/v2\/posts\/4888","targetHints":{"allow":["GET"]}}],"collection":[{"href":"https:\/\/www.gruporecoletas.com\/noticias\/wp-json\/wp\/v2\/posts"}],"about":[{"href":"https:\/\/www.gruporecoletas.com\/noticias\/wp-json\/wp\/v2\/types\/post"}],"author":[{"embeddable":true,"href":"https:\/\/www.gruporecoletas.com\/noticias\/wp-json\/wp\/v2\/users\/2"}],"replies":[{"embeddable":true,"href":"https:\/\/www.gruporecoletas.com\/noticias\/wp-json\/wp\/v2\/comments?post=4888"}],"version-history":[{"count":1,"href":"https:\/\/www.gruporecoletas.com\/noticias\/wp-json\/wp\/v2\/posts\/4888\/revisions"}],"predecessor-version":[{"id":11607,"href":"https:\/\/www.gruporecoletas.com\/noticias\/wp-json\/wp\/v2\/posts\/4888\/revisions\/11607"}],"wp:featuredmedia":[{"embeddable":true,"href":"https:\/\/www.gruporecoletas.com\/noticias\/wp-json\/wp\/v2\/media\/4728"}],"wp:attachment":[{"href":"https:\/\/www.gruporecoletas.com\/noticias\/wp-json\/wp\/v2\/media?parent=4888"}],"wp:term":[{"taxonomy":"category","embeddable":true,"href":"https:\/\/www.gruporecoletas.com\/noticias\/wp-json\/wp\/v2\/categories?post=4888"},{"taxonomy":"post_tag","embeddable":true,"href":"https:\/\/www.gruporecoletas.com\/noticias\/wp-json\/wp\/v2\/tags?post=4888"}],"curies":[{"name":"wp","href":"https:\/\/api.w.org\/{rel}","templated":true}]}}