{"id":5969,"date":"2016-04-11T07:42:58","date_gmt":"2016-04-11T06:42:58","guid":{"rendered":"http:\/\/192.168.28.122\/wordpress\/?p=5969"},"modified":"2019-01-21T13:26:28","modified_gmt":"2019-01-21T13:26:28","slug":"embarazo-en-recoletas-burgos","status":"publish","type":"post","link":"https:\/\/www.gruporecoletas.com\/noticias\/embarazo-en-recoletas-burgos\/","title":{"rendered":"Embarazo en Recoletas Burgos"},"content":{"rendered":"<div id=\"contentArticulo\">\n<div class=\"boxArticulo\">\n<div id=\"articulo\">\n<p align=\"justify\">En el Hospital Recoletas te acompa\u00f1amos durante esta etapa especial de tu vida, ponemos a tu disposici\u00f3n un equipamiento t\u00e9cnico de \u00faltima generaci\u00f3n y equipos vanguardistas, as\u00ed como ginec\u00f3logos altamente cualificados, para todo los que necesitas durante tu embarazo.<\/p>\n<p align=\"justify\"><strong>1.- Controles Obst\u00e9tricos:<\/strong><\/p>\n<p align=\"justify\">Nuestros servicios prenatales incluyen:<\/p>\n<p>&#8211; Controles prenatales peri\u00f3dicos con valoraci\u00f3n fetal mediante ecograf\u00eda 2D de alta definici\u00f3n y Doppler, completada con una ecograf\u00eda 3D\/4D<\/p>\n<p>&#8211; Realizaci\u00f3n de pruebas especiales para la detecci\u00f3n temprana de posibles alteraciones cromos\u00f3micas (s\u00edndrome de Down, s\u00edndrome de Edwards)<\/p>\n<p>&#8211; Cuidados obst\u00e9tricos en situaciones especiales de riesgo materno-fetal: diabetes, hipertensi\u00f3n, gestaciones m\u00faltiples, etc.<\/p>\n<p>&#8211; Monitorizaci\u00f3n fetal.<\/p>\n<p>Tu ginec\u00f3logo te orientar\u00e1 tambi\u00e9n de los h\u00e1bitos y alimentaci\u00f3n durante tu embarazo.<\/p>\n<p><strong>Contar\u00e1s con una consulta y atenci\u00f3n personalizada con un equipo a tu disposici\u00f3n las 24 horas los 365 d\u00edas del a\u00f1o.<\/strong><\/p>\n<p align=\"justify\"><strong>2.- Educaci\u00f3n maternal y preparaci\u00f3n al parto<\/strong><\/p>\n<p align=\"justify\">Nuestro equipo de matronas te seguir\u00e1 durante todo tu embarazo, te asistir\u00e1n en el momento del parto y posteriormente te ayudar\u00e1n en tu postparto<\/p>\n<p>El nacimiento de un hijo representa un importante cambio en la vida de la mujer y su pareja, generando distintos estados emocionales, sentimientos y percepciones, seg\u00fan la experiencia y las habilidades de las personas para afrontar la nueva situaci\u00f3n.<\/p>\n<p>El embarazo es un proceso natural que debemos afrontar con expectativas positivas para conseguir vivir la maternidad\/paternidad de una manera gratificante.<\/p>\n<p>La Educaci\u00f3n Maternal pretende garantizar un proceso sano y satisfactorio en todos los momentos de la gestaci\u00f3n, nacimiento y crianza del reci\u00e9n nacido; dotando a la madre y padre de los conocimientos y habilidades que necesitan para afrontar el parto, los cambios f\u00edsicos, las emociones y el nuevo estilo de vida de manera serena y responsable.<\/p>\n<p>El inicio de las clases ser\u00e1 hacia la semana 28 de embarazo adapt\u00e1ndose a la fecha posible de parto.<\/p>\n<p>Clases de preparaci\u00f3n al parto<\/p>\n<p>Consta de sesiones te\u00f3rico-pr\u00e1cticas. Se recomienda la asistencia de la pareja, los conocimientos que se imparten van dirigidos a ambos.<\/p>\n<p>Parte te\u00f3rica: las habilidades y conocimientos te\u00f3ricos adquiridos buscan generar en las madres y padres sentimientos de competencia, seguridad, confianza y autonom\u00eda.<\/p>\n<p>Se tratar\u00e1n los temas de: embarazo, parto, puerperio, cuidados del reci\u00e9n nacido y lactancia materna.<\/p>\n<p>Parte Pr\u00e1ctica: esta parte esta destinada a preparar la condici\u00f3n f\u00edsica de la embarazada, aprender t\u00e9cnicas fundamentales para el parto y favorecer la recuperaci\u00f3n postparto.<\/p>\n<p>Incluye ejercicios f\u00edsicos prenatales, ejercicios respiratorios, de relajaci\u00f3n, t\u00e9cnicas de pujos,\u2026<\/p>\n<p>Consulta de postparto: el reci\u00e9n nacido requiere unos cuidados y estimulaci\u00f3n adecuados, te ofrecemos ayuda en la lactancia materna, puericultura, masaje y estimulaci\u00f3n del beb\u00e9.<\/p>\n<p align=\"justify\"><strong>3.- Atenci\u00f3n al parto:<\/strong><\/p>\n<p align=\"justify\">En el momento del parto contar\u00e1s con los profesionales que te han acompa\u00f1ado durante tu embarazo.<\/p>\n<p>Dispondr\u00e1s de una habitaci\u00f3n individual para que el momento m\u00e1s importante de tu vida lo vivas en la intimidad y acompa\u00f1ada de los tuyos.<\/p>\n<p><strong>Ingreso<\/strong><\/p>\n<p>Al ingreso se realizar\u00e1 un registro para asegurar el bienestar del fetal, bien de forma continua o intermitente, en este proceso contaras con la asistencia de la matrona, del ginec\u00f3logo y del personal de enfermer\u00eda, as\u00ed como de tu pareja o acompa\u00f1ante.<\/p>\n<p><strong>Analgesia<\/strong> El nivel de analgesia se personalizar\u00e1 en funci\u00f3n de tus propias preferencias, en caso de que decidas la anestesia epidural necesitaremos que lleves un suero conectado a la v\u00eda venosa a fin de que podamos administrar l\u00edquidos que eviten una eventual hipotensi\u00f3n que podr\u00eda afecta a tu beb\u00e9.<\/p>\n<p>Tambi\u00e9n se podr\u00edan tomar medidas para evitar que el parto se prolongara demasiado como la rotura de la bolsa o la administraci\u00f3n de oxitocina y en este caso, la monitorizaci\u00f3n fetal deber\u00e1 ser continua.<\/p>\n<p>Respecto a la anestesia epidural, debes saber que es muy segura para ti y el beb\u00e9 porque, aunque suprime el dolor provocado por las contracciones, no elimina la percepci\u00f3n de las misma y por tanto, te permitir\u00e1 colaborar activamente en el momento del expulsivo.<\/p>\n<p><strong>Dilataci\u00f3n<\/strong><\/p>\n<p>Durante la fase de dilataci\u00f3n los tactos vaginales se reducir\u00e1n al m\u00ednimo necesario para conocer perfectamente la progresi\u00f3n del parto y la matrona mantendr\u00e1 puntualmente informado a tu ginec\u00f3logo.<\/p>\n<p><strong>Parto<\/strong><\/p>\n<p>Cuando la dilataci\u00f3n se haya completado, la matrona te guiar\u00e1 en los pujos que, coordinados con las contracciones, tienen como misi\u00f3n conseguir un expulsivo lo m\u00e1s r\u00e1pido y seguro posible.<\/p>\n<p>En el momento adecuado, seg\u00fan vaya evolucionando el parto, tambi\u00e9n contaras con la ayuda de tu ginec\u00f3logo, que estar\u00e1 preparado por s\u00ed tuviera que intervenir y estar\u00e1 contigo en el momento del nacimiento del bebe.<\/p>\n<p>Mientras los especialistas finalizan la cirug\u00eda, la matrona y el pediatra atender\u00e1n al reci\u00e9n nacido y posteriormente se lo pondr\u00e1n al padre en el pecho para mantener el contacto directo piel con piel, hasta que salgas del paritorio y pod\u00e1is disfrutar en familia de este momento \u00fanico.<\/p>\n<p><strong>Ces\u00e1rea<\/strong><\/p>\n<p>En un 20 a un 25% de los casos es necesario practicar una ces\u00e1rea que puede ser electiva (se decide as\u00eda antes de que se inicie el trabajo de parto) o de urgencia (las circunstancias del parto as\u00ed lo aconsejan).<\/p>\n<p>Las electivas pueden ser por presentaci\u00f3n de nalgas, antecedentes de partos dif\u00edciles o ces\u00e1reas anteriores y ser\u00e1n programadas con antelaci\u00f3n suficiente.<\/p>\n<p>Las de urgencia, son aquellas en que, durante el trabajo de parto, surgen inconvenientes que amenacen tu seguridad o la del beb\u00e9 o cuando se sospeche una desproporci\u00f3n entre la pelvis y la cabeza fetal.<\/p>\n<p>En dichas circunstancias, la intervenci\u00f3n se realizar\u00e1n en uno de los quir\u00f3fanos del hospital, donde se har\u00e1 de manera segura por un equipo multidisciplinar integrado por tu ginec\u00f3logo , un anestesista, el pediatra, la matrona y el personal de enfermer\u00eda experto en el \u00e1rea quir\u00fargica. Despu\u00e9s de la ces\u00e1rea permanecer\u00e1s un rato en observaci\u00f3n en la sala de reanimaci\u00f3n hasta que seas trasladad a tu habitaci\u00f3n donde te esperar\u00e1n tu pareja y tu hijo.<\/p>\n<\/div>\n<\/div>\n<\/div>\n<div id=\"sidebar\"><\/div>\n","protected":false},"excerpt":{"rendered":"<p>En el Hospital Recoletas te acompa\u00f1amos durante esta etapa especial de tu vida, ponemos a tu disposici\u00f3n un equipamiento t\u00e9cnico de \u00faltima generaci\u00f3n y equipos vanguardistas, as\u00ed como ginec\u00f3logos altamente cualificados, para todo los que necesitas durante tu embarazo. 1.- Controles Obst\u00e9tricos: Nuestros servicios prenatales incluyen: &#8211; Controles prenatales peri\u00f3dicos con valoraci\u00f3n fetal mediante ecograf\u00eda [&hellip;]<\/p>\n","protected":false},"author":2,"featured_media":5970,"comment_status":"closed","ping_status":"closed","sticky":false,"template":"","format":"standard","meta":{"_acf_changed":false,"footnotes":""},"categories":[10],"tags":[],"class_list":["post-5969","post","type-post","status-publish","format-standard","has-post-thumbnail","hentry","category-burgos"],"acf":[],"yoast_head":"<!-- This site is optimized with the Yoast SEO Premium plugin v27.3 (Yoast SEO v27.3) - https:\/\/yoast.com\/product\/yoast-seo-premium-wordpress\/ -->\n<title>Embarazo en Recoletas Burgos - Noticias Grupo Recoletas<\/title>\n<meta name=\"robots\" content=\"index, follow, max-snippet:-1, max-image-preview:large, max-video-preview:-1\" \/>\n<link rel=\"canonical\" href=\"https:\/\/www.gruporecoletas.com\/noticias\/embarazo-en-recoletas-burgos\/\" \/>\n<meta property=\"og:locale\" content=\"es_ES\" \/>\n<meta property=\"og:type\" content=\"article\" \/>\n<meta property=\"og:title\" content=\"Embarazo en Recoletas Burgos\" \/>\n<meta property=\"og:description\" content=\"En el Hospital Recoletas te acompa\u00f1amos durante esta etapa especial de tu vida, ponemos a tu disposici\u00f3n un equipamiento t\u00e9cnico de \u00faltima generaci\u00f3n y equipos vanguardistas, as\u00ed como ginec\u00f3logos altamente cualificados, para todo los que necesitas durante tu embarazo. 1.- Controles Obst\u00e9tricos: Nuestros servicios prenatales incluyen: &#8211; Controles prenatales peri\u00f3dicos con valoraci\u00f3n fetal mediante ecograf\u00eda [&hellip;]\" \/>\n<meta property=\"og:url\" content=\"https:\/\/www.gruporecoletas.com\/noticias\/embarazo-en-recoletas-burgos\/\" \/>\n<meta property=\"og:site_name\" content=\"Noticias Grupo Recoletas\" \/>\n<meta property=\"article:publisher\" content=\"https:\/\/www.facebook.com\/GrupoRecoletas\/\" \/>\n<meta property=\"article:published_time\" content=\"2016-04-11T06:42:58+00:00\" \/>\n<meta property=\"article:modified_time\" content=\"2019-01-21T13:26:28+00:00\" \/>\n<meta property=\"og:image\" content=\"https:\/\/www.gruporecoletas.com\/noticias\/wp-content\/uploads\/2016\/04\/embarazo.jpg\" \/>\n\t<meta property=\"og:image:width\" content=\"300\" \/>\n\t<meta property=\"og:image:height\" content=\"466\" \/>\n\t<meta property=\"og:image:type\" content=\"image\/jpeg\" \/>\n<meta name=\"author\" content=\"Recoletas Red Hospitalaria\" \/>\n<meta name=\"twitter:card\" content=\"summary_large_image\" \/>\n<meta name=\"twitter:creator\" content=\"@GrupoRecoletas\" \/>\n<meta name=\"twitter:site\" content=\"@GrupoRecoletas\" \/>\n<meta name=\"twitter:label1\" content=\"Escrito por\" \/>\n\t<meta name=\"twitter:data1\" content=\"Recoletas Red Hospitalaria\" \/>\n\t<meta name=\"twitter:label2\" content=\"Tiempo de lectura\" \/>\n\t<meta name=\"twitter:data2\" content=\"5 minutos\" \/>\n<script type=\"application\/ld+json\" class=\"yoast-schema-graph\">{\"@context\":\"https:\\\/\\\/schema.org\",\"@graph\":[{\"@type\":\"Article\",\"@id\":\"https:\\\/\\\/www.gruporecoletas.com\\\/noticias\\\/embarazo-en-recoletas-burgos\\\/#article\",\"isPartOf\":{\"@id\":\"https:\\\/\\\/www.gruporecoletas.com\\\/noticias\\\/embarazo-en-recoletas-burgos\\\/\"},\"author\":{\"name\":\"Recoletas Red Hospitalaria\",\"@id\":\"https:\\\/\\\/www.gruporecoletas.com\\\/noticias\\\/#\\\/schema\\\/person\\\/3c6ac429828d1f5e3d3bd99f4da9b02c\"},\"headline\":\"Embarazo en Recoletas Burgos\",\"datePublished\":\"2016-04-11T06:42:58+00:00\",\"dateModified\":\"2019-01-21T13:26:28+00:00\",\"mainEntityOfPage\":{\"@id\":\"https:\\\/\\\/www.gruporecoletas.com\\\/noticias\\\/embarazo-en-recoletas-burgos\\\/\"},\"wordCount\":1072,\"image\":{\"@id\":\"https:\\\/\\\/www.gruporecoletas.com\\\/noticias\\\/embarazo-en-recoletas-burgos\\\/#primaryimage\"},\"thumbnailUrl\":\"https:\\\/\\\/www.gruporecoletas.com\\\/noticias\\\/wp-content\\\/uploads\\\/2016\\\/04\\\/embarazo.jpg\",\"articleSection\":[\"Burgos\"],\"inLanguage\":\"es\"},{\"@type\":\"WebPage\",\"@id\":\"https:\\\/\\\/www.gruporecoletas.com\\\/noticias\\\/embarazo-en-recoletas-burgos\\\/\",\"url\":\"https:\\\/\\\/www.gruporecoletas.com\\\/noticias\\\/embarazo-en-recoletas-burgos\\\/\",\"name\":\"Embarazo en Recoletas Burgos - Noticias Grupo Recoletas\",\"isPartOf\":{\"@id\":\"https:\\\/\\\/www.gruporecoletas.com\\\/noticias\\\/#website\"},\"primaryImageOfPage\":{\"@id\":\"https:\\\/\\\/www.gruporecoletas.com\\\/noticias\\\/embarazo-en-recoletas-burgos\\\/#primaryimage\"},\"image\":{\"@id\":\"https:\\\/\\\/www.gruporecoletas.com\\\/noticias\\\/embarazo-en-recoletas-burgos\\\/#primaryimage\"},\"thumbnailUrl\":\"https:\\\/\\\/www.gruporecoletas.com\\\/noticias\\\/wp-content\\\/uploads\\\/2016\\\/04\\\/embarazo.jpg\",\"datePublished\":\"2016-04-11T06:42:58+00:00\",\"dateModified\":\"2019-01-21T13:26:28+00:00\",\"author\":{\"@id\":\"https:\\\/\\\/www.gruporecoletas.com\\\/noticias\\\/#\\\/schema\\\/person\\\/3c6ac429828d1f5e3d3bd99f4da9b02c\"},\"breadcrumb\":{\"@id\":\"https:\\\/\\\/www.gruporecoletas.com\\\/noticias\\\/embarazo-en-recoletas-burgos\\\/#breadcrumb\"},\"inLanguage\":\"es\",\"potentialAction\":[{\"@type\":\"ReadAction\",\"target\":[\"https:\\\/\\\/www.gruporecoletas.com\\\/noticias\\\/embarazo-en-recoletas-burgos\\\/\"]}]},{\"@type\":\"ImageObject\",\"inLanguage\":\"es\",\"@id\":\"https:\\\/\\\/www.gruporecoletas.com\\\/noticias\\\/embarazo-en-recoletas-burgos\\\/#primaryimage\",\"url\":\"https:\\\/\\\/www.gruporecoletas.com\\\/noticias\\\/wp-content\\\/uploads\\\/2016\\\/04\\\/embarazo.jpg\",\"contentUrl\":\"https:\\\/\\\/www.gruporecoletas.com\\\/noticias\\\/wp-content\\\/uploads\\\/2016\\\/04\\\/embarazo.jpg\",\"width\":300,\"height\":466},{\"@type\":\"BreadcrumbList\",\"@id\":\"https:\\\/\\\/www.gruporecoletas.com\\\/noticias\\\/embarazo-en-recoletas-burgos\\\/#breadcrumb\",\"itemListElement\":[{\"@type\":\"ListItem\",\"position\":1,\"name\":\"Portada\",\"item\":\"https:\\\/\\\/www.gruporecoletas.com\\\/noticias\\\/\"},{\"@type\":\"ListItem\",\"position\":2,\"name\":\"Embarazo en Recoletas Burgos\"}]},{\"@type\":\"WebSite\",\"@id\":\"https:\\\/\\\/www.gruporecoletas.com\\\/noticias\\\/#website\",\"url\":\"https:\\\/\\\/www.gruporecoletas.com\\\/noticias\\\/\",\"name\":\"Noticias Grupo Recoletas\",\"description\":\"Grupo Recoletas\",\"potentialAction\":[{\"@type\":\"SearchAction\",\"target\":{\"@type\":\"EntryPoint\",\"urlTemplate\":\"https:\\\/\\\/www.gruporecoletas.com\\\/noticias\\\/?s={search_term_string}\"},\"query-input\":{\"@type\":\"PropertyValueSpecification\",\"valueRequired\":true,\"valueName\":\"search_term_string\"}}],\"inLanguage\":\"es\"},{\"@type\":\"Person\",\"@id\":\"https:\\\/\\\/www.gruporecoletas.com\\\/noticias\\\/#\\\/schema\\\/person\\\/3c6ac429828d1f5e3d3bd99f4da9b02c\",\"name\":\"Recoletas Red Hospitalaria\",\"url\":\"https:\\\/\\\/www.gruporecoletas.com\\\/noticias\\\/author\\\/comunicacion\\\/\"}]}<\/script>\n<!-- \/ Yoast SEO Premium plugin. -->","yoast_head_json":{"title":"Embarazo en Recoletas Burgos - Noticias Grupo Recoletas","robots":{"index":"index","follow":"follow","max-snippet":"max-snippet:-1","max-image-preview":"max-image-preview:large","max-video-preview":"max-video-preview:-1"},"canonical":"https:\/\/www.gruporecoletas.com\/noticias\/embarazo-en-recoletas-burgos\/","og_locale":"es_ES","og_type":"article","og_title":"Embarazo en Recoletas Burgos","og_description":"En el Hospital Recoletas te acompa\u00f1amos durante esta etapa especial de tu vida, ponemos a tu disposici\u00f3n un equipamiento t\u00e9cnico de \u00faltima generaci\u00f3n y equipos vanguardistas, as\u00ed como ginec\u00f3logos altamente cualificados, para todo los que necesitas durante tu embarazo. 1.- Controles Obst\u00e9tricos: Nuestros servicios prenatales incluyen: &#8211; Controles prenatales peri\u00f3dicos con valoraci\u00f3n fetal mediante ecograf\u00eda [&hellip;]","og_url":"https:\/\/www.gruporecoletas.com\/noticias\/embarazo-en-recoletas-burgos\/","og_site_name":"Noticias Grupo Recoletas","article_publisher":"https:\/\/www.facebook.com\/GrupoRecoletas\/","article_published_time":"2016-04-11T06:42:58+00:00","article_modified_time":"2019-01-21T13:26:28+00:00","og_image":[{"width":300,"height":466,"url":"https:\/\/www.gruporecoletas.com\/noticias\/wp-content\/uploads\/2016\/04\/embarazo.jpg","type":"image\/jpeg"}],"author":"Recoletas Red Hospitalaria","twitter_card":"summary_large_image","twitter_creator":"@GrupoRecoletas","twitter_site":"@GrupoRecoletas","twitter_misc":{"Escrito por":"Recoletas Red Hospitalaria","Tiempo de lectura":"5 minutos"},"schema":{"@context":"https:\/\/schema.org","@graph":[{"@type":"Article","@id":"https:\/\/www.gruporecoletas.com\/noticias\/embarazo-en-recoletas-burgos\/#article","isPartOf":{"@id":"https:\/\/www.gruporecoletas.com\/noticias\/embarazo-en-recoletas-burgos\/"},"author":{"name":"Recoletas Red Hospitalaria","@id":"https:\/\/www.gruporecoletas.com\/noticias\/#\/schema\/person\/3c6ac429828d1f5e3d3bd99f4da9b02c"},"headline":"Embarazo en Recoletas Burgos","datePublished":"2016-04-11T06:42:58+00:00","dateModified":"2019-01-21T13:26:28+00:00","mainEntityOfPage":{"@id":"https:\/\/www.gruporecoletas.com\/noticias\/embarazo-en-recoletas-burgos\/"},"wordCount":1072,"image":{"@id":"https:\/\/www.gruporecoletas.com\/noticias\/embarazo-en-recoletas-burgos\/#primaryimage"},"thumbnailUrl":"https:\/\/www.gruporecoletas.com\/noticias\/wp-content\/uploads\/2016\/04\/embarazo.jpg","articleSection":["Burgos"],"inLanguage":"es"},{"@type":"WebPage","@id":"https:\/\/www.gruporecoletas.com\/noticias\/embarazo-en-recoletas-burgos\/","url":"https:\/\/www.gruporecoletas.com\/noticias\/embarazo-en-recoletas-burgos\/","name":"Embarazo en Recoletas Burgos - Noticias Grupo Recoletas","isPartOf":{"@id":"https:\/\/www.gruporecoletas.com\/noticias\/#website"},"primaryImageOfPage":{"@id":"https:\/\/www.gruporecoletas.com\/noticias\/embarazo-en-recoletas-burgos\/#primaryimage"},"image":{"@id":"https:\/\/www.gruporecoletas.com\/noticias\/embarazo-en-recoletas-burgos\/#primaryimage"},"thumbnailUrl":"https:\/\/www.gruporecoletas.com\/noticias\/wp-content\/uploads\/2016\/04\/embarazo.jpg","datePublished":"2016-04-11T06:42:58+00:00","dateModified":"2019-01-21T13:26:28+00:00","author":{"@id":"https:\/\/www.gruporecoletas.com\/noticias\/#\/schema\/person\/3c6ac429828d1f5e3d3bd99f4da9b02c"},"breadcrumb":{"@id":"https:\/\/www.gruporecoletas.com\/noticias\/embarazo-en-recoletas-burgos\/#breadcrumb"},"inLanguage":"es","potentialAction":[{"@type":"ReadAction","target":["https:\/\/www.gruporecoletas.com\/noticias\/embarazo-en-recoletas-burgos\/"]}]},{"@type":"ImageObject","inLanguage":"es","@id":"https:\/\/www.gruporecoletas.com\/noticias\/embarazo-en-recoletas-burgos\/#primaryimage","url":"https:\/\/www.gruporecoletas.com\/noticias\/wp-content\/uploads\/2016\/04\/embarazo.jpg","contentUrl":"https:\/\/www.gruporecoletas.com\/noticias\/wp-content\/uploads\/2016\/04\/embarazo.jpg","width":300,"height":466},{"@type":"BreadcrumbList","@id":"https:\/\/www.gruporecoletas.com\/noticias\/embarazo-en-recoletas-burgos\/#breadcrumb","itemListElement":[{"@type":"ListItem","position":1,"name":"Portada","item":"https:\/\/www.gruporecoletas.com\/noticias\/"},{"@type":"ListItem","position":2,"name":"Embarazo en Recoletas Burgos"}]},{"@type":"WebSite","@id":"https:\/\/www.gruporecoletas.com\/noticias\/#website","url":"https:\/\/www.gruporecoletas.com\/noticias\/","name":"Noticias Grupo Recoletas","description":"Grupo Recoletas","potentialAction":[{"@type":"SearchAction","target":{"@type":"EntryPoint","urlTemplate":"https:\/\/www.gruporecoletas.com\/noticias\/?s={search_term_string}"},"query-input":{"@type":"PropertyValueSpecification","valueRequired":true,"valueName":"search_term_string"}}],"inLanguage":"es"},{"@type":"Person","@id":"https:\/\/www.gruporecoletas.com\/noticias\/#\/schema\/person\/3c6ac429828d1f5e3d3bd99f4da9b02c","name":"Recoletas Red Hospitalaria","url":"https:\/\/www.gruporecoletas.com\/noticias\/author\/comunicacion\/"}]}},"_links":{"self":[{"href":"https:\/\/www.gruporecoletas.com\/noticias\/wp-json\/wp\/v2\/posts\/5969","targetHints":{"allow":["GET"]}}],"collection":[{"href":"https:\/\/www.gruporecoletas.com\/noticias\/wp-json\/wp\/v2\/posts"}],"about":[{"href":"https:\/\/www.gruporecoletas.com\/noticias\/wp-json\/wp\/v2\/types\/post"}],"author":[{"embeddable":true,"href":"https:\/\/www.gruporecoletas.com\/noticias\/wp-json\/wp\/v2\/users\/2"}],"replies":[{"embeddable":true,"href":"https:\/\/www.gruporecoletas.com\/noticias\/wp-json\/wp\/v2\/comments?post=5969"}],"version-history":[{"count":1,"href":"https:\/\/www.gruporecoletas.com\/noticias\/wp-json\/wp\/v2\/posts\/5969\/revisions"}],"predecessor-version":[{"id":11643,"href":"https:\/\/www.gruporecoletas.com\/noticias\/wp-json\/wp\/v2\/posts\/5969\/revisions\/11643"}],"wp:featuredmedia":[{"embeddable":true,"href":"https:\/\/www.gruporecoletas.com\/noticias\/wp-json\/wp\/v2\/media\/5970"}],"wp:attachment":[{"href":"https:\/\/www.gruporecoletas.com\/noticias\/wp-json\/wp\/v2\/media?parent=5969"}],"wp:term":[{"taxonomy":"category","embeddable":true,"href":"https:\/\/www.gruporecoletas.com\/noticias\/wp-json\/wp\/v2\/categories?post=5969"},{"taxonomy":"post_tag","embeddable":true,"href":"https:\/\/www.gruporecoletas.com\/noticias\/wp-json\/wp\/v2\/tags?post=5969"}],"curies":[{"name":"wp","href":"https:\/\/api.w.org\/{rel}","templated":true}]}}