{"id":7760,"date":"2017-02-10T23:19:12","date_gmt":"2017-02-10T23:19:12","guid":{"rendered":"https:\/\/www.gruporecoletas.com\/?p=7760"},"modified":"2019-03-05T09:36:54","modified_gmt":"2019-03-05T09:36:54","slug":"la-varicela-ninos-sintomas-tratamiento","status":"publish","type":"post","link":"https:\/\/www.gruporecoletas.com\/noticias\/la-varicela-ninos-sintomas-tratamiento\/","title":{"rendered":"La Varicela en ni\u00f1os: s\u00edntomas y tratamiento"},"content":{"rendered":"<p class=\"p1\">La <strong>varicela<\/strong> es una enfermedad muy com\u00fan durante la infancia. Es reconocible f\u00e1cilmente porque aparecen granitos de color rojo que producen picor y malestar.<\/p>\n<p class=\"p1\">La varicela es causada por el virus del herpes y es infecciosa.<\/p>\n<p class=\"p1\">No es grave, siempre que el ni\u00f1o no sufra trastornos inmunitarios.<\/p>\n<p class=\"p1\"><strong>\u00bfCu\u00e1les son los sintomas?<\/strong><\/p>\n<p class=\"p1\">La erupci\u00f3n es el m\u00e1s evidente, que suele iniciarse en la<strong><i> cabeza y en la espald<\/i>a<\/strong>, y se propaga durante los tres o cuatro d\u00edas siguientes. Llega a cubrir buena parte del cuerpo.<\/p>\n<p class=\"p1\">Las primeras marcas son de color rojo, caracter\u00edsticas y peque\u00f1as. Que provocan picor.<\/p>\n<p class=\"p1\">R\u00e1pidamente se transforman en ves\u00edculas que, en la \u00faltima fase de la varicela, se cubren de costra.<\/p>\n<p class=\"p1\">Adem\u00e1s del picor, suele provocar fiebre, ligero dolor de cabeza y perdida de apetito.<\/p>\n<p class=\"p1\"><strong>Contagio de la varicela<\/strong><\/p>\n<p class=\"p1\">El riesgo se inicia unos tres d\u00edas previos al brote y se mantiene hasta que los granitos se cubren de costras (normalmente 7 d\u00edas desde la erupci\u00f3n)<\/p>\n<p class=\"p1\">Si el ni\u00f1o se rasca, corre el riesgo de infecci\u00f3n y de tener cicatrices para siempre.<\/p>\n<p class=\"p1\"><strong>Consejos para aliviar el picor<\/strong><\/p>\n<p class=\"p1\">Hay que mantener una temperatura suave y vestir al ni\u00f1o con ropa holgada y ligera.<\/p>\n<p class=\"p1\">Debe lavarse las manos a menudo y es fundamental mantener sus u\u00f1as cortas y limpias para que no se da\u00f1e si se rasca.<\/p>\n<p class=\"p1\">No debe tomar Aspirina, pues \u00e9sta podr\u00eda dar lugar al llamado S\u00edndrome de Reye, que afecta al h\u00edgado y al cerebro.<\/p>\n<p class=\"p1\">En caso de fiebre, se puede administrar paracetamol o ibuprofeno.<\/p>\n","protected":false},"excerpt":{"rendered":"<p>La varicela es una enfermedad muy com\u00fan durante la infancia. Es reconocible f\u00e1cilmente porque aparecen granitos de color rojo que producen picor y malestar. La varicela es causada por el virus del herpes y es infecciosa. No es grave, siempre que el ni\u00f1o no sufra trastornos inmunitarios. \u00bfCu\u00e1les son los sintomas? La erupci\u00f3n es el [&hellip;]<\/p>\n","protected":false},"author":2,"featured_media":7761,"comment_status":"closed","ping_status":"closed","sticky":false,"template":"","format":"standard","meta":{"_acf_changed":false,"footnotes":""},"categories":[44],"tags":[],"class_list":["post-7760","post","type-post","status-publish","format-standard","has-post-thumbnail","hentry","category-pediatria"],"acf":[],"yoast_head":"<!-- This site is optimized with the Yoast SEO Premium plugin v27.3 (Yoast SEO v27.3) - https:\/\/yoast.com\/product\/yoast-seo-premium-wordpress\/ -->\n<title>La Varicela en ni\u00f1os: s\u00edntomas y tratamiento - Noticias Grupo Recoletas<\/title>\n<meta name=\"robots\" content=\"index, follow, max-snippet:-1, max-image-preview:large, max-video-preview:-1\" \/>\n<link rel=\"canonical\" href=\"https:\/\/www.gruporecoletas.com\/noticias\/la-varicela-ninos-sintomas-tratamiento\/\" \/>\n<meta property=\"og:locale\" content=\"es_ES\" \/>\n<meta property=\"og:type\" content=\"article\" \/>\n<meta property=\"og:title\" content=\"La Varicela en ni\u00f1os: s\u00edntomas y tratamiento\" \/>\n<meta property=\"og:description\" content=\"La varicela es una enfermedad muy com\u00fan durante la infancia. Es reconocible f\u00e1cilmente porque aparecen granitos de color rojo que producen picor y malestar. La varicela es causada por el virus del herpes y es infecciosa. No es grave, siempre que el ni\u00f1o no sufra trastornos inmunitarios. \u00bfCu\u00e1les son los sintomas? La erupci\u00f3n es el [&hellip;]\" \/>\n<meta property=\"og:url\" content=\"https:\/\/www.gruporecoletas.com\/noticias\/la-varicela-ninos-sintomas-tratamiento\/\" \/>\n<meta property=\"og:site_name\" content=\"Noticias Grupo Recoletas\" \/>\n<meta property=\"article:publisher\" content=\"https:\/\/www.facebook.com\/GrupoRecoletas\/\" \/>\n<meta property=\"article:published_time\" content=\"2017-02-10T23:19:12+00:00\" \/>\n<meta property=\"article:modified_time\" content=\"2019-03-05T09:36:54+00:00\" \/>\n<meta property=\"og:image\" content=\"https:\/\/www.gruporecoletas.com\/noticias\/wp-content\/uploads\/2017\/02\/varicela.jpg\" \/>\n\t<meta property=\"og:image:width\" content=\"967\" \/>\n\t<meta property=\"og:image:height\" content=\"836\" \/>\n\t<meta property=\"og:image:type\" content=\"image\/jpeg\" \/>\n<meta name=\"author\" content=\"Recoletas Red Hospitalaria\" \/>\n<meta name=\"twitter:card\" content=\"summary_large_image\" \/>\n<meta name=\"twitter:creator\" content=\"@GrupoRecoletas\" \/>\n<meta name=\"twitter:site\" content=\"@GrupoRecoletas\" \/>\n<meta name=\"twitter:label1\" content=\"Escrito por\" \/>\n\t<meta name=\"twitter:data1\" content=\"Recoletas Red Hospitalaria\" \/>\n\t<meta name=\"twitter:label2\" content=\"Tiempo de lectura\" \/>\n\t<meta name=\"twitter:data2\" content=\"1 minuto\" \/>\n<script type=\"application\/ld+json\" class=\"yoast-schema-graph\">{\"@context\":\"https:\\\/\\\/schema.org\",\"@graph\":[{\"@type\":\"Article\",\"@id\":\"https:\\\/\\\/www.gruporecoletas.com\\\/noticias\\\/la-varicela-ninos-sintomas-tratamiento\\\/#article\",\"isPartOf\":{\"@id\":\"https:\\\/\\\/www.gruporecoletas.com\\\/noticias\\\/la-varicela-ninos-sintomas-tratamiento\\\/\"},\"author\":{\"name\":\"Recoletas Red Hospitalaria\",\"@id\":\"https:\\\/\\\/www.gruporecoletas.com\\\/noticias\\\/#\\\/schema\\\/person\\\/3c6ac429828d1f5e3d3bd99f4da9b02c\"},\"headline\":\"La Varicela en ni\u00f1os: s\u00edntomas y tratamiento\",\"datePublished\":\"2017-02-10T23:19:12+00:00\",\"dateModified\":\"2019-03-05T09:36:54+00:00\",\"mainEntityOfPage\":{\"@id\":\"https:\\\/\\\/www.gruporecoletas.com\\\/noticias\\\/la-varicela-ninos-sintomas-tratamiento\\\/\"},\"wordCount\":280,\"image\":{\"@id\":\"https:\\\/\\\/www.gruporecoletas.com\\\/noticias\\\/la-varicela-ninos-sintomas-tratamiento\\\/#primaryimage\"},\"thumbnailUrl\":\"https:\\\/\\\/www.gruporecoletas.com\\\/noticias\\\/wp-content\\\/uploads\\\/2017\\\/02\\\/varicela.jpg\",\"articleSection\":[\"Pediatr\u00eda\"],\"inLanguage\":\"es\"},{\"@type\":\"WebPage\",\"@id\":\"https:\\\/\\\/www.gruporecoletas.com\\\/noticias\\\/la-varicela-ninos-sintomas-tratamiento\\\/\",\"url\":\"https:\\\/\\\/www.gruporecoletas.com\\\/noticias\\\/la-varicela-ninos-sintomas-tratamiento\\\/\",\"name\":\"La Varicela en ni\u00f1os: s\u00edntomas y tratamiento - Noticias Grupo Recoletas\",\"isPartOf\":{\"@id\":\"https:\\\/\\\/www.gruporecoletas.com\\\/noticias\\\/#website\"},\"primaryImageOfPage\":{\"@id\":\"https:\\\/\\\/www.gruporecoletas.com\\\/noticias\\\/la-varicela-ninos-sintomas-tratamiento\\\/#primaryimage\"},\"image\":{\"@id\":\"https:\\\/\\\/www.gruporecoletas.com\\\/noticias\\\/la-varicela-ninos-sintomas-tratamiento\\\/#primaryimage\"},\"thumbnailUrl\":\"https:\\\/\\\/www.gruporecoletas.com\\\/noticias\\\/wp-content\\\/uploads\\\/2017\\\/02\\\/varicela.jpg\",\"datePublished\":\"2017-02-10T23:19:12+00:00\",\"dateModified\":\"2019-03-05T09:36:54+00:00\",\"author\":{\"@id\":\"https:\\\/\\\/www.gruporecoletas.com\\\/noticias\\\/#\\\/schema\\\/person\\\/3c6ac429828d1f5e3d3bd99f4da9b02c\"},\"breadcrumb\":{\"@id\":\"https:\\\/\\\/www.gruporecoletas.com\\\/noticias\\\/la-varicela-ninos-sintomas-tratamiento\\\/#breadcrumb\"},\"inLanguage\":\"es\",\"potentialAction\":[{\"@type\":\"ReadAction\",\"target\":[\"https:\\\/\\\/www.gruporecoletas.com\\\/noticias\\\/la-varicela-ninos-sintomas-tratamiento\\\/\"]}]},{\"@type\":\"ImageObject\",\"inLanguage\":\"es\",\"@id\":\"https:\\\/\\\/www.gruporecoletas.com\\\/noticias\\\/la-varicela-ninos-sintomas-tratamiento\\\/#primaryimage\",\"url\":\"https:\\\/\\\/www.gruporecoletas.com\\\/noticias\\\/wp-content\\\/uploads\\\/2017\\\/02\\\/varicela.jpg\",\"contentUrl\":\"https:\\\/\\\/www.gruporecoletas.com\\\/noticias\\\/wp-content\\\/uploads\\\/2017\\\/02\\\/varicela.jpg\",\"width\":967,\"height\":836},{\"@type\":\"BreadcrumbList\",\"@id\":\"https:\\\/\\\/www.gruporecoletas.com\\\/noticias\\\/la-varicela-ninos-sintomas-tratamiento\\\/#breadcrumb\",\"itemListElement\":[{\"@type\":\"ListItem\",\"position\":1,\"name\":\"Portada\",\"item\":\"https:\\\/\\\/www.gruporecoletas.com\\\/noticias\\\/\"},{\"@type\":\"ListItem\",\"position\":2,\"name\":\"La Varicela en ni\u00f1os: s\u00edntomas y tratamiento\"}]},{\"@type\":\"WebSite\",\"@id\":\"https:\\\/\\\/www.gruporecoletas.com\\\/noticias\\\/#website\",\"url\":\"https:\\\/\\\/www.gruporecoletas.com\\\/noticias\\\/\",\"name\":\"Noticias Grupo Recoletas\",\"description\":\"Grupo Recoletas\",\"potentialAction\":[{\"@type\":\"SearchAction\",\"target\":{\"@type\":\"EntryPoint\",\"urlTemplate\":\"https:\\\/\\\/www.gruporecoletas.com\\\/noticias\\\/?s={search_term_string}\"},\"query-input\":{\"@type\":\"PropertyValueSpecification\",\"valueRequired\":true,\"valueName\":\"search_term_string\"}}],\"inLanguage\":\"es\"},{\"@type\":\"Person\",\"@id\":\"https:\\\/\\\/www.gruporecoletas.com\\\/noticias\\\/#\\\/schema\\\/person\\\/3c6ac429828d1f5e3d3bd99f4da9b02c\",\"name\":\"Recoletas Red Hospitalaria\",\"url\":\"https:\\\/\\\/www.gruporecoletas.com\\\/noticias\\\/author\\\/comunicacion\\\/\"}]}<\/script>\n<!-- \/ Yoast SEO Premium plugin. -->","yoast_head_json":{"title":"La Varicela en ni\u00f1os: s\u00edntomas y tratamiento - Noticias Grupo Recoletas","robots":{"index":"index","follow":"follow","max-snippet":"max-snippet:-1","max-image-preview":"max-image-preview:large","max-video-preview":"max-video-preview:-1"},"canonical":"https:\/\/www.gruporecoletas.com\/noticias\/la-varicela-ninos-sintomas-tratamiento\/","og_locale":"es_ES","og_type":"article","og_title":"La Varicela en ni\u00f1os: s\u00edntomas y tratamiento","og_description":"La varicela es una enfermedad muy com\u00fan durante la infancia. Es reconocible f\u00e1cilmente porque aparecen granitos de color rojo que producen picor y malestar. La varicela es causada por el virus del herpes y es infecciosa. No es grave, siempre que el ni\u00f1o no sufra trastornos inmunitarios. \u00bfCu\u00e1les son los sintomas? La erupci\u00f3n es el [&hellip;]","og_url":"https:\/\/www.gruporecoletas.com\/noticias\/la-varicela-ninos-sintomas-tratamiento\/","og_site_name":"Noticias Grupo Recoletas","article_publisher":"https:\/\/www.facebook.com\/GrupoRecoletas\/","article_published_time":"2017-02-10T23:19:12+00:00","article_modified_time":"2019-03-05T09:36:54+00:00","og_image":[{"width":967,"height":836,"url":"https:\/\/www.gruporecoletas.com\/noticias\/wp-content\/uploads\/2017\/02\/varicela.jpg","type":"image\/jpeg"}],"author":"Recoletas Red Hospitalaria","twitter_card":"summary_large_image","twitter_creator":"@GrupoRecoletas","twitter_site":"@GrupoRecoletas","twitter_misc":{"Escrito por":"Recoletas Red Hospitalaria","Tiempo de lectura":"1 minuto"},"schema":{"@context":"https:\/\/schema.org","@graph":[{"@type":"Article","@id":"https:\/\/www.gruporecoletas.com\/noticias\/la-varicela-ninos-sintomas-tratamiento\/#article","isPartOf":{"@id":"https:\/\/www.gruporecoletas.com\/noticias\/la-varicela-ninos-sintomas-tratamiento\/"},"author":{"name":"Recoletas Red Hospitalaria","@id":"https:\/\/www.gruporecoletas.com\/noticias\/#\/schema\/person\/3c6ac429828d1f5e3d3bd99f4da9b02c"},"headline":"La Varicela en ni\u00f1os: s\u00edntomas y tratamiento","datePublished":"2017-02-10T23:19:12+00:00","dateModified":"2019-03-05T09:36:54+00:00","mainEntityOfPage":{"@id":"https:\/\/www.gruporecoletas.com\/noticias\/la-varicela-ninos-sintomas-tratamiento\/"},"wordCount":280,"image":{"@id":"https:\/\/www.gruporecoletas.com\/noticias\/la-varicela-ninos-sintomas-tratamiento\/#primaryimage"},"thumbnailUrl":"https:\/\/www.gruporecoletas.com\/noticias\/wp-content\/uploads\/2017\/02\/varicela.jpg","articleSection":["Pediatr\u00eda"],"inLanguage":"es"},{"@type":"WebPage","@id":"https:\/\/www.gruporecoletas.com\/noticias\/la-varicela-ninos-sintomas-tratamiento\/","url":"https:\/\/www.gruporecoletas.com\/noticias\/la-varicela-ninos-sintomas-tratamiento\/","name":"La Varicela en ni\u00f1os: s\u00edntomas y tratamiento - Noticias Grupo Recoletas","isPartOf":{"@id":"https:\/\/www.gruporecoletas.com\/noticias\/#website"},"primaryImageOfPage":{"@id":"https:\/\/www.gruporecoletas.com\/noticias\/la-varicela-ninos-sintomas-tratamiento\/#primaryimage"},"image":{"@id":"https:\/\/www.gruporecoletas.com\/noticias\/la-varicela-ninos-sintomas-tratamiento\/#primaryimage"},"thumbnailUrl":"https:\/\/www.gruporecoletas.com\/noticias\/wp-content\/uploads\/2017\/02\/varicela.jpg","datePublished":"2017-02-10T23:19:12+00:00","dateModified":"2019-03-05T09:36:54+00:00","author":{"@id":"https:\/\/www.gruporecoletas.com\/noticias\/#\/schema\/person\/3c6ac429828d1f5e3d3bd99f4da9b02c"},"breadcrumb":{"@id":"https:\/\/www.gruporecoletas.com\/noticias\/la-varicela-ninos-sintomas-tratamiento\/#breadcrumb"},"inLanguage":"es","potentialAction":[{"@type":"ReadAction","target":["https:\/\/www.gruporecoletas.com\/noticias\/la-varicela-ninos-sintomas-tratamiento\/"]}]},{"@type":"ImageObject","inLanguage":"es","@id":"https:\/\/www.gruporecoletas.com\/noticias\/la-varicela-ninos-sintomas-tratamiento\/#primaryimage","url":"https:\/\/www.gruporecoletas.com\/noticias\/wp-content\/uploads\/2017\/02\/varicela.jpg","contentUrl":"https:\/\/www.gruporecoletas.com\/noticias\/wp-content\/uploads\/2017\/02\/varicela.jpg","width":967,"height":836},{"@type":"BreadcrumbList","@id":"https:\/\/www.gruporecoletas.com\/noticias\/la-varicela-ninos-sintomas-tratamiento\/#breadcrumb","itemListElement":[{"@type":"ListItem","position":1,"name":"Portada","item":"https:\/\/www.gruporecoletas.com\/noticias\/"},{"@type":"ListItem","position":2,"name":"La Varicela en ni\u00f1os: s\u00edntomas y tratamiento"}]},{"@type":"WebSite","@id":"https:\/\/www.gruporecoletas.com\/noticias\/#website","url":"https:\/\/www.gruporecoletas.com\/noticias\/","name":"Noticias Grupo Recoletas","description":"Grupo Recoletas","potentialAction":[{"@type":"SearchAction","target":{"@type":"EntryPoint","urlTemplate":"https:\/\/www.gruporecoletas.com\/noticias\/?s={search_term_string}"},"query-input":{"@type":"PropertyValueSpecification","valueRequired":true,"valueName":"search_term_string"}}],"inLanguage":"es"},{"@type":"Person","@id":"https:\/\/www.gruporecoletas.com\/noticias\/#\/schema\/person\/3c6ac429828d1f5e3d3bd99f4da9b02c","name":"Recoletas Red Hospitalaria","url":"https:\/\/www.gruporecoletas.com\/noticias\/author\/comunicacion\/"}]}},"_links":{"self":[{"href":"https:\/\/www.gruporecoletas.com\/noticias\/wp-json\/wp\/v2\/posts\/7760","targetHints":{"allow":["GET"]}}],"collection":[{"href":"https:\/\/www.gruporecoletas.com\/noticias\/wp-json\/wp\/v2\/posts"}],"about":[{"href":"https:\/\/www.gruporecoletas.com\/noticias\/wp-json\/wp\/v2\/types\/post"}],"author":[{"embeddable":true,"href":"https:\/\/www.gruporecoletas.com\/noticias\/wp-json\/wp\/v2\/users\/2"}],"replies":[{"embeddable":true,"href":"https:\/\/www.gruporecoletas.com\/noticias\/wp-json\/wp\/v2\/comments?post=7760"}],"version-history":[{"count":1,"href":"https:\/\/www.gruporecoletas.com\/noticias\/wp-json\/wp\/v2\/posts\/7760\/revisions"}],"predecessor-version":[{"id":11818,"href":"https:\/\/www.gruporecoletas.com\/noticias\/wp-json\/wp\/v2\/posts\/7760\/revisions\/11818"}],"wp:featuredmedia":[{"embeddable":true,"href":"https:\/\/www.gruporecoletas.com\/noticias\/wp-json\/wp\/v2\/media\/7761"}],"wp:attachment":[{"href":"https:\/\/www.gruporecoletas.com\/noticias\/wp-json\/wp\/v2\/media?parent=7760"}],"wp:term":[{"taxonomy":"category","embeddable":true,"href":"https:\/\/www.gruporecoletas.com\/noticias\/wp-json\/wp\/v2\/categories?post=7760"},{"taxonomy":"post_tag","embeddable":true,"href":"https:\/\/www.gruporecoletas.com\/noticias\/wp-json\/wp\/v2\/tags?post=7760"}],"curies":[{"name":"wp","href":"https:\/\/api.w.org\/{rel}","templated":true}]}}