{"id":7845,"date":"2017-03-03T18:44:19","date_gmt":"2017-03-03T18:44:19","guid":{"rendered":"https:\/\/www.gruporecoletas.com\/?p=7845"},"modified":"2019-03-05T09:42:24","modified_gmt":"2019-03-05T09:42:24","slug":"apendicitis-detectarla-tiempo","status":"publish","type":"post","link":"https:\/\/www.gruporecoletas.com\/noticias\/apendicitis-detectarla-tiempo\/","title":{"rendered":"Apendicitis. \u00bfC\u00f3mo detectarla a tiempo?"},"content":{"rendered":"<p>La apendicitis aguda es una <strong>enfermedad inflamatoria infecciosa<\/strong> del ap\u00e9ndice cecal, que, como su nombre lo indica, es un ap\u00e9ndice que tiene la parte inicial del intestino grueso, denominada ciego. Al ser una inflamaci\u00f3n aguda, el dolor es de r\u00e1pido inicio. Si uno siente molestias hace meses lo m\u00e1s probables es que <strong>no sea apendicitis<\/strong>.<\/p>\n<h4><strong>\u00bfPor qu\u00e9 se produce?<\/strong><\/h4>\n<p>No est\u00e1 claramente demostrado. Se cree que al ser una parte del intestino, el ap\u00e9ndice se tapa con materia fecal y se genera una inflamaci\u00f3n producto del sobrecrecimiento de bacterias.<\/p>\n<p>Si la inflamaci\u00f3n persiste en el tiempo puede generar una infecci\u00f3n y la progresi\u00f3n de la misma llevar a una perforaci\u00f3n del ap\u00e9ndice.<\/p>\n<h4><strong>S\u00edntomas<\/strong><\/h4>\n<p>Los s\u00edntomas son de inicio bastante inespec\u00edfico, el paciente siente na\u00faseas, v\u00f3mitos y se queja de molestias abdominales en distintos puntos, generalmente en la boca del est\u00f3mago o en la parte alta del abdomen o \u201cboca del est\u00f3mago\u201d, pero no las puede relatar en forma precisa.<\/p>\n<p>Al pasar&nbsp;las horas &nbsp;el dolor <strong>se va localizando lentamente en la zona derecha baja del abdomen<\/strong>, llamada fosa il\u00edaca derecha. En ese momento comienza a ser m\u00e1s intenso, se mantienen las nauseas, los v\u00f3mitos y se puede sumar fiebre. All\u00ed es cuando el cuadro cl\u00ednico es m\u00e1s claro y se puede sospechar la apendicitis.<\/p>\n<h4><strong>Recomendaciones ante el dolor<\/strong><\/h4>\n<p>Ante una apendicitis, el sentido com\u00fan del paciente le har\u00e1 notar que el dolor no va a pasar r\u00e1pidamente, ya que los s\u00edntomas son distintos a los del t\u00edpico malestar abdominal. El primer signo es que pasadas 12 horas el dolor no remite.<\/p>\n<p>En estos casos es conveniente consultar a un m\u00e9dico lo antes posible, debido a que se&nbsp;empieza a tomar alg\u00fan analg\u00e9sico para calmar el dolor el cuadro probablemente quede enmascarado y el diagn\u00f3stico resulte tard\u00edo.<\/p>\n<p>Retrasar el diagn\u00f3stico es muy peligroso ya que la evoluci\u00f3n de la apendicitis puede hacer que el ap\u00e9ndice se termine perforando, generando una peritonitis y un cuadro infeccioso m\u00e1s complicado para el paciente.<\/p>\n<h4><strong>Tratamiento<\/strong><\/h4>\n<p>El tratamiento habitualmente es quir\u00fargico.<\/p>\n<p>Realizarlo por v\u00eda laparosc\u00f3pica implica menor dolor posoperatorio y menores posibilidades de infecciones, ya que son heridas muy peque\u00f1as. Gracias a esta t\u00e9cnica la recuperaci\u00f3n tambi\u00e9n es mucho m\u00e1s r\u00e1pida y se puede reiniciar la actividad f\u00edsica con mayor celeridad. La mayor\u00eda de los pacientes est\u00e1n s\u00f3lo 24 horas internados.<\/p>\n<h4><strong>Cuidados espec\u00edficos<\/strong><\/h4>\n<p>Los primeros diez d\u00edas despu\u00e9s&nbsp;de la operaci\u00f3n hay que limitar la&nbsp;dieta y la actividad f\u00edsica, pasados estos d\u00edas&nbsp;la persona puede llevar una vida normal.<\/p>\n","protected":false},"excerpt":{"rendered":"<p>La apendicitis aguda es una enfermedad inflamatoria infecciosa del ap\u00e9ndice cecal, que, como su nombre lo indica, es un ap\u00e9ndice que tiene la parte inicial del intestino grueso, denominada ciego. Al ser una inflamaci\u00f3n aguda, el dolor es de r\u00e1pido inicio. Si uno siente molestias hace meses lo m\u00e1s probables es que no sea apendicitis. [&hellip;]<\/p>\n","protected":false},"author":2,"featured_media":7847,"comment_status":"closed","ping_status":"closed","sticky":false,"template":"","format":"standard","meta":{"_acf_changed":false,"footnotes":""},"categories":[49],"tags":[],"class_list":["post-7845","post","type-post","status-publish","format-standard","has-post-thumbnail","hentry","category-medicina-general"],"acf":[],"yoast_head":"<!-- This site is optimized with the Yoast SEO Premium plugin v27.3 (Yoast SEO v27.3) - https:\/\/yoast.com\/product\/yoast-seo-premium-wordpress\/ -->\n<title>Apendicitis. \u00bfC\u00f3mo detectarla a tiempo? - Noticias Grupo Recoletas<\/title>\n<meta name=\"robots\" content=\"index, follow, max-snippet:-1, max-image-preview:large, max-video-preview:-1\" \/>\n<link rel=\"canonical\" href=\"https:\/\/www.gruporecoletas.com\/noticias\/apendicitis-detectarla-tiempo\/\" \/>\n<meta property=\"og:locale\" content=\"es_ES\" \/>\n<meta property=\"og:type\" content=\"article\" \/>\n<meta property=\"og:title\" content=\"Apendicitis. \u00bfC\u00f3mo detectarla a tiempo?\" \/>\n<meta property=\"og:description\" content=\"La apendicitis aguda es una enfermedad inflamatoria infecciosa del ap\u00e9ndice cecal, que, como su nombre lo indica, es un ap\u00e9ndice que tiene la parte inicial del intestino grueso, denominada ciego. Al ser una inflamaci\u00f3n aguda, el dolor es de r\u00e1pido inicio. Si uno siente molestias hace meses lo m\u00e1s probables es que no sea apendicitis. [&hellip;]\" \/>\n<meta property=\"og:url\" content=\"https:\/\/www.gruporecoletas.com\/noticias\/apendicitis-detectarla-tiempo\/\" \/>\n<meta property=\"og:site_name\" content=\"Noticias Grupo Recoletas\" \/>\n<meta property=\"article:publisher\" content=\"https:\/\/www.facebook.com\/GrupoRecoletas\/\" \/>\n<meta property=\"article:published_time\" content=\"2017-03-03T18:44:19+00:00\" \/>\n<meta property=\"article:modified_time\" content=\"2019-03-05T09:42:24+00:00\" \/>\n<meta property=\"og:image\" content=\"https:\/\/www.gruporecoletas.com\/noticias\/wp-content\/uploads\/2017\/03\/anciano-y-me\u0301dico-dolor.jpg\" \/>\n\t<meta property=\"og:image:width\" content=\"1400\" \/>\n\t<meta property=\"og:image:height\" content=\"933\" \/>\n\t<meta property=\"og:image:type\" content=\"image\/jpeg\" \/>\n<meta name=\"author\" content=\"Recoletas Red Hospitalaria\" \/>\n<meta name=\"twitter:card\" content=\"summary_large_image\" \/>\n<meta name=\"twitter:creator\" content=\"@GrupoRecoletas\" \/>\n<meta name=\"twitter:site\" content=\"@GrupoRecoletas\" \/>\n<meta name=\"twitter:label1\" content=\"Escrito por\" \/>\n\t<meta name=\"twitter:data1\" content=\"Recoletas Red Hospitalaria\" \/>\n\t<meta name=\"twitter:label2\" content=\"Tiempo de lectura\" \/>\n\t<meta name=\"twitter:data2\" content=\"2 minutos\" \/>\n<script type=\"application\/ld+json\" class=\"yoast-schema-graph\">{\"@context\":\"https:\\\/\\\/schema.org\",\"@graph\":[{\"@type\":\"Article\",\"@id\":\"https:\\\/\\\/www.gruporecoletas.com\\\/noticias\\\/apendicitis-detectarla-tiempo\\\/#article\",\"isPartOf\":{\"@id\":\"https:\\\/\\\/www.gruporecoletas.com\\\/noticias\\\/apendicitis-detectarla-tiempo\\\/\"},\"author\":{\"name\":\"Recoletas Red Hospitalaria\",\"@id\":\"https:\\\/\\\/www.gruporecoletas.com\\\/noticias\\\/#\\\/schema\\\/person\\\/3c6ac429828d1f5e3d3bd99f4da9b02c\"},\"headline\":\"Apendicitis. \u00bfC\u00f3mo detectarla a tiempo?\",\"datePublished\":\"2017-03-03T18:44:19+00:00\",\"dateModified\":\"2019-03-05T09:42:24+00:00\",\"mainEntityOfPage\":{\"@id\":\"https:\\\/\\\/www.gruporecoletas.com\\\/noticias\\\/apendicitis-detectarla-tiempo\\\/\"},\"wordCount\":480,\"image\":{\"@id\":\"https:\\\/\\\/www.gruporecoletas.com\\\/noticias\\\/apendicitis-detectarla-tiempo\\\/#primaryimage\"},\"thumbnailUrl\":\"https:\\\/\\\/www.gruporecoletas.com\\\/noticias\\\/wp-content\\\/uploads\\\/2017\\\/03\\\/anciano-y-me\u0301dico-dolor.jpg\",\"articleSection\":[\"Medicina General\"],\"inLanguage\":\"es\"},{\"@type\":\"WebPage\",\"@id\":\"https:\\\/\\\/www.gruporecoletas.com\\\/noticias\\\/apendicitis-detectarla-tiempo\\\/\",\"url\":\"https:\\\/\\\/www.gruporecoletas.com\\\/noticias\\\/apendicitis-detectarla-tiempo\\\/\",\"name\":\"Apendicitis. \u00bfC\u00f3mo detectarla a tiempo? - Noticias Grupo Recoletas\",\"isPartOf\":{\"@id\":\"https:\\\/\\\/www.gruporecoletas.com\\\/noticias\\\/#website\"},\"primaryImageOfPage\":{\"@id\":\"https:\\\/\\\/www.gruporecoletas.com\\\/noticias\\\/apendicitis-detectarla-tiempo\\\/#primaryimage\"},\"image\":{\"@id\":\"https:\\\/\\\/www.gruporecoletas.com\\\/noticias\\\/apendicitis-detectarla-tiempo\\\/#primaryimage\"},\"thumbnailUrl\":\"https:\\\/\\\/www.gruporecoletas.com\\\/noticias\\\/wp-content\\\/uploads\\\/2017\\\/03\\\/anciano-y-me\u0301dico-dolor.jpg\",\"datePublished\":\"2017-03-03T18:44:19+00:00\",\"dateModified\":\"2019-03-05T09:42:24+00:00\",\"author\":{\"@id\":\"https:\\\/\\\/www.gruporecoletas.com\\\/noticias\\\/#\\\/schema\\\/person\\\/3c6ac429828d1f5e3d3bd99f4da9b02c\"},\"breadcrumb\":{\"@id\":\"https:\\\/\\\/www.gruporecoletas.com\\\/noticias\\\/apendicitis-detectarla-tiempo\\\/#breadcrumb\"},\"inLanguage\":\"es\",\"potentialAction\":[{\"@type\":\"ReadAction\",\"target\":[\"https:\\\/\\\/www.gruporecoletas.com\\\/noticias\\\/apendicitis-detectarla-tiempo\\\/\"]}]},{\"@type\":\"ImageObject\",\"inLanguage\":\"es\",\"@id\":\"https:\\\/\\\/www.gruporecoletas.com\\\/noticias\\\/apendicitis-detectarla-tiempo\\\/#primaryimage\",\"url\":\"https:\\\/\\\/www.gruporecoletas.com\\\/noticias\\\/wp-content\\\/uploads\\\/2017\\\/03\\\/anciano-y-me\u0301dico-dolor.jpg\",\"contentUrl\":\"https:\\\/\\\/www.gruporecoletas.com\\\/noticias\\\/wp-content\\\/uploads\\\/2017\\\/03\\\/anciano-y-me\u0301dico-dolor.jpg\",\"width\":1400,\"height\":933},{\"@type\":\"BreadcrumbList\",\"@id\":\"https:\\\/\\\/www.gruporecoletas.com\\\/noticias\\\/apendicitis-detectarla-tiempo\\\/#breadcrumb\",\"itemListElement\":[{\"@type\":\"ListItem\",\"position\":1,\"name\":\"Portada\",\"item\":\"https:\\\/\\\/www.gruporecoletas.com\\\/noticias\\\/\"},{\"@type\":\"ListItem\",\"position\":2,\"name\":\"Apendicitis. \u00bfC\u00f3mo detectarla a tiempo?\"}]},{\"@type\":\"WebSite\",\"@id\":\"https:\\\/\\\/www.gruporecoletas.com\\\/noticias\\\/#website\",\"url\":\"https:\\\/\\\/www.gruporecoletas.com\\\/noticias\\\/\",\"name\":\"Noticias Grupo Recoletas\",\"description\":\"Grupo Recoletas\",\"potentialAction\":[{\"@type\":\"SearchAction\",\"target\":{\"@type\":\"EntryPoint\",\"urlTemplate\":\"https:\\\/\\\/www.gruporecoletas.com\\\/noticias\\\/?s={search_term_string}\"},\"query-input\":{\"@type\":\"PropertyValueSpecification\",\"valueRequired\":true,\"valueName\":\"search_term_string\"}}],\"inLanguage\":\"es\"},{\"@type\":\"Person\",\"@id\":\"https:\\\/\\\/www.gruporecoletas.com\\\/noticias\\\/#\\\/schema\\\/person\\\/3c6ac429828d1f5e3d3bd99f4da9b02c\",\"name\":\"Recoletas Red Hospitalaria\",\"url\":\"https:\\\/\\\/www.gruporecoletas.com\\\/noticias\\\/author\\\/comunicacion\\\/\"}]}<\/script>\n<!-- \/ Yoast SEO Premium plugin. -->","yoast_head_json":{"title":"Apendicitis. \u00bfC\u00f3mo detectarla a tiempo? - Noticias Grupo Recoletas","robots":{"index":"index","follow":"follow","max-snippet":"max-snippet:-1","max-image-preview":"max-image-preview:large","max-video-preview":"max-video-preview:-1"},"canonical":"https:\/\/www.gruporecoletas.com\/noticias\/apendicitis-detectarla-tiempo\/","og_locale":"es_ES","og_type":"article","og_title":"Apendicitis. \u00bfC\u00f3mo detectarla a tiempo?","og_description":"La apendicitis aguda es una enfermedad inflamatoria infecciosa del ap\u00e9ndice cecal, que, como su nombre lo indica, es un ap\u00e9ndice que tiene la parte inicial del intestino grueso, denominada ciego. Al ser una inflamaci\u00f3n aguda, el dolor es de r\u00e1pido inicio. Si uno siente molestias hace meses lo m\u00e1s probables es que no sea apendicitis. [&hellip;]","og_url":"https:\/\/www.gruporecoletas.com\/noticias\/apendicitis-detectarla-tiempo\/","og_site_name":"Noticias Grupo Recoletas","article_publisher":"https:\/\/www.facebook.com\/GrupoRecoletas\/","article_published_time":"2017-03-03T18:44:19+00:00","article_modified_time":"2019-03-05T09:42:24+00:00","og_image":[{"width":1400,"height":933,"url":"https:\/\/www.gruporecoletas.com\/noticias\/wp-content\/uploads\/2017\/03\/anciano-y-me\u0301dico-dolor.jpg","type":"image\/jpeg"}],"author":"Recoletas Red Hospitalaria","twitter_card":"summary_large_image","twitter_creator":"@GrupoRecoletas","twitter_site":"@GrupoRecoletas","twitter_misc":{"Escrito por":"Recoletas Red Hospitalaria","Tiempo de lectura":"2 minutos"},"schema":{"@context":"https:\/\/schema.org","@graph":[{"@type":"Article","@id":"https:\/\/www.gruporecoletas.com\/noticias\/apendicitis-detectarla-tiempo\/#article","isPartOf":{"@id":"https:\/\/www.gruporecoletas.com\/noticias\/apendicitis-detectarla-tiempo\/"},"author":{"name":"Recoletas Red Hospitalaria","@id":"https:\/\/www.gruporecoletas.com\/noticias\/#\/schema\/person\/3c6ac429828d1f5e3d3bd99f4da9b02c"},"headline":"Apendicitis. \u00bfC\u00f3mo detectarla a tiempo?","datePublished":"2017-03-03T18:44:19+00:00","dateModified":"2019-03-05T09:42:24+00:00","mainEntityOfPage":{"@id":"https:\/\/www.gruporecoletas.com\/noticias\/apendicitis-detectarla-tiempo\/"},"wordCount":480,"image":{"@id":"https:\/\/www.gruporecoletas.com\/noticias\/apendicitis-detectarla-tiempo\/#primaryimage"},"thumbnailUrl":"https:\/\/www.gruporecoletas.com\/noticias\/wp-content\/uploads\/2017\/03\/anciano-y-me\u0301dico-dolor.jpg","articleSection":["Medicina General"],"inLanguage":"es"},{"@type":"WebPage","@id":"https:\/\/www.gruporecoletas.com\/noticias\/apendicitis-detectarla-tiempo\/","url":"https:\/\/www.gruporecoletas.com\/noticias\/apendicitis-detectarla-tiempo\/","name":"Apendicitis. \u00bfC\u00f3mo detectarla a tiempo? - Noticias Grupo Recoletas","isPartOf":{"@id":"https:\/\/www.gruporecoletas.com\/noticias\/#website"},"primaryImageOfPage":{"@id":"https:\/\/www.gruporecoletas.com\/noticias\/apendicitis-detectarla-tiempo\/#primaryimage"},"image":{"@id":"https:\/\/www.gruporecoletas.com\/noticias\/apendicitis-detectarla-tiempo\/#primaryimage"},"thumbnailUrl":"https:\/\/www.gruporecoletas.com\/noticias\/wp-content\/uploads\/2017\/03\/anciano-y-me\u0301dico-dolor.jpg","datePublished":"2017-03-03T18:44:19+00:00","dateModified":"2019-03-05T09:42:24+00:00","author":{"@id":"https:\/\/www.gruporecoletas.com\/noticias\/#\/schema\/person\/3c6ac429828d1f5e3d3bd99f4da9b02c"},"breadcrumb":{"@id":"https:\/\/www.gruporecoletas.com\/noticias\/apendicitis-detectarla-tiempo\/#breadcrumb"},"inLanguage":"es","potentialAction":[{"@type":"ReadAction","target":["https:\/\/www.gruporecoletas.com\/noticias\/apendicitis-detectarla-tiempo\/"]}]},{"@type":"ImageObject","inLanguage":"es","@id":"https:\/\/www.gruporecoletas.com\/noticias\/apendicitis-detectarla-tiempo\/#primaryimage","url":"https:\/\/www.gruporecoletas.com\/noticias\/wp-content\/uploads\/2017\/03\/anciano-y-me\u0301dico-dolor.jpg","contentUrl":"https:\/\/www.gruporecoletas.com\/noticias\/wp-content\/uploads\/2017\/03\/anciano-y-me\u0301dico-dolor.jpg","width":1400,"height":933},{"@type":"BreadcrumbList","@id":"https:\/\/www.gruporecoletas.com\/noticias\/apendicitis-detectarla-tiempo\/#breadcrumb","itemListElement":[{"@type":"ListItem","position":1,"name":"Portada","item":"https:\/\/www.gruporecoletas.com\/noticias\/"},{"@type":"ListItem","position":2,"name":"Apendicitis. \u00bfC\u00f3mo detectarla a tiempo?"}]},{"@type":"WebSite","@id":"https:\/\/www.gruporecoletas.com\/noticias\/#website","url":"https:\/\/www.gruporecoletas.com\/noticias\/","name":"Noticias Grupo Recoletas","description":"Grupo Recoletas","potentialAction":[{"@type":"SearchAction","target":{"@type":"EntryPoint","urlTemplate":"https:\/\/www.gruporecoletas.com\/noticias\/?s={search_term_string}"},"query-input":{"@type":"PropertyValueSpecification","valueRequired":true,"valueName":"search_term_string"}}],"inLanguage":"es"},{"@type":"Person","@id":"https:\/\/www.gruporecoletas.com\/noticias\/#\/schema\/person\/3c6ac429828d1f5e3d3bd99f4da9b02c","name":"Recoletas Red Hospitalaria","url":"https:\/\/www.gruporecoletas.com\/noticias\/author\/comunicacion\/"}]}},"_links":{"self":[{"href":"https:\/\/www.gruporecoletas.com\/noticias\/wp-json\/wp\/v2\/posts\/7845","targetHints":{"allow":["GET"]}}],"collection":[{"href":"https:\/\/www.gruporecoletas.com\/noticias\/wp-json\/wp\/v2\/posts"}],"about":[{"href":"https:\/\/www.gruporecoletas.com\/noticias\/wp-json\/wp\/v2\/types\/post"}],"author":[{"embeddable":true,"href":"https:\/\/www.gruporecoletas.com\/noticias\/wp-json\/wp\/v2\/users\/2"}],"replies":[{"embeddable":true,"href":"https:\/\/www.gruporecoletas.com\/noticias\/wp-json\/wp\/v2\/comments?post=7845"}],"version-history":[{"count":2,"href":"https:\/\/www.gruporecoletas.com\/noticias\/wp-json\/wp\/v2\/posts\/7845\/revisions"}],"predecessor-version":[{"id":11663,"href":"https:\/\/www.gruporecoletas.com\/noticias\/wp-json\/wp\/v2\/posts\/7845\/revisions\/11663"}],"wp:featuredmedia":[{"embeddable":true,"href":"https:\/\/www.gruporecoletas.com\/noticias\/wp-json\/wp\/v2\/media\/7847"}],"wp:attachment":[{"href":"https:\/\/www.gruporecoletas.com\/noticias\/wp-json\/wp\/v2\/media?parent=7845"}],"wp:term":[{"taxonomy":"category","embeddable":true,"href":"https:\/\/www.gruporecoletas.com\/noticias\/wp-json\/wp\/v2\/categories?post=7845"},{"taxonomy":"post_tag","embeddable":true,"href":"https:\/\/www.gruporecoletas.com\/noticias\/wp-json\/wp\/v2\/tags?post=7845"}],"curies":[{"name":"wp","href":"https:\/\/api.w.org\/{rel}","templated":true}]}}