{"id":7894,"date":"2017-03-10T12:53:27","date_gmt":"2017-03-10T12:53:27","guid":{"rendered":"https:\/\/www.gruporecoletas.com\/?p=7894"},"modified":"2019-01-22T17:15:18","modified_gmt":"2019-01-22T17:15:18","slug":"no-somos-raros-en-beneficio-de-la-asociacion-enfermedades-raras-de-castilla-y-leon-aerscyl","status":"publish","type":"post","link":"https:\/\/www.gruporecoletas.com\/noticias\/no-somos-raros-en-beneficio-de-la-asociacion-enfermedades-raras-de-castilla-y-leon-aerscyl\/","title":{"rendered":"\u201cNo somos raros\u201d en beneficio de la Asociaci\u00f3n Enfermedades Raras de Castilla y Le\u00f3n (Aerscyl)"},"content":{"rendered":"<p class=\"p1\"><span class=\"s1\">El pasado 28 de febrero se celebr\u00f3 el\u00a0<strong><span class=\"s2\">#DiaMundialEnfermedadesRaras<\/span><\/strong><\/span><span class=\"s3\">\u00a0y <strong>Grupo Recoletas<\/strong> ha querido concienciar a la sociedad sobre las necesidades de este colectivo. Para ello se lanz\u00f3 la acci\u00f3n\u00a0\u201cNo somos raros\u201d en\u00a0beneficio de la Asociaci\u00f3n Enfermedades Raras de Castilla y Le\u00f3n (<a href=\"http:\/\/www.aerscyl.org\" target=\"_blank\"><span class=\"s4\">Aerscyl<\/span><\/a>).\u00a0<\/span><\/p>\n<p class=\"p1\"><span class=\"s3\">El reto era llegar a los 10.000 retweets, aunque el reto no se\u00a0<\/span><span class=\"s1\">consigui\u00f3,\u00a0<\/span><span class=\"s3\"><strong>Grupo Recoletas<\/strong> ha querido colaborar igualmente y aportar la cantidad de 1.000 \u20ac a la asociaci\u00f3n, dinero que ir\u00e1 destinado\u00a0al estudio y diagn\u00f3stico de estas enfermedades y apoyo a pacientes y sus familias.\u00a0<strong>Bel\u00e9n Gallegos<\/strong>, gerente del Hospital\u00a0<\/span><span class=\"s1\">Recoletas Campo Grande, ha hecho entrega del cheque a <strong>Patricia G\u00e1lvez<\/strong>, miembro de la junta directiva de <strong>AERSCYL<\/strong>.<\/span><\/p>\n<p class=\"p3\"><span class=\"s1\">Esta acci\u00f3n se complementa con la campa\u00f1a solidaria del <a href=\"http:\/\/www.atleticovalladolid.es\" target=\"_blank\">Recoletas Atl\u00e9tico Valladolid<\/a>\u00a0en beneficio tambi\u00e9n de <strong>AERSCYL<\/strong> que se celebr\u00f3 el pasado 25 de febrero, donde se recaudaron 1.036 \u20ac, coincidiendo con el partido <strong>Recoletas Atl\u00e9tico Valladolid<\/strong> &#8211; <strong>Club Balonmano Granollers<\/strong> en Huerta del Rey.<\/span><\/p>\n<p class=\"p3\"><img loading=\"lazy\" decoding=\"async\" class=\"alignnone size-large wp-image-7896\" src=\"https:\/\/www.gruporecoletas.com\/wp-content\/uploads\/2017\/03\/555-enfermedades-1024x678.jpg\" alt=\"555-enfermedades\" width=\"640\" height=\"424\" srcset=\"https:\/\/www.gruporecoletas.com\/noticias\/wp-content\/uploads\/2017\/03\/555-enfermedades-1024x678.jpg 1024w, https:\/\/www.gruporecoletas.com\/noticias\/wp-content\/uploads\/2017\/03\/555-enfermedades-300x199.jpg 300w, https:\/\/www.gruporecoletas.com\/noticias\/wp-content\/uploads\/2017\/03\/555-enfermedades-768x509.jpg 768w, https:\/\/www.gruporecoletas.com\/noticias\/wp-content\/uploads\/2017\/03\/555-enfermedades.jpg 1400w\" sizes=\"auto, (max-width: 640px) 100vw, 640px\" \/><\/p>\n","protected":false},"excerpt":{"rendered":"<p>El pasado 28 de febrero se celebr\u00f3 el\u00a0#DiaMundialEnfermedadesRaras\u00a0y Grupo Recoletas ha querido concienciar a la sociedad sobre las necesidades de este colectivo. Para ello se lanz\u00f3 la acci\u00f3n\u00a0\u201cNo somos raros\u201d en\u00a0beneficio de la Asociaci\u00f3n Enfermedades Raras de Castilla y Le\u00f3n (Aerscyl).\u00a0 El reto era llegar a los 10.000 retweets, aunque el reto no se\u00a0consigui\u00f3,\u00a0Grupo Recoletas [&hellip;]<\/p>\n","protected":false},"author":2,"featured_media":7899,"comment_status":"closed","ping_status":"closed","sticky":false,"template":"","format":"standard","meta":{"_acf_changed":false,"footnotes":""},"categories":[4],"tags":[],"class_list":["post-7894","post","type-post","status-publish","format-standard","has-post-thumbnail","hentry","category-valladolid"],"acf":[],"yoast_head":"<!-- This site is optimized with the Yoast SEO Premium plugin v27.3 (Yoast SEO v27.3) - https:\/\/yoast.com\/product\/yoast-seo-premium-wordpress\/ -->\n<title>\u201cNo somos raros\u201d en beneficio de la Asociaci\u00f3n Enfermedades Raras de Castilla y Le\u00f3n (Aerscyl) - Noticias Grupo Recoletas<\/title>\n<meta name=\"robots\" content=\"index, follow, max-snippet:-1, max-image-preview:large, max-video-preview:-1\" \/>\n<link rel=\"canonical\" href=\"https:\/\/www.gruporecoletas.com\/noticias\/no-somos-raros-en-beneficio-de-la-asociacion-enfermedades-raras-de-castilla-y-leon-aerscyl\/\" \/>\n<meta property=\"og:locale\" content=\"es_ES\" \/>\n<meta property=\"og:type\" content=\"article\" \/>\n<meta property=\"og:title\" content=\"\u201cNo somos raros\u201d en beneficio de la Asociaci\u00f3n Enfermedades Raras de Castilla y Le\u00f3n (Aerscyl)\" \/>\n<meta property=\"og:description\" content=\"El pasado 28 de febrero se celebr\u00f3 el\u00a0#DiaMundialEnfermedadesRaras\u00a0y Grupo Recoletas ha querido concienciar a la sociedad sobre las necesidades de este colectivo. Para ello se lanz\u00f3 la acci\u00f3n\u00a0\u201cNo somos raros\u201d en\u00a0beneficio de la Asociaci\u00f3n Enfermedades Raras de Castilla y Le\u00f3n (Aerscyl).\u00a0 El reto era llegar a los 10.000 retweets, aunque el reto no se\u00a0consigui\u00f3,\u00a0Grupo Recoletas [&hellip;]\" \/>\n<meta property=\"og:url\" content=\"https:\/\/www.gruporecoletas.com\/noticias\/no-somos-raros-en-beneficio-de-la-asociacion-enfermedades-raras-de-castilla-y-leon-aerscyl\/\" \/>\n<meta property=\"og:site_name\" content=\"Noticias Grupo Recoletas\" \/>\n<meta property=\"article:publisher\" content=\"https:\/\/www.facebook.com\/GrupoRecoletas\/\" \/>\n<meta property=\"article:published_time\" content=\"2017-03-10T12:53:27+00:00\" \/>\n<meta property=\"article:modified_time\" content=\"2019-01-22T17:15:18+00:00\" \/>\n<meta property=\"og:image\" content=\"https:\/\/www.gruporecoletas.com\/noticias\/wp-content\/uploads\/2017\/03\/WhatsApp-Image-2017-03-10-at-11.24.142.jpg\" \/>\n\t<meta property=\"og:image:width\" content=\"770\" \/>\n\t<meta property=\"og:image:height\" content=\"794\" \/>\n\t<meta property=\"og:image:type\" content=\"image\/jpeg\" \/>\n<meta name=\"author\" content=\"Recoletas Red Hospitalaria\" \/>\n<meta name=\"twitter:card\" content=\"summary_large_image\" \/>\n<meta name=\"twitter:creator\" content=\"@GrupoRecoletas\" \/>\n<meta name=\"twitter:site\" content=\"@GrupoRecoletas\" \/>\n<meta name=\"twitter:label1\" content=\"Escrito por\" \/>\n\t<meta name=\"twitter:data1\" content=\"Recoletas Red Hospitalaria\" \/>\n\t<meta name=\"twitter:label2\" content=\"Tiempo de lectura\" \/>\n\t<meta name=\"twitter:data2\" content=\"1 minuto\" \/>\n<script type=\"application\/ld+json\" class=\"yoast-schema-graph\">{\"@context\":\"https:\\\/\\\/schema.org\",\"@graph\":[{\"@type\":\"Article\",\"@id\":\"https:\\\/\\\/www.gruporecoletas.com\\\/noticias\\\/no-somos-raros-en-beneficio-de-la-asociacion-enfermedades-raras-de-castilla-y-leon-aerscyl\\\/#article\",\"isPartOf\":{\"@id\":\"https:\\\/\\\/www.gruporecoletas.com\\\/noticias\\\/no-somos-raros-en-beneficio-de-la-asociacion-enfermedades-raras-de-castilla-y-leon-aerscyl\\\/\"},\"author\":{\"name\":\"Recoletas Red Hospitalaria\",\"@id\":\"https:\\\/\\\/www.gruporecoletas.com\\\/noticias\\\/#\\\/schema\\\/person\\\/3c6ac429828d1f5e3d3bd99f4da9b02c\"},\"headline\":\"\u201cNo somos raros\u201d en beneficio de la Asociaci\u00f3n Enfermedades Raras de Castilla y Le\u00f3n (Aerscyl)\",\"datePublished\":\"2017-03-10T12:53:27+00:00\",\"dateModified\":\"2019-01-22T17:15:18+00:00\",\"mainEntityOfPage\":{\"@id\":\"https:\\\/\\\/www.gruporecoletas.com\\\/noticias\\\/no-somos-raros-en-beneficio-de-la-asociacion-enfermedades-raras-de-castilla-y-leon-aerscyl\\\/\"},\"wordCount\":183,\"image\":{\"@id\":\"https:\\\/\\\/www.gruporecoletas.com\\\/noticias\\\/no-somos-raros-en-beneficio-de-la-asociacion-enfermedades-raras-de-castilla-y-leon-aerscyl\\\/#primaryimage\"},\"thumbnailUrl\":\"https:\\\/\\\/www.gruporecoletas.com\\\/noticias\\\/wp-content\\\/uploads\\\/2017\\\/03\\\/WhatsApp-Image-2017-03-10-at-11.24.142.jpg\",\"articleSection\":[\"Valladolid\"],\"inLanguage\":\"es\"},{\"@type\":\"WebPage\",\"@id\":\"https:\\\/\\\/www.gruporecoletas.com\\\/noticias\\\/no-somos-raros-en-beneficio-de-la-asociacion-enfermedades-raras-de-castilla-y-leon-aerscyl\\\/\",\"url\":\"https:\\\/\\\/www.gruporecoletas.com\\\/noticias\\\/no-somos-raros-en-beneficio-de-la-asociacion-enfermedades-raras-de-castilla-y-leon-aerscyl\\\/\",\"name\":\"\u201cNo somos raros\u201d en beneficio de la Asociaci\u00f3n Enfermedades Raras de Castilla y Le\u00f3n (Aerscyl) - Noticias Grupo Recoletas\",\"isPartOf\":{\"@id\":\"https:\\\/\\\/www.gruporecoletas.com\\\/noticias\\\/#website\"},\"primaryImageOfPage\":{\"@id\":\"https:\\\/\\\/www.gruporecoletas.com\\\/noticias\\\/no-somos-raros-en-beneficio-de-la-asociacion-enfermedades-raras-de-castilla-y-leon-aerscyl\\\/#primaryimage\"},\"image\":{\"@id\":\"https:\\\/\\\/www.gruporecoletas.com\\\/noticias\\\/no-somos-raros-en-beneficio-de-la-asociacion-enfermedades-raras-de-castilla-y-leon-aerscyl\\\/#primaryimage\"},\"thumbnailUrl\":\"https:\\\/\\\/www.gruporecoletas.com\\\/noticias\\\/wp-content\\\/uploads\\\/2017\\\/03\\\/WhatsApp-Image-2017-03-10-at-11.24.142.jpg\",\"datePublished\":\"2017-03-10T12:53:27+00:00\",\"dateModified\":\"2019-01-22T17:15:18+00:00\",\"author\":{\"@id\":\"https:\\\/\\\/www.gruporecoletas.com\\\/noticias\\\/#\\\/schema\\\/person\\\/3c6ac429828d1f5e3d3bd99f4da9b02c\"},\"breadcrumb\":{\"@id\":\"https:\\\/\\\/www.gruporecoletas.com\\\/noticias\\\/no-somos-raros-en-beneficio-de-la-asociacion-enfermedades-raras-de-castilla-y-leon-aerscyl\\\/#breadcrumb\"},\"inLanguage\":\"es\",\"potentialAction\":[{\"@type\":\"ReadAction\",\"target\":[\"https:\\\/\\\/www.gruporecoletas.com\\\/noticias\\\/no-somos-raros-en-beneficio-de-la-asociacion-enfermedades-raras-de-castilla-y-leon-aerscyl\\\/\"]}]},{\"@type\":\"ImageObject\",\"inLanguage\":\"es\",\"@id\":\"https:\\\/\\\/www.gruporecoletas.com\\\/noticias\\\/no-somos-raros-en-beneficio-de-la-asociacion-enfermedades-raras-de-castilla-y-leon-aerscyl\\\/#primaryimage\",\"url\":\"https:\\\/\\\/www.gruporecoletas.com\\\/noticias\\\/wp-content\\\/uploads\\\/2017\\\/03\\\/WhatsApp-Image-2017-03-10-at-11.24.142.jpg\",\"contentUrl\":\"https:\\\/\\\/www.gruporecoletas.com\\\/noticias\\\/wp-content\\\/uploads\\\/2017\\\/03\\\/WhatsApp-Image-2017-03-10-at-11.24.142.jpg\",\"width\":770,\"height\":794},{\"@type\":\"BreadcrumbList\",\"@id\":\"https:\\\/\\\/www.gruporecoletas.com\\\/noticias\\\/no-somos-raros-en-beneficio-de-la-asociacion-enfermedades-raras-de-castilla-y-leon-aerscyl\\\/#breadcrumb\",\"itemListElement\":[{\"@type\":\"ListItem\",\"position\":1,\"name\":\"Portada\",\"item\":\"https:\\\/\\\/www.gruporecoletas.com\\\/noticias\\\/\"},{\"@type\":\"ListItem\",\"position\":2,\"name\":\"\u201cNo somos raros\u201d en beneficio de la Asociaci\u00f3n Enfermedades Raras de Castilla y Le\u00f3n (Aerscyl)\"}]},{\"@type\":\"WebSite\",\"@id\":\"https:\\\/\\\/www.gruporecoletas.com\\\/noticias\\\/#website\",\"url\":\"https:\\\/\\\/www.gruporecoletas.com\\\/noticias\\\/\",\"name\":\"Noticias Grupo Recoletas\",\"description\":\"Grupo Recoletas\",\"potentialAction\":[{\"@type\":\"SearchAction\",\"target\":{\"@type\":\"EntryPoint\",\"urlTemplate\":\"https:\\\/\\\/www.gruporecoletas.com\\\/noticias\\\/?s={search_term_string}\"},\"query-input\":{\"@type\":\"PropertyValueSpecification\",\"valueRequired\":true,\"valueName\":\"search_term_string\"}}],\"inLanguage\":\"es\"},{\"@type\":\"Person\",\"@id\":\"https:\\\/\\\/www.gruporecoletas.com\\\/noticias\\\/#\\\/schema\\\/person\\\/3c6ac429828d1f5e3d3bd99f4da9b02c\",\"name\":\"Recoletas Red Hospitalaria\",\"url\":\"https:\\\/\\\/www.gruporecoletas.com\\\/noticias\\\/author\\\/comunicacion\\\/\"}]}<\/script>\n<!-- \/ Yoast SEO Premium plugin. -->","yoast_head_json":{"title":"\u201cNo somos raros\u201d en beneficio de la Asociaci\u00f3n Enfermedades Raras de Castilla y Le\u00f3n (Aerscyl) - Noticias Grupo Recoletas","robots":{"index":"index","follow":"follow","max-snippet":"max-snippet:-1","max-image-preview":"max-image-preview:large","max-video-preview":"max-video-preview:-1"},"canonical":"https:\/\/www.gruporecoletas.com\/noticias\/no-somos-raros-en-beneficio-de-la-asociacion-enfermedades-raras-de-castilla-y-leon-aerscyl\/","og_locale":"es_ES","og_type":"article","og_title":"\u201cNo somos raros\u201d en beneficio de la Asociaci\u00f3n Enfermedades Raras de Castilla y Le\u00f3n (Aerscyl)","og_description":"El pasado 28 de febrero se celebr\u00f3 el\u00a0#DiaMundialEnfermedadesRaras\u00a0y Grupo Recoletas ha querido concienciar a la sociedad sobre las necesidades de este colectivo. Para ello se lanz\u00f3 la acci\u00f3n\u00a0\u201cNo somos raros\u201d en\u00a0beneficio de la Asociaci\u00f3n Enfermedades Raras de Castilla y Le\u00f3n (Aerscyl).\u00a0 El reto era llegar a los 10.000 retweets, aunque el reto no se\u00a0consigui\u00f3,\u00a0Grupo Recoletas [&hellip;]","og_url":"https:\/\/www.gruporecoletas.com\/noticias\/no-somos-raros-en-beneficio-de-la-asociacion-enfermedades-raras-de-castilla-y-leon-aerscyl\/","og_site_name":"Noticias Grupo Recoletas","article_publisher":"https:\/\/www.facebook.com\/GrupoRecoletas\/","article_published_time":"2017-03-10T12:53:27+00:00","article_modified_time":"2019-01-22T17:15:18+00:00","og_image":[{"width":770,"height":794,"url":"https:\/\/www.gruporecoletas.com\/noticias\/wp-content\/uploads\/2017\/03\/WhatsApp-Image-2017-03-10-at-11.24.142.jpg","type":"image\/jpeg"}],"author":"Recoletas Red Hospitalaria","twitter_card":"summary_large_image","twitter_creator":"@GrupoRecoletas","twitter_site":"@GrupoRecoletas","twitter_misc":{"Escrito por":"Recoletas Red Hospitalaria","Tiempo de lectura":"1 minuto"},"schema":{"@context":"https:\/\/schema.org","@graph":[{"@type":"Article","@id":"https:\/\/www.gruporecoletas.com\/noticias\/no-somos-raros-en-beneficio-de-la-asociacion-enfermedades-raras-de-castilla-y-leon-aerscyl\/#article","isPartOf":{"@id":"https:\/\/www.gruporecoletas.com\/noticias\/no-somos-raros-en-beneficio-de-la-asociacion-enfermedades-raras-de-castilla-y-leon-aerscyl\/"},"author":{"name":"Recoletas Red Hospitalaria","@id":"https:\/\/www.gruporecoletas.com\/noticias\/#\/schema\/person\/3c6ac429828d1f5e3d3bd99f4da9b02c"},"headline":"\u201cNo somos raros\u201d en beneficio de la Asociaci\u00f3n Enfermedades Raras de Castilla y Le\u00f3n (Aerscyl)","datePublished":"2017-03-10T12:53:27+00:00","dateModified":"2019-01-22T17:15:18+00:00","mainEntityOfPage":{"@id":"https:\/\/www.gruporecoletas.com\/noticias\/no-somos-raros-en-beneficio-de-la-asociacion-enfermedades-raras-de-castilla-y-leon-aerscyl\/"},"wordCount":183,"image":{"@id":"https:\/\/www.gruporecoletas.com\/noticias\/no-somos-raros-en-beneficio-de-la-asociacion-enfermedades-raras-de-castilla-y-leon-aerscyl\/#primaryimage"},"thumbnailUrl":"https:\/\/www.gruporecoletas.com\/noticias\/wp-content\/uploads\/2017\/03\/WhatsApp-Image-2017-03-10-at-11.24.142.jpg","articleSection":["Valladolid"],"inLanguage":"es"},{"@type":"WebPage","@id":"https:\/\/www.gruporecoletas.com\/noticias\/no-somos-raros-en-beneficio-de-la-asociacion-enfermedades-raras-de-castilla-y-leon-aerscyl\/","url":"https:\/\/www.gruporecoletas.com\/noticias\/no-somos-raros-en-beneficio-de-la-asociacion-enfermedades-raras-de-castilla-y-leon-aerscyl\/","name":"\u201cNo somos raros\u201d en beneficio de la Asociaci\u00f3n Enfermedades Raras de Castilla y Le\u00f3n (Aerscyl) - Noticias Grupo Recoletas","isPartOf":{"@id":"https:\/\/www.gruporecoletas.com\/noticias\/#website"},"primaryImageOfPage":{"@id":"https:\/\/www.gruporecoletas.com\/noticias\/no-somos-raros-en-beneficio-de-la-asociacion-enfermedades-raras-de-castilla-y-leon-aerscyl\/#primaryimage"},"image":{"@id":"https:\/\/www.gruporecoletas.com\/noticias\/no-somos-raros-en-beneficio-de-la-asociacion-enfermedades-raras-de-castilla-y-leon-aerscyl\/#primaryimage"},"thumbnailUrl":"https:\/\/www.gruporecoletas.com\/noticias\/wp-content\/uploads\/2017\/03\/WhatsApp-Image-2017-03-10-at-11.24.142.jpg","datePublished":"2017-03-10T12:53:27+00:00","dateModified":"2019-01-22T17:15:18+00:00","author":{"@id":"https:\/\/www.gruporecoletas.com\/noticias\/#\/schema\/person\/3c6ac429828d1f5e3d3bd99f4da9b02c"},"breadcrumb":{"@id":"https:\/\/www.gruporecoletas.com\/noticias\/no-somos-raros-en-beneficio-de-la-asociacion-enfermedades-raras-de-castilla-y-leon-aerscyl\/#breadcrumb"},"inLanguage":"es","potentialAction":[{"@type":"ReadAction","target":["https:\/\/www.gruporecoletas.com\/noticias\/no-somos-raros-en-beneficio-de-la-asociacion-enfermedades-raras-de-castilla-y-leon-aerscyl\/"]}]},{"@type":"ImageObject","inLanguage":"es","@id":"https:\/\/www.gruporecoletas.com\/noticias\/no-somos-raros-en-beneficio-de-la-asociacion-enfermedades-raras-de-castilla-y-leon-aerscyl\/#primaryimage","url":"https:\/\/www.gruporecoletas.com\/noticias\/wp-content\/uploads\/2017\/03\/WhatsApp-Image-2017-03-10-at-11.24.142.jpg","contentUrl":"https:\/\/www.gruporecoletas.com\/noticias\/wp-content\/uploads\/2017\/03\/WhatsApp-Image-2017-03-10-at-11.24.142.jpg","width":770,"height":794},{"@type":"BreadcrumbList","@id":"https:\/\/www.gruporecoletas.com\/noticias\/no-somos-raros-en-beneficio-de-la-asociacion-enfermedades-raras-de-castilla-y-leon-aerscyl\/#breadcrumb","itemListElement":[{"@type":"ListItem","position":1,"name":"Portada","item":"https:\/\/www.gruporecoletas.com\/noticias\/"},{"@type":"ListItem","position":2,"name":"\u201cNo somos raros\u201d en beneficio de la Asociaci\u00f3n Enfermedades Raras de Castilla y Le\u00f3n (Aerscyl)"}]},{"@type":"WebSite","@id":"https:\/\/www.gruporecoletas.com\/noticias\/#website","url":"https:\/\/www.gruporecoletas.com\/noticias\/","name":"Noticias Grupo Recoletas","description":"Grupo Recoletas","potentialAction":[{"@type":"SearchAction","target":{"@type":"EntryPoint","urlTemplate":"https:\/\/www.gruporecoletas.com\/noticias\/?s={search_term_string}"},"query-input":{"@type":"PropertyValueSpecification","valueRequired":true,"valueName":"search_term_string"}}],"inLanguage":"es"},{"@type":"Person","@id":"https:\/\/www.gruporecoletas.com\/noticias\/#\/schema\/person\/3c6ac429828d1f5e3d3bd99f4da9b02c","name":"Recoletas Red Hospitalaria","url":"https:\/\/www.gruporecoletas.com\/noticias\/author\/comunicacion\/"}]}},"_links":{"self":[{"href":"https:\/\/www.gruporecoletas.com\/noticias\/wp-json\/wp\/v2\/posts\/7894","targetHints":{"allow":["GET"]}}],"collection":[{"href":"https:\/\/www.gruporecoletas.com\/noticias\/wp-json\/wp\/v2\/posts"}],"about":[{"href":"https:\/\/www.gruporecoletas.com\/noticias\/wp-json\/wp\/v2\/types\/post"}],"author":[{"embeddable":true,"href":"https:\/\/www.gruporecoletas.com\/noticias\/wp-json\/wp\/v2\/users\/2"}],"replies":[{"embeddable":true,"href":"https:\/\/www.gruporecoletas.com\/noticias\/wp-json\/wp\/v2\/comments?post=7894"}],"version-history":[{"count":2,"href":"https:\/\/www.gruporecoletas.com\/noticias\/wp-json\/wp\/v2\/posts\/7894\/revisions"}],"predecessor-version":[{"id":12775,"href":"https:\/\/www.gruporecoletas.com\/noticias\/wp-json\/wp\/v2\/posts\/7894\/revisions\/12775"}],"wp:featuredmedia":[{"embeddable":true,"href":"https:\/\/www.gruporecoletas.com\/noticias\/wp-json\/wp\/v2\/media\/7899"}],"wp:attachment":[{"href":"https:\/\/www.gruporecoletas.com\/noticias\/wp-json\/wp\/v2\/media?parent=7894"}],"wp:term":[{"taxonomy":"category","embeddable":true,"href":"https:\/\/www.gruporecoletas.com\/noticias\/wp-json\/wp\/v2\/categories?post=7894"},{"taxonomy":"post_tag","embeddable":true,"href":"https:\/\/www.gruporecoletas.com\/noticias\/wp-json\/wp\/v2\/tags?post=7894"}],"curies":[{"name":"wp","href":"https:\/\/api.w.org\/{rel}","templated":true}]}}