{"id":7906,"date":"2017-03-13T10:57:38","date_gmt":"2017-03-13T10:57:38","guid":{"rendered":"https:\/\/www.gruporecoletas.com\/?p=7906"},"modified":"2019-03-05T09:41:25","modified_gmt":"2019-03-05T09:41:25","slug":"12-marzo-dia-internacional-del-glaucoma","status":"publish","type":"post","link":"https:\/\/www.gruporecoletas.com\/noticias\/12-marzo-dia-internacional-del-glaucoma\/","title":{"rendered":"12 de marzo, D\u00eda Internacional del Glaucoma"},"content":{"rendered":"<p>Ayer 12 de marzo\u00a0se conmemor\u00f3 \u00a0el <strong>D\u00eda Internacional del glaucoma<\/strong>.\u00a0El <strong>glaucoma<\/strong> afecta a m\u00e1s de un 3% de la poblaci\u00f3n y es, junto con la diabetes, la principal causa evitable de ceguera en Espa\u00f1a.<\/p>\n<p>El <strong>glaucoma<\/strong> es una enfermedad silenciosa, de hecho el\u00a0<strong>50% de las personas que la padecen lo ignoran<\/strong>. Uno de los principales detonantes de este padecimiento es tener una presi\u00f3n intraocular elevada (PIO), la cual afecta el nervio \u00f3ptico y causa una\u00a0ceguera irreversible.<\/p>\n<p><img loading=\"lazy\" decoding=\"async\" class=\"alignnone size-full wp-image-7920\" src=\"https:\/\/www.gruporecoletas.com\/noticias\/wp-content\/uploads\/2017\/03\/glaucoma3.jpg\" alt=\"glaucoma3\" width=\"2000\" height=\"1333\" srcset=\"https:\/\/www.gruporecoletas.com\/noticias\/wp-content\/uploads\/2017\/03\/glaucoma3.jpg 2000w, https:\/\/www.gruporecoletas.com\/noticias\/wp-content\/uploads\/2017\/03\/glaucoma3-300x200.jpg 300w, https:\/\/www.gruporecoletas.com\/noticias\/wp-content\/uploads\/2017\/03\/glaucoma3-768x512.jpg 768w, https:\/\/www.gruporecoletas.com\/noticias\/wp-content\/uploads\/2017\/03\/glaucoma3-1024x682.jpg 1024w\" sizes=\"auto, (max-width: 2000px) 100vw, 2000px\" \/><\/p>\n<p>Afecta principalmente a personas <strong>mayores de 40 a\u00f1os<\/strong> y a aquellos con antecedentes <strong>familiares de glaucoma<\/strong>. Tambi\u00e9n se observa una mayor incidencia de esta enfermedad en aquellos pacientes en tratamiento con <strong>corticoides<\/strong>.<\/p>\n<p>Las personas que lo padecen van perdiendo la vista perif\u00e9rica y esto hace que se vayan acostumbrando paulatinamente a ver menos, hasta llegar a perder por completo la visi\u00f3n.<\/p>\n<p><img loading=\"lazy\" decoding=\"async\" class=\"alignnone size-full wp-image-7910\" src=\"https:\/\/www.gruporecoletas.com\/noticias\/wp-content\/uploads\/2017\/03\/glaucoma2.jpg\" alt=\"glaucoma2\" width=\"2000\" height=\"1841\" srcset=\"https:\/\/www.gruporecoletas.com\/noticias\/wp-content\/uploads\/2017\/03\/glaucoma2.jpg 2000w, https:\/\/www.gruporecoletas.com\/noticias\/wp-content\/uploads\/2017\/03\/glaucoma2-300x276.jpg 300w, https:\/\/www.gruporecoletas.com\/noticias\/wp-content\/uploads\/2017\/03\/glaucoma2-768x707.jpg 768w, https:\/\/www.gruporecoletas.com\/noticias\/wp-content\/uploads\/2017\/03\/glaucoma2-1024x943.jpg 1024w\" sizes=\"auto, (max-width: 2000px) 100vw, 2000px\" \/><\/p>\n<p>Si padeces uno o m\u00e1s de estos s\u00edntomas es recomendable <strong>acudir al\u00a0oftalm\u00f3logo<\/strong> para que realice los estudios necesarios. El tratamiento depender\u00e1\u00a0de la etapa en la que est\u00e9 la enfermedad. Es muy importante\u00a0ser constante y respetar las indicaciones del m\u00e9dico.    \t<\/p>\n","protected":false},"excerpt":{"rendered":"<p>Ayer 12 de marzo\u00a0se conmemor\u00f3 \u00a0el D\u00eda Internacional del glaucoma.\u00a0El glaucoma afecta a m\u00e1s de un 3% de la poblaci\u00f3n y es, junto con la diabetes, la principal causa evitable de ceguera en Espa\u00f1a. El glaucoma es una enfermedad silenciosa, de hecho el\u00a050% de las personas que la padecen lo ignoran. Uno de los principales [&hellip;]<\/p>\n","protected":false},"author":2,"featured_media":7908,"comment_status":"closed","ping_status":"closed","sticky":false,"template":"","format":"standard","meta":{"_acf_changed":false,"footnotes":""},"categories":[50],"tags":[],"class_list":["post-7906","post","type-post","status-publish","format-standard","has-post-thumbnail","hentry","category-patologias"],"acf":[],"yoast_head":"<!-- This site is optimized with the Yoast SEO Premium plugin v27.3 (Yoast SEO v27.3) - https:\/\/yoast.com\/product\/yoast-seo-premium-wordpress\/ -->\n<title>12 de marzo, D\u00eda Internacional del Glaucoma - Noticias Grupo Recoletas<\/title>\n<meta name=\"robots\" content=\"index, follow, max-snippet:-1, max-image-preview:large, max-video-preview:-1\" \/>\n<link rel=\"canonical\" href=\"https:\/\/www.gruporecoletas.com\/noticias\/12-marzo-dia-internacional-del-glaucoma\/\" \/>\n<meta property=\"og:locale\" content=\"es_ES\" \/>\n<meta property=\"og:type\" content=\"article\" \/>\n<meta property=\"og:title\" content=\"12 de marzo, D\u00eda Internacional del Glaucoma\" \/>\n<meta property=\"og:description\" content=\"Ayer 12 de marzo\u00a0se conmemor\u00f3 \u00a0el D\u00eda Internacional del glaucoma.\u00a0El glaucoma afecta a m\u00e1s de un 3% de la poblaci\u00f3n y es, junto con la diabetes, la principal causa evitable de ceguera en Espa\u00f1a. El glaucoma es una enfermedad silenciosa, de hecho el\u00a050% de las personas que la padecen lo ignoran. Uno de los principales [&hellip;]\" \/>\n<meta property=\"og:url\" content=\"https:\/\/www.gruporecoletas.com\/noticias\/12-marzo-dia-internacional-del-glaucoma\/\" \/>\n<meta property=\"og:site_name\" content=\"Noticias Grupo Recoletas\" \/>\n<meta property=\"article:publisher\" content=\"https:\/\/www.facebook.com\/GrupoRecoletas\/\" \/>\n<meta property=\"article:published_time\" content=\"2017-03-13T10:57:38+00:00\" \/>\n<meta property=\"article:modified_time\" content=\"2019-03-05T09:41:25+00:00\" \/>\n<meta property=\"og:image\" content=\"https:\/\/www.gruporecoletas.com\/noticias\/wp-content\/uploads\/2017\/03\/glau.jpg\" \/>\n\t<meta property=\"og:image:width\" content=\"1440\" \/>\n\t<meta property=\"og:image:height\" content=\"960\" \/>\n\t<meta property=\"og:image:type\" content=\"image\/jpeg\" \/>\n<meta name=\"author\" content=\"Recoletas Red Hospitalaria\" \/>\n<meta name=\"twitter:card\" content=\"summary_large_image\" \/>\n<meta name=\"twitter:creator\" content=\"@GrupoRecoletas\" \/>\n<meta name=\"twitter:site\" content=\"@GrupoRecoletas\" \/>\n<meta name=\"twitter:label1\" content=\"Escrito por\" \/>\n\t<meta name=\"twitter:data1\" content=\"Recoletas Red Hospitalaria\" \/>\n\t<meta name=\"twitter:label2\" content=\"Tiempo de lectura\" \/>\n\t<meta name=\"twitter:data2\" content=\"1 minuto\" \/>\n<script type=\"application\/ld+json\" class=\"yoast-schema-graph\">{\"@context\":\"https:\\\/\\\/schema.org\",\"@graph\":[{\"@type\":\"Article\",\"@id\":\"https:\\\/\\\/www.gruporecoletas.com\\\/noticias\\\/12-marzo-dia-internacional-del-glaucoma\\\/#article\",\"isPartOf\":{\"@id\":\"https:\\\/\\\/www.gruporecoletas.com\\\/noticias\\\/12-marzo-dia-internacional-del-glaucoma\\\/\"},\"author\":{\"name\":\"Recoletas Red Hospitalaria\",\"@id\":\"https:\\\/\\\/www.gruporecoletas.com\\\/noticias\\\/#\\\/schema\\\/person\\\/3c6ac429828d1f5e3d3bd99f4da9b02c\"},\"headline\":\"12 de marzo, D\u00eda Internacional del Glaucoma\",\"datePublished\":\"2017-03-13T10:57:38+00:00\",\"dateModified\":\"2019-03-05T09:41:25+00:00\",\"mainEntityOfPage\":{\"@id\":\"https:\\\/\\\/www.gruporecoletas.com\\\/noticias\\\/12-marzo-dia-internacional-del-glaucoma\\\/\"},\"wordCount\":199,\"image\":{\"@id\":\"https:\\\/\\\/www.gruporecoletas.com\\\/noticias\\\/12-marzo-dia-internacional-del-glaucoma\\\/#primaryimage\"},\"thumbnailUrl\":\"https:\\\/\\\/www.gruporecoletas.com\\\/noticias\\\/wp-content\\\/uploads\\\/2017\\\/03\\\/glau.jpg\",\"articleSection\":[\"Patolog\u00edas\"],\"inLanguage\":\"es\"},{\"@type\":\"WebPage\",\"@id\":\"https:\\\/\\\/www.gruporecoletas.com\\\/noticias\\\/12-marzo-dia-internacional-del-glaucoma\\\/\",\"url\":\"https:\\\/\\\/www.gruporecoletas.com\\\/noticias\\\/12-marzo-dia-internacional-del-glaucoma\\\/\",\"name\":\"12 de marzo, D\u00eda Internacional del Glaucoma - Noticias Grupo Recoletas\",\"isPartOf\":{\"@id\":\"https:\\\/\\\/www.gruporecoletas.com\\\/noticias\\\/#website\"},\"primaryImageOfPage\":{\"@id\":\"https:\\\/\\\/www.gruporecoletas.com\\\/noticias\\\/12-marzo-dia-internacional-del-glaucoma\\\/#primaryimage\"},\"image\":{\"@id\":\"https:\\\/\\\/www.gruporecoletas.com\\\/noticias\\\/12-marzo-dia-internacional-del-glaucoma\\\/#primaryimage\"},\"thumbnailUrl\":\"https:\\\/\\\/www.gruporecoletas.com\\\/noticias\\\/wp-content\\\/uploads\\\/2017\\\/03\\\/glau.jpg\",\"datePublished\":\"2017-03-13T10:57:38+00:00\",\"dateModified\":\"2019-03-05T09:41:25+00:00\",\"author\":{\"@id\":\"https:\\\/\\\/www.gruporecoletas.com\\\/noticias\\\/#\\\/schema\\\/person\\\/3c6ac429828d1f5e3d3bd99f4da9b02c\"},\"breadcrumb\":{\"@id\":\"https:\\\/\\\/www.gruporecoletas.com\\\/noticias\\\/12-marzo-dia-internacional-del-glaucoma\\\/#breadcrumb\"},\"inLanguage\":\"es\",\"potentialAction\":[{\"@type\":\"ReadAction\",\"target\":[\"https:\\\/\\\/www.gruporecoletas.com\\\/noticias\\\/12-marzo-dia-internacional-del-glaucoma\\\/\"]}]},{\"@type\":\"ImageObject\",\"inLanguage\":\"es\",\"@id\":\"https:\\\/\\\/www.gruporecoletas.com\\\/noticias\\\/12-marzo-dia-internacional-del-glaucoma\\\/#primaryimage\",\"url\":\"https:\\\/\\\/www.gruporecoletas.com\\\/noticias\\\/wp-content\\\/uploads\\\/2017\\\/03\\\/glau.jpg\",\"contentUrl\":\"https:\\\/\\\/www.gruporecoletas.com\\\/noticias\\\/wp-content\\\/uploads\\\/2017\\\/03\\\/glau.jpg\",\"width\":1440,\"height\":960},{\"@type\":\"BreadcrumbList\",\"@id\":\"https:\\\/\\\/www.gruporecoletas.com\\\/noticias\\\/12-marzo-dia-internacional-del-glaucoma\\\/#breadcrumb\",\"itemListElement\":[{\"@type\":\"ListItem\",\"position\":1,\"name\":\"Portada\",\"item\":\"https:\\\/\\\/www.gruporecoletas.com\\\/noticias\\\/\"},{\"@type\":\"ListItem\",\"position\":2,\"name\":\"12 de marzo, D\u00eda Internacional del Glaucoma\"}]},{\"@type\":\"WebSite\",\"@id\":\"https:\\\/\\\/www.gruporecoletas.com\\\/noticias\\\/#website\",\"url\":\"https:\\\/\\\/www.gruporecoletas.com\\\/noticias\\\/\",\"name\":\"Noticias Grupo Recoletas\",\"description\":\"Grupo Recoletas\",\"potentialAction\":[{\"@type\":\"SearchAction\",\"target\":{\"@type\":\"EntryPoint\",\"urlTemplate\":\"https:\\\/\\\/www.gruporecoletas.com\\\/noticias\\\/?s={search_term_string}\"},\"query-input\":{\"@type\":\"PropertyValueSpecification\",\"valueRequired\":true,\"valueName\":\"search_term_string\"}}],\"inLanguage\":\"es\"},{\"@type\":\"Person\",\"@id\":\"https:\\\/\\\/www.gruporecoletas.com\\\/noticias\\\/#\\\/schema\\\/person\\\/3c6ac429828d1f5e3d3bd99f4da9b02c\",\"name\":\"Recoletas Red Hospitalaria\",\"url\":\"https:\\\/\\\/www.gruporecoletas.com\\\/noticias\\\/author\\\/comunicacion\\\/\"}]}<\/script>\n<!-- \/ Yoast SEO Premium plugin. -->","yoast_head_json":{"title":"12 de marzo, D\u00eda Internacional del Glaucoma - Noticias Grupo Recoletas","robots":{"index":"index","follow":"follow","max-snippet":"max-snippet:-1","max-image-preview":"max-image-preview:large","max-video-preview":"max-video-preview:-1"},"canonical":"https:\/\/www.gruporecoletas.com\/noticias\/12-marzo-dia-internacional-del-glaucoma\/","og_locale":"es_ES","og_type":"article","og_title":"12 de marzo, D\u00eda Internacional del Glaucoma","og_description":"Ayer 12 de marzo\u00a0se conmemor\u00f3 \u00a0el D\u00eda Internacional del glaucoma.\u00a0El glaucoma afecta a m\u00e1s de un 3% de la poblaci\u00f3n y es, junto con la diabetes, la principal causa evitable de ceguera en Espa\u00f1a. El glaucoma es una enfermedad silenciosa, de hecho el\u00a050% de las personas que la padecen lo ignoran. Uno de los principales [&hellip;]","og_url":"https:\/\/www.gruporecoletas.com\/noticias\/12-marzo-dia-internacional-del-glaucoma\/","og_site_name":"Noticias Grupo Recoletas","article_publisher":"https:\/\/www.facebook.com\/GrupoRecoletas\/","article_published_time":"2017-03-13T10:57:38+00:00","article_modified_time":"2019-03-05T09:41:25+00:00","og_image":[{"width":1440,"height":960,"url":"https:\/\/www.gruporecoletas.com\/noticias\/wp-content\/uploads\/2017\/03\/glau.jpg","type":"image\/jpeg"}],"author":"Recoletas Red Hospitalaria","twitter_card":"summary_large_image","twitter_creator":"@GrupoRecoletas","twitter_site":"@GrupoRecoletas","twitter_misc":{"Escrito por":"Recoletas Red Hospitalaria","Tiempo de lectura":"1 minuto"},"schema":{"@context":"https:\/\/schema.org","@graph":[{"@type":"Article","@id":"https:\/\/www.gruporecoletas.com\/noticias\/12-marzo-dia-internacional-del-glaucoma\/#article","isPartOf":{"@id":"https:\/\/www.gruporecoletas.com\/noticias\/12-marzo-dia-internacional-del-glaucoma\/"},"author":{"name":"Recoletas Red Hospitalaria","@id":"https:\/\/www.gruporecoletas.com\/noticias\/#\/schema\/person\/3c6ac429828d1f5e3d3bd99f4da9b02c"},"headline":"12 de marzo, D\u00eda Internacional del Glaucoma","datePublished":"2017-03-13T10:57:38+00:00","dateModified":"2019-03-05T09:41:25+00:00","mainEntityOfPage":{"@id":"https:\/\/www.gruporecoletas.com\/noticias\/12-marzo-dia-internacional-del-glaucoma\/"},"wordCount":199,"image":{"@id":"https:\/\/www.gruporecoletas.com\/noticias\/12-marzo-dia-internacional-del-glaucoma\/#primaryimage"},"thumbnailUrl":"https:\/\/www.gruporecoletas.com\/noticias\/wp-content\/uploads\/2017\/03\/glau.jpg","articleSection":["Patolog\u00edas"],"inLanguage":"es"},{"@type":"WebPage","@id":"https:\/\/www.gruporecoletas.com\/noticias\/12-marzo-dia-internacional-del-glaucoma\/","url":"https:\/\/www.gruporecoletas.com\/noticias\/12-marzo-dia-internacional-del-glaucoma\/","name":"12 de marzo, D\u00eda Internacional del Glaucoma - Noticias Grupo Recoletas","isPartOf":{"@id":"https:\/\/www.gruporecoletas.com\/noticias\/#website"},"primaryImageOfPage":{"@id":"https:\/\/www.gruporecoletas.com\/noticias\/12-marzo-dia-internacional-del-glaucoma\/#primaryimage"},"image":{"@id":"https:\/\/www.gruporecoletas.com\/noticias\/12-marzo-dia-internacional-del-glaucoma\/#primaryimage"},"thumbnailUrl":"https:\/\/www.gruporecoletas.com\/noticias\/wp-content\/uploads\/2017\/03\/glau.jpg","datePublished":"2017-03-13T10:57:38+00:00","dateModified":"2019-03-05T09:41:25+00:00","author":{"@id":"https:\/\/www.gruporecoletas.com\/noticias\/#\/schema\/person\/3c6ac429828d1f5e3d3bd99f4da9b02c"},"breadcrumb":{"@id":"https:\/\/www.gruporecoletas.com\/noticias\/12-marzo-dia-internacional-del-glaucoma\/#breadcrumb"},"inLanguage":"es","potentialAction":[{"@type":"ReadAction","target":["https:\/\/www.gruporecoletas.com\/noticias\/12-marzo-dia-internacional-del-glaucoma\/"]}]},{"@type":"ImageObject","inLanguage":"es","@id":"https:\/\/www.gruporecoletas.com\/noticias\/12-marzo-dia-internacional-del-glaucoma\/#primaryimage","url":"https:\/\/www.gruporecoletas.com\/noticias\/wp-content\/uploads\/2017\/03\/glau.jpg","contentUrl":"https:\/\/www.gruporecoletas.com\/noticias\/wp-content\/uploads\/2017\/03\/glau.jpg","width":1440,"height":960},{"@type":"BreadcrumbList","@id":"https:\/\/www.gruporecoletas.com\/noticias\/12-marzo-dia-internacional-del-glaucoma\/#breadcrumb","itemListElement":[{"@type":"ListItem","position":1,"name":"Portada","item":"https:\/\/www.gruporecoletas.com\/noticias\/"},{"@type":"ListItem","position":2,"name":"12 de marzo, D\u00eda Internacional del Glaucoma"}]},{"@type":"WebSite","@id":"https:\/\/www.gruporecoletas.com\/noticias\/#website","url":"https:\/\/www.gruporecoletas.com\/noticias\/","name":"Noticias Grupo Recoletas","description":"Grupo Recoletas","potentialAction":[{"@type":"SearchAction","target":{"@type":"EntryPoint","urlTemplate":"https:\/\/www.gruporecoletas.com\/noticias\/?s={search_term_string}"},"query-input":{"@type":"PropertyValueSpecification","valueRequired":true,"valueName":"search_term_string"}}],"inLanguage":"es"},{"@type":"Person","@id":"https:\/\/www.gruporecoletas.com\/noticias\/#\/schema\/person\/3c6ac429828d1f5e3d3bd99f4da9b02c","name":"Recoletas Red Hospitalaria","url":"https:\/\/www.gruporecoletas.com\/noticias\/author\/comunicacion\/"}]}},"_links":{"self":[{"href":"https:\/\/www.gruporecoletas.com\/noticias\/wp-json\/wp\/v2\/posts\/7906","targetHints":{"allow":["GET"]}}],"collection":[{"href":"https:\/\/www.gruporecoletas.com\/noticias\/wp-json\/wp\/v2\/posts"}],"about":[{"href":"https:\/\/www.gruporecoletas.com\/noticias\/wp-json\/wp\/v2\/types\/post"}],"author":[{"embeddable":true,"href":"https:\/\/www.gruporecoletas.com\/noticias\/wp-json\/wp\/v2\/users\/2"}],"replies":[{"embeddable":true,"href":"https:\/\/www.gruporecoletas.com\/noticias\/wp-json\/wp\/v2\/comments?post=7906"}],"version-history":[{"count":1,"href":"https:\/\/www.gruporecoletas.com\/noticias\/wp-json\/wp\/v2\/posts\/7906\/revisions"}],"predecessor-version":[{"id":11820,"href":"https:\/\/www.gruporecoletas.com\/noticias\/wp-json\/wp\/v2\/posts\/7906\/revisions\/11820"}],"wp:featuredmedia":[{"embeddable":true,"href":"https:\/\/www.gruporecoletas.com\/noticias\/wp-json\/wp\/v2\/media\/7908"}],"wp:attachment":[{"href":"https:\/\/www.gruporecoletas.com\/noticias\/wp-json\/wp\/v2\/media?parent=7906"}],"wp:term":[{"taxonomy":"category","embeddable":true,"href":"https:\/\/www.gruporecoletas.com\/noticias\/wp-json\/wp\/v2\/categories?post=7906"},{"taxonomy":"post_tag","embeddable":true,"href":"https:\/\/www.gruporecoletas.com\/noticias\/wp-json\/wp\/v2\/tags?post=7906"}],"curies":[{"name":"wp","href":"https:\/\/api.w.org\/{rel}","templated":true}]}}