{"id":7924,"date":"2017-03-14T12:14:40","date_gmt":"2017-03-14T12:14:40","guid":{"rendered":"https:\/\/www.gruporecoletas.com\/?p=7924"},"modified":"2019-03-05T09:41:14","modified_gmt":"2019-03-05T09:41:14","slug":"calculo-mis-dias-fertiles","status":"publish","type":"post","link":"https:\/\/www.gruporecoletas.com\/noticias\/calculo-mis-dias-fertiles\/","title":{"rendered":"\u00bfC\u00f3mo calculo mis d\u00edas f\u00e9rtiles?"},"content":{"rendered":"<p class=\"p1\">Los <b>d\u00edas f\u00e9rtiles<\/b> son aquellos en los que la mujer <b>tiene m\u00e1s posibilidades de quedarse embarazada. <\/b>Estos d\u00edas\u00a0se corresponden con el periodo de <b>ovulaci\u00f3n<\/b>. Cuando el <b>\u00f3vulo <\/b>alcanza su madurez se desprende del ovario. La ovulaci\u00f3n comienza en\u00a0el momento en que el \u00f3vulo ha sido liberado y se desplaza a trav\u00e9s de las <b>trompas de Falopio<\/b> hacia el <b>\u00fatero<\/b>. <b>La fase de mayor fertilidad suele durar entre 3 y 5 d\u00edas<\/b>, aunque depende de muchos factores, como la capacidad de supervivencia del \u00f3vulo una vez liberado (puede llegar a vivir hasta 24 horas).<\/p>\n<p class=\"p1\">Existen algunas t\u00e9cnicas y c\u00e1lculos para saber cu\u00e1ndo se produce el momento de mayor <b>fertilidad<\/b>, aunque esto depende por completo del <b>ciclo menstrual<\/b>. Una mujer que tenga un ciclo menstrual regular o normal, podr\u00e1 calcular con bastante precisi\u00f3n el momento en el que es m\u00e1s f\u00e9rtil; sin embargo, con un ciclo menstrual irregular es bastante complicado calcular el comienzo y final de la ovulaci\u00f3n, por lo que es recomendable acudir a un experto.<\/p>\n<p class=\"p1\"><img loading=\"lazy\" decoding=\"async\" class=\"alignnone size-large wp-image-7927\" src=\"https:\/\/www.gruporecoletas.com\/wp-content\/uploads\/2017\/03\/eco-embarazada-1024x683.jpg\" alt=\"Ecografia\" width=\"640\" height=\"427\" srcset=\"https:\/\/www.gruporecoletas.com\/noticias\/wp-content\/uploads\/2017\/03\/eco-embarazada-1024x683.jpg 1024w, https:\/\/www.gruporecoletas.com\/noticias\/wp-content\/uploads\/2017\/03\/eco-embarazada-300x200.jpg 300w, https:\/\/www.gruporecoletas.com\/noticias\/wp-content\/uploads\/2017\/03\/eco-embarazada-768x512.jpg 768w\" sizes=\"auto, (max-width: 640px) 100vw, 640px\" \/><\/p>\n<p class=\"p1\"><b>El ciclo menstrual comienza el primer d\u00eda de la regla y finaliza el d\u00eda anterior a la siguiente menstruaci\u00f3n<\/b>. Tiene una duraci\u00f3n media de <b>28 d\u00edas<\/b>, aunque esta cifra puede variar, aumentando o disminuyendo los d\u00edas; por eso\u00a0lo importante es que sea regular y constante. El ciclo tiene dos fases:<\/p>\n<ul class=\"ul1\">\n<li class=\"li1\">Fase <b>preovulatoria<\/b>: Comienza el primer d\u00eda de la menstruaci\u00f3n y termina con el desprendimiento del \u00f3vulo y el comienzo de la ovulaci\u00f3n. La duraci\u00f3n de esta fase es variable.<\/li>\n<li class=\"li1\">Fase <b>postovulatoria<\/b>: Va desde el comienzo de la ovulaci\u00f3n hasta el d\u00eda anterior a la siguiente menstruaci\u00f3n. Normalmente es constante y dura entre 12 y 16 d\u00edas.<\/li>\n<\/ul>\n<p class=\"p1\">\nUna opci\u00f3n para tratar de discernir los d\u00edas de mayor fertilidad es\u00a0<b>restar entre 12 y 16 d\u00edas, correspondientes a la duraci\u00f3n de la fase postovulatoria, al primer d\u00eda de la siguiente menstruaci\u00f3n<\/b> (por eso es importante tener una menstruaci\u00f3n regular y conocer la fecha del inicio de la misma).<\/p>\n<p class=\"p3\"><b>Otras formas de conocer los periodos de fertilidad<\/b><\/p>\n<p class=\"p1\">Adem\u00e1s del c\u00e1lculo num\u00e9rico atendiendo a la duraci\u00f3n del ciclo menstrual y de la fase postovulatoria, existen otros m\u00e9todos de conocer si una mujer se encuentra en su momento f\u00e9rtil, atendiendo a las <b>se\u00f1ales que env\u00eda el propio cuerpo<\/b>:<\/p>\n<ul class=\"ul1\">\n<li class=\"li1\"><b>Aumento de la cantidad y la densidad del moco cervical<\/b>.<\/li>\n<li class=\"li1\"><b>Dolor de ovarios<\/b>, m\u00e1s intermitente y menos intenso que durante la menstruaci\u00f3n.<\/li>\n<li class=\"li1\"><b>Sensibilidad en los pechos<\/b>, que tambi\u00e9n parecen m\u00e1s hinchados y pesados.<\/li>\n<\/ul>\n<p>V\u00eda: <a href=\"http:\/\/www.cuidateplus.com\" target=\"_blank\">CuidatePlus<\/a>    \t<\/p>\n","protected":false},"excerpt":{"rendered":"<p>Los d\u00edas f\u00e9rtiles son aquellos en los que la mujer tiene m\u00e1s posibilidades de quedarse embarazada. Estos d\u00edas\u00a0se corresponden con el periodo de ovulaci\u00f3n. Cuando el \u00f3vulo alcanza su madurez se desprende del ovario. La ovulaci\u00f3n comienza en\u00a0el momento en que el \u00f3vulo ha sido liberado y se desplaza a trav\u00e9s de las trompas de [&hellip;]<\/p>\n","protected":false},"author":2,"featured_media":7925,"comment_status":"closed","ping_status":"closed","sticky":false,"template":"","format":"standard","meta":{"_acf_changed":false,"footnotes":""},"categories":[47],"tags":[],"class_list":["post-7924","post","type-post","status-publish","format-standard","has-post-thumbnail","hentry","category-maternidad-y-ginecologia"],"acf":[],"yoast_head":"<!-- This site is optimized with the Yoast SEO Premium plugin v27.3 (Yoast SEO v27.3) - https:\/\/yoast.com\/product\/yoast-seo-premium-wordpress\/ -->\n<title>\u00bfC\u00f3mo calculo mis d\u00edas f\u00e9rtiles? - Noticias Grupo Recoletas<\/title>\n<meta name=\"robots\" content=\"index, follow, max-snippet:-1, max-image-preview:large, max-video-preview:-1\" \/>\n<link rel=\"canonical\" href=\"https:\/\/www.gruporecoletas.com\/noticias\/calculo-mis-dias-fertiles\/\" \/>\n<meta property=\"og:locale\" content=\"es_ES\" \/>\n<meta property=\"og:type\" content=\"article\" \/>\n<meta property=\"og:title\" content=\"\u00bfC\u00f3mo calculo mis d\u00edas f\u00e9rtiles?\" \/>\n<meta property=\"og:description\" content=\"Los d\u00edas f\u00e9rtiles son aquellos en los que la mujer tiene m\u00e1s posibilidades de quedarse embarazada. Estos d\u00edas\u00a0se corresponden con el periodo de ovulaci\u00f3n. Cuando el \u00f3vulo alcanza su madurez se desprende del ovario. La ovulaci\u00f3n comienza en\u00a0el momento en que el \u00f3vulo ha sido liberado y se desplaza a trav\u00e9s de las trompas de [&hellip;]\" \/>\n<meta property=\"og:url\" content=\"https:\/\/www.gruporecoletas.com\/noticias\/calculo-mis-dias-fertiles\/\" \/>\n<meta property=\"og:site_name\" content=\"Noticias Grupo Recoletas\" \/>\n<meta property=\"article:publisher\" content=\"https:\/\/www.facebook.com\/GrupoRecoletas\/\" \/>\n<meta property=\"article:published_time\" content=\"2017-03-14T12:14:40+00:00\" \/>\n<meta property=\"article:modified_time\" content=\"2019-03-05T09:41:14+00:00\" \/>\n<meta property=\"og:image\" content=\"https:\/\/www.gruporecoletas.com\/noticias\/wp-content\/uploads\/2017\/03\/fecundacion-2-1024x778.jpg\" \/>\n\t<meta property=\"og:image:width\" content=\"1024\" \/>\n\t<meta property=\"og:image:height\" content=\"778\" \/>\n\t<meta property=\"og:image:type\" content=\"image\/jpeg\" \/>\n<meta name=\"author\" content=\"Recoletas Red Hospitalaria\" \/>\n<meta name=\"twitter:card\" content=\"summary_large_image\" \/>\n<meta name=\"twitter:creator\" content=\"@GrupoRecoletas\" \/>\n<meta name=\"twitter:site\" content=\"@GrupoRecoletas\" \/>\n<meta name=\"twitter:label1\" content=\"Escrito por\" \/>\n\t<meta name=\"twitter:data1\" content=\"Recoletas Red Hospitalaria\" \/>\n\t<meta name=\"twitter:label2\" content=\"Tiempo de lectura\" \/>\n\t<meta name=\"twitter:data2\" content=\"2 minutos\" \/>\n<script type=\"application\/ld+json\" class=\"yoast-schema-graph\">{\"@context\":\"https:\\\/\\\/schema.org\",\"@graph\":[{\"@type\":\"Article\",\"@id\":\"https:\\\/\\\/www.gruporecoletas.com\\\/noticias\\\/calculo-mis-dias-fertiles\\\/#article\",\"isPartOf\":{\"@id\":\"https:\\\/\\\/www.gruporecoletas.com\\\/noticias\\\/calculo-mis-dias-fertiles\\\/\"},\"author\":{\"name\":\"Recoletas Red Hospitalaria\",\"@id\":\"https:\\\/\\\/www.gruporecoletas.com\\\/noticias\\\/#\\\/schema\\\/person\\\/3c6ac429828d1f5e3d3bd99f4da9b02c\"},\"headline\":\"\u00bfC\u00f3mo calculo mis d\u00edas f\u00e9rtiles?\",\"datePublished\":\"2017-03-14T12:14:40+00:00\",\"dateModified\":\"2019-03-05T09:41:14+00:00\",\"mainEntityOfPage\":{\"@id\":\"https:\\\/\\\/www.gruporecoletas.com\\\/noticias\\\/calculo-mis-dias-fertiles\\\/\"},\"wordCount\":456,\"image\":{\"@id\":\"https:\\\/\\\/www.gruporecoletas.com\\\/noticias\\\/calculo-mis-dias-fertiles\\\/#primaryimage\"},\"thumbnailUrl\":\"https:\\\/\\\/www.gruporecoletas.com\\\/noticias\\\/wp-content\\\/uploads\\\/2017\\\/03\\\/fecundacion-2.jpg\",\"articleSection\":[\"Maternidad y ginecolog\u00eda\"],\"inLanguage\":\"es\"},{\"@type\":\"WebPage\",\"@id\":\"https:\\\/\\\/www.gruporecoletas.com\\\/noticias\\\/calculo-mis-dias-fertiles\\\/\",\"url\":\"https:\\\/\\\/www.gruporecoletas.com\\\/noticias\\\/calculo-mis-dias-fertiles\\\/\",\"name\":\"\u00bfC\u00f3mo calculo mis d\u00edas f\u00e9rtiles? - Noticias Grupo Recoletas\",\"isPartOf\":{\"@id\":\"https:\\\/\\\/www.gruporecoletas.com\\\/noticias\\\/#website\"},\"primaryImageOfPage\":{\"@id\":\"https:\\\/\\\/www.gruporecoletas.com\\\/noticias\\\/calculo-mis-dias-fertiles\\\/#primaryimage\"},\"image\":{\"@id\":\"https:\\\/\\\/www.gruporecoletas.com\\\/noticias\\\/calculo-mis-dias-fertiles\\\/#primaryimage\"},\"thumbnailUrl\":\"https:\\\/\\\/www.gruporecoletas.com\\\/noticias\\\/wp-content\\\/uploads\\\/2017\\\/03\\\/fecundacion-2.jpg\",\"datePublished\":\"2017-03-14T12:14:40+00:00\",\"dateModified\":\"2019-03-05T09:41:14+00:00\",\"author\":{\"@id\":\"https:\\\/\\\/www.gruporecoletas.com\\\/noticias\\\/#\\\/schema\\\/person\\\/3c6ac429828d1f5e3d3bd99f4da9b02c\"},\"breadcrumb\":{\"@id\":\"https:\\\/\\\/www.gruporecoletas.com\\\/noticias\\\/calculo-mis-dias-fertiles\\\/#breadcrumb\"},\"inLanguage\":\"es\",\"potentialAction\":[{\"@type\":\"ReadAction\",\"target\":[\"https:\\\/\\\/www.gruporecoletas.com\\\/noticias\\\/calculo-mis-dias-fertiles\\\/\"]}]},{\"@type\":\"ImageObject\",\"inLanguage\":\"es\",\"@id\":\"https:\\\/\\\/www.gruporecoletas.com\\\/noticias\\\/calculo-mis-dias-fertiles\\\/#primaryimage\",\"url\":\"https:\\\/\\\/www.gruporecoletas.com\\\/noticias\\\/wp-content\\\/uploads\\\/2017\\\/03\\\/fecundacion-2.jpg\",\"contentUrl\":\"https:\\\/\\\/www.gruporecoletas.com\\\/noticias\\\/wp-content\\\/uploads\\\/2017\\\/03\\\/fecundacion-2.jpg\",\"width\":4400,\"height\":3343},{\"@type\":\"BreadcrumbList\",\"@id\":\"https:\\\/\\\/www.gruporecoletas.com\\\/noticias\\\/calculo-mis-dias-fertiles\\\/#breadcrumb\",\"itemListElement\":[{\"@type\":\"ListItem\",\"position\":1,\"name\":\"Portada\",\"item\":\"https:\\\/\\\/www.gruporecoletas.com\\\/noticias\\\/\"},{\"@type\":\"ListItem\",\"position\":2,\"name\":\"\u00bfC\u00f3mo calculo mis d\u00edas f\u00e9rtiles?\"}]},{\"@type\":\"WebSite\",\"@id\":\"https:\\\/\\\/www.gruporecoletas.com\\\/noticias\\\/#website\",\"url\":\"https:\\\/\\\/www.gruporecoletas.com\\\/noticias\\\/\",\"name\":\"Noticias Grupo Recoletas\",\"description\":\"Grupo Recoletas\",\"potentialAction\":[{\"@type\":\"SearchAction\",\"target\":{\"@type\":\"EntryPoint\",\"urlTemplate\":\"https:\\\/\\\/www.gruporecoletas.com\\\/noticias\\\/?s={search_term_string}\"},\"query-input\":{\"@type\":\"PropertyValueSpecification\",\"valueRequired\":true,\"valueName\":\"search_term_string\"}}],\"inLanguage\":\"es\"},{\"@type\":\"Person\",\"@id\":\"https:\\\/\\\/www.gruporecoletas.com\\\/noticias\\\/#\\\/schema\\\/person\\\/3c6ac429828d1f5e3d3bd99f4da9b02c\",\"name\":\"Recoletas Red Hospitalaria\",\"url\":\"https:\\\/\\\/www.gruporecoletas.com\\\/noticias\\\/author\\\/comunicacion\\\/\"}]}<\/script>\n<!-- \/ Yoast SEO Premium plugin. -->","yoast_head_json":{"title":"\u00bfC\u00f3mo calculo mis d\u00edas f\u00e9rtiles? - Noticias Grupo Recoletas","robots":{"index":"index","follow":"follow","max-snippet":"max-snippet:-1","max-image-preview":"max-image-preview:large","max-video-preview":"max-video-preview:-1"},"canonical":"https:\/\/www.gruporecoletas.com\/noticias\/calculo-mis-dias-fertiles\/","og_locale":"es_ES","og_type":"article","og_title":"\u00bfC\u00f3mo calculo mis d\u00edas f\u00e9rtiles?","og_description":"Los d\u00edas f\u00e9rtiles son aquellos en los que la mujer tiene m\u00e1s posibilidades de quedarse embarazada. Estos d\u00edas\u00a0se corresponden con el periodo de ovulaci\u00f3n. Cuando el \u00f3vulo alcanza su madurez se desprende del ovario. La ovulaci\u00f3n comienza en\u00a0el momento en que el \u00f3vulo ha sido liberado y se desplaza a trav\u00e9s de las trompas de [&hellip;]","og_url":"https:\/\/www.gruporecoletas.com\/noticias\/calculo-mis-dias-fertiles\/","og_site_name":"Noticias Grupo Recoletas","article_publisher":"https:\/\/www.facebook.com\/GrupoRecoletas\/","article_published_time":"2017-03-14T12:14:40+00:00","article_modified_time":"2019-03-05T09:41:14+00:00","og_image":[{"width":1024,"height":778,"url":"https:\/\/www.gruporecoletas.com\/noticias\/wp-content\/uploads\/2017\/03\/fecundacion-2-1024x778.jpg","type":"image\/jpeg"}],"author":"Recoletas Red Hospitalaria","twitter_card":"summary_large_image","twitter_creator":"@GrupoRecoletas","twitter_site":"@GrupoRecoletas","twitter_misc":{"Escrito por":"Recoletas Red Hospitalaria","Tiempo de lectura":"2 minutos"},"schema":{"@context":"https:\/\/schema.org","@graph":[{"@type":"Article","@id":"https:\/\/www.gruporecoletas.com\/noticias\/calculo-mis-dias-fertiles\/#article","isPartOf":{"@id":"https:\/\/www.gruporecoletas.com\/noticias\/calculo-mis-dias-fertiles\/"},"author":{"name":"Recoletas Red Hospitalaria","@id":"https:\/\/www.gruporecoletas.com\/noticias\/#\/schema\/person\/3c6ac429828d1f5e3d3bd99f4da9b02c"},"headline":"\u00bfC\u00f3mo calculo mis d\u00edas f\u00e9rtiles?","datePublished":"2017-03-14T12:14:40+00:00","dateModified":"2019-03-05T09:41:14+00:00","mainEntityOfPage":{"@id":"https:\/\/www.gruporecoletas.com\/noticias\/calculo-mis-dias-fertiles\/"},"wordCount":456,"image":{"@id":"https:\/\/www.gruporecoletas.com\/noticias\/calculo-mis-dias-fertiles\/#primaryimage"},"thumbnailUrl":"https:\/\/www.gruporecoletas.com\/noticias\/wp-content\/uploads\/2017\/03\/fecundacion-2.jpg","articleSection":["Maternidad y ginecolog\u00eda"],"inLanguage":"es"},{"@type":"WebPage","@id":"https:\/\/www.gruporecoletas.com\/noticias\/calculo-mis-dias-fertiles\/","url":"https:\/\/www.gruporecoletas.com\/noticias\/calculo-mis-dias-fertiles\/","name":"\u00bfC\u00f3mo calculo mis d\u00edas f\u00e9rtiles? - Noticias Grupo Recoletas","isPartOf":{"@id":"https:\/\/www.gruporecoletas.com\/noticias\/#website"},"primaryImageOfPage":{"@id":"https:\/\/www.gruporecoletas.com\/noticias\/calculo-mis-dias-fertiles\/#primaryimage"},"image":{"@id":"https:\/\/www.gruporecoletas.com\/noticias\/calculo-mis-dias-fertiles\/#primaryimage"},"thumbnailUrl":"https:\/\/www.gruporecoletas.com\/noticias\/wp-content\/uploads\/2017\/03\/fecundacion-2.jpg","datePublished":"2017-03-14T12:14:40+00:00","dateModified":"2019-03-05T09:41:14+00:00","author":{"@id":"https:\/\/www.gruporecoletas.com\/noticias\/#\/schema\/person\/3c6ac429828d1f5e3d3bd99f4da9b02c"},"breadcrumb":{"@id":"https:\/\/www.gruporecoletas.com\/noticias\/calculo-mis-dias-fertiles\/#breadcrumb"},"inLanguage":"es","potentialAction":[{"@type":"ReadAction","target":["https:\/\/www.gruporecoletas.com\/noticias\/calculo-mis-dias-fertiles\/"]}]},{"@type":"ImageObject","inLanguage":"es","@id":"https:\/\/www.gruporecoletas.com\/noticias\/calculo-mis-dias-fertiles\/#primaryimage","url":"https:\/\/www.gruporecoletas.com\/noticias\/wp-content\/uploads\/2017\/03\/fecundacion-2.jpg","contentUrl":"https:\/\/www.gruporecoletas.com\/noticias\/wp-content\/uploads\/2017\/03\/fecundacion-2.jpg","width":4400,"height":3343},{"@type":"BreadcrumbList","@id":"https:\/\/www.gruporecoletas.com\/noticias\/calculo-mis-dias-fertiles\/#breadcrumb","itemListElement":[{"@type":"ListItem","position":1,"name":"Portada","item":"https:\/\/www.gruporecoletas.com\/noticias\/"},{"@type":"ListItem","position":2,"name":"\u00bfC\u00f3mo calculo mis d\u00edas f\u00e9rtiles?"}]},{"@type":"WebSite","@id":"https:\/\/www.gruporecoletas.com\/noticias\/#website","url":"https:\/\/www.gruporecoletas.com\/noticias\/","name":"Noticias Grupo Recoletas","description":"Grupo Recoletas","potentialAction":[{"@type":"SearchAction","target":{"@type":"EntryPoint","urlTemplate":"https:\/\/www.gruporecoletas.com\/noticias\/?s={search_term_string}"},"query-input":{"@type":"PropertyValueSpecification","valueRequired":true,"valueName":"search_term_string"}}],"inLanguage":"es"},{"@type":"Person","@id":"https:\/\/www.gruporecoletas.com\/noticias\/#\/schema\/person\/3c6ac429828d1f5e3d3bd99f4da9b02c","name":"Recoletas Red Hospitalaria","url":"https:\/\/www.gruporecoletas.com\/noticias\/author\/comunicacion\/"}]}},"_links":{"self":[{"href":"https:\/\/www.gruporecoletas.com\/noticias\/wp-json\/wp\/v2\/posts\/7924","targetHints":{"allow":["GET"]}}],"collection":[{"href":"https:\/\/www.gruporecoletas.com\/noticias\/wp-json\/wp\/v2\/posts"}],"about":[{"href":"https:\/\/www.gruporecoletas.com\/noticias\/wp-json\/wp\/v2\/types\/post"}],"author":[{"embeddable":true,"href":"https:\/\/www.gruporecoletas.com\/noticias\/wp-json\/wp\/v2\/users\/2"}],"replies":[{"embeddable":true,"href":"https:\/\/www.gruporecoletas.com\/noticias\/wp-json\/wp\/v2\/comments?post=7924"}],"version-history":[{"count":1,"href":"https:\/\/www.gruporecoletas.com\/noticias\/wp-json\/wp\/v2\/posts\/7924\/revisions"}],"predecessor-version":[{"id":11678,"href":"https:\/\/www.gruporecoletas.com\/noticias\/wp-json\/wp\/v2\/posts\/7924\/revisions\/11678"}],"wp:featuredmedia":[{"embeddable":true,"href":"https:\/\/www.gruporecoletas.com\/noticias\/wp-json\/wp\/v2\/media\/7925"}],"wp:attachment":[{"href":"https:\/\/www.gruporecoletas.com\/noticias\/wp-json\/wp\/v2\/media?parent=7924"}],"wp:term":[{"taxonomy":"category","embeddable":true,"href":"https:\/\/www.gruporecoletas.com\/noticias\/wp-json\/wp\/v2\/categories?post=7924"},{"taxonomy":"post_tag","embeddable":true,"href":"https:\/\/www.gruporecoletas.com\/noticias\/wp-json\/wp\/v2\/tags?post=7924"}],"curies":[{"name":"wp","href":"https:\/\/api.w.org\/{rel}","templated":true}]}}