{"id":7934,"date":"2017-03-16T17:11:48","date_gmt":"2017-03-16T17:11:48","guid":{"rendered":"https:\/\/www.gruporecoletas.com\/?p=7934"},"modified":"2019-01-22T17:10:56","modified_gmt":"2019-01-22T17:10:56","slug":"foto-familia-del-recoletas-atletico-valladolid","status":"publish","type":"post","link":"https:\/\/www.gruporecoletas.com\/noticias\/foto-familia-del-recoletas-atletico-valladolid\/","title":{"rendered":"Foto de Familia del Recoletas Atl\u00e9tico Valladolid"},"content":{"rendered":"<p>Durante la tarde de ayer se realiz\u00f3 la foto de familia del <a href=\"http:\/\/www.atleticovalladolid.es\" target=\"_blank\"><strong>Recoletas Atl\u00e9tico Valladolid<\/strong><\/a>. Todos los equipos, jugadores y entrenadores del club posaron juntos en la tradicional foto.<\/p>\n<p><strong>Grupo Recoletas<\/strong> es el patrocinador principal desde hace dos a\u00f1os del club vallisoletano, que desde su nacimiento ha puesto en marcha un intenso programa de <strong>actividades de divulgaci\u00f3n y transmisi\u00f3n del balonmano<\/strong> entre los m\u00e1s peque\u00f1os y tambi\u00e9n entre los veteranos. El Club Recoletas Atl\u00e9tico Valladolid quiere cumplir as\u00ed con uno de sus objetivos fundacionales: la labor social de difusi\u00f3n del balonmano.<\/p>\n<p>El proyecto m\u00e1s querido por el club es <strong>\u00a1A jugar balonmano!<\/strong>, iniciado por el Recoletas Atl\u00e9tico Valladolid hace dos temporadas. Un programa que contin\u00faa creciendo en este curso escolar y deportivo.<\/p>\n<p>El Club tambi\u00e9n ha realizado esta temporada la campa\u00f1a <strong>\u2018H\u00e1bitos y vida saludable con el Recoletas Atl\u00e9tico Valladolid\u2019<\/strong>, una iniciativa en la que <strong>Grupo Recoletas<\/strong> colabora y con la que se pretende difundir un <strong>estilo de vida m\u00e1s sano<\/strong> a trav\u00e9s del fomento de la <strong>actividad f\u00edsica y una alimentaci\u00f3n variada<\/strong>. La campa\u00f1a se prolongar\u00e1 durante esta temporada y se fundamenta en la formaci\u00f3n, la prevenci\u00f3n y la solidaridad, con varias acciones organizadas por el \u00e1rea de Responsabilidad Social Corporativa del Club.<\/p>\n<p><img loading=\"lazy\" decoding=\"async\" class=\"aligncenter wp-image-7952\" src=\"https:\/\/www.gruporecoletas.com\/wp-content\/uploads\/2017\/03\/Recoletas-Atletico-Valladolid-2016-2017-AsobalCheerleders-1024x683.jpg\" alt=\"Recoletas Atletico Valladolid 2016-2017 Asobal+Cheerleders\" width=\"1400\" height=\"933\" srcset=\"https:\/\/www.gruporecoletas.com\/noticias\/wp-content\/uploads\/2017\/03\/Recoletas-Atletico-Valladolid-2016-2017-AsobalCheerleders-1024x683.jpg 1024w, https:\/\/www.gruporecoletas.com\/noticias\/wp-content\/uploads\/2017\/03\/Recoletas-Atletico-Valladolid-2016-2017-AsobalCheerleders-300x200.jpg 300w, https:\/\/www.gruporecoletas.com\/noticias\/wp-content\/uploads\/2017\/03\/Recoletas-Atletico-Valladolid-2016-2017-AsobalCheerleders-768x512.jpg 768w\" sizes=\"auto, (max-width: 1400px) 100vw, 1400px\" \/><br \/>\n<img loading=\"lazy\" decoding=\"async\" class=\"aligncenter wp-image-7951\" src=\"https:\/\/www.gruporecoletas.com\/wp-content\/uploads\/2017\/03\/Recoletas-Atletico-Valladolid-2016-2017-equipo-Asobal-1024x623.jpg\" alt=\"Recoletas Atletico Valladolid 2016-2017 equipo Asobal\" width=\"1399\" height=\"851\" srcset=\"https:\/\/www.gruporecoletas.com\/noticias\/wp-content\/uploads\/2017\/03\/Recoletas-Atletico-Valladolid-2016-2017-equipo-Asobal-1024x623.jpg 1024w, https:\/\/www.gruporecoletas.com\/noticias\/wp-content\/uploads\/2017\/03\/Recoletas-Atletico-Valladolid-2016-2017-equipo-Asobal-300x182.jpg 300w, https:\/\/www.gruporecoletas.com\/noticias\/wp-content\/uploads\/2017\/03\/Recoletas-Atletico-Valladolid-2016-2017-equipo-Asobal-768x467.jpg 768w\" sizes=\"auto, (max-width: 1399px) 100vw, 1399px\" \/>    \t<\/p>\n","protected":false},"excerpt":{"rendered":"<p>Durante la tarde de ayer se realiz\u00f3 la foto de familia del Recoletas Atl\u00e9tico Valladolid. Todos los equipos, jugadores y entrenadores del club posaron juntos en la tradicional foto. Grupo Recoletas es el patrocinador principal desde hace dos a\u00f1os del club vallisoletano, que desde su nacimiento ha puesto en marcha un intenso programa de actividades [&hellip;]<\/p>\n","protected":false},"author":2,"featured_media":7935,"comment_status":"closed","ping_status":"closed","sticky":false,"template":"","format":"standard","meta":{"_acf_changed":false,"footnotes":""},"categories":[4],"tags":[],"class_list":["post-7934","post","type-post","status-publish","format-standard","has-post-thumbnail","hentry","category-valladolid"],"acf":[],"yoast_head":"<!-- This site is optimized with the Yoast SEO Premium plugin v27.3 (Yoast SEO v27.3) - https:\/\/yoast.com\/product\/yoast-seo-premium-wordpress\/ -->\n<title>Foto de Familia del Recoletas Atl\u00e9tico Valladolid - Noticias Grupo Recoletas<\/title>\n<meta name=\"robots\" content=\"index, follow, max-snippet:-1, max-image-preview:large, max-video-preview:-1\" \/>\n<link rel=\"canonical\" href=\"https:\/\/www.gruporecoletas.com\/noticias\/foto-familia-del-recoletas-atletico-valladolid\/\" \/>\n<meta property=\"og:locale\" content=\"es_ES\" \/>\n<meta property=\"og:type\" content=\"article\" \/>\n<meta property=\"og:title\" content=\"Foto de Familia del Recoletas Atl\u00e9tico Valladolid\" \/>\n<meta property=\"og:description\" content=\"Durante la tarde de ayer se realiz\u00f3 la foto de familia del Recoletas Atl\u00e9tico Valladolid. Todos los equipos, jugadores y entrenadores del club posaron juntos en la tradicional foto. Grupo Recoletas es el patrocinador principal desde hace dos a\u00f1os del club vallisoletano, que desde su nacimiento ha puesto en marcha un intenso programa de actividades [&hellip;]\" \/>\n<meta property=\"og:url\" content=\"https:\/\/www.gruporecoletas.com\/noticias\/foto-familia-del-recoletas-atletico-valladolid\/\" \/>\n<meta property=\"og:site_name\" content=\"Noticias Grupo Recoletas\" \/>\n<meta property=\"article:publisher\" content=\"https:\/\/www.facebook.com\/GrupoRecoletas\/\" \/>\n<meta property=\"article:published_time\" content=\"2017-03-16T17:11:48+00:00\" \/>\n<meta property=\"article:modified_time\" content=\"2019-01-22T17:10:56+00:00\" \/>\n<meta property=\"og:image\" content=\"https:\/\/www.gruporecoletas.com\/noticias\/wp-content\/uploads\/2017\/03\/Recoletas-Atletico-Valladolid-2016-2017-Todos-los-equipos.jpg\" \/>\n\t<meta property=\"og:image:width\" content=\"5169\" \/>\n\t<meta property=\"og:image:height\" content=\"2379\" \/>\n\t<meta property=\"og:image:type\" content=\"image\/jpeg\" \/>\n<meta name=\"author\" content=\"Recoletas Red Hospitalaria\" \/>\n<meta name=\"twitter:card\" content=\"summary_large_image\" \/>\n<meta name=\"twitter:creator\" content=\"@GrupoRecoletas\" \/>\n<meta name=\"twitter:site\" content=\"@GrupoRecoletas\" \/>\n<meta name=\"twitter:label1\" content=\"Escrito por\" \/>\n\t<meta name=\"twitter:data1\" content=\"Recoletas Red Hospitalaria\" \/>\n\t<meta name=\"twitter:label2\" content=\"Tiempo de lectura\" \/>\n\t<meta name=\"twitter:data2\" content=\"1 minuto\" \/>\n<script type=\"application\/ld+json\" class=\"yoast-schema-graph\">{\"@context\":\"https:\\\/\\\/schema.org\",\"@graph\":[{\"@type\":\"Article\",\"@id\":\"https:\\\/\\\/www.gruporecoletas.com\\\/noticias\\\/foto-familia-del-recoletas-atletico-valladolid\\\/#article\",\"isPartOf\":{\"@id\":\"https:\\\/\\\/www.gruporecoletas.com\\\/noticias\\\/foto-familia-del-recoletas-atletico-valladolid\\\/\"},\"author\":{\"name\":\"Recoletas Red Hospitalaria\",\"@id\":\"https:\\\/\\\/www.gruporecoletas.com\\\/noticias\\\/#\\\/schema\\\/person\\\/3c6ac429828d1f5e3d3bd99f4da9b02c\"},\"headline\":\"Foto de Familia del Recoletas Atl\u00e9tico Valladolid\",\"datePublished\":\"2017-03-16T17:11:48+00:00\",\"dateModified\":\"2019-01-22T17:10:56+00:00\",\"mainEntityOfPage\":{\"@id\":\"https:\\\/\\\/www.gruporecoletas.com\\\/noticias\\\/foto-familia-del-recoletas-atletico-valladolid\\\/\"},\"wordCount\":235,\"image\":{\"@id\":\"https:\\\/\\\/www.gruporecoletas.com\\\/noticias\\\/foto-familia-del-recoletas-atletico-valladolid\\\/#primaryimage\"},\"thumbnailUrl\":\"https:\\\/\\\/www.gruporecoletas.com\\\/noticias\\\/wp-content\\\/uploads\\\/2017\\\/03\\\/Recoletas-Atletico-Valladolid-2016-2017-Todos-los-equipos.jpg\",\"articleSection\":[\"Valladolid\"],\"inLanguage\":\"es\"},{\"@type\":\"WebPage\",\"@id\":\"https:\\\/\\\/www.gruporecoletas.com\\\/noticias\\\/foto-familia-del-recoletas-atletico-valladolid\\\/\",\"url\":\"https:\\\/\\\/www.gruporecoletas.com\\\/noticias\\\/foto-familia-del-recoletas-atletico-valladolid\\\/\",\"name\":\"Foto de Familia del Recoletas Atl\u00e9tico Valladolid - Noticias Grupo Recoletas\",\"isPartOf\":{\"@id\":\"https:\\\/\\\/www.gruporecoletas.com\\\/noticias\\\/#website\"},\"primaryImageOfPage\":{\"@id\":\"https:\\\/\\\/www.gruporecoletas.com\\\/noticias\\\/foto-familia-del-recoletas-atletico-valladolid\\\/#primaryimage\"},\"image\":{\"@id\":\"https:\\\/\\\/www.gruporecoletas.com\\\/noticias\\\/foto-familia-del-recoletas-atletico-valladolid\\\/#primaryimage\"},\"thumbnailUrl\":\"https:\\\/\\\/www.gruporecoletas.com\\\/noticias\\\/wp-content\\\/uploads\\\/2017\\\/03\\\/Recoletas-Atletico-Valladolid-2016-2017-Todos-los-equipos.jpg\",\"datePublished\":\"2017-03-16T17:11:48+00:00\",\"dateModified\":\"2019-01-22T17:10:56+00:00\",\"author\":{\"@id\":\"https:\\\/\\\/www.gruporecoletas.com\\\/noticias\\\/#\\\/schema\\\/person\\\/3c6ac429828d1f5e3d3bd99f4da9b02c\"},\"breadcrumb\":{\"@id\":\"https:\\\/\\\/www.gruporecoletas.com\\\/noticias\\\/foto-familia-del-recoletas-atletico-valladolid\\\/#breadcrumb\"},\"inLanguage\":\"es\",\"potentialAction\":[{\"@type\":\"ReadAction\",\"target\":[\"https:\\\/\\\/www.gruporecoletas.com\\\/noticias\\\/foto-familia-del-recoletas-atletico-valladolid\\\/\"]}]},{\"@type\":\"ImageObject\",\"inLanguage\":\"es\",\"@id\":\"https:\\\/\\\/www.gruporecoletas.com\\\/noticias\\\/foto-familia-del-recoletas-atletico-valladolid\\\/#primaryimage\",\"url\":\"https:\\\/\\\/www.gruporecoletas.com\\\/noticias\\\/wp-content\\\/uploads\\\/2017\\\/03\\\/Recoletas-Atletico-Valladolid-2016-2017-Todos-los-equipos.jpg\",\"contentUrl\":\"https:\\\/\\\/www.gruporecoletas.com\\\/noticias\\\/wp-content\\\/uploads\\\/2017\\\/03\\\/Recoletas-Atletico-Valladolid-2016-2017-Todos-los-equipos.jpg\",\"width\":5169,\"height\":2379},{\"@type\":\"BreadcrumbList\",\"@id\":\"https:\\\/\\\/www.gruporecoletas.com\\\/noticias\\\/foto-familia-del-recoletas-atletico-valladolid\\\/#breadcrumb\",\"itemListElement\":[{\"@type\":\"ListItem\",\"position\":1,\"name\":\"Portada\",\"item\":\"https:\\\/\\\/www.gruporecoletas.com\\\/noticias\\\/\"},{\"@type\":\"ListItem\",\"position\":2,\"name\":\"Foto de Familia del Recoletas Atl\u00e9tico Valladolid\"}]},{\"@type\":\"WebSite\",\"@id\":\"https:\\\/\\\/www.gruporecoletas.com\\\/noticias\\\/#website\",\"url\":\"https:\\\/\\\/www.gruporecoletas.com\\\/noticias\\\/\",\"name\":\"Noticias Grupo Recoletas\",\"description\":\"Grupo Recoletas\",\"potentialAction\":[{\"@type\":\"SearchAction\",\"target\":{\"@type\":\"EntryPoint\",\"urlTemplate\":\"https:\\\/\\\/www.gruporecoletas.com\\\/noticias\\\/?s={search_term_string}\"},\"query-input\":{\"@type\":\"PropertyValueSpecification\",\"valueRequired\":true,\"valueName\":\"search_term_string\"}}],\"inLanguage\":\"es\"},{\"@type\":\"Person\",\"@id\":\"https:\\\/\\\/www.gruporecoletas.com\\\/noticias\\\/#\\\/schema\\\/person\\\/3c6ac429828d1f5e3d3bd99f4da9b02c\",\"name\":\"Recoletas Red Hospitalaria\",\"url\":\"https:\\\/\\\/www.gruporecoletas.com\\\/noticias\\\/author\\\/comunicacion\\\/\"}]}<\/script>\n<!-- \/ Yoast SEO Premium plugin. -->","yoast_head_json":{"title":"Foto de Familia del Recoletas Atl\u00e9tico Valladolid - Noticias Grupo Recoletas","robots":{"index":"index","follow":"follow","max-snippet":"max-snippet:-1","max-image-preview":"max-image-preview:large","max-video-preview":"max-video-preview:-1"},"canonical":"https:\/\/www.gruporecoletas.com\/noticias\/foto-familia-del-recoletas-atletico-valladolid\/","og_locale":"es_ES","og_type":"article","og_title":"Foto de Familia del Recoletas Atl\u00e9tico Valladolid","og_description":"Durante la tarde de ayer se realiz\u00f3 la foto de familia del Recoletas Atl\u00e9tico Valladolid. Todos los equipos, jugadores y entrenadores del club posaron juntos en la tradicional foto. Grupo Recoletas es el patrocinador principal desde hace dos a\u00f1os del club vallisoletano, que desde su nacimiento ha puesto en marcha un intenso programa de actividades [&hellip;]","og_url":"https:\/\/www.gruporecoletas.com\/noticias\/foto-familia-del-recoletas-atletico-valladolid\/","og_site_name":"Noticias Grupo Recoletas","article_publisher":"https:\/\/www.facebook.com\/GrupoRecoletas\/","article_published_time":"2017-03-16T17:11:48+00:00","article_modified_time":"2019-01-22T17:10:56+00:00","og_image":[{"width":5169,"height":2379,"url":"https:\/\/www.gruporecoletas.com\/noticias\/wp-content\/uploads\/2017\/03\/Recoletas-Atletico-Valladolid-2016-2017-Todos-los-equipos.jpg","type":"image\/jpeg"}],"author":"Recoletas Red Hospitalaria","twitter_card":"summary_large_image","twitter_creator":"@GrupoRecoletas","twitter_site":"@GrupoRecoletas","twitter_misc":{"Escrito por":"Recoletas Red Hospitalaria","Tiempo de lectura":"1 minuto"},"schema":{"@context":"https:\/\/schema.org","@graph":[{"@type":"Article","@id":"https:\/\/www.gruporecoletas.com\/noticias\/foto-familia-del-recoletas-atletico-valladolid\/#article","isPartOf":{"@id":"https:\/\/www.gruporecoletas.com\/noticias\/foto-familia-del-recoletas-atletico-valladolid\/"},"author":{"name":"Recoletas Red Hospitalaria","@id":"https:\/\/www.gruporecoletas.com\/noticias\/#\/schema\/person\/3c6ac429828d1f5e3d3bd99f4da9b02c"},"headline":"Foto de Familia del Recoletas Atl\u00e9tico Valladolid","datePublished":"2017-03-16T17:11:48+00:00","dateModified":"2019-01-22T17:10:56+00:00","mainEntityOfPage":{"@id":"https:\/\/www.gruporecoletas.com\/noticias\/foto-familia-del-recoletas-atletico-valladolid\/"},"wordCount":235,"image":{"@id":"https:\/\/www.gruporecoletas.com\/noticias\/foto-familia-del-recoletas-atletico-valladolid\/#primaryimage"},"thumbnailUrl":"https:\/\/www.gruporecoletas.com\/noticias\/wp-content\/uploads\/2017\/03\/Recoletas-Atletico-Valladolid-2016-2017-Todos-los-equipos.jpg","articleSection":["Valladolid"],"inLanguage":"es"},{"@type":"WebPage","@id":"https:\/\/www.gruporecoletas.com\/noticias\/foto-familia-del-recoletas-atletico-valladolid\/","url":"https:\/\/www.gruporecoletas.com\/noticias\/foto-familia-del-recoletas-atletico-valladolid\/","name":"Foto de Familia del Recoletas Atl\u00e9tico Valladolid - Noticias Grupo Recoletas","isPartOf":{"@id":"https:\/\/www.gruporecoletas.com\/noticias\/#website"},"primaryImageOfPage":{"@id":"https:\/\/www.gruporecoletas.com\/noticias\/foto-familia-del-recoletas-atletico-valladolid\/#primaryimage"},"image":{"@id":"https:\/\/www.gruporecoletas.com\/noticias\/foto-familia-del-recoletas-atletico-valladolid\/#primaryimage"},"thumbnailUrl":"https:\/\/www.gruporecoletas.com\/noticias\/wp-content\/uploads\/2017\/03\/Recoletas-Atletico-Valladolid-2016-2017-Todos-los-equipos.jpg","datePublished":"2017-03-16T17:11:48+00:00","dateModified":"2019-01-22T17:10:56+00:00","author":{"@id":"https:\/\/www.gruporecoletas.com\/noticias\/#\/schema\/person\/3c6ac429828d1f5e3d3bd99f4da9b02c"},"breadcrumb":{"@id":"https:\/\/www.gruporecoletas.com\/noticias\/foto-familia-del-recoletas-atletico-valladolid\/#breadcrumb"},"inLanguage":"es","potentialAction":[{"@type":"ReadAction","target":["https:\/\/www.gruporecoletas.com\/noticias\/foto-familia-del-recoletas-atletico-valladolid\/"]}]},{"@type":"ImageObject","inLanguage":"es","@id":"https:\/\/www.gruporecoletas.com\/noticias\/foto-familia-del-recoletas-atletico-valladolid\/#primaryimage","url":"https:\/\/www.gruporecoletas.com\/noticias\/wp-content\/uploads\/2017\/03\/Recoletas-Atletico-Valladolid-2016-2017-Todos-los-equipos.jpg","contentUrl":"https:\/\/www.gruporecoletas.com\/noticias\/wp-content\/uploads\/2017\/03\/Recoletas-Atletico-Valladolid-2016-2017-Todos-los-equipos.jpg","width":5169,"height":2379},{"@type":"BreadcrumbList","@id":"https:\/\/www.gruporecoletas.com\/noticias\/foto-familia-del-recoletas-atletico-valladolid\/#breadcrumb","itemListElement":[{"@type":"ListItem","position":1,"name":"Portada","item":"https:\/\/www.gruporecoletas.com\/noticias\/"},{"@type":"ListItem","position":2,"name":"Foto de Familia del Recoletas Atl\u00e9tico Valladolid"}]},{"@type":"WebSite","@id":"https:\/\/www.gruporecoletas.com\/noticias\/#website","url":"https:\/\/www.gruporecoletas.com\/noticias\/","name":"Noticias Grupo Recoletas","description":"Grupo Recoletas","potentialAction":[{"@type":"SearchAction","target":{"@type":"EntryPoint","urlTemplate":"https:\/\/www.gruporecoletas.com\/noticias\/?s={search_term_string}"},"query-input":{"@type":"PropertyValueSpecification","valueRequired":true,"valueName":"search_term_string"}}],"inLanguage":"es"},{"@type":"Person","@id":"https:\/\/www.gruporecoletas.com\/noticias\/#\/schema\/person\/3c6ac429828d1f5e3d3bd99f4da9b02c","name":"Recoletas Red Hospitalaria","url":"https:\/\/www.gruporecoletas.com\/noticias\/author\/comunicacion\/"}]}},"_links":{"self":[{"href":"https:\/\/www.gruporecoletas.com\/noticias\/wp-json\/wp\/v2\/posts\/7934","targetHints":{"allow":["GET"]}}],"collection":[{"href":"https:\/\/www.gruporecoletas.com\/noticias\/wp-json\/wp\/v2\/posts"}],"about":[{"href":"https:\/\/www.gruporecoletas.com\/noticias\/wp-json\/wp\/v2\/types\/post"}],"author":[{"embeddable":true,"href":"https:\/\/www.gruporecoletas.com\/noticias\/wp-json\/wp\/v2\/users\/2"}],"replies":[{"embeddable":true,"href":"https:\/\/www.gruporecoletas.com\/noticias\/wp-json\/wp\/v2\/comments?post=7934"}],"version-history":[{"count":1,"href":"https:\/\/www.gruporecoletas.com\/noticias\/wp-json\/wp\/v2\/posts\/7934\/revisions"}],"predecessor-version":[{"id":11797,"href":"https:\/\/www.gruporecoletas.com\/noticias\/wp-json\/wp\/v2\/posts\/7934\/revisions\/11797"}],"wp:featuredmedia":[{"embeddable":true,"href":"https:\/\/www.gruporecoletas.com\/noticias\/wp-json\/wp\/v2\/media\/7935"}],"wp:attachment":[{"href":"https:\/\/www.gruporecoletas.com\/noticias\/wp-json\/wp\/v2\/media?parent=7934"}],"wp:term":[{"taxonomy":"category","embeddable":true,"href":"https:\/\/www.gruporecoletas.com\/noticias\/wp-json\/wp\/v2\/categories?post=7934"},{"taxonomy":"post_tag","embeddable":true,"href":"https:\/\/www.gruporecoletas.com\/noticias\/wp-json\/wp\/v2\/tags?post=7934"}],"curies":[{"name":"wp","href":"https:\/\/api.w.org\/{rel}","templated":true}]}}