{"id":8154,"date":"2017-03-22T17:02:40","date_gmt":"2017-03-22T17:02:40","guid":{"rendered":"https:\/\/www.gruporecoletas.com\/?p=8154"},"modified":"2019-03-05T09:40:36","modified_gmt":"2019-03-05T09:40:36","slug":"la-primavera-ha-llegado-las-alergias-primaverales","status":"publish","type":"post","link":"https:\/\/www.gruporecoletas.com\/noticias\/la-primavera-ha-llegado-las-alergias-primaverales\/","title":{"rendered":"La Primavera ha llegado y con ella las alergias primaverales"},"content":{"rendered":"<p>D\u00edas m\u00e1s largos, buen tiempo, las temperaturas empiezan a subir\u2026 Son se\u00f1ales inequ\u00edvocas de que la primavera ha llegado. Pero <b>hay otro signo que asociamos inmediatamente a la primavera: la alergia<\/b>. Una aut\u00e9ntica pesadilla para millones de personas que repercute negativamente en su d\u00eda a d\u00eda.<\/p>\n<p>Como sabes, la alergia estacional es una reacci\u00f3n del sistema inmunitario frente a agentes externos, como pueden ser los p\u00f3lenes de los \u00e1rboles y las plantas. En Espa\u00f1a, <b>la mitad de las alergias que sufre la poblaci\u00f3n se atribuyen a las polinizaci\u00f3n de las plantas gram\u00edneas y el grano de diferentes cereales<\/b>, mientras que el 20% de las alergias respiratorias est\u00e1n causadas por el pl\u00e1tano de sombra, los cipreses en un 15% y los olivos, otro 15%.<\/p>\n<h3 class=\"p3\"><b>\u00bfC\u00f3mo puedes saber si tienes alergia primaveral?\u00a0<\/b><\/h3>\n<p>Los s\u00edntomas m\u00e1s habituales est\u00e1n relacionados con el <b>picor en los ojos, lagrimeo, estornudos y cansancio<\/b>, aunque <b>puede derivar en ansiedad, conjuntivitis y asma<\/b>. Como ves, no se trata de una enfermedad grave pero deteriora la calidad de vida de la persona que la padece, obligando a guardar reposo sin salir de casa. En este sentido, es importante destacar que, seg\u00fan los expertos, <b>se tarda entre dos y tres semanas en recuperarse de una alergia<\/b>.<\/p>\n<h3 class=\"p3\"><b>#alergiaprimavera<\/b><\/h3>\n<p>Si padeces alergia primaveral <b>Grupo Recoletas<\/b> lanza una campa\u00f1a en sus Redes Sociales con consejos y recomendaciones.<\/p>\n<p>Toma nota para combatir la alergia al polen y paliar, en la medida de lo posible, sus efectos.    \t<\/p>\n","protected":false},"excerpt":{"rendered":"<p>D\u00edas m\u00e1s largos, buen tiempo, las temperaturas empiezan a subir\u2026 Son se\u00f1ales inequ\u00edvocas de que la primavera ha llegado. Pero hay otro signo que asociamos inmediatamente a la primavera: la alergia. Una aut\u00e9ntica pesadilla para millones de personas que repercute negativamente en su d\u00eda a d\u00eda. Como sabes, la alergia estacional es una reacci\u00f3n del [&hellip;]<\/p>\n","protected":false},"author":2,"featured_media":8156,"comment_status":"closed","ping_status":"closed","sticky":false,"template":"","format":"standard","meta":{"_acf_changed":false,"footnotes":""},"categories":[50],"tags":[],"class_list":["post-8154","post","type-post","status-publish","format-standard","has-post-thumbnail","hentry","category-patologias"],"acf":[],"yoast_head":"<!-- This site is optimized with the Yoast SEO Premium plugin v27.3 (Yoast SEO v27.3) - https:\/\/yoast.com\/product\/yoast-seo-premium-wordpress\/ -->\n<title>La Primavera ha llegado y con ella las alergias primaverales - Noticias Grupo Recoletas<\/title>\n<meta name=\"robots\" content=\"index, follow, max-snippet:-1, max-image-preview:large, max-video-preview:-1\" \/>\n<link rel=\"canonical\" href=\"https:\/\/www.gruporecoletas.com\/noticias\/la-primavera-ha-llegado-las-alergias-primaverales\/\" \/>\n<meta property=\"og:locale\" content=\"es_ES\" \/>\n<meta property=\"og:type\" content=\"article\" \/>\n<meta property=\"og:title\" content=\"La Primavera ha llegado y con ella las alergias primaverales\" \/>\n<meta property=\"og:description\" content=\"D\u00edas m\u00e1s largos, buen tiempo, las temperaturas empiezan a subir\u2026 Son se\u00f1ales inequ\u00edvocas de que la primavera ha llegado. Pero hay otro signo que asociamos inmediatamente a la primavera: la alergia. Una aut\u00e9ntica pesadilla para millones de personas que repercute negativamente en su d\u00eda a d\u00eda. Como sabes, la alergia estacional es una reacci\u00f3n del [&hellip;]\" \/>\n<meta property=\"og:url\" content=\"https:\/\/www.gruporecoletas.com\/noticias\/la-primavera-ha-llegado-las-alergias-primaverales\/\" \/>\n<meta property=\"og:site_name\" content=\"Noticias Grupo Recoletas\" \/>\n<meta property=\"article:publisher\" content=\"https:\/\/www.facebook.com\/GrupoRecoletas\/\" \/>\n<meta property=\"article:published_time\" content=\"2017-03-22T17:02:40+00:00\" \/>\n<meta property=\"article:modified_time\" content=\"2019-03-05T09:40:36+00:00\" \/>\n<meta property=\"og:image\" content=\"https:\/\/www.gruporecoletas.com\/noticias\/wp-content\/uploads\/2017\/03\/Alergia-primavera.jpg\" \/>\n\t<meta property=\"og:image:width\" content=\"1400\" \/>\n\t<meta property=\"og:image:height\" content=\"933\" \/>\n\t<meta property=\"og:image:type\" content=\"image\/jpeg\" \/>\n<meta name=\"author\" content=\"Recoletas Red Hospitalaria\" \/>\n<meta name=\"twitter:card\" content=\"summary_large_image\" \/>\n<meta name=\"twitter:creator\" content=\"@GrupoRecoletas\" \/>\n<meta name=\"twitter:site\" content=\"@GrupoRecoletas\" \/>\n<meta name=\"twitter:label1\" content=\"Escrito por\" \/>\n\t<meta name=\"twitter:data1\" content=\"Recoletas Red Hospitalaria\" \/>\n\t<meta name=\"twitter:label2\" content=\"Tiempo de lectura\" \/>\n\t<meta name=\"twitter:data2\" content=\"1 minuto\" \/>\n<script type=\"application\/ld+json\" class=\"yoast-schema-graph\">{\"@context\":\"https:\\\/\\\/schema.org\",\"@graph\":[{\"@type\":\"Article\",\"@id\":\"https:\\\/\\\/www.gruporecoletas.com\\\/noticias\\\/la-primavera-ha-llegado-las-alergias-primaverales\\\/#article\",\"isPartOf\":{\"@id\":\"https:\\\/\\\/www.gruporecoletas.com\\\/noticias\\\/la-primavera-ha-llegado-las-alergias-primaverales\\\/\"},\"author\":{\"name\":\"Recoletas Red Hospitalaria\",\"@id\":\"https:\\\/\\\/www.gruporecoletas.com\\\/noticias\\\/#\\\/schema\\\/person\\\/3c6ac429828d1f5e3d3bd99f4da9b02c\"},\"headline\":\"La Primavera ha llegado y con ella las alergias primaverales\",\"datePublished\":\"2017-03-22T17:02:40+00:00\",\"dateModified\":\"2019-03-05T09:40:36+00:00\",\"mainEntityOfPage\":{\"@id\":\"https:\\\/\\\/www.gruporecoletas.com\\\/noticias\\\/la-primavera-ha-llegado-las-alergias-primaverales\\\/\"},\"wordCount\":269,\"image\":{\"@id\":\"https:\\\/\\\/www.gruporecoletas.com\\\/noticias\\\/la-primavera-ha-llegado-las-alergias-primaverales\\\/#primaryimage\"},\"thumbnailUrl\":\"https:\\\/\\\/www.gruporecoletas.com\\\/noticias\\\/wp-content\\\/uploads\\\/2017\\\/03\\\/Alergia-primavera.jpg\",\"articleSection\":[\"Patolog\u00edas\"],\"inLanguage\":\"es\"},{\"@type\":\"WebPage\",\"@id\":\"https:\\\/\\\/www.gruporecoletas.com\\\/noticias\\\/la-primavera-ha-llegado-las-alergias-primaverales\\\/\",\"url\":\"https:\\\/\\\/www.gruporecoletas.com\\\/noticias\\\/la-primavera-ha-llegado-las-alergias-primaverales\\\/\",\"name\":\"La Primavera ha llegado y con ella las alergias primaverales - Noticias Grupo Recoletas\",\"isPartOf\":{\"@id\":\"https:\\\/\\\/www.gruporecoletas.com\\\/noticias\\\/#website\"},\"primaryImageOfPage\":{\"@id\":\"https:\\\/\\\/www.gruporecoletas.com\\\/noticias\\\/la-primavera-ha-llegado-las-alergias-primaverales\\\/#primaryimage\"},\"image\":{\"@id\":\"https:\\\/\\\/www.gruporecoletas.com\\\/noticias\\\/la-primavera-ha-llegado-las-alergias-primaverales\\\/#primaryimage\"},\"thumbnailUrl\":\"https:\\\/\\\/www.gruporecoletas.com\\\/noticias\\\/wp-content\\\/uploads\\\/2017\\\/03\\\/Alergia-primavera.jpg\",\"datePublished\":\"2017-03-22T17:02:40+00:00\",\"dateModified\":\"2019-03-05T09:40:36+00:00\",\"author\":{\"@id\":\"https:\\\/\\\/www.gruporecoletas.com\\\/noticias\\\/#\\\/schema\\\/person\\\/3c6ac429828d1f5e3d3bd99f4da9b02c\"},\"breadcrumb\":{\"@id\":\"https:\\\/\\\/www.gruporecoletas.com\\\/noticias\\\/la-primavera-ha-llegado-las-alergias-primaverales\\\/#breadcrumb\"},\"inLanguage\":\"es\",\"potentialAction\":[{\"@type\":\"ReadAction\",\"target\":[\"https:\\\/\\\/www.gruporecoletas.com\\\/noticias\\\/la-primavera-ha-llegado-las-alergias-primaverales\\\/\"]}]},{\"@type\":\"ImageObject\",\"inLanguage\":\"es\",\"@id\":\"https:\\\/\\\/www.gruporecoletas.com\\\/noticias\\\/la-primavera-ha-llegado-las-alergias-primaverales\\\/#primaryimage\",\"url\":\"https:\\\/\\\/www.gruporecoletas.com\\\/noticias\\\/wp-content\\\/uploads\\\/2017\\\/03\\\/Alergia-primavera.jpg\",\"contentUrl\":\"https:\\\/\\\/www.gruporecoletas.com\\\/noticias\\\/wp-content\\\/uploads\\\/2017\\\/03\\\/Alergia-primavera.jpg\",\"width\":1400,\"height\":933},{\"@type\":\"BreadcrumbList\",\"@id\":\"https:\\\/\\\/www.gruporecoletas.com\\\/noticias\\\/la-primavera-ha-llegado-las-alergias-primaverales\\\/#breadcrumb\",\"itemListElement\":[{\"@type\":\"ListItem\",\"position\":1,\"name\":\"Portada\",\"item\":\"https:\\\/\\\/www.gruporecoletas.com\\\/noticias\\\/\"},{\"@type\":\"ListItem\",\"position\":2,\"name\":\"La Primavera ha llegado y con ella las alergias primaverales\"}]},{\"@type\":\"WebSite\",\"@id\":\"https:\\\/\\\/www.gruporecoletas.com\\\/noticias\\\/#website\",\"url\":\"https:\\\/\\\/www.gruporecoletas.com\\\/noticias\\\/\",\"name\":\"Noticias Grupo Recoletas\",\"description\":\"Grupo Recoletas\",\"potentialAction\":[{\"@type\":\"SearchAction\",\"target\":{\"@type\":\"EntryPoint\",\"urlTemplate\":\"https:\\\/\\\/www.gruporecoletas.com\\\/noticias\\\/?s={search_term_string}\"},\"query-input\":{\"@type\":\"PropertyValueSpecification\",\"valueRequired\":true,\"valueName\":\"search_term_string\"}}],\"inLanguage\":\"es\"},{\"@type\":\"Person\",\"@id\":\"https:\\\/\\\/www.gruporecoletas.com\\\/noticias\\\/#\\\/schema\\\/person\\\/3c6ac429828d1f5e3d3bd99f4da9b02c\",\"name\":\"Recoletas Red Hospitalaria\",\"url\":\"https:\\\/\\\/www.gruporecoletas.com\\\/noticias\\\/author\\\/comunicacion\\\/\"}]}<\/script>\n<!-- \/ Yoast SEO Premium plugin. -->","yoast_head_json":{"title":"La Primavera ha llegado y con ella las alergias primaverales - Noticias Grupo Recoletas","robots":{"index":"index","follow":"follow","max-snippet":"max-snippet:-1","max-image-preview":"max-image-preview:large","max-video-preview":"max-video-preview:-1"},"canonical":"https:\/\/www.gruporecoletas.com\/noticias\/la-primavera-ha-llegado-las-alergias-primaverales\/","og_locale":"es_ES","og_type":"article","og_title":"La Primavera ha llegado y con ella las alergias primaverales","og_description":"D\u00edas m\u00e1s largos, buen tiempo, las temperaturas empiezan a subir\u2026 Son se\u00f1ales inequ\u00edvocas de que la primavera ha llegado. Pero hay otro signo que asociamos inmediatamente a la primavera: la alergia. Una aut\u00e9ntica pesadilla para millones de personas que repercute negativamente en su d\u00eda a d\u00eda. Como sabes, la alergia estacional es una reacci\u00f3n del [&hellip;]","og_url":"https:\/\/www.gruporecoletas.com\/noticias\/la-primavera-ha-llegado-las-alergias-primaverales\/","og_site_name":"Noticias Grupo Recoletas","article_publisher":"https:\/\/www.facebook.com\/GrupoRecoletas\/","article_published_time":"2017-03-22T17:02:40+00:00","article_modified_time":"2019-03-05T09:40:36+00:00","og_image":[{"width":1400,"height":933,"url":"https:\/\/www.gruporecoletas.com\/noticias\/wp-content\/uploads\/2017\/03\/Alergia-primavera.jpg","type":"image\/jpeg"}],"author":"Recoletas Red Hospitalaria","twitter_card":"summary_large_image","twitter_creator":"@GrupoRecoletas","twitter_site":"@GrupoRecoletas","twitter_misc":{"Escrito por":"Recoletas Red Hospitalaria","Tiempo de lectura":"1 minuto"},"schema":{"@context":"https:\/\/schema.org","@graph":[{"@type":"Article","@id":"https:\/\/www.gruporecoletas.com\/noticias\/la-primavera-ha-llegado-las-alergias-primaverales\/#article","isPartOf":{"@id":"https:\/\/www.gruporecoletas.com\/noticias\/la-primavera-ha-llegado-las-alergias-primaverales\/"},"author":{"name":"Recoletas Red Hospitalaria","@id":"https:\/\/www.gruporecoletas.com\/noticias\/#\/schema\/person\/3c6ac429828d1f5e3d3bd99f4da9b02c"},"headline":"La Primavera ha llegado y con ella las alergias primaverales","datePublished":"2017-03-22T17:02:40+00:00","dateModified":"2019-03-05T09:40:36+00:00","mainEntityOfPage":{"@id":"https:\/\/www.gruporecoletas.com\/noticias\/la-primavera-ha-llegado-las-alergias-primaverales\/"},"wordCount":269,"image":{"@id":"https:\/\/www.gruporecoletas.com\/noticias\/la-primavera-ha-llegado-las-alergias-primaverales\/#primaryimage"},"thumbnailUrl":"https:\/\/www.gruporecoletas.com\/noticias\/wp-content\/uploads\/2017\/03\/Alergia-primavera.jpg","articleSection":["Patolog\u00edas"],"inLanguage":"es"},{"@type":"WebPage","@id":"https:\/\/www.gruporecoletas.com\/noticias\/la-primavera-ha-llegado-las-alergias-primaverales\/","url":"https:\/\/www.gruporecoletas.com\/noticias\/la-primavera-ha-llegado-las-alergias-primaverales\/","name":"La Primavera ha llegado y con ella las alergias primaverales - Noticias Grupo Recoletas","isPartOf":{"@id":"https:\/\/www.gruporecoletas.com\/noticias\/#website"},"primaryImageOfPage":{"@id":"https:\/\/www.gruporecoletas.com\/noticias\/la-primavera-ha-llegado-las-alergias-primaverales\/#primaryimage"},"image":{"@id":"https:\/\/www.gruporecoletas.com\/noticias\/la-primavera-ha-llegado-las-alergias-primaverales\/#primaryimage"},"thumbnailUrl":"https:\/\/www.gruporecoletas.com\/noticias\/wp-content\/uploads\/2017\/03\/Alergia-primavera.jpg","datePublished":"2017-03-22T17:02:40+00:00","dateModified":"2019-03-05T09:40:36+00:00","author":{"@id":"https:\/\/www.gruporecoletas.com\/noticias\/#\/schema\/person\/3c6ac429828d1f5e3d3bd99f4da9b02c"},"breadcrumb":{"@id":"https:\/\/www.gruporecoletas.com\/noticias\/la-primavera-ha-llegado-las-alergias-primaverales\/#breadcrumb"},"inLanguage":"es","potentialAction":[{"@type":"ReadAction","target":["https:\/\/www.gruporecoletas.com\/noticias\/la-primavera-ha-llegado-las-alergias-primaverales\/"]}]},{"@type":"ImageObject","inLanguage":"es","@id":"https:\/\/www.gruporecoletas.com\/noticias\/la-primavera-ha-llegado-las-alergias-primaverales\/#primaryimage","url":"https:\/\/www.gruporecoletas.com\/noticias\/wp-content\/uploads\/2017\/03\/Alergia-primavera.jpg","contentUrl":"https:\/\/www.gruporecoletas.com\/noticias\/wp-content\/uploads\/2017\/03\/Alergia-primavera.jpg","width":1400,"height":933},{"@type":"BreadcrumbList","@id":"https:\/\/www.gruporecoletas.com\/noticias\/la-primavera-ha-llegado-las-alergias-primaverales\/#breadcrumb","itemListElement":[{"@type":"ListItem","position":1,"name":"Portada","item":"https:\/\/www.gruporecoletas.com\/noticias\/"},{"@type":"ListItem","position":2,"name":"La Primavera ha llegado y con ella las alergias primaverales"}]},{"@type":"WebSite","@id":"https:\/\/www.gruporecoletas.com\/noticias\/#website","url":"https:\/\/www.gruporecoletas.com\/noticias\/","name":"Noticias Grupo Recoletas","description":"Grupo Recoletas","potentialAction":[{"@type":"SearchAction","target":{"@type":"EntryPoint","urlTemplate":"https:\/\/www.gruporecoletas.com\/noticias\/?s={search_term_string}"},"query-input":{"@type":"PropertyValueSpecification","valueRequired":true,"valueName":"search_term_string"}}],"inLanguage":"es"},{"@type":"Person","@id":"https:\/\/www.gruporecoletas.com\/noticias\/#\/schema\/person\/3c6ac429828d1f5e3d3bd99f4da9b02c","name":"Recoletas Red Hospitalaria","url":"https:\/\/www.gruporecoletas.com\/noticias\/author\/comunicacion\/"}]}},"_links":{"self":[{"href":"https:\/\/www.gruporecoletas.com\/noticias\/wp-json\/wp\/v2\/posts\/8154","targetHints":{"allow":["GET"]}}],"collection":[{"href":"https:\/\/www.gruporecoletas.com\/noticias\/wp-json\/wp\/v2\/posts"}],"about":[{"href":"https:\/\/www.gruporecoletas.com\/noticias\/wp-json\/wp\/v2\/types\/post"}],"author":[{"embeddable":true,"href":"https:\/\/www.gruporecoletas.com\/noticias\/wp-json\/wp\/v2\/users\/2"}],"replies":[{"embeddable":true,"href":"https:\/\/www.gruporecoletas.com\/noticias\/wp-json\/wp\/v2\/comments?post=8154"}],"version-history":[{"count":1,"href":"https:\/\/www.gruporecoletas.com\/noticias\/wp-json\/wp\/v2\/posts\/8154\/revisions"}],"predecessor-version":[{"id":11796,"href":"https:\/\/www.gruporecoletas.com\/noticias\/wp-json\/wp\/v2\/posts\/8154\/revisions\/11796"}],"wp:featuredmedia":[{"embeddable":true,"href":"https:\/\/www.gruporecoletas.com\/noticias\/wp-json\/wp\/v2\/media\/8156"}],"wp:attachment":[{"href":"https:\/\/www.gruporecoletas.com\/noticias\/wp-json\/wp\/v2\/media?parent=8154"}],"wp:term":[{"taxonomy":"category","embeddable":true,"href":"https:\/\/www.gruporecoletas.com\/noticias\/wp-json\/wp\/v2\/categories?post=8154"},{"taxonomy":"post_tag","embeddable":true,"href":"https:\/\/www.gruporecoletas.com\/noticias\/wp-json\/wp\/v2\/tags?post=8154"}],"curies":[{"name":"wp","href":"https:\/\/api.w.org\/{rel}","templated":true}]}}